{"id":99747,"date":"2023-12-19T14:13:17","date_gmt":"2023-12-19T14:13:17","guid":{"rendered":"https:\/\/www.altominho.tv\/site\/?p=99747"},"modified":"2023-12-19T14:13:19","modified_gmt":"2023-12-19T14:13:19","slug":"cinema-paredes-de-coura","status":"publish","type":"post","link":"https:\/\/www.altominho.tv\/site\/2023\/12\/19\/cinema-paredes-de-coura\/","title":{"rendered":"Cinema em curta-metragem assinala os dias mais curtos do inverno"},"content":{"rendered":"\n<p>Para celebrar o formato da curta-metragem, e assinalar o solst\u00edcio de inverno no hemisf\u00e9rio norte, v\u00e1rias localidades portuguesas acolhem esta semana as sess\u00f5es de cinema, no programa &#8220;O Dia Mais Curto&#8221;.<\/p>\n\n\n\n<p>Esta \u00e9 uma iniciativa da Ag\u00eancia da Curta-Metragem, inspirada numa ideia semelhante em Fran\u00e7a, destinada a divulgar e a valorizar o formato da curta-metragem, e este ano voltam a ser propostos quatro programas de filmes, portugueses e estrangeiros, para todas as idades.<\/p>\n\n\n\n<p>Esta iniciativa existe h\u00e1 uma d\u00e9cada em Portugal e as sess\u00f5es acontecem ao longo do m\u00eas de dezembro, mas concentram-se sobretudo nesta semana para coincidir com o in\u00edcio do inverno, quando o per\u00edodo do dia \u00e9 mais curto do que o da noite.<\/p>\n\n\n\n<p>Um dos programas \u00e9 centrado no cinema portugu\u00eas, com quatro obras: \u201cMistida\u201d, de Falc\u00e3o Nhaga, \u201c2\u00aa. Pessoa\u201d, de Rita Barbosa, \u201cBy Fl\u00e1vio\u201d, de Pedro Cabeleira, e a anima\u00e7\u00e3o \u201cSopa Fria\u201d, de Marta Monteiro.<\/p>\n\n\n\n<p>\u201cA ineg\u00e1vel qualidade das curtas-metragens portuguesas tem sido reconhecida e premiada em festivais de cinema por todo o mundo. O programa aqui apresentado traz-nos diferentes reflex\u00f5es sobre problemas permanentes na sociedade atual, atrav\u00e9s da fic\u00e7\u00e3o e anima\u00e7\u00e3o\u201d, refere a organiza\u00e7\u00e3o.<\/p>\n\n\n\n<p>H\u00e1 ainda programas dedicados a filmes de outros pa\u00edses ou com filmes muito curtos para os mais novos.<\/p>\n\n\n\n<p>M\u00e9rtola, Our\u00e9m, Paredes de Coura, Portalegre, Figueira da Foz, Madalena (Pico), Vila Real ou Sardoal s\u00e3o algumas das localidades que aderiram \u00e0 iniciativa. E algumas das entidades envolvidas promovem tamb\u00e9m sess\u00f5es especiais.<\/p>\n\n\n\n<p>\u00c9 o caso do Cinema Trindade, no Porto, que exibir\u00e1 na quinta-feira \u201cOs Salteadores\u201d (1993), um filme de anima\u00e7\u00e3o de Abi Feij\u00f3, inspirado num conto de Jorge de Sena e que cumpre 30 anos desde que se estreou no festival Cinanima.<\/p>\n\n\n\n<p>\u201cAproximando-se o ano de comemora\u00e7\u00e3o dos 50 anos do 25 de Abril [de 1974], esta curta-metragem leva-nos a refletir sobre quest\u00f5es fundamentais relacionadas com identidade, pol\u00edtica e resist\u00eancia, oferecendo uma vis\u00e3o sagaz das sensibilidades ideol\u00f3gicas do regime fascista portugu\u00eas\u201d, sublinhou a organiza\u00e7\u00e3o.<\/p>\n\n\n\n<p>A sess\u00e3o contar\u00e1 com uma conversa, moderada por Jorge Campos, com a presen\u00e7a de Abi Feij\u00f3, da realizadora Regina Pessoa e de outras pessoas ligadas \u00e0 produ\u00e7\u00e3o do filme.<\/p>\n\n\n\n<p>A Cinemateca Portuguesa, em Lisboa, programa, tamb\u00e9m para quinta-feira, uma sess\u00e3o que junta filmes recentemente digitalizados, no \u00e2mbito do projeto FILMar, a \u201ccria\u00e7\u00f5es contempor\u00e2neas que colocam em perspetiva a rela\u00e7\u00e3o do cinema com o mar\u201d.<\/p>\n\n\n\n<p>Entre as escolhas para esta sess\u00e3o est\u00e3o \u201cAs palavras derretem-se na \u00e1gua\u201d (1998), de Pedro Senna Nunes, \u201cSal sem mar\u201d (1959), de Fernando Duarte Portugal, e \u201cS\u00e3o Miguel 1924 \u2013 Um filme de fam\u00edlia\u201d (1924), de Charles Mallett.<\/p>\n","protected":false},"excerpt":{"rendered":"<p>Para celebrar o formato da curta-metragem, e assinalar o solst\u00edcio de inverno no hemisf\u00e9rio norte, v\u00e1rias localidades portuguesas acolhem esta semana as sess\u00f5es de cinema, no programa &#8220;O Dia Mais Curto&#8221;. Esta \u00e9 uma iniciativa da Ag\u00eancia da Curta-Metragem, inspirada numa ideia semelhante em Fran\u00e7a, destinada a divulgar e a valorizar o formato da curta-metragem, [&hellip;]<\/p>\n","protected":false},"author":7,"featured_media":99751,"comment_status":"closed","ping_status":"closed","sticky":false,"template":"","format":"standard","meta":{"_exactmetrics_skip_tracking":false,"_exactmetrics_sitenote_active":false,"_exactmetrics_sitenote_note":"","_exactmetrics_sitenote_category":0,"footnotes":""},"categories":[10],"tags":[],"class_list":["post-99747","post","type-post","status-publish","format-standard","has-post-thumbnail","hentry","category-paredes-de-coura"],"yoast_head":"<!-- This site is optimized with the Yoast SEO Premium plugin v27.4 (Yoast SEO v27.4) - https:\/\/yoast.com\/product\/yoast-seo-premium-wordpress\/ -->\n<title>Cinema em curta-metragem assinala os dias mais curtos do inverno<\/title>\n<meta name=\"description\" content=\"Para celebrar o formato da curta-metragem, e assinalar o solst\u00edcio de inverno no hemisf\u00e9rio norte, v\u00e1rias cidades portuguesas acolhem esta semana as sess\u00f5es de cinema, no programa &quot;O Dia Mais Curto&quot;.\" \/>\n<meta name=\"robots\" content=\"index, follow, max-snippet:-1, max-image-preview:large, max-video-preview:-1\" \/>\n<link rel=\"canonical\" href=\"https:\/\/www.altominho.tv\/site\/2023\/12\/19\/cinema-paredes-de-coura\/\" \/>\n<meta property=\"og:locale\" content=\"pt_PT\" \/>\n<meta property=\"og:type\" content=\"article\" \/>\n<meta property=\"og:title\" content=\"Cinema em curta-metragem assinala os dias mais curtos do inverno\" \/>\n<meta property=\"og:description\" content=\"Para celebrar o formato da curta-metragem, e assinalar o solst\u00edcio de inverno no hemisf\u00e9rio norte, v\u00e1rias cidades portuguesas acolhem esta semana as sess\u00f5es de cinema, no programa &quot;O Dia Mais Curto&quot;.\" \/>\n<meta property=\"og:url\" content=\"https:\/\/www.altominho.tv\/site\/2023\/12\/19\/cinema-paredes-de-coura\/\" \/>\n<meta property=\"og:site_name\" content=\"Altominho.tv\" \/>\n<meta property=\"article:publisher\" content=\"https:\/\/www.facebook.com\/altominhotv\" \/>\n<meta property=\"article:published_time\" content=\"2023-12-19T14:13:17+00:00\" \/>\n<meta property=\"article:modified_time\" content=\"2023-12-19T14:13:19+00:00\" \/>\n<meta property=\"og:image\" content=\"https:\/\/www.altominho.tv\/site\/wp-content\/uploads\/2023\/12\/cinema.jpg\" \/>\n\t<meta property=\"og:image:width\" content=\"600\" \/>\n\t<meta property=\"og:image:height\" content=\"360\" \/>\n\t<meta property=\"og:image:type\" content=\"image\/jpeg\" \/>\n<meta name=\"author\" content=\"Andreia Cunha\" \/>\n<meta name=\"twitter:card\" content=\"summary_large_image\" \/>\n<meta name=\"twitter:creator\" content=\"@altominhoTV\" \/>\n<meta name=\"twitter:site\" content=\"@altominhoTV\" \/>\n<meta name=\"twitter:label1\" content=\"Escrito por\" \/>\n\t<meta name=\"twitter:data1\" content=\"Andreia Cunha\" \/>\n\t<meta name=\"twitter:label2\" content=\"Tempo estimado de leitura\" \/>\n\t<meta name=\"twitter:data2\" content=\"3 minutos\" \/>\n<script type=\"application\/ld+json\" class=\"yoast-schema-graph\">{\"@context\":\"https:\\\/\\\/schema.org\",\"@graph\":[{\"@type\":\"Article\",\"@id\":\"https:\\\/\\\/www.altominho.tv\\\/site\\\/2023\\\/12\\\/19\\\/cinema-paredes-de-coura\\\/#article\",\"isPartOf\":{\"@id\":\"https:\\\/\\\/www.altominho.tv\\\/site\\\/2023\\\/12\\\/19\\\/cinema-paredes-de-coura\\\/\"},\"author\":{\"name\":\"Andreia Cunha\",\"@id\":\"https:\\\/\\\/www.altominho.tv\\\/site\\\/#\\\/schema\\\/person\\\/a0e4ef6d041f98ca284393d8f1d97153\"},\"headline\":\"Cinema em curta-metragem assinala os dias mais curtos do inverno\",\"datePublished\":\"2023-12-19T14:13:17+00:00\",\"dateModified\":\"2023-12-19T14:13:19+00:00\",\"mainEntityOfPage\":{\"@id\":\"https:\\\/\\\/www.altominho.tv\\\/site\\\/2023\\\/12\\\/19\\\/cinema-paredes-de-coura\\\/\"},\"wordCount\":465,\"image\":{\"@id\":\"https:\\\/\\\/www.altominho.tv\\\/site\\\/2023\\\/12\\\/19\\\/cinema-paredes-de-coura\\\/#primaryimage\"},\"thumbnailUrl\":\"https:\\\/\\\/www.altominho.tv\\\/site\\\/wp-content\\\/uploads\\\/2023\\\/12\\\/cinema.jpg\",\"articleSection\":[\"Paredes de Coura\"],\"inLanguage\":\"pt-PT\",\"copyrightYear\":\"2023\",\"copyrightHolder\":{\"@id\":\"https:\\\/\\\/www.altominho.tv\\\/site\\\/#organization\"}},{\"@type\":\"WebPage\",\"@id\":\"https:\\\/\\\/www.altominho.tv\\\/site\\\/2023\\\/12\\\/19\\\/cinema-paredes-de-coura\\\/\",\"url\":\"https:\\\/\\\/www.altominho.tv\\\/site\\\/2023\\\/12\\\/19\\\/cinema-paredes-de-coura\\\/\",\"name\":\"Cinema em curta-metragem assinala os dias mais curtos do inverno\",\"isPartOf\":{\"@id\":\"https:\\\/\\\/www.altominho.tv\\\/site\\\/#website\"},\"primaryImageOfPage\":{\"@id\":\"https:\\\/\\\/www.altominho.tv\\\/site\\\/2023\\\/12\\\/19\\\/cinema-paredes-de-coura\\\/#primaryimage\"},\"image\":{\"@id\":\"https:\\\/\\\/www.altominho.tv\\\/site\\\/2023\\\/12\\\/19\\\/cinema-paredes-de-coura\\\/#primaryimage\"},\"thumbnailUrl\":\"https:\\\/\\\/www.altominho.tv\\\/site\\\/wp-content\\\/uploads\\\/2023\\\/12\\\/cinema.jpg\",\"datePublished\":\"2023-12-19T14:13:17+00:00\",\"dateModified\":\"2023-12-19T14:13:19+00:00\",\"author\":{\"@id\":\"https:\\\/\\\/www.altominho.tv\\\/site\\\/#\\\/schema\\\/person\\\/a0e4ef6d041f98ca284393d8f1d97153\"},\"description\":\"Para celebrar o formato da curta-metragem, e assinalar o solst\u00edcio de inverno no hemisf\u00e9rio norte, v\u00e1rias cidades portuguesas acolhem esta semana as sess\u00f5es de cinema, no programa \\\"O Dia Mais Curto\\\".\",\"breadcrumb\":{\"@id\":\"https:\\\/\\\/www.altominho.tv\\\/site\\\/2023\\\/12\\\/19\\\/cinema-paredes-de-coura\\\/#breadcrumb\"},\"inLanguage\":\"pt-PT\",\"potentialAction\":[{\"@type\":\"ReadAction\",\"target\":[\"https:\\\/\\\/www.altominho.tv\\\/site\\\/2023\\\/12\\\/19\\\/cinema-paredes-de-coura\\\/\"]}]},{\"@type\":\"ImageObject\",\"inLanguage\":\"pt-PT\",\"@id\":\"https:\\\/\\\/www.altominho.tv\\\/site\\\/2023\\\/12\\\/19\\\/cinema-paredes-de-coura\\\/#primaryimage\",\"url\":\"https:\\\/\\\/www.altominho.tv\\\/site\\\/wp-content\\\/uploads\\\/2023\\\/12\\\/cinema.jpg\",\"contentUrl\":\"https:\\\/\\\/www.altominho.tv\\\/site\\\/wp-content\\\/uploads\\\/2023\\\/12\\\/cinema.jpg\",\"width\":600,\"height\":360},{\"@type\":\"BreadcrumbList\",\"@id\":\"https:\\\/\\\/www.altominho.tv\\\/site\\\/2023\\\/12\\\/19\\\/cinema-paredes-de-coura\\\/#breadcrumb\",\"itemListElement\":[{\"@type\":\"ListItem\",\"position\":1,\"name\":\"In\u00edcio\",\"item\":\"https:\\\/\\\/www.altominho.tv\\\/site\\\/\"},{\"@type\":\"ListItem\",\"position\":2,\"name\":\"Cinema em curta-metragem assinala os dias mais curtos do inverno\"}]},{\"@type\":\"WebSite\",\"@id\":\"https:\\\/\\\/www.altominho.tv\\\/site\\\/#website\",\"url\":\"https:\\\/\\\/www.altominho.tv\\\/site\\\/\",\"name\":\"Altominho.tv\",\"description\":\"A sua regi\u00e3o \u00e0 dist\u00e2ncia de um clique...\",\"potentialAction\":[{\"@type\":\"SearchAction\",\"target\":{\"@type\":\"EntryPoint\",\"urlTemplate\":\"https:\\\/\\\/www.altominho.tv\\\/site\\\/?s={search_term_string}\"},\"query-input\":{\"@type\":\"PropertyValueSpecification\",\"valueRequired\":true,\"valueName\":\"search_term_string\"}}],\"inLanguage\":\"pt-PT\"},{\"@type\":\"Person\",\"@id\":\"https:\\\/\\\/www.altominho.tv\\\/site\\\/#\\\/schema\\\/person\\\/a0e4ef6d041f98ca284393d8f1d97153\",\"name\":\"Andreia Cunha\",\"image\":{\"@type\":\"ImageObject\",\"inLanguage\":\"pt-PT\",\"@id\":\"https:\\\/\\\/www.altominho.tv\\\/site\\\/wp-content\\\/uploads\\\/2017\\\/11\\\/Andreia_Cunha-1-150x150.jpg\",\"url\":\"https:\\\/\\\/www.altominho.tv\\\/site\\\/wp-content\\\/uploads\\\/2017\\\/11\\\/Andreia_Cunha-1-150x150.jpg\",\"contentUrl\":\"https:\\\/\\\/www.altominho.tv\\\/site\\\/wp-content\\\/uploads\\\/2017\\\/11\\\/Andreia_Cunha-1-150x150.jpg\",\"caption\":\"Andreia Cunha\"},\"url\":\"https:\\\/\\\/www.altominho.tv\\\/site\\\/author\\\/andreiacunha\\\/\"}]}<\/script>\n<!-- \/ Yoast SEO Premium plugin. -->","yoast_head_json":{"title":"Cinema em curta-metragem assinala os dias mais curtos do inverno","description":"Para celebrar o formato da curta-metragem, e assinalar o solst\u00edcio de inverno no hemisf\u00e9rio norte, v\u00e1rias cidades portuguesas acolhem esta semana as sess\u00f5es de cinema, no programa \"O Dia Mais Curto\".","robots":{"index":"index","follow":"follow","max-snippet":"max-snippet:-1","max-image-preview":"max-image-preview:large","max-video-preview":"max-video-preview:-1"},"canonical":"https:\/\/www.altominho.tv\/site\/2023\/12\/19\/cinema-paredes-de-coura\/","og_locale":"pt_PT","og_type":"article","og_title":"Cinema em curta-metragem assinala os dias mais curtos do inverno","og_description":"Para celebrar o formato da curta-metragem, e assinalar o solst\u00edcio de inverno no hemisf\u00e9rio norte, v\u00e1rias cidades portuguesas acolhem esta semana as sess\u00f5es de cinema, no programa \"O Dia Mais Curto\".","og_url":"https:\/\/www.altominho.tv\/site\/2023\/12\/19\/cinema-paredes-de-coura\/","og_site_name":"Altominho.tv","article_publisher":"https:\/\/www.facebook.com\/altominhotv","article_published_time":"2023-12-19T14:13:17+00:00","article_modified_time":"2023-12-19T14:13:19+00:00","og_image":[{"width":600,"height":360,"url":"https:\/\/www.altominho.tv\/site\/wp-content\/uploads\/2023\/12\/cinema.jpg","type":"image\/jpeg"}],"author":"Andreia Cunha","twitter_card":"summary_large_image","twitter_creator":"@altominhoTV","twitter_site":"@altominhoTV","twitter_misc":{"Escrito por":"Andreia Cunha","Tempo estimado de leitura":"3 minutos"},"schema":{"@context":"https:\/\/schema.org","@graph":[{"@type":"Article","@id":"https:\/\/www.altominho.tv\/site\/2023\/12\/19\/cinema-paredes-de-coura\/#article","isPartOf":{"@id":"https:\/\/www.altominho.tv\/site\/2023\/12\/19\/cinema-paredes-de-coura\/"},"author":{"name":"Andreia Cunha","@id":"https:\/\/www.altominho.tv\/site\/#\/schema\/person\/a0e4ef6d041f98ca284393d8f1d97153"},"headline":"Cinema em curta-metragem assinala os dias mais curtos do inverno","datePublished":"2023-12-19T14:13:17+00:00","dateModified":"2023-12-19T14:13:19+00:00","mainEntityOfPage":{"@id":"https:\/\/www.altominho.tv\/site\/2023\/12\/19\/cinema-paredes-de-coura\/"},"wordCount":465,"image":{"@id":"https:\/\/www.altominho.tv\/site\/2023\/12\/19\/cinema-paredes-de-coura\/#primaryimage"},"thumbnailUrl":"https:\/\/www.altominho.tv\/site\/wp-content\/uploads\/2023\/12\/cinema.jpg","articleSection":["Paredes de Coura"],"inLanguage":"pt-PT","copyrightYear":"2023","copyrightHolder":{"@id":"https:\/\/www.altominho.tv\/site\/#organization"}},{"@type":"WebPage","@id":"https:\/\/www.altominho.tv\/site\/2023\/12\/19\/cinema-paredes-de-coura\/","url":"https:\/\/www.altominho.tv\/site\/2023\/12\/19\/cinema-paredes-de-coura\/","name":"Cinema em curta-metragem assinala os dias mais curtos do inverno","isPartOf":{"@id":"https:\/\/www.altominho.tv\/site\/#website"},"primaryImageOfPage":{"@id":"https:\/\/www.altominho.tv\/site\/2023\/12\/19\/cinema-paredes-de-coura\/#primaryimage"},"image":{"@id":"https:\/\/www.altominho.tv\/site\/2023\/12\/19\/cinema-paredes-de-coura\/#primaryimage"},"thumbnailUrl":"https:\/\/www.altominho.tv\/site\/wp-content\/uploads\/2023\/12\/cinema.jpg","datePublished":"2023-12-19T14:13:17+00:00","dateModified":"2023-12-19T14:13:19+00:00","author":{"@id":"https:\/\/www.altominho.tv\/site\/#\/schema\/person\/a0e4ef6d041f98ca284393d8f1d97153"},"description":"Para celebrar o formato da curta-metragem, e assinalar o solst\u00edcio de inverno no hemisf\u00e9rio norte, v\u00e1rias cidades portuguesas acolhem esta semana as sess\u00f5es de cinema, no programa \"O Dia Mais Curto\".","breadcrumb":{"@id":"https:\/\/www.altominho.tv\/site\/2023\/12\/19\/cinema-paredes-de-coura\/#breadcrumb"},"inLanguage":"pt-PT","potentialAction":[{"@type":"ReadAction","target":["https:\/\/www.altominho.tv\/site\/2023\/12\/19\/cinema-paredes-de-coura\/"]}]},{"@type":"ImageObject","inLanguage":"pt-PT","@id":"https:\/\/www.altominho.tv\/site\/2023\/12\/19\/cinema-paredes-de-coura\/#primaryimage","url":"https:\/\/www.altominho.tv\/site\/wp-content\/uploads\/2023\/12\/cinema.jpg","contentUrl":"https:\/\/www.altominho.tv\/site\/wp-content\/uploads\/2023\/12\/cinema.jpg","width":600,"height":360},{"@type":"BreadcrumbList","@id":"https:\/\/www.altominho.tv\/site\/2023\/12\/19\/cinema-paredes-de-coura\/#breadcrumb","itemListElement":[{"@type":"ListItem","position":1,"name":"In\u00edcio","item":"https:\/\/www.altominho.tv\/site\/"},{"@type":"ListItem","position":2,"name":"Cinema em curta-metragem assinala os dias mais curtos do inverno"}]},{"@type":"WebSite","@id":"https:\/\/www.altominho.tv\/site\/#website","url":"https:\/\/www.altominho.tv\/site\/","name":"Altominho.tv","description":"A sua regi\u00e3o \u00e0 dist\u00e2ncia de um clique...","potentialAction":[{"@type":"SearchAction","target":{"@type":"EntryPoint","urlTemplate":"https:\/\/www.altominho.tv\/site\/?s={search_term_string}"},"query-input":{"@type":"PropertyValueSpecification","valueRequired":true,"valueName":"search_term_string"}}],"inLanguage":"pt-PT"},{"@type":"Person","@id":"https:\/\/www.altominho.tv\/site\/#\/schema\/person\/a0e4ef6d041f98ca284393d8f1d97153","name":"Andreia Cunha","image":{"@type":"ImageObject","inLanguage":"pt-PT","@id":"https:\/\/www.altominho.tv\/site\/wp-content\/uploads\/2017\/11\/Andreia_Cunha-1-150x150.jpg","url":"https:\/\/www.altominho.tv\/site\/wp-content\/uploads\/2017\/11\/Andreia_Cunha-1-150x150.jpg","contentUrl":"https:\/\/www.altominho.tv\/site\/wp-content\/uploads\/2017\/11\/Andreia_Cunha-1-150x150.jpg","caption":"Andreia Cunha"},"url":"https:\/\/www.altominho.tv\/site\/author\/andreiacunha\/"}]}},"_links":{"self":[{"href":"https:\/\/www.altominho.tv\/site\/wp-json\/wp\/v2\/posts\/99747","targetHints":{"allow":["GET"]}}],"collection":[{"href":"https:\/\/www.altominho.tv\/site\/wp-json\/wp\/v2\/posts"}],"about":[{"href":"https:\/\/www.altominho.tv\/site\/wp-json\/wp\/v2\/types\/post"}],"author":[{"embeddable":true,"href":"https:\/\/www.altominho.tv\/site\/wp-json\/wp\/v2\/users\/7"}],"replies":[{"embeddable":true,"href":"https:\/\/www.altominho.tv\/site\/wp-json\/wp\/v2\/comments?post=99747"}],"version-history":[{"count":1,"href":"https:\/\/www.altominho.tv\/site\/wp-json\/wp\/v2\/posts\/99747\/revisions"}],"predecessor-version":[{"id":99752,"href":"https:\/\/www.altominho.tv\/site\/wp-json\/wp\/v2\/posts\/99747\/revisions\/99752"}],"wp:featuredmedia":[{"embeddable":true,"href":"https:\/\/www.altominho.tv\/site\/wp-json\/wp\/v2\/media\/99751"}],"wp:attachment":[{"href":"https:\/\/www.altominho.tv\/site\/wp-json\/wp\/v2\/media?parent=99747"}],"wp:term":[{"taxonomy":"category","embeddable":true,"href":"https:\/\/www.altominho.tv\/site\/wp-json\/wp\/v2\/categories?post=99747"},{"taxonomy":"post_tag","embeddable":true,"href":"https:\/\/www.altominho.tv\/site\/wp-json\/wp\/v2\/tags?post=99747"}],"curies":[{"name":"wp","href":"https:\/\/api.w.org\/{rel}","templated":true}]}}