{"id":99732,"date":"2023-12-18T17:30:58","date_gmt":"2023-12-18T17:30:58","guid":{"rendered":"https:\/\/www.altominho.tv\/site\/?p=99732"},"modified":"2023-12-18T17:31:00","modified_gmt":"2023-12-18T17:31:00","slug":"paredes-de-coura-com-orcamento-de-22-me-para-2024","status":"publish","type":"post","link":"https:\/\/www.altominho.tv\/site\/2023\/12\/18\/paredes-de-coura-com-orcamento-de-22-me-para-2024\/","title":{"rendered":"Paredes de Coura com or\u00e7amento de 22 ME para 2024"},"content":{"rendered":"<p>O or\u00e7amento da C\u00e2mara de Paredes de Coura (PS) para 2024, no valor de 22 milh\u00f5es de euros, mais quatro milh\u00f5es do que em 2023, foi aprovado por unanimidade na assembleia municipal, revelou hoje o presidente da C\u00e2mara.<\/p>\n<p>A aposta numa terceira zona industrial no concelho \u2013 a de Linhares \u2013, com um investimento de 11,5 milh\u00f5es de euros, surge como uma das apostas da maioria socialista, disse \u00e0 Lusa o autarca Vitor Paulo Pereira, que quer colocar Paredes de Coura no \u2018ranking\u2019 dos 20 concelhos mais exportadores da regi\u00e3o.<\/p>\n<p>\u201cTemos a certeza de que nos pr\u00f3ximos cinco anos entraremos no \u2018ranking\u2019 dos 20 concelhos mais exportadores da regi\u00e3o. Neste momento, os nossos parques industriais t\u00eam um volume de neg\u00f3cios de 200 milh\u00f5es de euros, dos quais 150 milh\u00f5es s\u00e3o para exporta\u00e7\u00e3o\u201d, disse o presidente daquela c\u00e2mara do distrito de Viana do Castelo.<\/p>\n<p>A Zona Industrial de Linhares, com um \u201cor\u00e7amento de 11,5 milh\u00f5es de euros\u201d, come\u00e7ar\u00e1 a ser edificada \u201cem 2024 e estar\u00e1 conclu\u00edda em finais de 2027\u201d, acrescentou.<br \/>\nA Assembleia Municipal de Paredes de Coura \u00e9 composta por 11 deputados do PS, quatro da coliga\u00e7\u00e3o PSD\/CDS-PP e dois da CDU.<\/p>\n<p>O or\u00e7amento da autarquia para 2024 aposta tamb\u00e9m na habita\u00e7\u00e3o, prevendo-se a conclus\u00e3o de 27 apartamentos de v\u00e1rias tipologias a custos controlados e o arranque da constru\u00e7\u00e3o de 55 fra\u00e7\u00f5es \u201cpara arrendamento a pre\u00e7os acess\u00edveis\u201d, num \u201cinvestimento global de 11 milh\u00f5es de euros\u201d que \u201cter\u00e3o de estar conclu\u00eddos em 2026\u201d, de acordo com Vitor Paulo Pereira.<\/p>\n<p>A Educa\u00e7\u00e3o e a Cultura s\u00e3o tamb\u00e9m \u201cduas \u00e1reas estrat\u00e9gias\u201d, representando um investimento de 3,9 milh\u00f5es de euros em 2024.<\/p>\n<p>\u201cA cultura e a educa\u00e7\u00e3o s\u00e3o as armas mais importantes de mobilidade social e aquelas que mais felicidade trazem \u00e0s fam\u00edlias. Somos frequentemente acusados de investirmos muito na educa\u00e7\u00e3o e na cultura. Chamo-lhe a cr\u00edtica maravilhosa, o elogio feito ao contr\u00e1rio. Um dia gostaria que o meu filho lesse, numa destas atas da assembleia municipal, de que fomos acusados de investir muito na educa\u00e7\u00e3o e na cultura\u201d, indicou Vitor Paulo Pereira.<\/p>\n<p>Em 2024, a C\u00e2mara de Paredes de Coura vai ainda fazer obras no Centro de Sa\u00fade e no Quartel da GNR, no valor de 1,3 milh\u00f5es de euros.<\/p>\n<p>Contactado pela Lusa, o deputado da CDU Jos\u00e9 Manuel Alves justificou o voto a favor com o facto de se tratar de \u201cum or\u00e7amento razo\u00e1vel\u201d.<\/p>\n<p>A Lusa tentou, sem sucesso at\u00e9 ao momento, obter uma posi\u00e7\u00e3o da coliga\u00e7\u00e3o PSD\/CDS-PP.<\/p>\n","protected":false},"excerpt":{"rendered":"<p>O or\u00e7amento da C\u00e2mara de Paredes de Coura (PS) para 2024, no valor de 22 milh\u00f5es de euros, mais quatro milh\u00f5es do que em 2023, foi aprovado por unanimidade na assembleia municipal, revelou hoje o presidente da C\u00e2mara. A aposta numa terceira zona industrial no concelho \u2013 a de Linhares \u2013, com um investimento de [&hellip;]<\/p>\n","protected":false},"author":13,"featured_media":54749,"comment_status":"closed","ping_status":"closed","sticky":false,"template":"","format":"standard","meta":{"_exactmetrics_skip_tracking":false,"_exactmetrics_sitenote_active":false,"_exactmetrics_sitenote_note":"","_exactmetrics_sitenote_category":0,"footnotes":""},"categories":[10],"tags":[21,56326],"class_list":["post-99732","post","type-post","status-publish","format-standard","has-post-thumbnail","hentry","category-paredes-de-coura","tag-economia","tag-politica"],"yoast_head":"<!-- This site is optimized with the Yoast SEO Premium plugin v27.4 (Yoast SEO v27.4) - https:\/\/yoast.com\/product\/yoast-seo-premium-wordpress\/ -->\n<title>Paredes de Coura com or\u00e7amento de 22 ME para 2024<\/title>\n<meta name=\"description\" content=\"O or\u00e7amento da C\u00e2mara de Paredes de Coura (PS) para 2024, no valor de 22 milh\u00f5es de euros, mais quatro milh\u00f5es do que em 2023, foi aprovado por unanimidade na assembleia municipal, revelou hoje o presidente da C\u00e2mara.\" \/>\n<meta name=\"robots\" content=\"index, follow, max-snippet:-1, max-image-preview:large, max-video-preview:-1\" \/>\n<link rel=\"canonical\" href=\"https:\/\/www.altominho.tv\/site\/2023\/12\/18\/paredes-de-coura-com-orcamento-de-22-me-para-2024\/\" \/>\n<meta property=\"og:locale\" content=\"pt_PT\" \/>\n<meta property=\"og:type\" content=\"article\" \/>\n<meta property=\"og:title\" content=\"Paredes de Coura com or\u00e7amento de 22 ME para 2024\" \/>\n<meta property=\"og:description\" content=\"O or\u00e7amento da C\u00e2mara de Paredes de Coura (PS) para 2024, no valor de 22 milh\u00f5es de euros, mais quatro milh\u00f5es do que em 2023, foi aprovado por unanimidade na assembleia municipal, revelou hoje o presidente da C\u00e2mara.\" \/>\n<meta property=\"og:url\" content=\"https:\/\/www.altominho.tv\/site\/2023\/12\/18\/paredes-de-coura-com-orcamento-de-22-me-para-2024\/\" \/>\n<meta property=\"og:site_name\" content=\"Altominho.tv\" \/>\n<meta property=\"article:publisher\" content=\"https:\/\/www.facebook.com\/altominhotv\" \/>\n<meta property=\"article:published_time\" content=\"2023-12-18T17:30:58+00:00\" \/>\n<meta property=\"article:modified_time\" content=\"2023-12-18T17:31:00+00:00\" \/>\n<meta property=\"og:image\" content=\"https:\/\/www.altominho.tv\/site\/wp-content\/uploads\/2020\/10\/Ca\u0302mara-Paredes-de-Coura.jpg\" \/>\n\t<meta property=\"og:image:width\" content=\"1865\" \/>\n\t<meta property=\"og:image:height\" content=\"1034\" \/>\n\t<meta property=\"og:image:type\" content=\"image\/jpeg\" \/>\n<meta name=\"author\" content=\"Lusa\" \/>\n<meta name=\"twitter:card\" content=\"summary_large_image\" \/>\n<meta name=\"twitter:creator\" content=\"@altominhoTV\" \/>\n<meta name=\"twitter:site\" content=\"@altominhoTV\" \/>\n<meta name=\"twitter:label1\" content=\"Escrito por\" \/>\n\t<meta name=\"twitter:data1\" content=\"Lusa\" \/>\n\t<meta name=\"twitter:label2\" content=\"Tempo estimado de leitura\" \/>\n\t<meta name=\"twitter:data2\" content=\"3 minutos\" \/>\n<script type=\"application\/ld+json\" class=\"yoast-schema-graph\">{\"@context\":\"https:\\\/\\\/schema.org\",\"@graph\":[{\"@type\":\"Article\",\"@id\":\"https:\\\/\\\/www.altominho.tv\\\/site\\\/2023\\\/12\\\/18\\\/paredes-de-coura-com-orcamento-de-22-me-para-2024\\\/#article\",\"isPartOf\":{\"@id\":\"https:\\\/\\\/www.altominho.tv\\\/site\\\/2023\\\/12\\\/18\\\/paredes-de-coura-com-orcamento-de-22-me-para-2024\\\/\"},\"author\":{\"name\":\"Lusa\",\"@id\":\"https:\\\/\\\/www.altominho.tv\\\/site\\\/#\\\/schema\\\/person\\\/63f693da3e1899361cbe955c46f3232e\"},\"headline\":\"Paredes de Coura com or\u00e7amento de 22 ME para 2024\",\"datePublished\":\"2023-12-18T17:30:58+00:00\",\"dateModified\":\"2023-12-18T17:31:00+00:00\",\"mainEntityOfPage\":{\"@id\":\"https:\\\/\\\/www.altominho.tv\\\/site\\\/2023\\\/12\\\/18\\\/paredes-de-coura-com-orcamento-de-22-me-para-2024\\\/\"},\"wordCount\":444,\"image\":{\"@id\":\"https:\\\/\\\/www.altominho.tv\\\/site\\\/2023\\\/12\\\/18\\\/paredes-de-coura-com-orcamento-de-22-me-para-2024\\\/#primaryimage\"},\"thumbnailUrl\":\"https:\\\/\\\/www.altominho.tv\\\/site\\\/wp-content\\\/uploads\\\/2020\\\/10\\\/Ca\u0302mara-Paredes-de-Coura.jpg\",\"keywords\":[\"Economia\",\"Pol\u00edtica\"],\"articleSection\":[\"Paredes de Coura\"],\"inLanguage\":\"pt-PT\",\"copyrightYear\":\"2023\",\"copyrightHolder\":{\"@id\":\"https:\\\/\\\/www.altominho.tv\\\/site\\\/#organization\"}},{\"@type\":\"WebPage\",\"@id\":\"https:\\\/\\\/www.altominho.tv\\\/site\\\/2023\\\/12\\\/18\\\/paredes-de-coura-com-orcamento-de-22-me-para-2024\\\/\",\"url\":\"https:\\\/\\\/www.altominho.tv\\\/site\\\/2023\\\/12\\\/18\\\/paredes-de-coura-com-orcamento-de-22-me-para-2024\\\/\",\"name\":\"Paredes de Coura com or\u00e7amento de 22 ME para 2024\",\"isPartOf\":{\"@id\":\"https:\\\/\\\/www.altominho.tv\\\/site\\\/#website\"},\"primaryImageOfPage\":{\"@id\":\"https:\\\/\\\/www.altominho.tv\\\/site\\\/2023\\\/12\\\/18\\\/paredes-de-coura-com-orcamento-de-22-me-para-2024\\\/#primaryimage\"},\"image\":{\"@id\":\"https:\\\/\\\/www.altominho.tv\\\/site\\\/2023\\\/12\\\/18\\\/paredes-de-coura-com-orcamento-de-22-me-para-2024\\\/#primaryimage\"},\"thumbnailUrl\":\"https:\\\/\\\/www.altominho.tv\\\/site\\\/wp-content\\\/uploads\\\/2020\\\/10\\\/Ca\u0302mara-Paredes-de-Coura.jpg\",\"datePublished\":\"2023-12-18T17:30:58+00:00\",\"dateModified\":\"2023-12-18T17:31:00+00:00\",\"author\":{\"@id\":\"https:\\\/\\\/www.altominho.tv\\\/site\\\/#\\\/schema\\\/person\\\/63f693da3e1899361cbe955c46f3232e\"},\"description\":\"O or\u00e7amento da C\u00e2mara de Paredes de Coura (PS) para 2024, no valor de 22 milh\u00f5es de euros, mais quatro milh\u00f5es do que em 2023, foi aprovado por unanimidade na assembleia municipal, revelou hoje o presidente da C\u00e2mara.\",\"breadcrumb\":{\"@id\":\"https:\\\/\\\/www.altominho.tv\\\/site\\\/2023\\\/12\\\/18\\\/paredes-de-coura-com-orcamento-de-22-me-para-2024\\\/#breadcrumb\"},\"inLanguage\":\"pt-PT\",\"potentialAction\":[{\"@type\":\"ReadAction\",\"target\":[\"https:\\\/\\\/www.altominho.tv\\\/site\\\/2023\\\/12\\\/18\\\/paredes-de-coura-com-orcamento-de-22-me-para-2024\\\/\"]}]},{\"@type\":\"ImageObject\",\"inLanguage\":\"pt-PT\",\"@id\":\"https:\\\/\\\/www.altominho.tv\\\/site\\\/2023\\\/12\\\/18\\\/paredes-de-coura-com-orcamento-de-22-me-para-2024\\\/#primaryimage\",\"url\":\"https:\\\/\\\/www.altominho.tv\\\/site\\\/wp-content\\\/uploads\\\/2020\\\/10\\\/Ca\u0302mara-Paredes-de-Coura.jpg\",\"contentUrl\":\"https:\\\/\\\/www.altominho.tv\\\/site\\\/wp-content\\\/uploads\\\/2020\\\/10\\\/Ca\u0302mara-Paredes-de-Coura.jpg\",\"width\":1865,\"height\":1034},{\"@type\":\"BreadcrumbList\",\"@id\":\"https:\\\/\\\/www.altominho.tv\\\/site\\\/2023\\\/12\\\/18\\\/paredes-de-coura-com-orcamento-de-22-me-para-2024\\\/#breadcrumb\",\"itemListElement\":[{\"@type\":\"ListItem\",\"position\":1,\"name\":\"In\u00edcio\",\"item\":\"https:\\\/\\\/www.altominho.tv\\\/site\\\/\"},{\"@type\":\"ListItem\",\"position\":2,\"name\":\"Paredes de Coura com or\u00e7amento de 22 ME para 2024\"}]},{\"@type\":\"WebSite\",\"@id\":\"https:\\\/\\\/www.altominho.tv\\\/site\\\/#website\",\"url\":\"https:\\\/\\\/www.altominho.tv\\\/site\\\/\",\"name\":\"Altominho.tv\",\"description\":\"A sua regi\u00e3o \u00e0 dist\u00e2ncia de um clique...\",\"potentialAction\":[{\"@type\":\"SearchAction\",\"target\":{\"@type\":\"EntryPoint\",\"urlTemplate\":\"https:\\\/\\\/www.altominho.tv\\\/site\\\/?s={search_term_string}\"},\"query-input\":{\"@type\":\"PropertyValueSpecification\",\"valueRequired\":true,\"valueName\":\"search_term_string\"}}],\"inLanguage\":\"pt-PT\"},{\"@type\":\"Person\",\"@id\":\"https:\\\/\\\/www.altominho.tv\\\/site\\\/#\\\/schema\\\/person\\\/63f693da3e1899361cbe955c46f3232e\",\"name\":\"Lusa\",\"image\":{\"@type\":\"ImageObject\",\"inLanguage\":\"pt-PT\",\"@id\":\"https:\\\/\\\/www.altominho.tv\\\/site\\\/wp-content\\\/uploads\\\/2019\\\/08\\\/LUSA_Logo.gif\",\"url\":\"https:\\\/\\\/www.altominho.tv\\\/site\\\/wp-content\\\/uploads\\\/2019\\\/08\\\/LUSA_Logo.gif\",\"contentUrl\":\"https:\\\/\\\/www.altominho.tv\\\/site\\\/wp-content\\\/uploads\\\/2019\\\/08\\\/LUSA_Logo.gif\",\"caption\":\"Lusa\"},\"sameAs\":[\"http:\\\/\\\/\\\/\\\/www.altominho.tv\\\/site\"],\"url\":\"https:\\\/\\\/www.altominho.tv\\\/site\\\/author\\\/lusa\\\/\"}]}<\/script>\n<!-- \/ Yoast SEO Premium plugin. -->","yoast_head_json":{"title":"Paredes de Coura com or\u00e7amento de 22 ME para 2024","description":"O or\u00e7amento da C\u00e2mara de Paredes de Coura (PS) para 2024, no valor de 22 milh\u00f5es de euros, mais quatro milh\u00f5es do que em 2023, foi aprovado por unanimidade na assembleia municipal, revelou hoje o presidente da C\u00e2mara.","robots":{"index":"index","follow":"follow","max-snippet":"max-snippet:-1","max-image-preview":"max-image-preview:large","max-video-preview":"max-video-preview:-1"},"canonical":"https:\/\/www.altominho.tv\/site\/2023\/12\/18\/paredes-de-coura-com-orcamento-de-22-me-para-2024\/","og_locale":"pt_PT","og_type":"article","og_title":"Paredes de Coura com or\u00e7amento de 22 ME para 2024","og_description":"O or\u00e7amento da C\u00e2mara de Paredes de Coura (PS) para 2024, no valor de 22 milh\u00f5es de euros, mais quatro milh\u00f5es do que em 2023, foi aprovado por unanimidade na assembleia municipal, revelou hoje o presidente da C\u00e2mara.","og_url":"https:\/\/www.altominho.tv\/site\/2023\/12\/18\/paredes-de-coura-com-orcamento-de-22-me-para-2024\/","og_site_name":"Altominho.tv","article_publisher":"https:\/\/www.facebook.com\/altominhotv","article_published_time":"2023-12-18T17:30:58+00:00","article_modified_time":"2023-12-18T17:31:00+00:00","og_image":[{"width":1865,"height":1034,"url":"https:\/\/www.altominho.tv\/site\/wp-content\/uploads\/2020\/10\/Ca\u0302mara-Paredes-de-Coura.jpg","type":"image\/jpeg"}],"author":"Lusa","twitter_card":"summary_large_image","twitter_creator":"@altominhoTV","twitter_site":"@altominhoTV","twitter_misc":{"Escrito por":"Lusa","Tempo estimado de leitura":"3 minutos"},"schema":{"@context":"https:\/\/schema.org","@graph":[{"@type":"Article","@id":"https:\/\/www.altominho.tv\/site\/2023\/12\/18\/paredes-de-coura-com-orcamento-de-22-me-para-2024\/#article","isPartOf":{"@id":"https:\/\/www.altominho.tv\/site\/2023\/12\/18\/paredes-de-coura-com-orcamento-de-22-me-para-2024\/"},"author":{"name":"Lusa","@id":"https:\/\/www.altominho.tv\/site\/#\/schema\/person\/63f693da3e1899361cbe955c46f3232e"},"headline":"Paredes de Coura com or\u00e7amento de 22 ME para 2024","datePublished":"2023-12-18T17:30:58+00:00","dateModified":"2023-12-18T17:31:00+00:00","mainEntityOfPage":{"@id":"https:\/\/www.altominho.tv\/site\/2023\/12\/18\/paredes-de-coura-com-orcamento-de-22-me-para-2024\/"},"wordCount":444,"image":{"@id":"https:\/\/www.altominho.tv\/site\/2023\/12\/18\/paredes-de-coura-com-orcamento-de-22-me-para-2024\/#primaryimage"},"thumbnailUrl":"https:\/\/www.altominho.tv\/site\/wp-content\/uploads\/2020\/10\/Ca\u0302mara-Paredes-de-Coura.jpg","keywords":["Economia","Pol\u00edtica"],"articleSection":["Paredes de Coura"],"inLanguage":"pt-PT","copyrightYear":"2023","copyrightHolder":{"@id":"https:\/\/www.altominho.tv\/site\/#organization"}},{"@type":"WebPage","@id":"https:\/\/www.altominho.tv\/site\/2023\/12\/18\/paredes-de-coura-com-orcamento-de-22-me-para-2024\/","url":"https:\/\/www.altominho.tv\/site\/2023\/12\/18\/paredes-de-coura-com-orcamento-de-22-me-para-2024\/","name":"Paredes de Coura com or\u00e7amento de 22 ME para 2024","isPartOf":{"@id":"https:\/\/www.altominho.tv\/site\/#website"},"primaryImageOfPage":{"@id":"https:\/\/www.altominho.tv\/site\/2023\/12\/18\/paredes-de-coura-com-orcamento-de-22-me-para-2024\/#primaryimage"},"image":{"@id":"https:\/\/www.altominho.tv\/site\/2023\/12\/18\/paredes-de-coura-com-orcamento-de-22-me-para-2024\/#primaryimage"},"thumbnailUrl":"https:\/\/www.altominho.tv\/site\/wp-content\/uploads\/2020\/10\/Ca\u0302mara-Paredes-de-Coura.jpg","datePublished":"2023-12-18T17:30:58+00:00","dateModified":"2023-12-18T17:31:00+00:00","author":{"@id":"https:\/\/www.altominho.tv\/site\/#\/schema\/person\/63f693da3e1899361cbe955c46f3232e"},"description":"O or\u00e7amento da C\u00e2mara de Paredes de Coura (PS) para 2024, no valor de 22 milh\u00f5es de euros, mais quatro milh\u00f5es do que em 2023, foi aprovado por unanimidade na assembleia municipal, revelou hoje o presidente da C\u00e2mara.","breadcrumb":{"@id":"https:\/\/www.altominho.tv\/site\/2023\/12\/18\/paredes-de-coura-com-orcamento-de-22-me-para-2024\/#breadcrumb"},"inLanguage":"pt-PT","potentialAction":[{"@type":"ReadAction","target":["https:\/\/www.altominho.tv\/site\/2023\/12\/18\/paredes-de-coura-com-orcamento-de-22-me-para-2024\/"]}]},{"@type":"ImageObject","inLanguage":"pt-PT","@id":"https:\/\/www.altominho.tv\/site\/2023\/12\/18\/paredes-de-coura-com-orcamento-de-22-me-para-2024\/#primaryimage","url":"https:\/\/www.altominho.tv\/site\/wp-content\/uploads\/2020\/10\/Ca\u0302mara-Paredes-de-Coura.jpg","contentUrl":"https:\/\/www.altominho.tv\/site\/wp-content\/uploads\/2020\/10\/Ca\u0302mara-Paredes-de-Coura.jpg","width":1865,"height":1034},{"@type":"BreadcrumbList","@id":"https:\/\/www.altominho.tv\/site\/2023\/12\/18\/paredes-de-coura-com-orcamento-de-22-me-para-2024\/#breadcrumb","itemListElement":[{"@type":"ListItem","position":1,"name":"In\u00edcio","item":"https:\/\/www.altominho.tv\/site\/"},{"@type":"ListItem","position":2,"name":"Paredes de Coura com or\u00e7amento de 22 ME para 2024"}]},{"@type":"WebSite","@id":"https:\/\/www.altominho.tv\/site\/#website","url":"https:\/\/www.altominho.tv\/site\/","name":"Altominho.tv","description":"A sua regi\u00e3o \u00e0 dist\u00e2ncia de um clique...","potentialAction":[{"@type":"SearchAction","target":{"@type":"EntryPoint","urlTemplate":"https:\/\/www.altominho.tv\/site\/?s={search_term_string}"},"query-input":{"@type":"PropertyValueSpecification","valueRequired":true,"valueName":"search_term_string"}}],"inLanguage":"pt-PT"},{"@type":"Person","@id":"https:\/\/www.altominho.tv\/site\/#\/schema\/person\/63f693da3e1899361cbe955c46f3232e","name":"Lusa","image":{"@type":"ImageObject","inLanguage":"pt-PT","@id":"https:\/\/www.altominho.tv\/site\/wp-content\/uploads\/2019\/08\/LUSA_Logo.gif","url":"https:\/\/www.altominho.tv\/site\/wp-content\/uploads\/2019\/08\/LUSA_Logo.gif","contentUrl":"https:\/\/www.altominho.tv\/site\/wp-content\/uploads\/2019\/08\/LUSA_Logo.gif","caption":"Lusa"},"sameAs":["http:\/\/\/\/www.altominho.tv\/site"],"url":"https:\/\/www.altominho.tv\/site\/author\/lusa\/"}]}},"_links":{"self":[{"href":"https:\/\/www.altominho.tv\/site\/wp-json\/wp\/v2\/posts\/99732","targetHints":{"allow":["GET"]}}],"collection":[{"href":"https:\/\/www.altominho.tv\/site\/wp-json\/wp\/v2\/posts"}],"about":[{"href":"https:\/\/www.altominho.tv\/site\/wp-json\/wp\/v2\/types\/post"}],"author":[{"embeddable":true,"href":"https:\/\/www.altominho.tv\/site\/wp-json\/wp\/v2\/users\/13"}],"replies":[{"embeddable":true,"href":"https:\/\/www.altominho.tv\/site\/wp-json\/wp\/v2\/comments?post=99732"}],"version-history":[{"count":1,"href":"https:\/\/www.altominho.tv\/site\/wp-json\/wp\/v2\/posts\/99732\/revisions"}],"predecessor-version":[{"id":99733,"href":"https:\/\/www.altominho.tv\/site\/wp-json\/wp\/v2\/posts\/99732\/revisions\/99733"}],"wp:featuredmedia":[{"embeddable":true,"href":"https:\/\/www.altominho.tv\/site\/wp-json\/wp\/v2\/media\/54749"}],"wp:attachment":[{"href":"https:\/\/www.altominho.tv\/site\/wp-json\/wp\/v2\/media?parent=99732"}],"wp:term":[{"taxonomy":"category","embeddable":true,"href":"https:\/\/www.altominho.tv\/site\/wp-json\/wp\/v2\/categories?post=99732"},{"taxonomy":"post_tag","embeddable":true,"href":"https:\/\/www.altominho.tv\/site\/wp-json\/wp\/v2\/tags?post=99732"}],"curies":[{"name":"wp","href":"https:\/\/api.w.org\/{rel}","templated":true}]}}