{"id":99640,"date":"2023-12-13T18:00:32","date_gmt":"2023-12-13T18:00:32","guid":{"rendered":"https:\/\/www.altominho.tv\/site\/?p=99640"},"modified":"2023-12-13T18:00:34","modified_gmt":"2023-12-13T18:00:34","slug":"lancado-projeto-de-cooperacao-transfronteirica-dedicado-a-assistencia-de-emergencia","status":"publish","type":"post","link":"https:\/\/www.altominho.tv\/site\/2023\/12\/13\/lancado-projeto-de-cooperacao-transfronteirica-dedicado-a-assistencia-de-emergencia\/","title":{"rendered":"Lan\u00e7ado projeto de coopera\u00e7\u00e3o transfronteiri\u00e7a dedicado \u00e0 assist\u00eancia de emerg\u00eancia"},"content":{"rendered":"\n<p>O presidente da CIM Alto Minho, Manoel Batista, participou hoje, dia 13 de dezembro, no evento de apresenta\u00e7\u00e3o e lan\u00e7amento do projeto de coopera\u00e7\u00e3o transfronteiri\u00e7a \u201cATEMPO &#8211; Assist\u00eancia Transfronteiri\u00e7a de Emerg\u00eancia\u201d, que decorreu no Jardim Bot\u00e2nico do Porto \u2013 Casa Andresen, no Porto.<\/p>\n\n\n\n<p>Para al\u00e9m da CIM Alto Minho, integram esta parceria transfronteiri\u00e7a diversas entidades como a Axencia Gallega de Emerxencias (AXEGA), que \u00e9 o chefe de fila do projeto, a Universidade da Coru\u00f1a, a Comiss\u00e3o de Coordena\u00e7\u00e3o e Desenvolvimento Regional do Norte (CCDR-NORTE), a GNR, o INEM e a Direcci\u00f3n General de Patrimonio Natural y Pol\u00edtica Forestal Castilla y Le\u00f3n.<\/p>\n\n\n\n<p>Aprovado no \u00e2mbito do Programa de Coopera\u00e7\u00e3o INTERREG VI-A Espa\u00f1a-Portugal (POCTEP) 2021-2027, este projeto, sucessor dos programas ARIEM+ e ARIEM 112 e complementar ao PROTEMPO, tem como objetivo principal aprofundar a coopera\u00e7\u00e3o e a atua\u00e7\u00e3o conjunta, \u00e0 escala transfronteiri\u00e7a, em mat\u00e9ria de emerg\u00eancia, almejando promover uma melhoria da capacidade de resposta das unidades de emerg\u00eancia transfronteiri\u00e7as perante eventos adversos relacionados ou potenciados pelas altera\u00e7\u00f5es clim\u00e1ticas e riscos tecnol\u00f3gicos com impacto nos ecossistemas da EuroRegi\u00e3o.<\/p>\n\n\n\n<p>A principal inova\u00e7\u00e3o deste projeto prende-se com a utiliza\u00e7\u00e3o de ferramentas da Intelig\u00eancia Artificial (IA) e do recurso a inova\u00e7\u00f5es tecnol\u00f3gicas, que permitir\u00e3o antecipar o comportamento de inc\u00eandios e\/ou inunda\u00e7\u00f5es, principais desastres causados pelas altera\u00e7\u00f5es clim\u00e1ticas, mas tamb\u00e9m acidentes derivados de riscos tecnol\u00f3gicos.<\/p>\n\n\n\n<p>Por outro lado, este projeto pretende contribuir para o refor\u00e7o dos meios dispon\u00edveis ao n\u00edvel dos equipamentos, apostando igualmente na forma\u00e7\u00e3o e capacita\u00e7\u00e3o de agentes operacionais e na mobiliza\u00e7\u00e3o e sensibiliza\u00e7\u00e3o da popula\u00e7\u00e3o sobre como reagir perante emerg\u00eancias. O or\u00e7amento total do projeto ronda os 4.8 milh\u00f5es de euros, dos quais mais 538 mil est\u00e3o afetos \u00e0 CIM Alto Minho.<\/p>\n\n\n\n<p>Durante a sua interven\u00e7\u00e3o, Manoel Batista saudou a interven\u00e7\u00e3o inovadora deste projeto, pela abordagem abrangente que far\u00e1, n\u00e3o se focando somente na quest\u00e3o dos inc\u00eandios, mas estendendo-se a outros eventos adversos que acontecem por via das altera\u00e7\u00f5es ambientais. \u201cO sucesso deste projeto ser\u00e1 o sucesso dos nossos territ\u00f3rios que se tornam mais resilientes, mais protegidos e mais capacitados\u201d, salientou.<\/p>\n","protected":false},"excerpt":{"rendered":"<p>O presidente da CIM Alto Minho, Manoel Batista, participou hoje, dia 13 de dezembro, no evento de apresenta\u00e7\u00e3o e lan\u00e7amento do projeto de coopera\u00e7\u00e3o transfronteiri\u00e7a \u201cATEMPO &#8211; Assist\u00eancia Transfronteiri\u00e7a de Emerg\u00eancia\u201d, que decorreu no Jardim Bot\u00e2nico do Porto \u2013 Casa Andresen, no Porto. Para al\u00e9m da CIM Alto Minho, integram esta parceria transfronteiri\u00e7a diversas entidades [&hellip;]<\/p>\n","protected":false},"author":1,"featured_media":99641,"comment_status":"closed","ping_status":"closed","sticky":false,"template":"","format":"standard","meta":{"_exactmetrics_skip_tracking":false,"_exactmetrics_sitenote_active":false,"_exactmetrics_sitenote_note":"","_exactmetrics_sitenote_category":0,"footnotes":""},"categories":[73],"tags":[27],"class_list":["post-99640","post","type-post","status-publish","format-standard","has-post-thumbnail","hentry","category-alto-minho","tag-sociedade"],"yoast_head":"<!-- This site is optimized with the Yoast SEO Premium plugin v27.5 (Yoast SEO v27.5) - https:\/\/yoast.com\/product\/yoast-seo-premium-wordpress\/ -->\n<title>Lan\u00e7ado projeto de coopera\u00e7\u00e3o transfronteiri\u00e7a dedicado \u00e0 assist\u00eancia de emerg\u00eancia<\/title>\n<meta name=\"robots\" content=\"index, follow, max-snippet:-1, max-image-preview:large, max-video-preview:-1\" \/>\n<link rel=\"canonical\" href=\"https:\/\/www.altominho.tv\/site\/2023\/12\/13\/lancado-projeto-de-cooperacao-transfronteirica-dedicado-a-assistencia-de-emergencia\/\" \/>\n<meta property=\"og:locale\" content=\"pt_PT\" \/>\n<meta property=\"og:type\" content=\"article\" \/>\n<meta property=\"og:title\" content=\"Lan\u00e7ado projeto de coopera\u00e7\u00e3o transfronteiri\u00e7a dedicado \u00e0 assist\u00eancia de emerg\u00eancia\" \/>\n<meta property=\"og:description\" content=\"O presidente da CIM Alto Minho, Manoel Batista, participou hoje, dia 13 de dezembro, no evento de apresenta\u00e7\u00e3o e lan\u00e7amento do projeto de coopera\u00e7\u00e3o transfronteiri\u00e7a \u201cATEMPO &#8211; Assist\u00eancia Transfronteiri\u00e7a de Emerg\u00eancia\u201d, que decorreu no Jardim Bot\u00e2nico do Porto \u2013 Casa Andresen, no Porto. Para al\u00e9m da CIM Alto Minho, integram esta parceria transfronteiri\u00e7a diversas entidades [&hellip;]\" \/>\n<meta property=\"og:url\" content=\"https:\/\/www.altominho.tv\/site\/2023\/12\/13\/lancado-projeto-de-cooperacao-transfronteirica-dedicado-a-assistencia-de-emergencia\/\" \/>\n<meta property=\"og:site_name\" content=\"Altominho.tv\" \/>\n<meta property=\"article:publisher\" content=\"https:\/\/www.facebook.com\/altominhotv\" \/>\n<meta property=\"article:published_time\" content=\"2023-12-13T18:00:32+00:00\" \/>\n<meta property=\"article:modified_time\" content=\"2023-12-13T18:00:34+00:00\" \/>\n<meta property=\"og:image\" content=\"https:\/\/www.altominho.tv\/site\/wp-content\/uploads\/2023\/12\/11ac74d6-71a4-4775-af24-d2e02b1eb479.jpg\" \/>\n\t<meta property=\"og:image:width\" content=\"1600\" \/>\n\t<meta property=\"og:image:height\" content=\"1200\" \/>\n\t<meta property=\"og:image:type\" content=\"image\/jpeg\" \/>\n<meta name=\"author\" content=\"Altominho.tv\" \/>\n<meta name=\"twitter:card\" content=\"summary_large_image\" \/>\n<meta name=\"twitter:creator\" content=\"@altominhoTV\" \/>\n<meta name=\"twitter:site\" content=\"@altominhoTV\" \/>\n<meta name=\"twitter:label1\" content=\"Escrito por\" \/>\n\t<meta name=\"twitter:data1\" content=\"Altominho.tv\" \/>\n\t<meta name=\"twitter:label2\" content=\"Tempo estimado de leitura\" \/>\n\t<meta name=\"twitter:data2\" content=\"2 minutos\" \/>\n<script type=\"application\/ld+json\" class=\"yoast-schema-graph\">{\"@context\":\"https:\\\/\\\/schema.org\",\"@graph\":[{\"@type\":\"Article\",\"@id\":\"https:\\\/\\\/www.altominho.tv\\\/site\\\/2023\\\/12\\\/13\\\/lancado-projeto-de-cooperacao-transfronteirica-dedicado-a-assistencia-de-emergencia\\\/#article\",\"isPartOf\":{\"@id\":\"https:\\\/\\\/www.altominho.tv\\\/site\\\/2023\\\/12\\\/13\\\/lancado-projeto-de-cooperacao-transfronteirica-dedicado-a-assistencia-de-emergencia\\\/\"},\"author\":{\"name\":\"Altominho.tv\",\"@id\":\"https:\\\/\\\/www.altominho.tv\\\/site\\\/#\\\/schema\\\/person\\\/4e536851627d7914baf3dac752b6af22\"},\"headline\":\"Lan\u00e7ado projeto de coopera\u00e7\u00e3o transfronteiri\u00e7a dedicado \u00e0 assist\u00eancia de emerg\u00eancia\",\"datePublished\":\"2023-12-13T18:00:32+00:00\",\"dateModified\":\"2023-12-13T18:00:34+00:00\",\"mainEntityOfPage\":{\"@id\":\"https:\\\/\\\/www.altominho.tv\\\/site\\\/2023\\\/12\\\/13\\\/lancado-projeto-de-cooperacao-transfronteirica-dedicado-a-assistencia-de-emergencia\\\/\"},\"wordCount\":404,\"image\":{\"@id\":\"https:\\\/\\\/www.altominho.tv\\\/site\\\/2023\\\/12\\\/13\\\/lancado-projeto-de-cooperacao-transfronteirica-dedicado-a-assistencia-de-emergencia\\\/#primaryimage\"},\"thumbnailUrl\":\"https:\\\/\\\/www.altominho.tv\\\/site\\\/wp-content\\\/uploads\\\/2023\\\/12\\\/11ac74d6-71a4-4775-af24-d2e02b1eb479.jpg\",\"keywords\":[\"Sociedade\"],\"articleSection\":[\"Alto Minho\"],\"inLanguage\":\"pt-PT\",\"copyrightYear\":\"2023\",\"copyrightHolder\":{\"@id\":\"https:\\\/\\\/www.altominho.tv\\\/site\\\/#organization\"}},{\"@type\":\"WebPage\",\"@id\":\"https:\\\/\\\/www.altominho.tv\\\/site\\\/2023\\\/12\\\/13\\\/lancado-projeto-de-cooperacao-transfronteirica-dedicado-a-assistencia-de-emergencia\\\/\",\"url\":\"https:\\\/\\\/www.altominho.tv\\\/site\\\/2023\\\/12\\\/13\\\/lancado-projeto-de-cooperacao-transfronteirica-dedicado-a-assistencia-de-emergencia\\\/\",\"name\":\"Lan\u00e7ado projeto de coopera\u00e7\u00e3o transfronteiri\u00e7a dedicado \u00e0 assist\u00eancia de emerg\u00eancia\",\"isPartOf\":{\"@id\":\"https:\\\/\\\/www.altominho.tv\\\/site\\\/#website\"},\"primaryImageOfPage\":{\"@id\":\"https:\\\/\\\/www.altominho.tv\\\/site\\\/2023\\\/12\\\/13\\\/lancado-projeto-de-cooperacao-transfronteirica-dedicado-a-assistencia-de-emergencia\\\/#primaryimage\"},\"image\":{\"@id\":\"https:\\\/\\\/www.altominho.tv\\\/site\\\/2023\\\/12\\\/13\\\/lancado-projeto-de-cooperacao-transfronteirica-dedicado-a-assistencia-de-emergencia\\\/#primaryimage\"},\"thumbnailUrl\":\"https:\\\/\\\/www.altominho.tv\\\/site\\\/wp-content\\\/uploads\\\/2023\\\/12\\\/11ac74d6-71a4-4775-af24-d2e02b1eb479.jpg\",\"datePublished\":\"2023-12-13T18:00:32+00:00\",\"dateModified\":\"2023-12-13T18:00:34+00:00\",\"author\":{\"@id\":\"https:\\\/\\\/www.altominho.tv\\\/site\\\/#\\\/schema\\\/person\\\/4e536851627d7914baf3dac752b6af22\"},\"breadcrumb\":{\"@id\":\"https:\\\/\\\/www.altominho.tv\\\/site\\\/2023\\\/12\\\/13\\\/lancado-projeto-de-cooperacao-transfronteirica-dedicado-a-assistencia-de-emergencia\\\/#breadcrumb\"},\"inLanguage\":\"pt-PT\",\"potentialAction\":[{\"@type\":\"ReadAction\",\"target\":[\"https:\\\/\\\/www.altominho.tv\\\/site\\\/2023\\\/12\\\/13\\\/lancado-projeto-de-cooperacao-transfronteirica-dedicado-a-assistencia-de-emergencia\\\/\"]}]},{\"@type\":\"ImageObject\",\"inLanguage\":\"pt-PT\",\"@id\":\"https:\\\/\\\/www.altominho.tv\\\/site\\\/2023\\\/12\\\/13\\\/lancado-projeto-de-cooperacao-transfronteirica-dedicado-a-assistencia-de-emergencia\\\/#primaryimage\",\"url\":\"https:\\\/\\\/www.altominho.tv\\\/site\\\/wp-content\\\/uploads\\\/2023\\\/12\\\/11ac74d6-71a4-4775-af24-d2e02b1eb479.jpg\",\"contentUrl\":\"https:\\\/\\\/www.altominho.tv\\\/site\\\/wp-content\\\/uploads\\\/2023\\\/12\\\/11ac74d6-71a4-4775-af24-d2e02b1eb479.jpg\",\"width\":1600,\"height\":1200},{\"@type\":\"BreadcrumbList\",\"@id\":\"https:\\\/\\\/www.altominho.tv\\\/site\\\/2023\\\/12\\\/13\\\/lancado-projeto-de-cooperacao-transfronteirica-dedicado-a-assistencia-de-emergencia\\\/#breadcrumb\",\"itemListElement\":[{\"@type\":\"ListItem\",\"position\":1,\"name\":\"In\u00edcio\",\"item\":\"https:\\\/\\\/www.altominho.tv\\\/site\\\/\"},{\"@type\":\"ListItem\",\"position\":2,\"name\":\"Lan\u00e7ado projeto de coopera\u00e7\u00e3o transfronteiri\u00e7a dedicado \u00e0 assist\u00eancia de emerg\u00eancia\"}]},{\"@type\":\"WebSite\",\"@id\":\"https:\\\/\\\/www.altominho.tv\\\/site\\\/#website\",\"url\":\"https:\\\/\\\/www.altominho.tv\\\/site\\\/\",\"name\":\"Altominho.tv\",\"description\":\"A sua regi\u00e3o \u00e0 dist\u00e2ncia de um clique...\",\"potentialAction\":[{\"@type\":\"SearchAction\",\"target\":{\"@type\":\"EntryPoint\",\"urlTemplate\":\"https:\\\/\\\/www.altominho.tv\\\/site\\\/?s={search_term_string}\"},\"query-input\":{\"@type\":\"PropertyValueSpecification\",\"valueRequired\":true,\"valueName\":\"search_term_string\"}}],\"inLanguage\":\"pt-PT\"},{\"@type\":\"Person\",\"@id\":\"https:\\\/\\\/www.altominho.tv\\\/site\\\/#\\\/schema\\\/person\\\/4e536851627d7914baf3dac752b6af22\",\"name\":\"Altominho.tv\",\"image\":{\"@type\":\"ImageObject\",\"inLanguage\":\"pt-PT\",\"@id\":\"https:\\\/\\\/www.altominho.tv\\\/site\\\/wp-content\\\/uploads\\\/2019\\\/11\\\/Logo_Avatar_2-150x150.jpg\",\"url\":\"https:\\\/\\\/www.altominho.tv\\\/site\\\/wp-content\\\/uploads\\\/2019\\\/11\\\/Logo_Avatar_2-150x150.jpg\",\"contentUrl\":\"https:\\\/\\\/www.altominho.tv\\\/site\\\/wp-content\\\/uploads\\\/2019\\\/11\\\/Logo_Avatar_2-150x150.jpg\",\"caption\":\"Altominho.tv\"},\"url\":\"https:\\\/\\\/www.altominho.tv\\\/site\\\/author\\\/altominhotv-tecnico\\\/\"}]}<\/script>\n<!-- \/ Yoast SEO Premium plugin. -->","yoast_head_json":{"title":"Lan\u00e7ado projeto de coopera\u00e7\u00e3o transfronteiri\u00e7a dedicado \u00e0 assist\u00eancia de emerg\u00eancia","robots":{"index":"index","follow":"follow","max-snippet":"max-snippet:-1","max-image-preview":"max-image-preview:large","max-video-preview":"max-video-preview:-1"},"canonical":"https:\/\/www.altominho.tv\/site\/2023\/12\/13\/lancado-projeto-de-cooperacao-transfronteirica-dedicado-a-assistencia-de-emergencia\/","og_locale":"pt_PT","og_type":"article","og_title":"Lan\u00e7ado projeto de coopera\u00e7\u00e3o transfronteiri\u00e7a dedicado \u00e0 assist\u00eancia de emerg\u00eancia","og_description":"O presidente da CIM Alto Minho, Manoel Batista, participou hoje, dia 13 de dezembro, no evento de apresenta\u00e7\u00e3o e lan\u00e7amento do projeto de coopera\u00e7\u00e3o transfronteiri\u00e7a \u201cATEMPO &#8211; Assist\u00eancia Transfronteiri\u00e7a de Emerg\u00eancia\u201d, que decorreu no Jardim Bot\u00e2nico do Porto \u2013 Casa Andresen, no Porto. Para al\u00e9m da CIM Alto Minho, integram esta parceria transfronteiri\u00e7a diversas entidades [&hellip;]","og_url":"https:\/\/www.altominho.tv\/site\/2023\/12\/13\/lancado-projeto-de-cooperacao-transfronteirica-dedicado-a-assistencia-de-emergencia\/","og_site_name":"Altominho.tv","article_publisher":"https:\/\/www.facebook.com\/altominhotv","article_published_time":"2023-12-13T18:00:32+00:00","article_modified_time":"2023-12-13T18:00:34+00:00","og_image":[{"width":1600,"height":1200,"url":"https:\/\/www.altominho.tv\/site\/wp-content\/uploads\/2023\/12\/11ac74d6-71a4-4775-af24-d2e02b1eb479.jpg","type":"image\/jpeg"}],"author":"Altominho.tv","twitter_card":"summary_large_image","twitter_creator":"@altominhoTV","twitter_site":"@altominhoTV","twitter_misc":{"Escrito por":"Altominho.tv","Tempo estimado de leitura":"2 minutos"},"schema":{"@context":"https:\/\/schema.org","@graph":[{"@type":"Article","@id":"https:\/\/www.altominho.tv\/site\/2023\/12\/13\/lancado-projeto-de-cooperacao-transfronteirica-dedicado-a-assistencia-de-emergencia\/#article","isPartOf":{"@id":"https:\/\/www.altominho.tv\/site\/2023\/12\/13\/lancado-projeto-de-cooperacao-transfronteirica-dedicado-a-assistencia-de-emergencia\/"},"author":{"name":"Altominho.tv","@id":"https:\/\/www.altominho.tv\/site\/#\/schema\/person\/4e536851627d7914baf3dac752b6af22"},"headline":"Lan\u00e7ado projeto de coopera\u00e7\u00e3o transfronteiri\u00e7a dedicado \u00e0 assist\u00eancia de emerg\u00eancia","datePublished":"2023-12-13T18:00:32+00:00","dateModified":"2023-12-13T18:00:34+00:00","mainEntityOfPage":{"@id":"https:\/\/www.altominho.tv\/site\/2023\/12\/13\/lancado-projeto-de-cooperacao-transfronteirica-dedicado-a-assistencia-de-emergencia\/"},"wordCount":404,"image":{"@id":"https:\/\/www.altominho.tv\/site\/2023\/12\/13\/lancado-projeto-de-cooperacao-transfronteirica-dedicado-a-assistencia-de-emergencia\/#primaryimage"},"thumbnailUrl":"https:\/\/www.altominho.tv\/site\/wp-content\/uploads\/2023\/12\/11ac74d6-71a4-4775-af24-d2e02b1eb479.jpg","keywords":["Sociedade"],"articleSection":["Alto Minho"],"inLanguage":"pt-PT","copyrightYear":"2023","copyrightHolder":{"@id":"https:\/\/www.altominho.tv\/site\/#organization"}},{"@type":"WebPage","@id":"https:\/\/www.altominho.tv\/site\/2023\/12\/13\/lancado-projeto-de-cooperacao-transfronteirica-dedicado-a-assistencia-de-emergencia\/","url":"https:\/\/www.altominho.tv\/site\/2023\/12\/13\/lancado-projeto-de-cooperacao-transfronteirica-dedicado-a-assistencia-de-emergencia\/","name":"Lan\u00e7ado projeto de coopera\u00e7\u00e3o transfronteiri\u00e7a dedicado \u00e0 assist\u00eancia de emerg\u00eancia","isPartOf":{"@id":"https:\/\/www.altominho.tv\/site\/#website"},"primaryImageOfPage":{"@id":"https:\/\/www.altominho.tv\/site\/2023\/12\/13\/lancado-projeto-de-cooperacao-transfronteirica-dedicado-a-assistencia-de-emergencia\/#primaryimage"},"image":{"@id":"https:\/\/www.altominho.tv\/site\/2023\/12\/13\/lancado-projeto-de-cooperacao-transfronteirica-dedicado-a-assistencia-de-emergencia\/#primaryimage"},"thumbnailUrl":"https:\/\/www.altominho.tv\/site\/wp-content\/uploads\/2023\/12\/11ac74d6-71a4-4775-af24-d2e02b1eb479.jpg","datePublished":"2023-12-13T18:00:32+00:00","dateModified":"2023-12-13T18:00:34+00:00","author":{"@id":"https:\/\/www.altominho.tv\/site\/#\/schema\/person\/4e536851627d7914baf3dac752b6af22"},"breadcrumb":{"@id":"https:\/\/www.altominho.tv\/site\/2023\/12\/13\/lancado-projeto-de-cooperacao-transfronteirica-dedicado-a-assistencia-de-emergencia\/#breadcrumb"},"inLanguage":"pt-PT","potentialAction":[{"@type":"ReadAction","target":["https:\/\/www.altominho.tv\/site\/2023\/12\/13\/lancado-projeto-de-cooperacao-transfronteirica-dedicado-a-assistencia-de-emergencia\/"]}]},{"@type":"ImageObject","inLanguage":"pt-PT","@id":"https:\/\/www.altominho.tv\/site\/2023\/12\/13\/lancado-projeto-de-cooperacao-transfronteirica-dedicado-a-assistencia-de-emergencia\/#primaryimage","url":"https:\/\/www.altominho.tv\/site\/wp-content\/uploads\/2023\/12\/11ac74d6-71a4-4775-af24-d2e02b1eb479.jpg","contentUrl":"https:\/\/www.altominho.tv\/site\/wp-content\/uploads\/2023\/12\/11ac74d6-71a4-4775-af24-d2e02b1eb479.jpg","width":1600,"height":1200},{"@type":"BreadcrumbList","@id":"https:\/\/www.altominho.tv\/site\/2023\/12\/13\/lancado-projeto-de-cooperacao-transfronteirica-dedicado-a-assistencia-de-emergencia\/#breadcrumb","itemListElement":[{"@type":"ListItem","position":1,"name":"In\u00edcio","item":"https:\/\/www.altominho.tv\/site\/"},{"@type":"ListItem","position":2,"name":"Lan\u00e7ado projeto de coopera\u00e7\u00e3o transfronteiri\u00e7a dedicado \u00e0 assist\u00eancia de emerg\u00eancia"}]},{"@type":"WebSite","@id":"https:\/\/www.altominho.tv\/site\/#website","url":"https:\/\/www.altominho.tv\/site\/","name":"Altominho.tv","description":"A sua regi\u00e3o \u00e0 dist\u00e2ncia de um clique...","potentialAction":[{"@type":"SearchAction","target":{"@type":"EntryPoint","urlTemplate":"https:\/\/www.altominho.tv\/site\/?s={search_term_string}"},"query-input":{"@type":"PropertyValueSpecification","valueRequired":true,"valueName":"search_term_string"}}],"inLanguage":"pt-PT"},{"@type":"Person","@id":"https:\/\/www.altominho.tv\/site\/#\/schema\/person\/4e536851627d7914baf3dac752b6af22","name":"Altominho.tv","image":{"@type":"ImageObject","inLanguage":"pt-PT","@id":"https:\/\/www.altominho.tv\/site\/wp-content\/uploads\/2019\/11\/Logo_Avatar_2-150x150.jpg","url":"https:\/\/www.altominho.tv\/site\/wp-content\/uploads\/2019\/11\/Logo_Avatar_2-150x150.jpg","contentUrl":"https:\/\/www.altominho.tv\/site\/wp-content\/uploads\/2019\/11\/Logo_Avatar_2-150x150.jpg","caption":"Altominho.tv"},"url":"https:\/\/www.altominho.tv\/site\/author\/altominhotv-tecnico\/"}]}},"_links":{"self":[{"href":"https:\/\/www.altominho.tv\/site\/wp-json\/wp\/v2\/posts\/99640","targetHints":{"allow":["GET"]}}],"collection":[{"href":"https:\/\/www.altominho.tv\/site\/wp-json\/wp\/v2\/posts"}],"about":[{"href":"https:\/\/www.altominho.tv\/site\/wp-json\/wp\/v2\/types\/post"}],"author":[{"embeddable":true,"href":"https:\/\/www.altominho.tv\/site\/wp-json\/wp\/v2\/users\/1"}],"replies":[{"embeddable":true,"href":"https:\/\/www.altominho.tv\/site\/wp-json\/wp\/v2\/comments?post=99640"}],"version-history":[{"count":1,"href":"https:\/\/www.altominho.tv\/site\/wp-json\/wp\/v2\/posts\/99640\/revisions"}],"predecessor-version":[{"id":99642,"href":"https:\/\/www.altominho.tv\/site\/wp-json\/wp\/v2\/posts\/99640\/revisions\/99642"}],"wp:featuredmedia":[{"embeddable":true,"href":"https:\/\/www.altominho.tv\/site\/wp-json\/wp\/v2\/media\/99641"}],"wp:attachment":[{"href":"https:\/\/www.altominho.tv\/site\/wp-json\/wp\/v2\/media?parent=99640"}],"wp:term":[{"taxonomy":"category","embeddable":true,"href":"https:\/\/www.altominho.tv\/site\/wp-json\/wp\/v2\/categories?post=99640"},{"taxonomy":"post_tag","embeddable":true,"href":"https:\/\/www.altominho.tv\/site\/wp-json\/wp\/v2\/tags?post=99640"}],"curies":[{"name":"wp","href":"https:\/\/api.w.org\/{rel}","templated":true}]}}