{"id":99483,"date":"2023-12-06T16:28:44","date_gmt":"2023-12-06T16:28:44","guid":{"rendered":"https:\/\/www.altominho.tv\/site\/?p=99483"},"modified":"2023-12-06T16:28:46","modified_gmt":"2023-12-06T16:28:46","slug":"arcuenses-convidados-a-decorar-os-pinheiros-de-natal-colocados-nas-ruas-do-centro-historico","status":"publish","type":"post","link":"https:\/\/www.altominho.tv\/site\/2023\/12\/06\/arcuenses-convidados-a-decorar-os-pinheiros-de-natal-colocados-nas-ruas-do-centro-historico\/","title":{"rendered":"Arcuenses convidados a decorar os pinheiros de natal colocados nas ruas do centro hist\u00f3rico"},"content":{"rendered":"\n<p class=\"wp-block-paragraph\">O Natal j\u00e1 chegou a Arcos de Valdevez. A ilumina\u00e7\u00e3o, as m\u00fasicas e as decora\u00e7\u00f5es enchem de magia, cor e anima\u00e7\u00e3o as ruas da Sede do concelho. <\/p>\n\n\n\n<p class=\"wp-block-paragraph\">E porque o Natal em Arcos de Valdevez \u00e9 de todos, o Munic\u00edpio apela ao envolvimento e criatividade dos arcuenses e visitantes, convidando-os a adotar e a decorar um dos muitos \u201cPinheirinhos de Natal\u201d espalhados pelas principais ruas do centro hist\u00f3rico. <\/p>\n\n\n\n<p class=\"wp-block-paragraph\">Tal como em anos anteriores, tamb\u00e9m pode levantar o seu \u201cPinheirinho de Natal\u201d, para decorar a sua casa, no exterior do Mercado Municipal, a qualquer hora do dia ou da noite. Esta iniciativa municipal mais amiga do ambiente, contou com a colabora\u00e7\u00e3o dos Baldios de S. Jorge. Estes pinheirinhos naturais s\u00e3o resultado de opera\u00e7\u00f5es de silvicultura preventiva, com o objetivo de melhorar as condi\u00e7\u00f5es de desenvolvimento das restantes \u00e1rvores envolventes.<\/p>\n\n\n\n<p class=\"wp-block-paragraph\"> A este n\u00edvel, de referir uma outra iniciativa, desta vez com o envolvimento de v\u00e1rias Institui\u00e7\u00f5es Particulares de Solidariedade Social, Associa\u00e7\u00f5es e Escolas do concelho, que consiste na elabora\u00e7\u00e3o de \u00e1rvores de Natal, com recurso a materiais recicl\u00e1veis e que posteriormente ser\u00e3o expostas na Pra\u00e7a Municipal, primando pela sua singularidade e originalidade. <\/p>\n\n\n\n<p class=\"wp-block-paragraph\">Com estas iniciativas o Munic\u00edpio pretende envolver e incentivar a criatividade da comunidade na Magia de Natal em Arcos de Valdevez onde Portugal de Fez.<\/p>\n","protected":false},"excerpt":{"rendered":"<p>O Natal j\u00e1 chegou a Arcos de Valdevez. A ilumina\u00e7\u00e3o, as m\u00fasicas e as decora\u00e7\u00f5es enchem de magia, cor e anima\u00e7\u00e3o as ruas da Sede do concelho. E porque o Natal em Arcos de Valdevez \u00e9 de todos, o Munic\u00edpio apela ao envolvimento e criatividade dos arcuenses e visitantes, convidando-os a adotar e a decorar [&hellip;]<\/p>\n","protected":false},"author":1,"featured_media":99484,"comment_status":"closed","ping_status":"closed","sticky":false,"template":"","format":"standard","meta":{"_exactmetrics_skip_tracking":false,"footnotes":""},"categories":[2],"tags":[27],"class_list":["post-99483","post","type-post","status-publish","format-standard","has-post-thumbnail","hentry","category-arcos-de-valdevez","tag-sociedade"],"yoast_head":"<!-- This site is optimized with the Yoast SEO Premium plugin v28.3 (Yoast SEO v28.3) - https:\/\/yoast.com\/product\/yoast-seo-premium-wordpress\/ -->\n<title>Arcuenses convidados a decorar os pinheiros de natal colocados nas ruas do centro hist\u00f3rico<\/title>\n<meta name=\"robots\" content=\"index, follow, max-snippet:-1, max-image-preview:large, max-video-preview:-1\" \/>\n<link rel=\"canonical\" href=\"https:\/\/www.altominho.tv\/site\/2023\/12\/06\/arcuenses-convidados-a-decorar-os-pinheiros-de-natal-colocados-nas-ruas-do-centro-historico\/\" \/>\n<meta property=\"og:locale\" content=\"pt_PT\" \/>\n<meta property=\"og:type\" content=\"article\" \/>\n<meta property=\"og:title\" content=\"Arcuenses convidados a decorar os pinheiros de natal colocados nas ruas do centro hist\u00f3rico\" \/>\n<meta property=\"og:description\" content=\"O Natal j\u00e1 chegou a Arcos de Valdevez. A ilumina\u00e7\u00e3o, as m\u00fasicas e as decora\u00e7\u00f5es enchem de magia, cor e anima\u00e7\u00e3o as ruas da Sede do concelho. E porque o Natal em Arcos de Valdevez \u00e9 de todos, o Munic\u00edpio apela ao envolvimento e criatividade dos arcuenses e visitantes, convidando-os a adotar e a decorar [&hellip;]\" \/>\n<meta property=\"og:url\" content=\"https:\/\/www.altominho.tv\/site\/2023\/12\/06\/arcuenses-convidados-a-decorar-os-pinheiros-de-natal-colocados-nas-ruas-do-centro-historico\/\" \/>\n<meta property=\"og:site_name\" content=\"Altominho.tv\" \/>\n<meta property=\"article:publisher\" content=\"https:\/\/www.facebook.com\/altominhotv\" \/>\n<meta property=\"article:published_time\" content=\"2023-12-06T16:28:44+00:00\" \/>\n<meta property=\"article:modified_time\" content=\"2023-12-06T16:28:46+00:00\" \/>\n<meta property=\"og:image\" content=\"https:\/\/www.altominho.tv\/site\/wp-content\/uploads\/2023\/12\/IMG-20231206-WA0004.jpg\" \/>\n\t<meta property=\"og:image:width\" content=\"1600\" \/>\n\t<meta property=\"og:image:height\" content=\"1066\" \/>\n\t<meta property=\"og:image:type\" content=\"image\/jpeg\" \/>\n<meta name=\"author\" content=\"Altominho.tv\" \/>\n<meta name=\"twitter:card\" content=\"summary_large_image\" \/>\n<meta name=\"twitter:creator\" content=\"@altominhoTV\" \/>\n<meta name=\"twitter:site\" content=\"@altominhoTV\" \/>\n<meta name=\"twitter:label1\" content=\"Escrito por\" \/>\n\t<meta name=\"twitter:data1\" content=\"Altominho.tv\" \/>\n\t<meta name=\"twitter:label2\" content=\"Tempo estimado de leitura\" \/>\n\t<meta name=\"twitter:data2\" content=\"2 minutos\" \/>\n<script type=\"application\/ld+json\" class=\"yoast-schema-graph\">{\"@context\":\"https:\\\/\\\/schema.org\",\"@graph\":[{\"@type\":\"Article\",\"@id\":\"https:\\\/\\\/www.altominho.tv\\\/site\\\/2023\\\/12\\\/06\\\/arcuenses-convidados-a-decorar-os-pinheiros-de-natal-colocados-nas-ruas-do-centro-historico\\\/#article\",\"isPartOf\":{\"@id\":\"https:\\\/\\\/www.altominho.tv\\\/site\\\/2023\\\/12\\\/06\\\/arcuenses-convidados-a-decorar-os-pinheiros-de-natal-colocados-nas-ruas-do-centro-historico\\\/\"},\"author\":{\"name\":\"Altominho.tv\",\"@id\":\"https:\\\/\\\/www.altominho.tv\\\/site\\\/#\\\/schema\\\/person\\\/4e536851627d7914baf3dac752b6af22\"},\"headline\":\"Arcuenses convidados a decorar os pinheiros de natal colocados nas ruas do centro hist\u00f3rico\",\"datePublished\":\"2023-12-06T16:28:44+00:00\",\"dateModified\":\"2023-12-06T16:28:46+00:00\",\"mainEntityOfPage\":{\"@id\":\"https:\\\/\\\/www.altominho.tv\\\/site\\\/2023\\\/12\\\/06\\\/arcuenses-convidados-a-decorar-os-pinheiros-de-natal-colocados-nas-ruas-do-centro-historico\\\/\"},\"wordCount\":249,\"image\":{\"@id\":\"https:\\\/\\\/www.altominho.tv\\\/site\\\/2023\\\/12\\\/06\\\/arcuenses-convidados-a-decorar-os-pinheiros-de-natal-colocados-nas-ruas-do-centro-historico\\\/#primaryimage\"},\"thumbnailUrl\":\"https:\\\/\\\/www.altominho.tv\\\/site\\\/wp-content\\\/uploads\\\/2023\\\/12\\\/IMG-20231206-WA0004.jpg\",\"keywords\":[\"Sociedade\"],\"articleSection\":[\"Arcos de Valdevez\"],\"inLanguage\":\"pt-PT\",\"copyrightYear\":\"2023\",\"copyrightHolder\":{\"@id\":\"https:\\\/\\\/www.altominho.tv\\\/site\\\/#organization\"}},{\"@type\":\"WebPage\",\"@id\":\"https:\\\/\\\/www.altominho.tv\\\/site\\\/2023\\\/12\\\/06\\\/arcuenses-convidados-a-decorar-os-pinheiros-de-natal-colocados-nas-ruas-do-centro-historico\\\/\",\"url\":\"https:\\\/\\\/www.altominho.tv\\\/site\\\/2023\\\/12\\\/06\\\/arcuenses-convidados-a-decorar-os-pinheiros-de-natal-colocados-nas-ruas-do-centro-historico\\\/\",\"name\":\"Arcuenses convidados a decorar os pinheiros de natal colocados nas ruas do centro hist\u00f3rico\",\"isPartOf\":{\"@id\":\"https:\\\/\\\/www.altominho.tv\\\/site\\\/#website\"},\"primaryImageOfPage\":{\"@id\":\"https:\\\/\\\/www.altominho.tv\\\/site\\\/2023\\\/12\\\/06\\\/arcuenses-convidados-a-decorar-os-pinheiros-de-natal-colocados-nas-ruas-do-centro-historico\\\/#primaryimage\"},\"image\":{\"@id\":\"https:\\\/\\\/www.altominho.tv\\\/site\\\/2023\\\/12\\\/06\\\/arcuenses-convidados-a-decorar-os-pinheiros-de-natal-colocados-nas-ruas-do-centro-historico\\\/#primaryimage\"},\"thumbnailUrl\":\"https:\\\/\\\/www.altominho.tv\\\/site\\\/wp-content\\\/uploads\\\/2023\\\/12\\\/IMG-20231206-WA0004.jpg\",\"datePublished\":\"2023-12-06T16:28:44+00:00\",\"dateModified\":\"2023-12-06T16:28:46+00:00\",\"author\":{\"@id\":\"https:\\\/\\\/www.altominho.tv\\\/site\\\/#\\\/schema\\\/person\\\/4e536851627d7914baf3dac752b6af22\"},\"breadcrumb\":{\"@id\":\"https:\\\/\\\/www.altominho.tv\\\/site\\\/2023\\\/12\\\/06\\\/arcuenses-convidados-a-decorar-os-pinheiros-de-natal-colocados-nas-ruas-do-centro-historico\\\/#breadcrumb\"},\"inLanguage\":\"pt-PT\",\"potentialAction\":[{\"@type\":\"ReadAction\",\"target\":[\"https:\\\/\\\/www.altominho.tv\\\/site\\\/2023\\\/12\\\/06\\\/arcuenses-convidados-a-decorar-os-pinheiros-de-natal-colocados-nas-ruas-do-centro-historico\\\/\"]}]},{\"@type\":\"ImageObject\",\"inLanguage\":\"pt-PT\",\"@id\":\"https:\\\/\\\/www.altominho.tv\\\/site\\\/2023\\\/12\\\/06\\\/arcuenses-convidados-a-decorar-os-pinheiros-de-natal-colocados-nas-ruas-do-centro-historico\\\/#primaryimage\",\"url\":\"https:\\\/\\\/www.altominho.tv\\\/site\\\/wp-content\\\/uploads\\\/2023\\\/12\\\/IMG-20231206-WA0004.jpg\",\"contentUrl\":\"https:\\\/\\\/www.altominho.tv\\\/site\\\/wp-content\\\/uploads\\\/2023\\\/12\\\/IMG-20231206-WA0004.jpg\",\"width\":1600,\"height\":1066},{\"@type\":\"BreadcrumbList\",\"@id\":\"https:\\\/\\\/www.altominho.tv\\\/site\\\/2023\\\/12\\\/06\\\/arcuenses-convidados-a-decorar-os-pinheiros-de-natal-colocados-nas-ruas-do-centro-historico\\\/#breadcrumb\",\"itemListElement\":[{\"@type\":\"ListItem\",\"position\":1,\"name\":\"In\u00edcio\",\"item\":\"https:\\\/\\\/www.altominho.tv\\\/site\\\/\"},{\"@type\":\"ListItem\",\"position\":2,\"name\":\"Arcuenses convidados a decorar os pinheiros de natal colocados nas ruas do centro hist\u00f3rico\"}]},{\"@type\":\"WebSite\",\"@id\":\"https:\\\/\\\/www.altominho.tv\\\/site\\\/#website\",\"url\":\"https:\\\/\\\/www.altominho.tv\\\/site\\\/\",\"name\":\"Altominho.tv\",\"description\":\"A sua regi\u00e3o \u00e0 dist\u00e2ncia de um clique...\",\"potentialAction\":[{\"@type\":\"SearchAction\",\"target\":{\"@type\":\"EntryPoint\",\"urlTemplate\":\"https:\\\/\\\/www.altominho.tv\\\/site\\\/?s={search_term_string}\"},\"query-input\":{\"@type\":\"PropertyValueSpecification\",\"valueRequired\":true,\"valueName\":\"search_term_string\"}}],\"inLanguage\":\"pt-PT\"},{\"@type\":\"Person\",\"@id\":\"https:\\\/\\\/www.altominho.tv\\\/site\\\/#\\\/schema\\\/person\\\/4e536851627d7914baf3dac752b6af22\",\"name\":\"Altominho.tv\",\"image\":{\"@type\":\"ImageObject\",\"inLanguage\":\"pt-PT\",\"@id\":\"https:\\\/\\\/www.altominho.tv\\\/site\\\/wp-content\\\/uploads\\\/2019\\\/11\\\/Logo_Avatar_2-150x150.jpg\",\"url\":\"https:\\\/\\\/www.altominho.tv\\\/site\\\/wp-content\\\/uploads\\\/2019\\\/11\\\/Logo_Avatar_2-150x150.jpg\",\"contentUrl\":\"https:\\\/\\\/www.altominho.tv\\\/site\\\/wp-content\\\/uploads\\\/2019\\\/11\\\/Logo_Avatar_2-150x150.jpg\",\"caption\":\"Altominho.tv\"},\"url\":\"https:\\\/\\\/www.altominho.tv\\\/site\\\/author\\\/altominhotv-tecnico\\\/\"}]}<\/script>\n<!-- \/ Yoast SEO Premium plugin. -->","yoast_head_json":{"title":"Arcuenses convidados a decorar os pinheiros de natal colocados nas ruas do centro hist\u00f3rico","robots":{"index":"index","follow":"follow","max-snippet":"max-snippet:-1","max-image-preview":"max-image-preview:large","max-video-preview":"max-video-preview:-1"},"canonical":"https:\/\/www.altominho.tv\/site\/2023\/12\/06\/arcuenses-convidados-a-decorar-os-pinheiros-de-natal-colocados-nas-ruas-do-centro-historico\/","og_locale":"pt_PT","og_type":"article","og_title":"Arcuenses convidados a decorar os pinheiros de natal colocados nas ruas do centro hist\u00f3rico","og_description":"O Natal j\u00e1 chegou a Arcos de Valdevez. A ilumina\u00e7\u00e3o, as m\u00fasicas e as decora\u00e7\u00f5es enchem de magia, cor e anima\u00e7\u00e3o as ruas da Sede do concelho. E porque o Natal em Arcos de Valdevez \u00e9 de todos, o Munic\u00edpio apela ao envolvimento e criatividade dos arcuenses e visitantes, convidando-os a adotar e a decorar [&hellip;]","og_url":"https:\/\/www.altominho.tv\/site\/2023\/12\/06\/arcuenses-convidados-a-decorar-os-pinheiros-de-natal-colocados-nas-ruas-do-centro-historico\/","og_site_name":"Altominho.tv","article_publisher":"https:\/\/www.facebook.com\/altominhotv","article_published_time":"2023-12-06T16:28:44+00:00","article_modified_time":"2023-12-06T16:28:46+00:00","og_image":[{"width":1600,"height":1066,"url":"https:\/\/www.altominho.tv\/site\/wp-content\/uploads\/2023\/12\/IMG-20231206-WA0004.jpg","type":"image\/jpeg"}],"author":"Altominho.tv","twitter_card":"summary_large_image","twitter_creator":"@altominhoTV","twitter_site":"@altominhoTV","twitter_misc":{"Escrito por":"Altominho.tv","Tempo estimado de leitura":"2 minutos"},"schema":{"@context":"https:\/\/schema.org","@graph":[{"@type":"Article","@id":"https:\/\/www.altominho.tv\/site\/2023\/12\/06\/arcuenses-convidados-a-decorar-os-pinheiros-de-natal-colocados-nas-ruas-do-centro-historico\/#article","isPartOf":{"@id":"https:\/\/www.altominho.tv\/site\/2023\/12\/06\/arcuenses-convidados-a-decorar-os-pinheiros-de-natal-colocados-nas-ruas-do-centro-historico\/"},"author":{"name":"Altominho.tv","@id":"https:\/\/www.altominho.tv\/site\/#\/schema\/person\/4e536851627d7914baf3dac752b6af22"},"headline":"Arcuenses convidados a decorar os pinheiros de natal colocados nas ruas do centro hist\u00f3rico","datePublished":"2023-12-06T16:28:44+00:00","dateModified":"2023-12-06T16:28:46+00:00","mainEntityOfPage":{"@id":"https:\/\/www.altominho.tv\/site\/2023\/12\/06\/arcuenses-convidados-a-decorar-os-pinheiros-de-natal-colocados-nas-ruas-do-centro-historico\/"},"wordCount":249,"image":{"@id":"https:\/\/www.altominho.tv\/site\/2023\/12\/06\/arcuenses-convidados-a-decorar-os-pinheiros-de-natal-colocados-nas-ruas-do-centro-historico\/#primaryimage"},"thumbnailUrl":"https:\/\/www.altominho.tv\/site\/wp-content\/uploads\/2023\/12\/IMG-20231206-WA0004.jpg","keywords":["Sociedade"],"articleSection":["Arcos de Valdevez"],"inLanguage":"pt-PT","copyrightYear":"2023","copyrightHolder":{"@id":"https:\/\/www.altominho.tv\/site\/#organization"}},{"@type":"WebPage","@id":"https:\/\/www.altominho.tv\/site\/2023\/12\/06\/arcuenses-convidados-a-decorar-os-pinheiros-de-natal-colocados-nas-ruas-do-centro-historico\/","url":"https:\/\/www.altominho.tv\/site\/2023\/12\/06\/arcuenses-convidados-a-decorar-os-pinheiros-de-natal-colocados-nas-ruas-do-centro-historico\/","name":"Arcuenses convidados a decorar os pinheiros de natal colocados nas ruas do centro hist\u00f3rico","isPartOf":{"@id":"https:\/\/www.altominho.tv\/site\/#website"},"primaryImageOfPage":{"@id":"https:\/\/www.altominho.tv\/site\/2023\/12\/06\/arcuenses-convidados-a-decorar-os-pinheiros-de-natal-colocados-nas-ruas-do-centro-historico\/#primaryimage"},"image":{"@id":"https:\/\/www.altominho.tv\/site\/2023\/12\/06\/arcuenses-convidados-a-decorar-os-pinheiros-de-natal-colocados-nas-ruas-do-centro-historico\/#primaryimage"},"thumbnailUrl":"https:\/\/www.altominho.tv\/site\/wp-content\/uploads\/2023\/12\/IMG-20231206-WA0004.jpg","datePublished":"2023-12-06T16:28:44+00:00","dateModified":"2023-12-06T16:28:46+00:00","author":{"@id":"https:\/\/www.altominho.tv\/site\/#\/schema\/person\/4e536851627d7914baf3dac752b6af22"},"breadcrumb":{"@id":"https:\/\/www.altominho.tv\/site\/2023\/12\/06\/arcuenses-convidados-a-decorar-os-pinheiros-de-natal-colocados-nas-ruas-do-centro-historico\/#breadcrumb"},"inLanguage":"pt-PT","potentialAction":[{"@type":"ReadAction","target":["https:\/\/www.altominho.tv\/site\/2023\/12\/06\/arcuenses-convidados-a-decorar-os-pinheiros-de-natal-colocados-nas-ruas-do-centro-historico\/"]}]},{"@type":"ImageObject","inLanguage":"pt-PT","@id":"https:\/\/www.altominho.tv\/site\/2023\/12\/06\/arcuenses-convidados-a-decorar-os-pinheiros-de-natal-colocados-nas-ruas-do-centro-historico\/#primaryimage","url":"https:\/\/www.altominho.tv\/site\/wp-content\/uploads\/2023\/12\/IMG-20231206-WA0004.jpg","contentUrl":"https:\/\/www.altominho.tv\/site\/wp-content\/uploads\/2023\/12\/IMG-20231206-WA0004.jpg","width":1600,"height":1066},{"@type":"BreadcrumbList","@id":"https:\/\/www.altominho.tv\/site\/2023\/12\/06\/arcuenses-convidados-a-decorar-os-pinheiros-de-natal-colocados-nas-ruas-do-centro-historico\/#breadcrumb","itemListElement":[{"@type":"ListItem","position":1,"name":"In\u00edcio","item":"https:\/\/www.altominho.tv\/site\/"},{"@type":"ListItem","position":2,"name":"Arcuenses convidados a decorar os pinheiros de natal colocados nas ruas do centro hist\u00f3rico"}]},{"@type":"WebSite","@id":"https:\/\/www.altominho.tv\/site\/#website","url":"https:\/\/www.altominho.tv\/site\/","name":"Altominho.tv","description":"A sua regi\u00e3o \u00e0 dist\u00e2ncia de um clique...","potentialAction":[{"@type":"SearchAction","target":{"@type":"EntryPoint","urlTemplate":"https:\/\/www.altominho.tv\/site\/?s={search_term_string}"},"query-input":{"@type":"PropertyValueSpecification","valueRequired":true,"valueName":"search_term_string"}}],"inLanguage":"pt-PT"},{"@type":"Person","@id":"https:\/\/www.altominho.tv\/site\/#\/schema\/person\/4e536851627d7914baf3dac752b6af22","name":"Altominho.tv","image":{"@type":"ImageObject","inLanguage":"pt-PT","@id":"https:\/\/www.altominho.tv\/site\/wp-content\/uploads\/2019\/11\/Logo_Avatar_2-150x150.jpg","url":"https:\/\/www.altominho.tv\/site\/wp-content\/uploads\/2019\/11\/Logo_Avatar_2-150x150.jpg","contentUrl":"https:\/\/www.altominho.tv\/site\/wp-content\/uploads\/2019\/11\/Logo_Avatar_2-150x150.jpg","caption":"Altominho.tv"},"url":"https:\/\/www.altominho.tv\/site\/author\/altominhotv-tecnico\/"}]}},"_links":{"self":[{"href":"https:\/\/www.altominho.tv\/site\/wp-json\/wp\/v2\/posts\/99483","targetHints":{"allow":["GET"]}}],"collection":[{"href":"https:\/\/www.altominho.tv\/site\/wp-json\/wp\/v2\/posts"}],"about":[{"href":"https:\/\/www.altominho.tv\/site\/wp-json\/wp\/v2\/types\/post"}],"author":[{"embeddable":true,"href":"https:\/\/www.altominho.tv\/site\/wp-json\/wp\/v2\/users\/1"}],"replies":[{"embeddable":true,"href":"https:\/\/www.altominho.tv\/site\/wp-json\/wp\/v2\/comments?post=99483"}],"version-history":[{"count":1,"href":"https:\/\/www.altominho.tv\/site\/wp-json\/wp\/v2\/posts\/99483\/revisions"}],"predecessor-version":[{"id":99485,"href":"https:\/\/www.altominho.tv\/site\/wp-json\/wp\/v2\/posts\/99483\/revisions\/99485"}],"wp:featuredmedia":[{"embeddable":true,"href":"https:\/\/www.altominho.tv\/site\/wp-json\/wp\/v2\/media\/99484"}],"wp:attachment":[{"href":"https:\/\/www.altominho.tv\/site\/wp-json\/wp\/v2\/media?parent=99483"}],"wp:term":[{"taxonomy":"category","embeddable":true,"href":"https:\/\/www.altominho.tv\/site\/wp-json\/wp\/v2\/categories?post=99483"},{"taxonomy":"post_tag","embeddable":true,"href":"https:\/\/www.altominho.tv\/site\/wp-json\/wp\/v2\/tags?post=99483"}],"curies":[{"name":"wp","href":"https:\/\/api.w.org\/{rel}","templated":true}]}}