{"id":99408,"date":"2023-12-04T10:59:14","date_gmt":"2023-12-04T10:59:14","guid":{"rendered":"https:\/\/www.altominho.tv\/site\/?p=99408"},"modified":"2023-12-04T11:51:30","modified_gmt":"2023-12-04T11:51:30","slug":"homem-morre-em-despiste-de-moto-em-moncao","status":"publish","type":"post","link":"https:\/\/www.altominho.tv\/site\/2023\/12\/04\/homem-morre-em-despiste-de-moto-em-moncao\/","title":{"rendered":"Homem morre em despiste de moto em Mon\u00e7\u00e3o"},"content":{"rendered":"<p>Um homem de 65 anos foi hoje encontrado morto na berma de uma estrada na freguesia de Longos Vales, em Mon\u00e7\u00e3o, no distrito de Viana do Castelo, junto ao motociclo que conduzia, disse fonte da GNR.<\/p>\n<p>Fonte do Comando Territorial da GNR de Viana do Castelo adiantou que, face \u201c\u00e0s condi\u00e7\u00f5es em que se encontrava o corpo\u201d, a morte do homem ter\u00e1 ocorrido \u201cdurante a madrugada, horas antes do alerta \u00e0s autoridades\u201d.<\/p>\n<p>Segundo fonte do Comando Sub-regional de Emerg\u00eancia e Prote\u00e7\u00e3o Civil do Alto Minho, o alerta foi dado \u00e0s 07h53.<\/p>\n<p>\u201cA GNR est\u00e1 a investigar se se tratou de um despiste ou se houve interfer\u00eancia de outro ve\u00edculo\u201d, afirmou a fonte.<\/p>\n<p>Ao local compareceram os bombeiros volunt\u00e1rios de Mon\u00e7\u00e3o, a ambul\u00e2ncia de Suporte Imediato de Vida (SIV) de Melga\u00e7o e a GNR.<\/p>\n","protected":false},"excerpt":{"rendered":"<p>Um homem de 65 anos foi hoje encontrado morto na berma de uma estrada na freguesia de Longos Vales, em Mon\u00e7\u00e3o, no distrito de Viana do Castelo, junto ao motociclo que conduzia, disse fonte da GNR. Fonte do Comando Territorial da GNR de Viana do Castelo adiantou que, face \u201c\u00e0s condi\u00e7\u00f5es em que se encontrava [&hellip;]<\/p>\n","protected":false},"author":13,"featured_media":87721,"comment_status":"closed","ping_status":"closed","sticky":false,"template":"","format":"standard","meta":{"_exactmetrics_skip_tracking":false,"footnotes":""},"categories":[9],"tags":[27],"class_list":["post-99408","post","type-post","status-publish","format-standard","has-post-thumbnail","hentry","category-moncao","tag-sociedade"],"yoast_head":"<!-- This site is optimized with the Yoast SEO Premium plugin v28.3 (Yoast SEO v28.3) - https:\/\/yoast.com\/product\/yoast-seo-premium-wordpress\/ -->\n<title>Homem morre em despiste de moto em Mon\u00e7\u00e3o<\/title>\n<meta name=\"robots\" content=\"index, follow, max-snippet:-1, max-image-preview:large, max-video-preview:-1\" \/>\n<link rel=\"canonical\" href=\"https:\/\/www.altominho.tv\/site\/2023\/12\/04\/homem-morre-em-despiste-de-moto-em-moncao\/\" \/>\n<meta property=\"og:locale\" content=\"pt_PT\" \/>\n<meta property=\"og:type\" content=\"article\" \/>\n<meta property=\"og:title\" content=\"Homem morre em despiste de moto em Mon\u00e7\u00e3o\" \/>\n<meta property=\"og:description\" content=\"Um homem de 65 anos foi hoje encontrado morto na berma de uma estrada na freguesia de Longos Vales, em Mon\u00e7\u00e3o, no distrito de Viana do Castelo, junto ao motociclo que conduzia, disse fonte da GNR. Fonte do Comando Territorial da GNR de Viana do Castelo adiantou que, face \u201c\u00e0s condi\u00e7\u00f5es em que se encontrava [&hellip;]\" \/>\n<meta property=\"og:url\" content=\"https:\/\/www.altominho.tv\/site\/2023\/12\/04\/homem-morre-em-despiste-de-moto-em-moncao\/\" \/>\n<meta property=\"og:site_name\" content=\"Altominho.tv\" \/>\n<meta property=\"article:publisher\" content=\"https:\/\/www.facebook.com\/altominhotv\" \/>\n<meta property=\"article:published_time\" content=\"2023-12-04T10:59:14+00:00\" \/>\n<meta property=\"article:modified_time\" content=\"2023-12-04T11:51:30+00:00\" \/>\n<meta property=\"og:image\" content=\"https:\/\/www.altominho.tv\/site\/wp-content\/uploads\/2023\/01\/ULTIMAHORA_MONCAO.jpg\" \/>\n\t<meta property=\"og:image:width\" content=\"1920\" \/>\n\t<meta property=\"og:image:height\" content=\"1080\" \/>\n\t<meta property=\"og:image:type\" content=\"image\/jpeg\" \/>\n<meta name=\"author\" content=\"Lusa\" \/>\n<meta name=\"twitter:card\" content=\"summary_large_image\" \/>\n<meta name=\"twitter:creator\" content=\"@altominhoTV\" \/>\n<meta name=\"twitter:site\" content=\"@altominhoTV\" \/>\n<meta name=\"twitter:label1\" content=\"Escrito por\" \/>\n\t<meta name=\"twitter:data1\" content=\"Lusa\" \/>\n\t<meta name=\"twitter:label2\" content=\"Tempo estimado de leitura\" \/>\n\t<meta name=\"twitter:data2\" content=\"1 minuto\" \/>\n<script type=\"application\/ld+json\" class=\"yoast-schema-graph\">{\"@context\":\"https:\\\/\\\/schema.org\",\"@graph\":[{\"@type\":\"Article\",\"@id\":\"https:\\\/\\\/www.altominho.tv\\\/site\\\/2023\\\/12\\\/04\\\/homem-morre-em-despiste-de-moto-em-moncao\\\/#article\",\"isPartOf\":{\"@id\":\"https:\\\/\\\/www.altominho.tv\\\/site\\\/2023\\\/12\\\/04\\\/homem-morre-em-despiste-de-moto-em-moncao\\\/\"},\"author\":{\"name\":\"Lusa\",\"@id\":\"https:\\\/\\\/www.altominho.tv\\\/site\\\/#\\\/schema\\\/person\\\/63f693da3e1899361cbe955c46f3232e\"},\"headline\":\"Homem morre em despiste de moto em Mon\u00e7\u00e3o\",\"datePublished\":\"2023-12-04T10:59:14+00:00\",\"dateModified\":\"2023-12-04T11:51:30+00:00\",\"mainEntityOfPage\":{\"@id\":\"https:\\\/\\\/www.altominho.tv\\\/site\\\/2023\\\/12\\\/04\\\/homem-morre-em-despiste-de-moto-em-moncao\\\/\"},\"wordCount\":151,\"image\":{\"@id\":\"https:\\\/\\\/www.altominho.tv\\\/site\\\/2023\\\/12\\\/04\\\/homem-morre-em-despiste-de-moto-em-moncao\\\/#primaryimage\"},\"thumbnailUrl\":\"https:\\\/\\\/www.altominho.tv\\\/site\\\/wp-content\\\/uploads\\\/2023\\\/01\\\/ULTIMAHORA_MONCAO.jpg\",\"keywords\":[\"Sociedade\"],\"articleSection\":[\"Mon\u00e7\u00e3o\"],\"inLanguage\":\"pt-PT\",\"copyrightYear\":\"2023\",\"copyrightHolder\":{\"@id\":\"https:\\\/\\\/www.altominho.tv\\\/site\\\/#organization\"}},{\"@type\":\"WebPage\",\"@id\":\"https:\\\/\\\/www.altominho.tv\\\/site\\\/2023\\\/12\\\/04\\\/homem-morre-em-despiste-de-moto-em-moncao\\\/\",\"url\":\"https:\\\/\\\/www.altominho.tv\\\/site\\\/2023\\\/12\\\/04\\\/homem-morre-em-despiste-de-moto-em-moncao\\\/\",\"name\":\"Homem morre em despiste de moto em Mon\u00e7\u00e3o\",\"isPartOf\":{\"@id\":\"https:\\\/\\\/www.altominho.tv\\\/site\\\/#website\"},\"primaryImageOfPage\":{\"@id\":\"https:\\\/\\\/www.altominho.tv\\\/site\\\/2023\\\/12\\\/04\\\/homem-morre-em-despiste-de-moto-em-moncao\\\/#primaryimage\"},\"image\":{\"@id\":\"https:\\\/\\\/www.altominho.tv\\\/site\\\/2023\\\/12\\\/04\\\/homem-morre-em-despiste-de-moto-em-moncao\\\/#primaryimage\"},\"thumbnailUrl\":\"https:\\\/\\\/www.altominho.tv\\\/site\\\/wp-content\\\/uploads\\\/2023\\\/01\\\/ULTIMAHORA_MONCAO.jpg\",\"datePublished\":\"2023-12-04T10:59:14+00:00\",\"dateModified\":\"2023-12-04T11:51:30+00:00\",\"author\":{\"@id\":\"https:\\\/\\\/www.altominho.tv\\\/site\\\/#\\\/schema\\\/person\\\/63f693da3e1899361cbe955c46f3232e\"},\"breadcrumb\":{\"@id\":\"https:\\\/\\\/www.altominho.tv\\\/site\\\/2023\\\/12\\\/04\\\/homem-morre-em-despiste-de-moto-em-moncao\\\/#breadcrumb\"},\"inLanguage\":\"pt-PT\",\"potentialAction\":[{\"@type\":\"ReadAction\",\"target\":[\"https:\\\/\\\/www.altominho.tv\\\/site\\\/2023\\\/12\\\/04\\\/homem-morre-em-despiste-de-moto-em-moncao\\\/\"]}]},{\"@type\":\"ImageObject\",\"inLanguage\":\"pt-PT\",\"@id\":\"https:\\\/\\\/www.altominho.tv\\\/site\\\/2023\\\/12\\\/04\\\/homem-morre-em-despiste-de-moto-em-moncao\\\/#primaryimage\",\"url\":\"https:\\\/\\\/www.altominho.tv\\\/site\\\/wp-content\\\/uploads\\\/2023\\\/01\\\/ULTIMAHORA_MONCAO.jpg\",\"contentUrl\":\"https:\\\/\\\/www.altominho.tv\\\/site\\\/wp-content\\\/uploads\\\/2023\\\/01\\\/ULTIMAHORA_MONCAO.jpg\",\"width\":1920,\"height\":1080},{\"@type\":\"BreadcrumbList\",\"@id\":\"https:\\\/\\\/www.altominho.tv\\\/site\\\/2023\\\/12\\\/04\\\/homem-morre-em-despiste-de-moto-em-moncao\\\/#breadcrumb\",\"itemListElement\":[{\"@type\":\"ListItem\",\"position\":1,\"name\":\"In\u00edcio\",\"item\":\"https:\\\/\\\/www.altominho.tv\\\/site\\\/\"},{\"@type\":\"ListItem\",\"position\":2,\"name\":\"Homem morre em despiste de moto em Mon\u00e7\u00e3o\"}]},{\"@type\":\"WebSite\",\"@id\":\"https:\\\/\\\/www.altominho.tv\\\/site\\\/#website\",\"url\":\"https:\\\/\\\/www.altominho.tv\\\/site\\\/\",\"name\":\"Altominho.tv\",\"description\":\"A sua regi\u00e3o \u00e0 dist\u00e2ncia de um clique...\",\"potentialAction\":[{\"@type\":\"SearchAction\",\"target\":{\"@type\":\"EntryPoint\",\"urlTemplate\":\"https:\\\/\\\/www.altominho.tv\\\/site\\\/?s={search_term_string}\"},\"query-input\":{\"@type\":\"PropertyValueSpecification\",\"valueRequired\":true,\"valueName\":\"search_term_string\"}}],\"inLanguage\":\"pt-PT\"},{\"@type\":\"Person\",\"@id\":\"https:\\\/\\\/www.altominho.tv\\\/site\\\/#\\\/schema\\\/person\\\/63f693da3e1899361cbe955c46f3232e\",\"name\":\"Lusa\",\"image\":{\"@type\":\"ImageObject\",\"inLanguage\":\"pt-PT\",\"@id\":\"https:\\\/\\\/www.altominho.tv\\\/site\\\/wp-content\\\/uploads\\\/2019\\\/08\\\/LUSA_Logo.gif\",\"url\":\"https:\\\/\\\/www.altominho.tv\\\/site\\\/wp-content\\\/uploads\\\/2019\\\/08\\\/LUSA_Logo.gif\",\"contentUrl\":\"https:\\\/\\\/www.altominho.tv\\\/site\\\/wp-content\\\/uploads\\\/2019\\\/08\\\/LUSA_Logo.gif\",\"caption\":\"Lusa\"},\"sameAs\":[\"http:\\\/\\\/\\\/\\\/www.altominho.tv\\\/site\"],\"url\":\"https:\\\/\\\/www.altominho.tv\\\/site\\\/author\\\/lusa\\\/\"}]}<\/script>\n<!-- \/ Yoast SEO Premium plugin. -->","yoast_head_json":{"title":"Homem morre em despiste de moto em Mon\u00e7\u00e3o","robots":{"index":"index","follow":"follow","max-snippet":"max-snippet:-1","max-image-preview":"max-image-preview:large","max-video-preview":"max-video-preview:-1"},"canonical":"https:\/\/www.altominho.tv\/site\/2023\/12\/04\/homem-morre-em-despiste-de-moto-em-moncao\/","og_locale":"pt_PT","og_type":"article","og_title":"Homem morre em despiste de moto em Mon\u00e7\u00e3o","og_description":"Um homem de 65 anos foi hoje encontrado morto na berma de uma estrada na freguesia de Longos Vales, em Mon\u00e7\u00e3o, no distrito de Viana do Castelo, junto ao motociclo que conduzia, disse fonte da GNR. Fonte do Comando Territorial da GNR de Viana do Castelo adiantou que, face \u201c\u00e0s condi\u00e7\u00f5es em que se encontrava [&hellip;]","og_url":"https:\/\/www.altominho.tv\/site\/2023\/12\/04\/homem-morre-em-despiste-de-moto-em-moncao\/","og_site_name":"Altominho.tv","article_publisher":"https:\/\/www.facebook.com\/altominhotv","article_published_time":"2023-12-04T10:59:14+00:00","article_modified_time":"2023-12-04T11:51:30+00:00","og_image":[{"width":1920,"height":1080,"url":"https:\/\/www.altominho.tv\/site\/wp-content\/uploads\/2023\/01\/ULTIMAHORA_MONCAO.jpg","type":"image\/jpeg"}],"author":"Lusa","twitter_card":"summary_large_image","twitter_creator":"@altominhoTV","twitter_site":"@altominhoTV","twitter_misc":{"Escrito por":"Lusa","Tempo estimado de leitura":"1 minuto"},"schema":{"@context":"https:\/\/schema.org","@graph":[{"@type":"Article","@id":"https:\/\/www.altominho.tv\/site\/2023\/12\/04\/homem-morre-em-despiste-de-moto-em-moncao\/#article","isPartOf":{"@id":"https:\/\/www.altominho.tv\/site\/2023\/12\/04\/homem-morre-em-despiste-de-moto-em-moncao\/"},"author":{"name":"Lusa","@id":"https:\/\/www.altominho.tv\/site\/#\/schema\/person\/63f693da3e1899361cbe955c46f3232e"},"headline":"Homem morre em despiste de moto em Mon\u00e7\u00e3o","datePublished":"2023-12-04T10:59:14+00:00","dateModified":"2023-12-04T11:51:30+00:00","mainEntityOfPage":{"@id":"https:\/\/www.altominho.tv\/site\/2023\/12\/04\/homem-morre-em-despiste-de-moto-em-moncao\/"},"wordCount":151,"image":{"@id":"https:\/\/www.altominho.tv\/site\/2023\/12\/04\/homem-morre-em-despiste-de-moto-em-moncao\/#primaryimage"},"thumbnailUrl":"https:\/\/www.altominho.tv\/site\/wp-content\/uploads\/2023\/01\/ULTIMAHORA_MONCAO.jpg","keywords":["Sociedade"],"articleSection":["Mon\u00e7\u00e3o"],"inLanguage":"pt-PT","copyrightYear":"2023","copyrightHolder":{"@id":"https:\/\/www.altominho.tv\/site\/#organization"}},{"@type":"WebPage","@id":"https:\/\/www.altominho.tv\/site\/2023\/12\/04\/homem-morre-em-despiste-de-moto-em-moncao\/","url":"https:\/\/www.altominho.tv\/site\/2023\/12\/04\/homem-morre-em-despiste-de-moto-em-moncao\/","name":"Homem morre em despiste de moto em Mon\u00e7\u00e3o","isPartOf":{"@id":"https:\/\/www.altominho.tv\/site\/#website"},"primaryImageOfPage":{"@id":"https:\/\/www.altominho.tv\/site\/2023\/12\/04\/homem-morre-em-despiste-de-moto-em-moncao\/#primaryimage"},"image":{"@id":"https:\/\/www.altominho.tv\/site\/2023\/12\/04\/homem-morre-em-despiste-de-moto-em-moncao\/#primaryimage"},"thumbnailUrl":"https:\/\/www.altominho.tv\/site\/wp-content\/uploads\/2023\/01\/ULTIMAHORA_MONCAO.jpg","datePublished":"2023-12-04T10:59:14+00:00","dateModified":"2023-12-04T11:51:30+00:00","author":{"@id":"https:\/\/www.altominho.tv\/site\/#\/schema\/person\/63f693da3e1899361cbe955c46f3232e"},"breadcrumb":{"@id":"https:\/\/www.altominho.tv\/site\/2023\/12\/04\/homem-morre-em-despiste-de-moto-em-moncao\/#breadcrumb"},"inLanguage":"pt-PT","potentialAction":[{"@type":"ReadAction","target":["https:\/\/www.altominho.tv\/site\/2023\/12\/04\/homem-morre-em-despiste-de-moto-em-moncao\/"]}]},{"@type":"ImageObject","inLanguage":"pt-PT","@id":"https:\/\/www.altominho.tv\/site\/2023\/12\/04\/homem-morre-em-despiste-de-moto-em-moncao\/#primaryimage","url":"https:\/\/www.altominho.tv\/site\/wp-content\/uploads\/2023\/01\/ULTIMAHORA_MONCAO.jpg","contentUrl":"https:\/\/www.altominho.tv\/site\/wp-content\/uploads\/2023\/01\/ULTIMAHORA_MONCAO.jpg","width":1920,"height":1080},{"@type":"BreadcrumbList","@id":"https:\/\/www.altominho.tv\/site\/2023\/12\/04\/homem-morre-em-despiste-de-moto-em-moncao\/#breadcrumb","itemListElement":[{"@type":"ListItem","position":1,"name":"In\u00edcio","item":"https:\/\/www.altominho.tv\/site\/"},{"@type":"ListItem","position":2,"name":"Homem morre em despiste de moto em Mon\u00e7\u00e3o"}]},{"@type":"WebSite","@id":"https:\/\/www.altominho.tv\/site\/#website","url":"https:\/\/www.altominho.tv\/site\/","name":"Altominho.tv","description":"A sua regi\u00e3o \u00e0 dist\u00e2ncia de um clique...","potentialAction":[{"@type":"SearchAction","target":{"@type":"EntryPoint","urlTemplate":"https:\/\/www.altominho.tv\/site\/?s={search_term_string}"},"query-input":{"@type":"PropertyValueSpecification","valueRequired":true,"valueName":"search_term_string"}}],"inLanguage":"pt-PT"},{"@type":"Person","@id":"https:\/\/www.altominho.tv\/site\/#\/schema\/person\/63f693da3e1899361cbe955c46f3232e","name":"Lusa","image":{"@type":"ImageObject","inLanguage":"pt-PT","@id":"https:\/\/www.altominho.tv\/site\/wp-content\/uploads\/2019\/08\/LUSA_Logo.gif","url":"https:\/\/www.altominho.tv\/site\/wp-content\/uploads\/2019\/08\/LUSA_Logo.gif","contentUrl":"https:\/\/www.altominho.tv\/site\/wp-content\/uploads\/2019\/08\/LUSA_Logo.gif","caption":"Lusa"},"sameAs":["http:\/\/\/\/www.altominho.tv\/site"],"url":"https:\/\/www.altominho.tv\/site\/author\/lusa\/"}]}},"_links":{"self":[{"href":"https:\/\/www.altominho.tv\/site\/wp-json\/wp\/v2\/posts\/99408","targetHints":{"allow":["GET"]}}],"collection":[{"href":"https:\/\/www.altominho.tv\/site\/wp-json\/wp\/v2\/posts"}],"about":[{"href":"https:\/\/www.altominho.tv\/site\/wp-json\/wp\/v2\/types\/post"}],"author":[{"embeddable":true,"href":"https:\/\/www.altominho.tv\/site\/wp-json\/wp\/v2\/users\/13"}],"replies":[{"embeddable":true,"href":"https:\/\/www.altominho.tv\/site\/wp-json\/wp\/v2\/comments?post=99408"}],"version-history":[{"count":2,"href":"https:\/\/www.altominho.tv\/site\/wp-json\/wp\/v2\/posts\/99408\/revisions"}],"predecessor-version":[{"id":99413,"href":"https:\/\/www.altominho.tv\/site\/wp-json\/wp\/v2\/posts\/99408\/revisions\/99413"}],"wp:featuredmedia":[{"embeddable":true,"href":"https:\/\/www.altominho.tv\/site\/wp-json\/wp\/v2\/media\/87721"}],"wp:attachment":[{"href":"https:\/\/www.altominho.tv\/site\/wp-json\/wp\/v2\/media?parent=99408"}],"wp:term":[{"taxonomy":"category","embeddable":true,"href":"https:\/\/www.altominho.tv\/site\/wp-json\/wp\/v2\/categories?post=99408"},{"taxonomy":"post_tag","embeddable":true,"href":"https:\/\/www.altominho.tv\/site\/wp-json\/wp\/v2\/tags?post=99408"}],"curies":[{"name":"wp","href":"https:\/\/api.w.org\/{rel}","templated":true}]}}