{"id":99234,"date":"2023-11-28T17:38:52","date_gmt":"2023-11-28T17:38:52","guid":{"rendered":"https:\/\/www.altominho.tv\/site\/?p=99234"},"modified":"2023-11-28T17:38:55","modified_gmt":"2023-11-28T17:38:55","slug":"viana-do-castelo-promove-viana-coracao-do-natal","status":"publish","type":"post","link":"https:\/\/www.altominho.tv\/site\/2023\/11\/28\/viana-do-castelo-promove-viana-coracao-do-natal\/","title":{"rendered":"Viana do Castelo promove &#8220;Viana Cora\u00e7\u00e3o do Natal&#8221;"},"content":{"rendered":"<p class=\"p1\">\u201cViana Cora\u00e7\u00e3o do Natal\u201d volta a ser a proposta para assinalar o per\u00edodo festivo do Natal e Passagem de Ano em Viana do Castelo, de 8 de dezembro de 2023 a 7 de janeiro de 2024.<\/p>\n<p class=\"p1\">Pra\u00e7a Natal, pista de gelo, minicomboio, carrossel ecol\u00f3gico, Mercado de Natal, anima\u00e7\u00e3o de rua e anima\u00e7\u00e3o circense, concertos, atividades infantis, pres\u00e9pios e exposi\u00e7\u00f5es integram uma programa\u00e7\u00e3o diversificada com 88 eventos e focada nos quinze dias que antecedem o Natal.<\/p>\n<p class=\"p1\">Em confer\u00eancia de imprensa de apresenta\u00e7\u00e3o do programa, o Presidente da C\u00e2mara Municipal, assegurou que \u00e9 objetivo \u201ccriar um melhor ambiente natal\u00edcio, promovendo a cidade, os nossos agentes econ\u00f3micos, culturais, musicais, dinamizando o centro hist\u00f3rico\u201d, garantindo que \u201cprecisamos dos vianenses e dos turistas nas nossas ruas\u201d.<\/p>\n<p class=\"p1\">Assim, a Pra\u00e7a da Rep\u00fablica transforma-se, por estes dias, na Pra\u00e7a Natal, j\u00e1 na tenda que estar\u00e1 instalada na Pra\u00e7a da Liberdade haver\u00e1 espa\u00e7o para uma pista de gelo.<\/p>\n<p class=\"p1\">O Mercado de Natal distribui-se por estas duas principais pra\u00e7as da cidade, de 8 a 23 de dezembro, com mais de 40 comerciantes, contando ainda com expositores no Jardim P\u00fablico.<\/p>\n<p class=\"p1\">O Mercado de Natal funcionar\u00e1 das 16h00 \u00e0s 22h00 de segunda-feira a quinta-feira e aos domingos, e das 12h00 \u00e0s 00h00 \u00e0s sextas-feiras e s\u00e1bados.<\/p>\n<p class=\"p1\">A \u00c1rvore de Natal 3D situa-se novamente no Jardim da Marina. A ilumina\u00e7\u00e3o da Avenida dos Combatentes e da \u00e1rvore de Natal integra espet\u00e1culos multim\u00e9dia di\u00e1rios que unem som e luz. A Avenida ilumina-se para os espet\u00e1culos multim\u00e9dia \u00e0s 18h00, 19h00, 20h00, 21h00 e 22h00, de segunda a sexta-feira, com refor\u00e7o para as 23h00 e a 00h00 de sexta-feira a domingo. J\u00e1 a \u00c1rvore de Natal ter\u00e1 espet\u00e1culos \u00e0s 18h30, 19h30, 20h30, 21h30 e 22h30 de segunda a quinta-feira, com refor\u00e7o \u00e0s 23h30 de sexta-feira a domingo.<\/p>\n<p class=\"p1\">De 8 de dezembro a 7 de janeiro, o r\u00e9s-do-ch\u00e3o dos Antigos Pa\u00e7os do Concelho acolhe a exposi\u00e7\u00e3o \u201cPres\u00e9pios de Artesanato em Viana do Castelo \u2013 5\u00aa edi\u00e7\u00e3o\u201d.<\/p>\n<p class=\"p1\">De 11 a 15 de dezembro e de 18 a 21 de dezembro, das 12h00 \u00e0s 18h00, anima\u00e7\u00e3o circense no centro hist\u00f3rico; de 8 a 10 de dezembro, dias 16 e 17 e dias 22 e 23, anima\u00e7\u00e3o de rua, das 17h00 \u00e0s 18h30. No mesmo per\u00edodo, diariamente, entre as 18h00 e as 20h00, ser\u00e3o promovidas Atividades Infantis de Natal para os mais novos na Pra\u00e7a da Rep\u00fablica e na Pra\u00e7a da Liberdade.<\/p>\n<p class=\"p1\">No primeiro dia, feriado de 8 de dezembro, O Bicho Papel\u00e3o apresenta \u201cVersos de Cacarac\u00e1\u201d, um espet\u00e1culo infantil de Natal, no Jardim P\u00fablico, a partir das 15h30, seguindo-se anima\u00e7\u00e3o de rua das 17h00 \u00e0s 18h30. A atua\u00e7\u00e3o da Tuna de Veteranos de Viana do Castelo acontece na pra\u00e7a rainha, \u00e0s 18h00. Na primeira noite, o Coreto do Jardim P\u00fablico acolhe ainda um concerto. a partir das 18h00. A noite encerra com Karaoke no Coreto entre as 22h00 e a 00h00.<\/p>\n<p class=\"p1\">No s\u00e1bado, 9 de dezembro, a partir das 15h30, Orquestra de Natal &#8211; Espet\u00e1culo infantil de Natal no Coreto (Jardim P\u00fablico). A segunda noite conta com Moon Set com DJ Lia Beat no Coreto entre as 18h00 e as 20h00 e Karaoke no Coreto das 22h00 \u00e0 00h00.<\/p>\n<p class=\"p1\">No primeiro domingo, 10 de dezembro, a partir das 15h30, a proposta para o Jardim P\u00fablico passa por \u201cAprende com os Animais\u201d &#8211; Espet\u00e1culo infantil de Natal no Coreto. Pelas 17h00, a tenda da Pra\u00e7a da Liberdade recebe um momento musical pelo 5\u00aa Jazz.<\/p>\n<p class=\"p1\">Na sexta-feira, dia 15, o final do dia inclui, \u00e0s 18h00, Moon Set com DJ Pedro Pena no Coreto do Jardim P\u00fablico, com a noite a encerrar, no mesmo local, a partir das 22h00, com Karaoke no Coreto.<\/p>\n<p class=\"p1\">No s\u00e1bado de 16 de novembro, Feir\u00e3o das Rabanadas (15h00), Bicho Papel\u00e3o com espet\u00e1culo infantil no Coreto do Jardim P\u00fablico (15h30 \u00e0s 16h30), Moon Set com Di Ponti no Coreto (18h00 \u00e0s 20h00), Concerto de Natal pela Orquestra Sinf\u00f3nica ARTEAM e Coro VianaVocale na Igreja de S\u00e3o Domingos (21h00). O Museu do Traje recebe, \u00e0s 21h30, \u201cBaile de Natal dos anos 60, 70 e 80\u201d. O dia termina entre as 22h00 e a 00h00 com Karaoke no Coreto.<\/p>\n<p class=\"p1\">A 17 de dezembro, \u00e0s 11h00, anima\u00e7\u00e3o de rua pela Associa\u00e7\u00e3o Musical Vila Nova Anha e pela Banda Escuteiros de Barroselas. Pelas 15h00, Coro Paroquial de Santa Marta de Portuzelo, na Igreja da Miseric\u00f3rdia, e, \u00e0s 17h30, novo Concerto de Natal pela Orquestra Sinf\u00f3nica ARTEAM e Coro VianaVocale em S\u00e3o Domingos. A Chegada do Pai Natal est\u00e1 agendada para as 16h00, na Pra\u00e7a da Liberdade, incluindo \u201cContos de Natal\u201d, por Aurea.<\/p>\n<p class=\"p1\">Na semana do Natal, de 18 a 22 de dezembro, das 15h00 \u00e0s 20h00 de segunda a sexta-feira, e das 10h00 \u00e0s 20h00 no s\u00e1bado dia 23 de dezembro, a A\u00edsca apresenta uma banca de produtos de Natal no Espa\u00e7o Linha Norte. Nessa semana, de segunda a quinta-feira, o programa mant\u00e9m-se: Mercado de Natal das 16h00 \u00e0s 22h00, anima\u00e7\u00e3o circense \u00e0s 12h00 e 18h00 e Atividades infantis de Natal das 18h00 \u00e0s 20h00.<\/p>\n<p class=\"p1\">Sexta-feira, 22 de dezembro, para preparar o fim-de-semana, Moon Set com \u201cO Simples Mente\u201d no Coreto (Jardim P\u00fablico) das 18h00 \u00e0s 20h00, e Karaoke no Coreto (Jardim P\u00fablico) das 22h00 \u00e0s 00h00.<\/p>\n<p class=\"p1\">A 23 de dezembro, a ZEPAM \u2013 Z\u00e9 Pedro Associa\u00e7\u00e3o Musical garante anima\u00e7\u00e3o de rua a partir das 11h00. A Corrida de S\u00e3o Silvestre volta a invadir o centro hist\u00f3rico \u00e0s 16h30 desse s\u00e1bado, com a vers\u00e3o \u2018kids\u2019, a corrida de 10 quil\u00f3metros \u00e0s 17h30. De seguida, Moon Set com DJ Z\u00e9z\u00e9 Gon\u00e7alves (80\u2019s) no Coreto das 18h00 \u00e0s 20h00, S\u00e9rgio Carvalhosa apresenta-se na tenda da Pra\u00e7a da Liberdade \u00e0s 21h00, encerrando o s\u00e1bado com Karaoke no Coreto das 22h00 \u00e0 00h00.<\/p>\n<p class=\"p1\">A 24 de novembro, entre as 10h00 e as 20h00, \u201cViana, Moscatel e Banana\u201d na Pra\u00e7a da Rep\u00fablica promete voltar a ser ponto de encontro de amigos e fam\u00edlia, numa iniciativa do Santa Luzia FC.<\/p>\n<p class=\"p1\">J\u00e1 a 31 de dezembro, \u00e0 meia-noite, ser\u00e1 lan\u00e7ado o habitual fogo-de-artif\u00edcio sobre o Rio Lima e haver\u00e1 Passagem de ano para entrar em 2024 com o p\u00e9 direito. O 1 de janeiro de 2024 ser\u00e1 marcado pelo Concerto de Ano Novo no Teatro Municipal S\u00e1 de Miranda, \u00e0s 17h00, pela Orquestra Filarm\u00f3nica de Braga, com entrada gratuita.<\/p>\n","protected":false},"excerpt":{"rendered":"<p>\u201cViana Cora\u00e7\u00e3o do Natal\u201d volta a ser a proposta para assinalar o per\u00edodo festivo do Natal e Passagem de Ano em Viana do Castelo, de 8 de dezembro de 2023 a 7 de janeiro de 2024. Pra\u00e7a Natal, pista de gelo, minicomboio, carrossel ecol\u00f3gico, Mercado de Natal, anima\u00e7\u00e3o de rua e anima\u00e7\u00e3o circense, concertos, atividades [&hellip;]<\/p>\n","protected":false},"author":28,"featured_media":99237,"comment_status":"closed","ping_status":"closed","sticky":false,"template":"","format":"standard","meta":{"_exactmetrics_skip_tracking":false,"_exactmetrics_sitenote_active":false,"_exactmetrics_sitenote_note":"","_exactmetrics_sitenote_category":0,"footnotes":""},"categories":[14],"tags":[24,27],"class_list":["post-99234","post","type-post","status-publish","format-standard","has-post-thumbnail","hentry","category-viana-do-castelo","tag-lazer","tag-sociedade"],"yoast_head":"<!-- This site is optimized with the Yoast SEO Premium plugin v27.5 (Yoast SEO v27.5) - https:\/\/yoast.com\/product\/yoast-seo-premium-wordpress\/ -->\n<title>Viana do Castelo promove &quot;Viana Cora\u00e7\u00e3o do Natal&quot;<\/title>\n<meta name=\"description\" content=\"\u201cViana Cora\u00e7\u00e3o do Natal\u201d volta a ser a proposta para assinalar o per\u00edodo festivo do Natal e Passagem de Ano em Viana do Castelo, de 8 de dezembro de 2023 a 7 de janeiro de 2024.\" \/>\n<meta name=\"robots\" content=\"index, follow, max-snippet:-1, max-image-preview:large, max-video-preview:-1\" \/>\n<link rel=\"canonical\" href=\"https:\/\/www.altominho.tv\/site\/2023\/11\/28\/viana-do-castelo-promove-viana-coracao-do-natal\/\" \/>\n<meta property=\"og:locale\" content=\"pt_PT\" \/>\n<meta property=\"og:type\" content=\"article\" \/>\n<meta property=\"og:title\" content=\"Viana do Castelo promove &quot;Viana Cora\u00e7\u00e3o do Natal&quot;\" \/>\n<meta property=\"og:description\" content=\"\u201cViana Cora\u00e7\u00e3o do Natal\u201d volta a ser a proposta para assinalar o per\u00edodo festivo do Natal e Passagem de Ano em Viana do Castelo, de 8 de dezembro de 2023 a 7 de janeiro de 2024.\" \/>\n<meta property=\"og:url\" content=\"https:\/\/www.altominho.tv\/site\/2023\/11\/28\/viana-do-castelo-promove-viana-coracao-do-natal\/\" \/>\n<meta property=\"og:site_name\" content=\"Altominho.tv\" \/>\n<meta property=\"article:publisher\" content=\"https:\/\/www.facebook.com\/altominhotv\" \/>\n<meta property=\"article:published_time\" content=\"2023-11-28T17:38:52+00:00\" \/>\n<meta property=\"article:modified_time\" content=\"2023-11-28T17:38:55+00:00\" \/>\n<meta property=\"og:image\" content=\"https:\/\/www.altominho.tv\/site\/wp-content\/uploads\/2023\/11\/GCI_2696-e1701193106825.jpg\" \/>\n\t<meta property=\"og:image:width\" content=\"1558\" \/>\n\t<meta property=\"og:image:height\" content=\"1368\" \/>\n\t<meta property=\"og:image:type\" content=\"image\/jpeg\" \/>\n<meta name=\"author\" content=\"Beatriz Lira\" \/>\n<meta name=\"twitter:card\" content=\"summary_large_image\" \/>\n<meta name=\"twitter:creator\" content=\"@altominhoTV\" \/>\n<meta name=\"twitter:site\" content=\"@altominhoTV\" \/>\n<meta name=\"twitter:label1\" content=\"Escrito por\" \/>\n\t<meta name=\"twitter:data1\" content=\"Beatriz Lira\" \/>\n\t<meta name=\"twitter:label2\" content=\"Tempo estimado de leitura\" \/>\n\t<meta name=\"twitter:data2\" content=\"6 minutos\" \/>\n<script type=\"application\/ld+json\" class=\"yoast-schema-graph\">{\"@context\":\"https:\\\/\\\/schema.org\",\"@graph\":[{\"@type\":\"Article\",\"@id\":\"https:\\\/\\\/www.altominho.tv\\\/site\\\/2023\\\/11\\\/28\\\/viana-do-castelo-promove-viana-coracao-do-natal\\\/#article\",\"isPartOf\":{\"@id\":\"https:\\\/\\\/www.altominho.tv\\\/site\\\/2023\\\/11\\\/28\\\/viana-do-castelo-promove-viana-coracao-do-natal\\\/\"},\"author\":{\"name\":\"Beatriz Lira\",\"@id\":\"https:\\\/\\\/www.altominho.tv\\\/site\\\/#\\\/schema\\\/person\\\/f95a2097796cf4462fe1e476cddc40e4\"},\"headline\":\"Viana do Castelo promove &#8220;Viana Cora\u00e7\u00e3o do Natal&#8221;\",\"datePublished\":\"2023-11-28T17:38:52+00:00\",\"dateModified\":\"2023-11-28T17:38:55+00:00\",\"mainEntityOfPage\":{\"@id\":\"https:\\\/\\\/www.altominho.tv\\\/site\\\/2023\\\/11\\\/28\\\/viana-do-castelo-promove-viana-coracao-do-natal\\\/\"},\"wordCount\":1091,\"image\":{\"@id\":\"https:\\\/\\\/www.altominho.tv\\\/site\\\/2023\\\/11\\\/28\\\/viana-do-castelo-promove-viana-coracao-do-natal\\\/#primaryimage\"},\"thumbnailUrl\":\"https:\\\/\\\/www.altominho.tv\\\/site\\\/wp-content\\\/uploads\\\/2023\\\/11\\\/GCI_2696-e1701193106825.jpg\",\"keywords\":[\"Lazer\",\"Sociedade\"],\"articleSection\":[\"Viana do Castelo\"],\"inLanguage\":\"pt-PT\",\"copyrightYear\":\"2023\",\"copyrightHolder\":{\"@id\":\"https:\\\/\\\/www.altominho.tv\\\/site\\\/#organization\"}},{\"@type\":\"WebPage\",\"@id\":\"https:\\\/\\\/www.altominho.tv\\\/site\\\/2023\\\/11\\\/28\\\/viana-do-castelo-promove-viana-coracao-do-natal\\\/\",\"url\":\"https:\\\/\\\/www.altominho.tv\\\/site\\\/2023\\\/11\\\/28\\\/viana-do-castelo-promove-viana-coracao-do-natal\\\/\",\"name\":\"Viana do Castelo promove \\\"Viana Cora\u00e7\u00e3o do Natal\\\"\",\"isPartOf\":{\"@id\":\"https:\\\/\\\/www.altominho.tv\\\/site\\\/#website\"},\"primaryImageOfPage\":{\"@id\":\"https:\\\/\\\/www.altominho.tv\\\/site\\\/2023\\\/11\\\/28\\\/viana-do-castelo-promove-viana-coracao-do-natal\\\/#primaryimage\"},\"image\":{\"@id\":\"https:\\\/\\\/www.altominho.tv\\\/site\\\/2023\\\/11\\\/28\\\/viana-do-castelo-promove-viana-coracao-do-natal\\\/#primaryimage\"},\"thumbnailUrl\":\"https:\\\/\\\/www.altominho.tv\\\/site\\\/wp-content\\\/uploads\\\/2023\\\/11\\\/GCI_2696-e1701193106825.jpg\",\"datePublished\":\"2023-11-28T17:38:52+00:00\",\"dateModified\":\"2023-11-28T17:38:55+00:00\",\"author\":{\"@id\":\"https:\\\/\\\/www.altominho.tv\\\/site\\\/#\\\/schema\\\/person\\\/f95a2097796cf4462fe1e476cddc40e4\"},\"description\":\"\u201cViana Cora\u00e7\u00e3o do Natal\u201d volta a ser a proposta para assinalar o per\u00edodo festivo do Natal e Passagem de Ano em Viana do Castelo, de 8 de dezembro de 2023 a 7 de janeiro de 2024.\",\"breadcrumb\":{\"@id\":\"https:\\\/\\\/www.altominho.tv\\\/site\\\/2023\\\/11\\\/28\\\/viana-do-castelo-promove-viana-coracao-do-natal\\\/#breadcrumb\"},\"inLanguage\":\"pt-PT\",\"potentialAction\":[{\"@type\":\"ReadAction\",\"target\":[\"https:\\\/\\\/www.altominho.tv\\\/site\\\/2023\\\/11\\\/28\\\/viana-do-castelo-promove-viana-coracao-do-natal\\\/\"]}]},{\"@type\":\"ImageObject\",\"inLanguage\":\"pt-PT\",\"@id\":\"https:\\\/\\\/www.altominho.tv\\\/site\\\/2023\\\/11\\\/28\\\/viana-do-castelo-promove-viana-coracao-do-natal\\\/#primaryimage\",\"url\":\"https:\\\/\\\/www.altominho.tv\\\/site\\\/wp-content\\\/uploads\\\/2023\\\/11\\\/GCI_2696-e1701193106825.jpg\",\"contentUrl\":\"https:\\\/\\\/www.altominho.tv\\\/site\\\/wp-content\\\/uploads\\\/2023\\\/11\\\/GCI_2696-e1701193106825.jpg\",\"width\":1558,\"height\":1368},{\"@type\":\"BreadcrumbList\",\"@id\":\"https:\\\/\\\/www.altominho.tv\\\/site\\\/2023\\\/11\\\/28\\\/viana-do-castelo-promove-viana-coracao-do-natal\\\/#breadcrumb\",\"itemListElement\":[{\"@type\":\"ListItem\",\"position\":1,\"name\":\"In\u00edcio\",\"item\":\"https:\\\/\\\/www.altominho.tv\\\/site\\\/\"},{\"@type\":\"ListItem\",\"position\":2,\"name\":\"Viana do Castelo promove &#8220;Viana Cora\u00e7\u00e3o do Natal&#8221;\"}]},{\"@type\":\"WebSite\",\"@id\":\"https:\\\/\\\/www.altominho.tv\\\/site\\\/#website\",\"url\":\"https:\\\/\\\/www.altominho.tv\\\/site\\\/\",\"name\":\"Altominho.tv\",\"description\":\"A sua regi\u00e3o \u00e0 dist\u00e2ncia de um clique...\",\"potentialAction\":[{\"@type\":\"SearchAction\",\"target\":{\"@type\":\"EntryPoint\",\"urlTemplate\":\"https:\\\/\\\/www.altominho.tv\\\/site\\\/?s={search_term_string}\"},\"query-input\":{\"@type\":\"PropertyValueSpecification\",\"valueRequired\":true,\"valueName\":\"search_term_string\"}}],\"inLanguage\":\"pt-PT\"},{\"@type\":\"Person\",\"@id\":\"https:\\\/\\\/www.altominho.tv\\\/site\\\/#\\\/schema\\\/person\\\/f95a2097796cf4462fe1e476cddc40e4\",\"name\":\"Beatriz Lira\",\"image\":{\"@type\":\"ImageObject\",\"inLanguage\":\"pt-PT\",\"@id\":\"https:\\\/\\\/www.altominho.tv\\\/site\\\/wp-content\\\/uploads\\\/2023\\\/03\\\/Screenshot_20230306-141220_Photos-150x150.jpg\",\"url\":\"https:\\\/\\\/www.altominho.tv\\\/site\\\/wp-content\\\/uploads\\\/2023\\\/03\\\/Screenshot_20230306-141220_Photos-150x150.jpg\",\"contentUrl\":\"https:\\\/\\\/www.altominho.tv\\\/site\\\/wp-content\\\/uploads\\\/2023\\\/03\\\/Screenshot_20230306-141220_Photos-150x150.jpg\",\"caption\":\"Beatriz Lira\"},\"url\":\"https:\\\/\\\/www.altominho.tv\\\/site\\\/author\\\/beatriz\\\/\"}]}<\/script>\n<!-- \/ Yoast SEO Premium plugin. -->","yoast_head_json":{"title":"Viana do Castelo promove \"Viana Cora\u00e7\u00e3o do Natal\"","description":"\u201cViana Cora\u00e7\u00e3o do Natal\u201d volta a ser a proposta para assinalar o per\u00edodo festivo do Natal e Passagem de Ano em Viana do Castelo, de 8 de dezembro de 2023 a 7 de janeiro de 2024.","robots":{"index":"index","follow":"follow","max-snippet":"max-snippet:-1","max-image-preview":"max-image-preview:large","max-video-preview":"max-video-preview:-1"},"canonical":"https:\/\/www.altominho.tv\/site\/2023\/11\/28\/viana-do-castelo-promove-viana-coracao-do-natal\/","og_locale":"pt_PT","og_type":"article","og_title":"Viana do Castelo promove \"Viana Cora\u00e7\u00e3o do Natal\"","og_description":"\u201cViana Cora\u00e7\u00e3o do Natal\u201d volta a ser a proposta para assinalar o per\u00edodo festivo do Natal e Passagem de Ano em Viana do Castelo, de 8 de dezembro de 2023 a 7 de janeiro de 2024.","og_url":"https:\/\/www.altominho.tv\/site\/2023\/11\/28\/viana-do-castelo-promove-viana-coracao-do-natal\/","og_site_name":"Altominho.tv","article_publisher":"https:\/\/www.facebook.com\/altominhotv","article_published_time":"2023-11-28T17:38:52+00:00","article_modified_time":"2023-11-28T17:38:55+00:00","og_image":[{"width":1558,"height":1368,"url":"https:\/\/www.altominho.tv\/site\/wp-content\/uploads\/2023\/11\/GCI_2696-e1701193106825.jpg","type":"image\/jpeg"}],"author":"Beatriz Lira","twitter_card":"summary_large_image","twitter_creator":"@altominhoTV","twitter_site":"@altominhoTV","twitter_misc":{"Escrito por":"Beatriz Lira","Tempo estimado de leitura":"6 minutos"},"schema":{"@context":"https:\/\/schema.org","@graph":[{"@type":"Article","@id":"https:\/\/www.altominho.tv\/site\/2023\/11\/28\/viana-do-castelo-promove-viana-coracao-do-natal\/#article","isPartOf":{"@id":"https:\/\/www.altominho.tv\/site\/2023\/11\/28\/viana-do-castelo-promove-viana-coracao-do-natal\/"},"author":{"name":"Beatriz Lira","@id":"https:\/\/www.altominho.tv\/site\/#\/schema\/person\/f95a2097796cf4462fe1e476cddc40e4"},"headline":"Viana do Castelo promove &#8220;Viana Cora\u00e7\u00e3o do Natal&#8221;","datePublished":"2023-11-28T17:38:52+00:00","dateModified":"2023-11-28T17:38:55+00:00","mainEntityOfPage":{"@id":"https:\/\/www.altominho.tv\/site\/2023\/11\/28\/viana-do-castelo-promove-viana-coracao-do-natal\/"},"wordCount":1091,"image":{"@id":"https:\/\/www.altominho.tv\/site\/2023\/11\/28\/viana-do-castelo-promove-viana-coracao-do-natal\/#primaryimage"},"thumbnailUrl":"https:\/\/www.altominho.tv\/site\/wp-content\/uploads\/2023\/11\/GCI_2696-e1701193106825.jpg","keywords":["Lazer","Sociedade"],"articleSection":["Viana do Castelo"],"inLanguage":"pt-PT","copyrightYear":"2023","copyrightHolder":{"@id":"https:\/\/www.altominho.tv\/site\/#organization"}},{"@type":"WebPage","@id":"https:\/\/www.altominho.tv\/site\/2023\/11\/28\/viana-do-castelo-promove-viana-coracao-do-natal\/","url":"https:\/\/www.altominho.tv\/site\/2023\/11\/28\/viana-do-castelo-promove-viana-coracao-do-natal\/","name":"Viana do Castelo promove \"Viana Cora\u00e7\u00e3o do Natal\"","isPartOf":{"@id":"https:\/\/www.altominho.tv\/site\/#website"},"primaryImageOfPage":{"@id":"https:\/\/www.altominho.tv\/site\/2023\/11\/28\/viana-do-castelo-promove-viana-coracao-do-natal\/#primaryimage"},"image":{"@id":"https:\/\/www.altominho.tv\/site\/2023\/11\/28\/viana-do-castelo-promove-viana-coracao-do-natal\/#primaryimage"},"thumbnailUrl":"https:\/\/www.altominho.tv\/site\/wp-content\/uploads\/2023\/11\/GCI_2696-e1701193106825.jpg","datePublished":"2023-11-28T17:38:52+00:00","dateModified":"2023-11-28T17:38:55+00:00","author":{"@id":"https:\/\/www.altominho.tv\/site\/#\/schema\/person\/f95a2097796cf4462fe1e476cddc40e4"},"description":"\u201cViana Cora\u00e7\u00e3o do Natal\u201d volta a ser a proposta para assinalar o per\u00edodo festivo do Natal e Passagem de Ano em Viana do Castelo, de 8 de dezembro de 2023 a 7 de janeiro de 2024.","breadcrumb":{"@id":"https:\/\/www.altominho.tv\/site\/2023\/11\/28\/viana-do-castelo-promove-viana-coracao-do-natal\/#breadcrumb"},"inLanguage":"pt-PT","potentialAction":[{"@type":"ReadAction","target":["https:\/\/www.altominho.tv\/site\/2023\/11\/28\/viana-do-castelo-promove-viana-coracao-do-natal\/"]}]},{"@type":"ImageObject","inLanguage":"pt-PT","@id":"https:\/\/www.altominho.tv\/site\/2023\/11\/28\/viana-do-castelo-promove-viana-coracao-do-natal\/#primaryimage","url":"https:\/\/www.altominho.tv\/site\/wp-content\/uploads\/2023\/11\/GCI_2696-e1701193106825.jpg","contentUrl":"https:\/\/www.altominho.tv\/site\/wp-content\/uploads\/2023\/11\/GCI_2696-e1701193106825.jpg","width":1558,"height":1368},{"@type":"BreadcrumbList","@id":"https:\/\/www.altominho.tv\/site\/2023\/11\/28\/viana-do-castelo-promove-viana-coracao-do-natal\/#breadcrumb","itemListElement":[{"@type":"ListItem","position":1,"name":"In\u00edcio","item":"https:\/\/www.altominho.tv\/site\/"},{"@type":"ListItem","position":2,"name":"Viana do Castelo promove &#8220;Viana Cora\u00e7\u00e3o do Natal&#8221;"}]},{"@type":"WebSite","@id":"https:\/\/www.altominho.tv\/site\/#website","url":"https:\/\/www.altominho.tv\/site\/","name":"Altominho.tv","description":"A sua regi\u00e3o \u00e0 dist\u00e2ncia de um clique...","potentialAction":[{"@type":"SearchAction","target":{"@type":"EntryPoint","urlTemplate":"https:\/\/www.altominho.tv\/site\/?s={search_term_string}"},"query-input":{"@type":"PropertyValueSpecification","valueRequired":true,"valueName":"search_term_string"}}],"inLanguage":"pt-PT"},{"@type":"Person","@id":"https:\/\/www.altominho.tv\/site\/#\/schema\/person\/f95a2097796cf4462fe1e476cddc40e4","name":"Beatriz Lira","image":{"@type":"ImageObject","inLanguage":"pt-PT","@id":"https:\/\/www.altominho.tv\/site\/wp-content\/uploads\/2023\/03\/Screenshot_20230306-141220_Photos-150x150.jpg","url":"https:\/\/www.altominho.tv\/site\/wp-content\/uploads\/2023\/03\/Screenshot_20230306-141220_Photos-150x150.jpg","contentUrl":"https:\/\/www.altominho.tv\/site\/wp-content\/uploads\/2023\/03\/Screenshot_20230306-141220_Photos-150x150.jpg","caption":"Beatriz Lira"},"url":"https:\/\/www.altominho.tv\/site\/author\/beatriz\/"}]}},"_links":{"self":[{"href":"https:\/\/www.altominho.tv\/site\/wp-json\/wp\/v2\/posts\/99234","targetHints":{"allow":["GET"]}}],"collection":[{"href":"https:\/\/www.altominho.tv\/site\/wp-json\/wp\/v2\/posts"}],"about":[{"href":"https:\/\/www.altominho.tv\/site\/wp-json\/wp\/v2\/types\/post"}],"author":[{"embeddable":true,"href":"https:\/\/www.altominho.tv\/site\/wp-json\/wp\/v2\/users\/28"}],"replies":[{"embeddable":true,"href":"https:\/\/www.altominho.tv\/site\/wp-json\/wp\/v2\/comments?post=99234"}],"version-history":[{"count":1,"href":"https:\/\/www.altominho.tv\/site\/wp-json\/wp\/v2\/posts\/99234\/revisions"}],"predecessor-version":[{"id":99238,"href":"https:\/\/www.altominho.tv\/site\/wp-json\/wp\/v2\/posts\/99234\/revisions\/99238"}],"wp:featuredmedia":[{"embeddable":true,"href":"https:\/\/www.altominho.tv\/site\/wp-json\/wp\/v2\/media\/99237"}],"wp:attachment":[{"href":"https:\/\/www.altominho.tv\/site\/wp-json\/wp\/v2\/media?parent=99234"}],"wp:term":[{"taxonomy":"category","embeddable":true,"href":"https:\/\/www.altominho.tv\/site\/wp-json\/wp\/v2\/categories?post=99234"},{"taxonomy":"post_tag","embeddable":true,"href":"https:\/\/www.altominho.tv\/site\/wp-json\/wp\/v2\/tags?post=99234"}],"curies":[{"name":"wp","href":"https:\/\/api.w.org\/{rel}","templated":true}]}}