{"id":99228,"date":"2023-11-28T17:01:25","date_gmt":"2023-11-28T17:01:25","guid":{"rendered":"https:\/\/www.altominho.tv\/site\/?p=99228"},"modified":"2023-11-28T17:01:27","modified_gmt":"2023-11-28T17:01:27","slug":"melgaco-assina-protocolo-para-criar-37-habitacoes-em-alvaredo","status":"publish","type":"post","link":"https:\/\/www.altominho.tv\/site\/2023\/11\/28\/melgaco-assina-protocolo-para-criar-37-habitacoes-em-alvaredo\/","title":{"rendered":"Melga\u00e7o assina protocolo para criar 37 habita\u00e7\u00f5es em Alvaredo"},"content":{"rendered":"\n<p class=\"wp-block-paragraph\">Na passada sexta-feira, a Ministra da Habita\u00e7\u00e3o, Marina Gon\u00e7alves, marcou presen\u00e7a na assinatura de um protocolo de coopera\u00e7\u00e3o com o IHRU &#8211; Instituto da Habita\u00e7\u00e3o e Reabilita\u00e7\u00e3o Urbana, com vista \u00e0 cria\u00e7\u00e3o de um parque p\u00fablico de habita\u00e7\u00e3o a custos acess\u00edveis na freguesia de Alvaredo. \u00a0<\/p>\n\n\n\n<p class=\"wp-block-paragraph\">&#8220;Este protocolo vai permitir criar 37 habita\u00e7\u00f5es para a classe m\u00e9dia, a pre\u00e7os compat\u00edveis com os seus rendimentos, algo fundamental para permitir autonomiza\u00e7\u00e3o e garantir que este territ\u00f3rio seja verdadeiramente valorizado&#8221;, considerou a governante, elogiando as pol\u00edticas que Melga\u00e7o t\u00eam adotado neste \u00e2mbito.<\/p>\n\n\n\n<p class=\"wp-block-paragraph\">Neste dia, a Ministra da Habita\u00e7\u00e3o inaugurou a 1\u00aa fase do 1\u00ba Direito, seis fogos,, no \u00e2mbito da Estrat\u00e9gia Local de Habita\u00e7\u00e3o (ELH) do munic\u00edpio. O momento foi seguido de uma visita a uma habita\u00e7\u00e3o social neste \u00e2mbito bem como, a uma habita\u00e7\u00e3o de um benefici\u00e1rio direto, outra vertente no \u00e2mbito das interven\u00e7\u00f5es da ELH.\u00a0<\/p>\n\n\n\n<p class=\"wp-block-paragraph\">A autarquia levou a cabo a Estrat\u00e9gia Local de Habita\u00e7\u00e3o de Melga\u00e7o, integrada no programa 1\u00ba Direito \u2013 Programa de Apoio ao Acesso \u00e0 Habita\u00e7\u00e3o. O objetivo \u00e9 &#8220;garantir o direito do acesso \u00e0 habita\u00e7\u00e3o, numa din\u00e2mica predominantemente dirigida \u00e0 reabilita\u00e7\u00e3o e arrendamento, promovendo a inclus\u00e3o social e territorial&#8221; afirma a autarquia.<\/p>\n\n\n\n<p class=\"wp-block-paragraph\">A a\u00e7\u00e3o foi dividida em duas fases. A 1\u00aa fase diz respeito \u00e0 reabilita\u00e7\u00e3o de seis fogos de habita\u00e7\u00e3o social nas freguesias de Cubalh\u00e3o, Roussas, S.Paio, Chavi\u00e3es, Remo\u00e3es e Penso.<\/p>\n\n\n\n<p class=\"wp-block-paragraph\">E a 2\u00aa fase, em andamento, prev\u00ea a reabilita\u00e7\u00e3o de nove fogos, nas freguesias de Chavi\u00e3es, Roussas, Lamas de Mouro e Cousso. Esta empreitada representa um investimento de 385 890,36\u20ac (IVA inclu\u00eddo).<\/p>\n\n\n\n<p class=\"wp-block-paragraph\">O investimento total para as duas fases \u00e9 de 671 329,44\u20ac, sendo o financiamento assegurado pelo PRR de 631 852,86\u20ac e pelo IHRU no valor do IVA, nomeadamente de 39.476,58\u20ac.<\/p>\n\n\n\n<p class=\"wp-block-paragraph\">O Munic\u00edpio prev\u00ea um investimento de 7,5 milh\u00f5es de euros na reabilita\u00e7\u00e3o ou constru\u00e7\u00e3o de casas no \u00e2mbito da Estrat\u00e9gia Local de Habita\u00e7\u00e3o<\/p>\n","protected":false},"excerpt":{"rendered":"<p>Na passada sexta-feira, a Ministra da Habita\u00e7\u00e3o, Marina Gon\u00e7alves, marcou presen\u00e7a na assinatura de um protocolo de coopera\u00e7\u00e3o com o IHRU &#8211; Instituto da Habita\u00e7\u00e3o e Reabilita\u00e7\u00e3o Urbana, com vista \u00e0 cria\u00e7\u00e3o de um parque p\u00fablico de habita\u00e7\u00e3o a custos acess\u00edveis na freguesia de Alvaredo. \u00a0 &#8220;Este protocolo vai permitir criar 37 habita\u00e7\u00f5es para a [&hellip;]<\/p>\n","protected":false},"author":28,"featured_media":99229,"comment_status":"closed","ping_status":"closed","sticky":false,"template":"","format":"standard","meta":{"_exactmetrics_skip_tracking":false,"footnotes":""},"categories":[8],"tags":[21,27],"class_list":["post-99228","post","type-post","status-publish","format-standard","has-post-thumbnail","hentry","category-melgaco","tag-economia","tag-sociedade"],"yoast_head":"<!-- This site is optimized with the Yoast SEO Premium plugin v28.3 (Yoast SEO v28.3) - https:\/\/yoast.com\/product\/yoast-seo-premium-wordpress\/ -->\n<title>Melga\u00e7o assina protocolo para criar 37 habita\u00e7\u00f5es em Alvaredo<\/title>\n<meta name=\"description\" content=\"Na passada sexta-feira, a Ministra da Habita\u00e7\u00e3o, Marina Gon\u00e7alves, marcou presen\u00e7a na assinatura de um protocolo de coopera\u00e7\u00e3o com o IHRU - Instituto da Habita\u00e7\u00e3o e Reabilita\u00e7\u00e3o Urbana, com vista \u00e0 cria\u00e7\u00e3o de um parque p\u00fablico de habita\u00e7\u00e3o a custos acess\u00edveis na freguesia de Alvaredo.\" \/>\n<meta name=\"robots\" content=\"index, follow, max-snippet:-1, max-image-preview:large, max-video-preview:-1\" \/>\n<link rel=\"canonical\" href=\"https:\/\/www.altominho.tv\/site\/2023\/11\/28\/melgaco-assina-protocolo-para-criar-37-habitacoes-em-alvaredo\/\" \/>\n<meta property=\"og:locale\" content=\"pt_PT\" \/>\n<meta property=\"og:type\" content=\"article\" \/>\n<meta property=\"og:title\" content=\"Melga\u00e7o assina protocolo para criar 37 habita\u00e7\u00f5es em Alvaredo\" \/>\n<meta property=\"og:description\" content=\"Na passada sexta-feira, a Ministra da Habita\u00e7\u00e3o, Marina Gon\u00e7alves, marcou presen\u00e7a na assinatura de um protocolo de coopera\u00e7\u00e3o com o IHRU - Instituto da Habita\u00e7\u00e3o e Reabilita\u00e7\u00e3o Urbana, com vista \u00e0 cria\u00e7\u00e3o de um parque p\u00fablico de habita\u00e7\u00e3o a custos acess\u00edveis na freguesia de Alvaredo.\" \/>\n<meta property=\"og:url\" content=\"https:\/\/www.altominho.tv\/site\/2023\/11\/28\/melgaco-assina-protocolo-para-criar-37-habitacoes-em-alvaredo\/\" \/>\n<meta property=\"og:site_name\" content=\"Altominho.tv\" \/>\n<meta property=\"article:publisher\" content=\"https:\/\/www.facebook.com\/altominhotv\" \/>\n<meta property=\"article:published_time\" content=\"2023-11-28T17:01:25+00:00\" \/>\n<meta property=\"article:modified_time\" content=\"2023-11-28T17:01:27+00:00\" \/>\n<meta property=\"og:image\" content=\"https:\/\/www.altominho.tv\/site\/wp-content\/uploads\/2023\/11\/habitacoes-melgaco-e1701190800183.jpeg\" \/>\n\t<meta property=\"og:image:width\" content=\"2048\" \/>\n\t<meta property=\"og:image:height\" content=\"1437\" \/>\n\t<meta property=\"og:image:type\" content=\"image\/jpeg\" \/>\n<meta name=\"author\" content=\"Beatriz Lira\" \/>\n<meta name=\"twitter:card\" content=\"summary_large_image\" \/>\n<meta name=\"twitter:creator\" content=\"@altominhoTV\" \/>\n<meta name=\"twitter:site\" content=\"@altominhoTV\" \/>\n<meta name=\"twitter:label1\" content=\"Escrito por\" \/>\n\t<meta name=\"twitter:data1\" content=\"Beatriz Lira\" \/>\n\t<meta name=\"twitter:label2\" content=\"Tempo estimado de leitura\" \/>\n\t<meta name=\"twitter:data2\" content=\"2 minutos\" \/>\n<script type=\"application\/ld+json\" class=\"yoast-schema-graph\">{\"@context\":\"https:\\\/\\\/schema.org\",\"@graph\":[{\"@type\":\"Article\",\"@id\":\"https:\\\/\\\/www.altominho.tv\\\/site\\\/2023\\\/11\\\/28\\\/melgaco-assina-protocolo-para-criar-37-habitacoes-em-alvaredo\\\/#article\",\"isPartOf\":{\"@id\":\"https:\\\/\\\/www.altominho.tv\\\/site\\\/2023\\\/11\\\/28\\\/melgaco-assina-protocolo-para-criar-37-habitacoes-em-alvaredo\\\/\"},\"author\":{\"name\":\"Beatriz Lira\",\"@id\":\"https:\\\/\\\/www.altominho.tv\\\/site\\\/#\\\/schema\\\/person\\\/f95a2097796cf4462fe1e476cddc40e4\"},\"headline\":\"Melga\u00e7o assina protocolo para criar 37 habita\u00e7\u00f5es em Alvaredo\",\"datePublished\":\"2023-11-28T17:01:25+00:00\",\"dateModified\":\"2023-11-28T17:01:27+00:00\",\"mainEntityOfPage\":{\"@id\":\"https:\\\/\\\/www.altominho.tv\\\/site\\\/2023\\\/11\\\/28\\\/melgaco-assina-protocolo-para-criar-37-habitacoes-em-alvaredo\\\/\"},\"wordCount\":349,\"image\":{\"@id\":\"https:\\\/\\\/www.altominho.tv\\\/site\\\/2023\\\/11\\\/28\\\/melgaco-assina-protocolo-para-criar-37-habitacoes-em-alvaredo\\\/#primaryimage\"},\"thumbnailUrl\":\"https:\\\/\\\/www.altominho.tv\\\/site\\\/wp-content\\\/uploads\\\/2023\\\/11\\\/habitacoes-melgaco-e1701190800183.jpeg\",\"keywords\":[\"Economia\",\"Sociedade\"],\"articleSection\":[\"Melga\u00e7o\"],\"inLanguage\":\"pt-PT\",\"copyrightYear\":\"2023\",\"copyrightHolder\":{\"@id\":\"https:\\\/\\\/www.altominho.tv\\\/site\\\/#organization\"}},{\"@type\":\"WebPage\",\"@id\":\"https:\\\/\\\/www.altominho.tv\\\/site\\\/2023\\\/11\\\/28\\\/melgaco-assina-protocolo-para-criar-37-habitacoes-em-alvaredo\\\/\",\"url\":\"https:\\\/\\\/www.altominho.tv\\\/site\\\/2023\\\/11\\\/28\\\/melgaco-assina-protocolo-para-criar-37-habitacoes-em-alvaredo\\\/\",\"name\":\"Melga\u00e7o assina protocolo para criar 37 habita\u00e7\u00f5es em Alvaredo\",\"isPartOf\":{\"@id\":\"https:\\\/\\\/www.altominho.tv\\\/site\\\/#website\"},\"primaryImageOfPage\":{\"@id\":\"https:\\\/\\\/www.altominho.tv\\\/site\\\/2023\\\/11\\\/28\\\/melgaco-assina-protocolo-para-criar-37-habitacoes-em-alvaredo\\\/#primaryimage\"},\"image\":{\"@id\":\"https:\\\/\\\/www.altominho.tv\\\/site\\\/2023\\\/11\\\/28\\\/melgaco-assina-protocolo-para-criar-37-habitacoes-em-alvaredo\\\/#primaryimage\"},\"thumbnailUrl\":\"https:\\\/\\\/www.altominho.tv\\\/site\\\/wp-content\\\/uploads\\\/2023\\\/11\\\/habitacoes-melgaco-e1701190800183.jpeg\",\"datePublished\":\"2023-11-28T17:01:25+00:00\",\"dateModified\":\"2023-11-28T17:01:27+00:00\",\"author\":{\"@id\":\"https:\\\/\\\/www.altominho.tv\\\/site\\\/#\\\/schema\\\/person\\\/f95a2097796cf4462fe1e476cddc40e4\"},\"description\":\"Na passada sexta-feira, a Ministra da Habita\u00e7\u00e3o, Marina Gon\u00e7alves, marcou presen\u00e7a na assinatura de um protocolo de coopera\u00e7\u00e3o com o IHRU - Instituto da Habita\u00e7\u00e3o e Reabilita\u00e7\u00e3o Urbana, com vista \u00e0 cria\u00e7\u00e3o de um parque p\u00fablico de habita\u00e7\u00e3o a custos acess\u00edveis na freguesia de Alvaredo.\",\"breadcrumb\":{\"@id\":\"https:\\\/\\\/www.altominho.tv\\\/site\\\/2023\\\/11\\\/28\\\/melgaco-assina-protocolo-para-criar-37-habitacoes-em-alvaredo\\\/#breadcrumb\"},\"inLanguage\":\"pt-PT\",\"potentialAction\":[{\"@type\":\"ReadAction\",\"target\":[\"https:\\\/\\\/www.altominho.tv\\\/site\\\/2023\\\/11\\\/28\\\/melgaco-assina-protocolo-para-criar-37-habitacoes-em-alvaredo\\\/\"]}]},{\"@type\":\"ImageObject\",\"inLanguage\":\"pt-PT\",\"@id\":\"https:\\\/\\\/www.altominho.tv\\\/site\\\/2023\\\/11\\\/28\\\/melgaco-assina-protocolo-para-criar-37-habitacoes-em-alvaredo\\\/#primaryimage\",\"url\":\"https:\\\/\\\/www.altominho.tv\\\/site\\\/wp-content\\\/uploads\\\/2023\\\/11\\\/habitacoes-melgaco-e1701190800183.jpeg\",\"contentUrl\":\"https:\\\/\\\/www.altominho.tv\\\/site\\\/wp-content\\\/uploads\\\/2023\\\/11\\\/habitacoes-melgaco-e1701190800183.jpeg\",\"width\":2048,\"height\":1437},{\"@type\":\"BreadcrumbList\",\"@id\":\"https:\\\/\\\/www.altominho.tv\\\/site\\\/2023\\\/11\\\/28\\\/melgaco-assina-protocolo-para-criar-37-habitacoes-em-alvaredo\\\/#breadcrumb\",\"itemListElement\":[{\"@type\":\"ListItem\",\"position\":1,\"name\":\"In\u00edcio\",\"item\":\"https:\\\/\\\/www.altominho.tv\\\/site\\\/\"},{\"@type\":\"ListItem\",\"position\":2,\"name\":\"Melga\u00e7o assina protocolo para criar 37 habita\u00e7\u00f5es em Alvaredo\"}]},{\"@type\":\"WebSite\",\"@id\":\"https:\\\/\\\/www.altominho.tv\\\/site\\\/#website\",\"url\":\"https:\\\/\\\/www.altominho.tv\\\/site\\\/\",\"name\":\"Altominho.tv\",\"description\":\"A sua regi\u00e3o \u00e0 dist\u00e2ncia de um clique...\",\"potentialAction\":[{\"@type\":\"SearchAction\",\"target\":{\"@type\":\"EntryPoint\",\"urlTemplate\":\"https:\\\/\\\/www.altominho.tv\\\/site\\\/?s={search_term_string}\"},\"query-input\":{\"@type\":\"PropertyValueSpecification\",\"valueRequired\":true,\"valueName\":\"search_term_string\"}}],\"inLanguage\":\"pt-PT\"},{\"@type\":\"Person\",\"@id\":\"https:\\\/\\\/www.altominho.tv\\\/site\\\/#\\\/schema\\\/person\\\/f95a2097796cf4462fe1e476cddc40e4\",\"name\":\"Beatriz Lira\",\"image\":{\"@type\":\"ImageObject\",\"inLanguage\":\"pt-PT\",\"@id\":\"https:\\\/\\\/www.altominho.tv\\\/site\\\/wp-content\\\/uploads\\\/2023\\\/03\\\/Screenshot_20230306-141220_Photos-150x150.jpg\",\"url\":\"https:\\\/\\\/www.altominho.tv\\\/site\\\/wp-content\\\/uploads\\\/2023\\\/03\\\/Screenshot_20230306-141220_Photos-150x150.jpg\",\"contentUrl\":\"https:\\\/\\\/www.altominho.tv\\\/site\\\/wp-content\\\/uploads\\\/2023\\\/03\\\/Screenshot_20230306-141220_Photos-150x150.jpg\",\"caption\":\"Beatriz Lira\"},\"url\":\"https:\\\/\\\/www.altominho.tv\\\/site\\\/author\\\/beatriz\\\/\"}]}<\/script>\n<!-- \/ Yoast SEO Premium plugin. -->","yoast_head_json":{"title":"Melga\u00e7o assina protocolo para criar 37 habita\u00e7\u00f5es em Alvaredo","description":"Na passada sexta-feira, a Ministra da Habita\u00e7\u00e3o, Marina Gon\u00e7alves, marcou presen\u00e7a na assinatura de um protocolo de coopera\u00e7\u00e3o com o IHRU - Instituto da Habita\u00e7\u00e3o e Reabilita\u00e7\u00e3o Urbana, com vista \u00e0 cria\u00e7\u00e3o de um parque p\u00fablico de habita\u00e7\u00e3o a custos acess\u00edveis na freguesia de Alvaredo.","robots":{"index":"index","follow":"follow","max-snippet":"max-snippet:-1","max-image-preview":"max-image-preview:large","max-video-preview":"max-video-preview:-1"},"canonical":"https:\/\/www.altominho.tv\/site\/2023\/11\/28\/melgaco-assina-protocolo-para-criar-37-habitacoes-em-alvaredo\/","og_locale":"pt_PT","og_type":"article","og_title":"Melga\u00e7o assina protocolo para criar 37 habita\u00e7\u00f5es em Alvaredo","og_description":"Na passada sexta-feira, a Ministra da Habita\u00e7\u00e3o, Marina Gon\u00e7alves, marcou presen\u00e7a na assinatura de um protocolo de coopera\u00e7\u00e3o com o IHRU - Instituto da Habita\u00e7\u00e3o e Reabilita\u00e7\u00e3o Urbana, com vista \u00e0 cria\u00e7\u00e3o de um parque p\u00fablico de habita\u00e7\u00e3o a custos acess\u00edveis na freguesia de Alvaredo.","og_url":"https:\/\/www.altominho.tv\/site\/2023\/11\/28\/melgaco-assina-protocolo-para-criar-37-habitacoes-em-alvaredo\/","og_site_name":"Altominho.tv","article_publisher":"https:\/\/www.facebook.com\/altominhotv","article_published_time":"2023-11-28T17:01:25+00:00","article_modified_time":"2023-11-28T17:01:27+00:00","og_image":[{"width":2048,"height":1437,"url":"https:\/\/www.altominho.tv\/site\/wp-content\/uploads\/2023\/11\/habitacoes-melgaco-e1701190800183.jpeg","type":"image\/jpeg"}],"author":"Beatriz Lira","twitter_card":"summary_large_image","twitter_creator":"@altominhoTV","twitter_site":"@altominhoTV","twitter_misc":{"Escrito por":"Beatriz Lira","Tempo estimado de leitura":"2 minutos"},"schema":{"@context":"https:\/\/schema.org","@graph":[{"@type":"Article","@id":"https:\/\/www.altominho.tv\/site\/2023\/11\/28\/melgaco-assina-protocolo-para-criar-37-habitacoes-em-alvaredo\/#article","isPartOf":{"@id":"https:\/\/www.altominho.tv\/site\/2023\/11\/28\/melgaco-assina-protocolo-para-criar-37-habitacoes-em-alvaredo\/"},"author":{"name":"Beatriz Lira","@id":"https:\/\/www.altominho.tv\/site\/#\/schema\/person\/f95a2097796cf4462fe1e476cddc40e4"},"headline":"Melga\u00e7o assina protocolo para criar 37 habita\u00e7\u00f5es em Alvaredo","datePublished":"2023-11-28T17:01:25+00:00","dateModified":"2023-11-28T17:01:27+00:00","mainEntityOfPage":{"@id":"https:\/\/www.altominho.tv\/site\/2023\/11\/28\/melgaco-assina-protocolo-para-criar-37-habitacoes-em-alvaredo\/"},"wordCount":349,"image":{"@id":"https:\/\/www.altominho.tv\/site\/2023\/11\/28\/melgaco-assina-protocolo-para-criar-37-habitacoes-em-alvaredo\/#primaryimage"},"thumbnailUrl":"https:\/\/www.altominho.tv\/site\/wp-content\/uploads\/2023\/11\/habitacoes-melgaco-e1701190800183.jpeg","keywords":["Economia","Sociedade"],"articleSection":["Melga\u00e7o"],"inLanguage":"pt-PT","copyrightYear":"2023","copyrightHolder":{"@id":"https:\/\/www.altominho.tv\/site\/#organization"}},{"@type":"WebPage","@id":"https:\/\/www.altominho.tv\/site\/2023\/11\/28\/melgaco-assina-protocolo-para-criar-37-habitacoes-em-alvaredo\/","url":"https:\/\/www.altominho.tv\/site\/2023\/11\/28\/melgaco-assina-protocolo-para-criar-37-habitacoes-em-alvaredo\/","name":"Melga\u00e7o assina protocolo para criar 37 habita\u00e7\u00f5es em Alvaredo","isPartOf":{"@id":"https:\/\/www.altominho.tv\/site\/#website"},"primaryImageOfPage":{"@id":"https:\/\/www.altominho.tv\/site\/2023\/11\/28\/melgaco-assina-protocolo-para-criar-37-habitacoes-em-alvaredo\/#primaryimage"},"image":{"@id":"https:\/\/www.altominho.tv\/site\/2023\/11\/28\/melgaco-assina-protocolo-para-criar-37-habitacoes-em-alvaredo\/#primaryimage"},"thumbnailUrl":"https:\/\/www.altominho.tv\/site\/wp-content\/uploads\/2023\/11\/habitacoes-melgaco-e1701190800183.jpeg","datePublished":"2023-11-28T17:01:25+00:00","dateModified":"2023-11-28T17:01:27+00:00","author":{"@id":"https:\/\/www.altominho.tv\/site\/#\/schema\/person\/f95a2097796cf4462fe1e476cddc40e4"},"description":"Na passada sexta-feira, a Ministra da Habita\u00e7\u00e3o, Marina Gon\u00e7alves, marcou presen\u00e7a na assinatura de um protocolo de coopera\u00e7\u00e3o com o IHRU - Instituto da Habita\u00e7\u00e3o e Reabilita\u00e7\u00e3o Urbana, com vista \u00e0 cria\u00e7\u00e3o de um parque p\u00fablico de habita\u00e7\u00e3o a custos acess\u00edveis na freguesia de Alvaredo.","breadcrumb":{"@id":"https:\/\/www.altominho.tv\/site\/2023\/11\/28\/melgaco-assina-protocolo-para-criar-37-habitacoes-em-alvaredo\/#breadcrumb"},"inLanguage":"pt-PT","potentialAction":[{"@type":"ReadAction","target":["https:\/\/www.altominho.tv\/site\/2023\/11\/28\/melgaco-assina-protocolo-para-criar-37-habitacoes-em-alvaredo\/"]}]},{"@type":"ImageObject","inLanguage":"pt-PT","@id":"https:\/\/www.altominho.tv\/site\/2023\/11\/28\/melgaco-assina-protocolo-para-criar-37-habitacoes-em-alvaredo\/#primaryimage","url":"https:\/\/www.altominho.tv\/site\/wp-content\/uploads\/2023\/11\/habitacoes-melgaco-e1701190800183.jpeg","contentUrl":"https:\/\/www.altominho.tv\/site\/wp-content\/uploads\/2023\/11\/habitacoes-melgaco-e1701190800183.jpeg","width":2048,"height":1437},{"@type":"BreadcrumbList","@id":"https:\/\/www.altominho.tv\/site\/2023\/11\/28\/melgaco-assina-protocolo-para-criar-37-habitacoes-em-alvaredo\/#breadcrumb","itemListElement":[{"@type":"ListItem","position":1,"name":"In\u00edcio","item":"https:\/\/www.altominho.tv\/site\/"},{"@type":"ListItem","position":2,"name":"Melga\u00e7o assina protocolo para criar 37 habita\u00e7\u00f5es em Alvaredo"}]},{"@type":"WebSite","@id":"https:\/\/www.altominho.tv\/site\/#website","url":"https:\/\/www.altominho.tv\/site\/","name":"Altominho.tv","description":"A sua regi\u00e3o \u00e0 dist\u00e2ncia de um clique...","potentialAction":[{"@type":"SearchAction","target":{"@type":"EntryPoint","urlTemplate":"https:\/\/www.altominho.tv\/site\/?s={search_term_string}"},"query-input":{"@type":"PropertyValueSpecification","valueRequired":true,"valueName":"search_term_string"}}],"inLanguage":"pt-PT"},{"@type":"Person","@id":"https:\/\/www.altominho.tv\/site\/#\/schema\/person\/f95a2097796cf4462fe1e476cddc40e4","name":"Beatriz Lira","image":{"@type":"ImageObject","inLanguage":"pt-PT","@id":"https:\/\/www.altominho.tv\/site\/wp-content\/uploads\/2023\/03\/Screenshot_20230306-141220_Photos-150x150.jpg","url":"https:\/\/www.altominho.tv\/site\/wp-content\/uploads\/2023\/03\/Screenshot_20230306-141220_Photos-150x150.jpg","contentUrl":"https:\/\/www.altominho.tv\/site\/wp-content\/uploads\/2023\/03\/Screenshot_20230306-141220_Photos-150x150.jpg","caption":"Beatriz Lira"},"url":"https:\/\/www.altominho.tv\/site\/author\/beatriz\/"}]}},"_links":{"self":[{"href":"https:\/\/www.altominho.tv\/site\/wp-json\/wp\/v2\/posts\/99228","targetHints":{"allow":["GET"]}}],"collection":[{"href":"https:\/\/www.altominho.tv\/site\/wp-json\/wp\/v2\/posts"}],"about":[{"href":"https:\/\/www.altominho.tv\/site\/wp-json\/wp\/v2\/types\/post"}],"author":[{"embeddable":true,"href":"https:\/\/www.altominho.tv\/site\/wp-json\/wp\/v2\/users\/28"}],"replies":[{"embeddable":true,"href":"https:\/\/www.altominho.tv\/site\/wp-json\/wp\/v2\/comments?post=99228"}],"version-history":[{"count":1,"href":"https:\/\/www.altominho.tv\/site\/wp-json\/wp\/v2\/posts\/99228\/revisions"}],"predecessor-version":[{"id":99230,"href":"https:\/\/www.altominho.tv\/site\/wp-json\/wp\/v2\/posts\/99228\/revisions\/99230"}],"wp:featuredmedia":[{"embeddable":true,"href":"https:\/\/www.altominho.tv\/site\/wp-json\/wp\/v2\/media\/99229"}],"wp:attachment":[{"href":"https:\/\/www.altominho.tv\/site\/wp-json\/wp\/v2\/media?parent=99228"}],"wp:term":[{"taxonomy":"category","embeddable":true,"href":"https:\/\/www.altominho.tv\/site\/wp-json\/wp\/v2\/categories?post=99228"},{"taxonomy":"post_tag","embeddable":true,"href":"https:\/\/www.altominho.tv\/site\/wp-json\/wp\/v2\/tags?post=99228"}],"curies":[{"name":"wp","href":"https:\/\/api.w.org\/{rel}","templated":true}]}}