{"id":99076,"date":"2023-11-24T11:04:22","date_gmt":"2023-11-24T11:04:22","guid":{"rendered":"https:\/\/www.altominho.tv\/site\/?p=99076"},"modified":"2023-11-24T11:04:25","modified_gmt":"2023-11-24T11:04:25","slug":"viana-do-castelo-ja-plantou-4700-arvores-e-milhares-de-arbustos-autoctones","status":"publish","type":"post","link":"https:\/\/www.altominho.tv\/site\/2023\/11\/24\/viana-do-castelo-ja-plantou-4700-arvores-e-milhares-de-arbustos-autoctones\/","title":{"rendered":"Viana do Castelo j\u00e1 plantou 4700 \u00e1rvores e milhares de arbustos aut\u00f3ctones"},"content":{"rendered":"<p class=\"p1\">A C\u00e2mara Municipal de Viana do Castelo est\u00e1 a investir na valoriza\u00e7\u00e3o ecol\u00f3gica e ambiental e j\u00e1 plantou cerca de 4700 \u00e1rvores e milhares de arbustos aut\u00f3ctones, revelou hoje a autarquia, no \u00e2mbito das comemora\u00e7\u00f5es do Dia Nacional da Floresta Aut\u00f3ctone, comemorado a 23 de novembro.<\/p>\n<p class=\"p1\">&#8220;Viana do Castelo atingiu este ano uma meta ambiental significativa com a planta\u00e7\u00e3o de milhares de esp\u00e9cies aut\u00f3ctones, atrav\u00e9s do desenvolvimento de diversos projetos, dos quais se destacam a \u00b4(Re)arboriza\u00e7\u00e3o de Espa\u00e7os Verdes de Viana do Castelo\u00b4, o programa \u00b4Reflorestar com Identidade\u00b4 e a \u00b4Reabilita\u00e7\u00e3o das margens do rio Lima\u00b4&#8221;, refere o munic\u00edpio.<\/p>\n<p class=\"p1\">O projeto \u201c(Re)arboriza\u00e7\u00e3o de Espa\u00e7os Verdes de Viana do Castelo\u201d, no momento em fase de conclus\u00e3o, financiado pelo Programa Compete 2020 em cerca de 74.000 euros, culminou na valoriza\u00e7\u00e3o ecol\u00f3gica, paisag\u00edstica e social de seis espa\u00e7os ao longo da malha urbana e periurbana da cidade.<\/p>\n<p class=\"p1\">Numa \u00e1rea de interven\u00e7\u00e3o aproximada de 14 hectares, foram executadas a\u00e7\u00f5es que envolveram a planta\u00e7\u00e3o de 147 \u00e1rvores e 727 arbustos aut\u00f3ctones, o abatimento de \u00e1rvores com graves problemas fitossanit\u00e1rios e a poda de manuten\u00e7\u00e3o de 50 \u00e1rvores.<\/p>\n<p class=\"p1\">&#8220;Esta iniciativa n\u00e3o visa apenas a melhoria est\u00e9tica, mas tamb\u00e9m refor\u00e7a a resili\u00eancia ecol\u00f3gica do ambiente urbano&#8221;, acrescenta a autarquia.<\/p>\n","protected":false},"excerpt":{"rendered":"<p>A C\u00e2mara Municipal de Viana do Castelo est\u00e1 a investir na valoriza\u00e7\u00e3o ecol\u00f3gica e ambiental e j\u00e1 plantou cerca de 4700 \u00e1rvores e milhares de arbustos aut\u00f3ctones, revelou hoje a autarquia, no \u00e2mbito das comemora\u00e7\u00f5es do Dia Nacional da Floresta Aut\u00f3ctone, comemorado a 23 de novembro. &#8220;Viana do Castelo atingiu este ano uma meta ambiental [&hellip;]<\/p>\n","protected":false},"author":1,"featured_media":99077,"comment_status":"closed","ping_status":"closed","sticky":false,"template":"","format":"standard","meta":{"_exactmetrics_skip_tracking":false,"footnotes":""},"categories":[14],"tags":[27],"class_list":["post-99076","post","type-post","status-publish","format-standard","has-post-thumbnail","hentry","category-viana-do-castelo","tag-sociedade"],"yoast_head":"<!-- This site is optimized with the Yoast SEO Premium plugin v28.3 (Yoast SEO v28.3) - https:\/\/yoast.com\/product\/yoast-seo-premium-wordpress\/ -->\n<title>Viana do Castelo j\u00e1 plantou 4700 \u00e1rvores e milhares de arbustos aut\u00f3ctones<\/title>\n<meta name=\"description\" content=\"A C\u00e2mara Municipal de Viana do Castelo est\u00e1 a investir na valoriza\u00e7\u00e3o ecol\u00f3gica e ambiental e j\u00e1 plantou cerca de 4700 \u00e1rvores e milhares de arbustos aut\u00f3ctones, revelou hoje a autarquia, no \u00e2mbito das comemora\u00e7\u00f5es do Dia Nacional da Floresta Aut\u00f3ctone, comemorado a 23 de novembro.\" \/>\n<meta name=\"robots\" content=\"index, follow, max-snippet:-1, max-image-preview:large, max-video-preview:-1\" \/>\n<link rel=\"canonical\" href=\"https:\/\/www.altominho.tv\/site\/2023\/11\/24\/viana-do-castelo-ja-plantou-4700-arvores-e-milhares-de-arbustos-autoctones\/\" \/>\n<meta property=\"og:locale\" content=\"pt_PT\" \/>\n<meta property=\"og:type\" content=\"article\" \/>\n<meta property=\"og:title\" content=\"Viana do Castelo j\u00e1 plantou 4700 \u00e1rvores e milhares de arbustos aut\u00f3ctones\" \/>\n<meta property=\"og:description\" content=\"A C\u00e2mara Municipal de Viana do Castelo est\u00e1 a investir na valoriza\u00e7\u00e3o ecol\u00f3gica e ambiental e j\u00e1 plantou cerca de 4700 \u00e1rvores e milhares de arbustos aut\u00f3ctones, revelou hoje a autarquia, no \u00e2mbito das comemora\u00e7\u00f5es do Dia Nacional da Floresta Aut\u00f3ctone, comemorado a 23 de novembro.\" \/>\n<meta property=\"og:url\" content=\"https:\/\/www.altominho.tv\/site\/2023\/11\/24\/viana-do-castelo-ja-plantou-4700-arvores-e-milhares-de-arbustos-autoctones\/\" \/>\n<meta property=\"og:site_name\" content=\"Altominho.tv\" \/>\n<meta property=\"article:publisher\" content=\"https:\/\/www.facebook.com\/altominhotv\" \/>\n<meta property=\"article:published_time\" content=\"2023-11-24T11:04:22+00:00\" \/>\n<meta property=\"article:modified_time\" content=\"2023-11-24T11:04:25+00:00\" \/>\n<meta property=\"og:image\" content=\"https:\/\/www.altominho.tv\/site\/wp-content\/uploads\/2023\/11\/plantar-arvores.jpg\" \/>\n\t<meta property=\"og:image:width\" content=\"2541\" \/>\n\t<meta property=\"og:image:height\" content=\"1694\" \/>\n\t<meta property=\"og:image:type\" content=\"image\/jpeg\" \/>\n<meta name=\"author\" content=\"Altominho.tv\" \/>\n<meta name=\"twitter:card\" content=\"summary_large_image\" \/>\n<meta name=\"twitter:creator\" content=\"@altominhoTV\" \/>\n<meta name=\"twitter:site\" content=\"@altominhoTV\" \/>\n<meta name=\"twitter:label1\" content=\"Escrito por\" \/>\n\t<meta name=\"twitter:data1\" content=\"Altominho.tv\" \/>\n\t<meta name=\"twitter:label2\" content=\"Tempo estimado de leitura\" \/>\n\t<meta name=\"twitter:data2\" content=\"2 minutos\" \/>\n<script type=\"application\/ld+json\" class=\"yoast-schema-graph\">{\"@context\":\"https:\\\/\\\/schema.org\",\"@graph\":[{\"@type\":\"Article\",\"@id\":\"https:\\\/\\\/www.altominho.tv\\\/site\\\/2023\\\/11\\\/24\\\/viana-do-castelo-ja-plantou-4700-arvores-e-milhares-de-arbustos-autoctones\\\/#article\",\"isPartOf\":{\"@id\":\"https:\\\/\\\/www.altominho.tv\\\/site\\\/2023\\\/11\\\/24\\\/viana-do-castelo-ja-plantou-4700-arvores-e-milhares-de-arbustos-autoctones\\\/\"},\"author\":{\"name\":\"Altominho.tv\",\"@id\":\"https:\\\/\\\/www.altominho.tv\\\/site\\\/#\\\/schema\\\/person\\\/4e536851627d7914baf3dac752b6af22\"},\"headline\":\"Viana do Castelo j\u00e1 plantou 4700 \u00e1rvores e milhares de arbustos aut\u00f3ctones\",\"datePublished\":\"2023-11-24T11:04:22+00:00\",\"dateModified\":\"2023-11-24T11:04:25+00:00\",\"mainEntityOfPage\":{\"@id\":\"https:\\\/\\\/www.altominho.tv\\\/site\\\/2023\\\/11\\\/24\\\/viana-do-castelo-ja-plantou-4700-arvores-e-milhares-de-arbustos-autoctones\\\/\"},\"wordCount\":241,\"image\":{\"@id\":\"https:\\\/\\\/www.altominho.tv\\\/site\\\/2023\\\/11\\\/24\\\/viana-do-castelo-ja-plantou-4700-arvores-e-milhares-de-arbustos-autoctones\\\/#primaryimage\"},\"thumbnailUrl\":\"https:\\\/\\\/www.altominho.tv\\\/site\\\/wp-content\\\/uploads\\\/2023\\\/11\\\/plantar-arvores.jpg\",\"keywords\":[\"Sociedade\"],\"articleSection\":[\"Viana do Castelo\"],\"inLanguage\":\"pt-PT\",\"copyrightYear\":\"2023\",\"copyrightHolder\":{\"@id\":\"https:\\\/\\\/www.altominho.tv\\\/site\\\/#organization\"}},{\"@type\":\"WebPage\",\"@id\":\"https:\\\/\\\/www.altominho.tv\\\/site\\\/2023\\\/11\\\/24\\\/viana-do-castelo-ja-plantou-4700-arvores-e-milhares-de-arbustos-autoctones\\\/\",\"url\":\"https:\\\/\\\/www.altominho.tv\\\/site\\\/2023\\\/11\\\/24\\\/viana-do-castelo-ja-plantou-4700-arvores-e-milhares-de-arbustos-autoctones\\\/\",\"name\":\"Viana do Castelo j\u00e1 plantou 4700 \u00e1rvores e milhares de arbustos aut\u00f3ctones\",\"isPartOf\":{\"@id\":\"https:\\\/\\\/www.altominho.tv\\\/site\\\/#website\"},\"primaryImageOfPage\":{\"@id\":\"https:\\\/\\\/www.altominho.tv\\\/site\\\/2023\\\/11\\\/24\\\/viana-do-castelo-ja-plantou-4700-arvores-e-milhares-de-arbustos-autoctones\\\/#primaryimage\"},\"image\":{\"@id\":\"https:\\\/\\\/www.altominho.tv\\\/site\\\/2023\\\/11\\\/24\\\/viana-do-castelo-ja-plantou-4700-arvores-e-milhares-de-arbustos-autoctones\\\/#primaryimage\"},\"thumbnailUrl\":\"https:\\\/\\\/www.altominho.tv\\\/site\\\/wp-content\\\/uploads\\\/2023\\\/11\\\/plantar-arvores.jpg\",\"datePublished\":\"2023-11-24T11:04:22+00:00\",\"dateModified\":\"2023-11-24T11:04:25+00:00\",\"author\":{\"@id\":\"https:\\\/\\\/www.altominho.tv\\\/site\\\/#\\\/schema\\\/person\\\/4e536851627d7914baf3dac752b6af22\"},\"description\":\"A C\u00e2mara Municipal de Viana do Castelo est\u00e1 a investir na valoriza\u00e7\u00e3o ecol\u00f3gica e ambiental e j\u00e1 plantou cerca de 4700 \u00e1rvores e milhares de arbustos aut\u00f3ctones, revelou hoje a autarquia, no \u00e2mbito das comemora\u00e7\u00f5es do Dia Nacional da Floresta Aut\u00f3ctone, comemorado a 23 de novembro.\",\"breadcrumb\":{\"@id\":\"https:\\\/\\\/www.altominho.tv\\\/site\\\/2023\\\/11\\\/24\\\/viana-do-castelo-ja-plantou-4700-arvores-e-milhares-de-arbustos-autoctones\\\/#breadcrumb\"},\"inLanguage\":\"pt-PT\",\"potentialAction\":[{\"@type\":\"ReadAction\",\"target\":[\"https:\\\/\\\/www.altominho.tv\\\/site\\\/2023\\\/11\\\/24\\\/viana-do-castelo-ja-plantou-4700-arvores-e-milhares-de-arbustos-autoctones\\\/\"]}]},{\"@type\":\"ImageObject\",\"inLanguage\":\"pt-PT\",\"@id\":\"https:\\\/\\\/www.altominho.tv\\\/site\\\/2023\\\/11\\\/24\\\/viana-do-castelo-ja-plantou-4700-arvores-e-milhares-de-arbustos-autoctones\\\/#primaryimage\",\"url\":\"https:\\\/\\\/www.altominho.tv\\\/site\\\/wp-content\\\/uploads\\\/2023\\\/11\\\/plantar-arvores.jpg\",\"contentUrl\":\"https:\\\/\\\/www.altominho.tv\\\/site\\\/wp-content\\\/uploads\\\/2023\\\/11\\\/plantar-arvores.jpg\",\"width\":2541,\"height\":1694},{\"@type\":\"BreadcrumbList\",\"@id\":\"https:\\\/\\\/www.altominho.tv\\\/site\\\/2023\\\/11\\\/24\\\/viana-do-castelo-ja-plantou-4700-arvores-e-milhares-de-arbustos-autoctones\\\/#breadcrumb\",\"itemListElement\":[{\"@type\":\"ListItem\",\"position\":1,\"name\":\"In\u00edcio\",\"item\":\"https:\\\/\\\/www.altominho.tv\\\/site\\\/\"},{\"@type\":\"ListItem\",\"position\":2,\"name\":\"Viana do Castelo j\u00e1 plantou 4700 \u00e1rvores e milhares de arbustos aut\u00f3ctones\"}]},{\"@type\":\"WebSite\",\"@id\":\"https:\\\/\\\/www.altominho.tv\\\/site\\\/#website\",\"url\":\"https:\\\/\\\/www.altominho.tv\\\/site\\\/\",\"name\":\"Altominho.tv\",\"description\":\"A sua regi\u00e3o \u00e0 dist\u00e2ncia de um clique...\",\"potentialAction\":[{\"@type\":\"SearchAction\",\"target\":{\"@type\":\"EntryPoint\",\"urlTemplate\":\"https:\\\/\\\/www.altominho.tv\\\/site\\\/?s={search_term_string}\"},\"query-input\":{\"@type\":\"PropertyValueSpecification\",\"valueRequired\":true,\"valueName\":\"search_term_string\"}}],\"inLanguage\":\"pt-PT\"},{\"@type\":\"Person\",\"@id\":\"https:\\\/\\\/www.altominho.tv\\\/site\\\/#\\\/schema\\\/person\\\/4e536851627d7914baf3dac752b6af22\",\"name\":\"Altominho.tv\",\"image\":{\"@type\":\"ImageObject\",\"inLanguage\":\"pt-PT\",\"@id\":\"https:\\\/\\\/www.altominho.tv\\\/site\\\/wp-content\\\/uploads\\\/2019\\\/11\\\/Logo_Avatar_2-150x150.jpg\",\"url\":\"https:\\\/\\\/www.altominho.tv\\\/site\\\/wp-content\\\/uploads\\\/2019\\\/11\\\/Logo_Avatar_2-150x150.jpg\",\"contentUrl\":\"https:\\\/\\\/www.altominho.tv\\\/site\\\/wp-content\\\/uploads\\\/2019\\\/11\\\/Logo_Avatar_2-150x150.jpg\",\"caption\":\"Altominho.tv\"},\"url\":\"https:\\\/\\\/www.altominho.tv\\\/site\\\/author\\\/altominhotv-tecnico\\\/\"}]}<\/script>\n<!-- \/ Yoast SEO Premium plugin. -->","yoast_head_json":{"title":"Viana do Castelo j\u00e1 plantou 4700 \u00e1rvores e milhares de arbustos aut\u00f3ctones","description":"A C\u00e2mara Municipal de Viana do Castelo est\u00e1 a investir na valoriza\u00e7\u00e3o ecol\u00f3gica e ambiental e j\u00e1 plantou cerca de 4700 \u00e1rvores e milhares de arbustos aut\u00f3ctones, revelou hoje a autarquia, no \u00e2mbito das comemora\u00e7\u00f5es do Dia Nacional da Floresta Aut\u00f3ctone, comemorado a 23 de novembro.","robots":{"index":"index","follow":"follow","max-snippet":"max-snippet:-1","max-image-preview":"max-image-preview:large","max-video-preview":"max-video-preview:-1"},"canonical":"https:\/\/www.altominho.tv\/site\/2023\/11\/24\/viana-do-castelo-ja-plantou-4700-arvores-e-milhares-de-arbustos-autoctones\/","og_locale":"pt_PT","og_type":"article","og_title":"Viana do Castelo j\u00e1 plantou 4700 \u00e1rvores e milhares de arbustos aut\u00f3ctones","og_description":"A C\u00e2mara Municipal de Viana do Castelo est\u00e1 a investir na valoriza\u00e7\u00e3o ecol\u00f3gica e ambiental e j\u00e1 plantou cerca de 4700 \u00e1rvores e milhares de arbustos aut\u00f3ctones, revelou hoje a autarquia, no \u00e2mbito das comemora\u00e7\u00f5es do Dia Nacional da Floresta Aut\u00f3ctone, comemorado a 23 de novembro.","og_url":"https:\/\/www.altominho.tv\/site\/2023\/11\/24\/viana-do-castelo-ja-plantou-4700-arvores-e-milhares-de-arbustos-autoctones\/","og_site_name":"Altominho.tv","article_publisher":"https:\/\/www.facebook.com\/altominhotv","article_published_time":"2023-11-24T11:04:22+00:00","article_modified_time":"2023-11-24T11:04:25+00:00","og_image":[{"width":2541,"height":1694,"url":"https:\/\/www.altominho.tv\/site\/wp-content\/uploads\/2023\/11\/plantar-arvores.jpg","type":"image\/jpeg"}],"author":"Altominho.tv","twitter_card":"summary_large_image","twitter_creator":"@altominhoTV","twitter_site":"@altominhoTV","twitter_misc":{"Escrito por":"Altominho.tv","Tempo estimado de leitura":"2 minutos"},"schema":{"@context":"https:\/\/schema.org","@graph":[{"@type":"Article","@id":"https:\/\/www.altominho.tv\/site\/2023\/11\/24\/viana-do-castelo-ja-plantou-4700-arvores-e-milhares-de-arbustos-autoctones\/#article","isPartOf":{"@id":"https:\/\/www.altominho.tv\/site\/2023\/11\/24\/viana-do-castelo-ja-plantou-4700-arvores-e-milhares-de-arbustos-autoctones\/"},"author":{"name":"Altominho.tv","@id":"https:\/\/www.altominho.tv\/site\/#\/schema\/person\/4e536851627d7914baf3dac752b6af22"},"headline":"Viana do Castelo j\u00e1 plantou 4700 \u00e1rvores e milhares de arbustos aut\u00f3ctones","datePublished":"2023-11-24T11:04:22+00:00","dateModified":"2023-11-24T11:04:25+00:00","mainEntityOfPage":{"@id":"https:\/\/www.altominho.tv\/site\/2023\/11\/24\/viana-do-castelo-ja-plantou-4700-arvores-e-milhares-de-arbustos-autoctones\/"},"wordCount":241,"image":{"@id":"https:\/\/www.altominho.tv\/site\/2023\/11\/24\/viana-do-castelo-ja-plantou-4700-arvores-e-milhares-de-arbustos-autoctones\/#primaryimage"},"thumbnailUrl":"https:\/\/www.altominho.tv\/site\/wp-content\/uploads\/2023\/11\/plantar-arvores.jpg","keywords":["Sociedade"],"articleSection":["Viana do Castelo"],"inLanguage":"pt-PT","copyrightYear":"2023","copyrightHolder":{"@id":"https:\/\/www.altominho.tv\/site\/#organization"}},{"@type":"WebPage","@id":"https:\/\/www.altominho.tv\/site\/2023\/11\/24\/viana-do-castelo-ja-plantou-4700-arvores-e-milhares-de-arbustos-autoctones\/","url":"https:\/\/www.altominho.tv\/site\/2023\/11\/24\/viana-do-castelo-ja-plantou-4700-arvores-e-milhares-de-arbustos-autoctones\/","name":"Viana do Castelo j\u00e1 plantou 4700 \u00e1rvores e milhares de arbustos aut\u00f3ctones","isPartOf":{"@id":"https:\/\/www.altominho.tv\/site\/#website"},"primaryImageOfPage":{"@id":"https:\/\/www.altominho.tv\/site\/2023\/11\/24\/viana-do-castelo-ja-plantou-4700-arvores-e-milhares-de-arbustos-autoctones\/#primaryimage"},"image":{"@id":"https:\/\/www.altominho.tv\/site\/2023\/11\/24\/viana-do-castelo-ja-plantou-4700-arvores-e-milhares-de-arbustos-autoctones\/#primaryimage"},"thumbnailUrl":"https:\/\/www.altominho.tv\/site\/wp-content\/uploads\/2023\/11\/plantar-arvores.jpg","datePublished":"2023-11-24T11:04:22+00:00","dateModified":"2023-11-24T11:04:25+00:00","author":{"@id":"https:\/\/www.altominho.tv\/site\/#\/schema\/person\/4e536851627d7914baf3dac752b6af22"},"description":"A C\u00e2mara Municipal de Viana do Castelo est\u00e1 a investir na valoriza\u00e7\u00e3o ecol\u00f3gica e ambiental e j\u00e1 plantou cerca de 4700 \u00e1rvores e milhares de arbustos aut\u00f3ctones, revelou hoje a autarquia, no \u00e2mbito das comemora\u00e7\u00f5es do Dia Nacional da Floresta Aut\u00f3ctone, comemorado a 23 de novembro.","breadcrumb":{"@id":"https:\/\/www.altominho.tv\/site\/2023\/11\/24\/viana-do-castelo-ja-plantou-4700-arvores-e-milhares-de-arbustos-autoctones\/#breadcrumb"},"inLanguage":"pt-PT","potentialAction":[{"@type":"ReadAction","target":["https:\/\/www.altominho.tv\/site\/2023\/11\/24\/viana-do-castelo-ja-plantou-4700-arvores-e-milhares-de-arbustos-autoctones\/"]}]},{"@type":"ImageObject","inLanguage":"pt-PT","@id":"https:\/\/www.altominho.tv\/site\/2023\/11\/24\/viana-do-castelo-ja-plantou-4700-arvores-e-milhares-de-arbustos-autoctones\/#primaryimage","url":"https:\/\/www.altominho.tv\/site\/wp-content\/uploads\/2023\/11\/plantar-arvores.jpg","contentUrl":"https:\/\/www.altominho.tv\/site\/wp-content\/uploads\/2023\/11\/plantar-arvores.jpg","width":2541,"height":1694},{"@type":"BreadcrumbList","@id":"https:\/\/www.altominho.tv\/site\/2023\/11\/24\/viana-do-castelo-ja-plantou-4700-arvores-e-milhares-de-arbustos-autoctones\/#breadcrumb","itemListElement":[{"@type":"ListItem","position":1,"name":"In\u00edcio","item":"https:\/\/www.altominho.tv\/site\/"},{"@type":"ListItem","position":2,"name":"Viana do Castelo j\u00e1 plantou 4700 \u00e1rvores e milhares de arbustos aut\u00f3ctones"}]},{"@type":"WebSite","@id":"https:\/\/www.altominho.tv\/site\/#website","url":"https:\/\/www.altominho.tv\/site\/","name":"Altominho.tv","description":"A sua regi\u00e3o \u00e0 dist\u00e2ncia de um clique...","potentialAction":[{"@type":"SearchAction","target":{"@type":"EntryPoint","urlTemplate":"https:\/\/www.altominho.tv\/site\/?s={search_term_string}"},"query-input":{"@type":"PropertyValueSpecification","valueRequired":true,"valueName":"search_term_string"}}],"inLanguage":"pt-PT"},{"@type":"Person","@id":"https:\/\/www.altominho.tv\/site\/#\/schema\/person\/4e536851627d7914baf3dac752b6af22","name":"Altominho.tv","image":{"@type":"ImageObject","inLanguage":"pt-PT","@id":"https:\/\/www.altominho.tv\/site\/wp-content\/uploads\/2019\/11\/Logo_Avatar_2-150x150.jpg","url":"https:\/\/www.altominho.tv\/site\/wp-content\/uploads\/2019\/11\/Logo_Avatar_2-150x150.jpg","contentUrl":"https:\/\/www.altominho.tv\/site\/wp-content\/uploads\/2019\/11\/Logo_Avatar_2-150x150.jpg","caption":"Altominho.tv"},"url":"https:\/\/www.altominho.tv\/site\/author\/altominhotv-tecnico\/"}]}},"_links":{"self":[{"href":"https:\/\/www.altominho.tv\/site\/wp-json\/wp\/v2\/posts\/99076","targetHints":{"allow":["GET"]}}],"collection":[{"href":"https:\/\/www.altominho.tv\/site\/wp-json\/wp\/v2\/posts"}],"about":[{"href":"https:\/\/www.altominho.tv\/site\/wp-json\/wp\/v2\/types\/post"}],"author":[{"embeddable":true,"href":"https:\/\/www.altominho.tv\/site\/wp-json\/wp\/v2\/users\/1"}],"replies":[{"embeddable":true,"href":"https:\/\/www.altominho.tv\/site\/wp-json\/wp\/v2\/comments?post=99076"}],"version-history":[{"count":1,"href":"https:\/\/www.altominho.tv\/site\/wp-json\/wp\/v2\/posts\/99076\/revisions"}],"predecessor-version":[{"id":99078,"href":"https:\/\/www.altominho.tv\/site\/wp-json\/wp\/v2\/posts\/99076\/revisions\/99078"}],"wp:featuredmedia":[{"embeddable":true,"href":"https:\/\/www.altominho.tv\/site\/wp-json\/wp\/v2\/media\/99077"}],"wp:attachment":[{"href":"https:\/\/www.altominho.tv\/site\/wp-json\/wp\/v2\/media?parent=99076"}],"wp:term":[{"taxonomy":"category","embeddable":true,"href":"https:\/\/www.altominho.tv\/site\/wp-json\/wp\/v2\/categories?post=99076"},{"taxonomy":"post_tag","embeddable":true,"href":"https:\/\/www.altominho.tv\/site\/wp-json\/wp\/v2\/tags?post=99076"}],"curies":[{"name":"wp","href":"https:\/\/api.w.org\/{rel}","templated":true}]}}