{"id":99028,"date":"2023-11-23T10:16:47","date_gmt":"2023-11-23T10:16:47","guid":{"rendered":"https:\/\/www.altominho.tv\/site\/?p=99028"},"modified":"2023-11-23T10:16:49","modified_gmt":"2023-11-23T10:16:49","slug":"praia-do-cabedelo-conquista-bandeira-azul-ha-20-anos-consecutivos","status":"publish","type":"post","link":"https:\/\/www.altominho.tv\/site\/2023\/11\/23\/praia-do-cabedelo-conquista-bandeira-azul-ha-20-anos-consecutivos\/","title":{"rendered":"Praia do Cabedelo conquista Bandeira Azul h\u00e1 20 anos consecutivos"},"content":{"rendered":"<p>A Associa\u00e7\u00e3o Bandeira Azul de Ambiente e Educa\u00e7\u00e3o atribuiu \u00e0 praia do Cabedelo o certificado de 20 anos consecutivos com Bandeira Azul, sin\u00f3nimo de &#8220;qualidade que distingue o esfor\u00e7o de diversas entidades em tornar poss\u00edvel a coexist\u00eancia do desenvolvimento local a par do respeito pelo ambiente&#8221; explica o comunicado enviado.<\/p>\n<p>Esta distin\u00e7\u00e3o entregue \u00e0 C\u00e2mara Municipal de Viana do Castelo visa elevar o grau de consciencializa\u00e7\u00e3o dos cidad\u00e3os em geral, dos decisores em particular, para a necessidade de se proteger o ambiente marinho, costeiro e lacustre.<\/p>\n<p>O certificado foi entregue \u00e0 Praia do Cabedelo no \u00e2mbito da Cerim\u00f3nia Bandeira Azul 2023, que aconteceu no Audit\u00f3rio do Templo da Poesia, no Parque dos Poetas, em Oeiras.<\/p>\n<p>Com o objetivo de assinalar o fim da \u00e9poca Bandeira Azul 2023, neste encontro foram atribu\u00eddos os pr\u00e9mios dos concursos, entregues os certificados das praias, marinas e embarca\u00e7\u00f5es galardoadas e apresentadas as conclus\u00f5es dos projetos e das parcerias que decorreram ao longo deste ano.<\/p>\n<p>Situada na margem sul da foz do Rio Lima, de areia fina e rodeada de dunas e de pinhal, a Praia do Cabedelo assume-se como uma ba\u00eda em forma de meia-lua que apresenta um &#8220;extenso areal e aberto, com condi\u00e7\u00f5es que se apresentam como verdadeiramente extraordin\u00e1rias para a pr\u00e1tica de desportos n\u00e1uticos&#8221; descreve a autarquia.<\/p>\n<p>&#8220;\u00c9 a praia vianense mais afamada para a pr\u00e1tica de desportos n\u00e1uticos e, por isso, ao longo do ano, o seu areal \u00e9 pintado pelas cores dos desportistas vindos um pouco de todo o mundo&#8221; afirma o munic\u00edpio.<\/p>\n","protected":false},"excerpt":{"rendered":"<p>A Associa\u00e7\u00e3o Bandeira Azul de Ambiente e Educa\u00e7\u00e3o atribuiu \u00e0 praia do Cabedelo o certificado de 20 anos consecutivos com Bandeira Azul, sin\u00f3nimo de &#8220;qualidade que distingue o esfor\u00e7o de diversas entidades em tornar poss\u00edvel a coexist\u00eancia do desenvolvimento local a par do respeito pelo ambiente&#8221; explica o comunicado enviado. Esta distin\u00e7\u00e3o entregue \u00e0 C\u00e2mara [&hellip;]<\/p>\n","protected":false},"author":28,"featured_media":99029,"comment_status":"closed","ping_status":"closed","sticky":false,"template":"","format":"standard","meta":{"_exactmetrics_skip_tracking":false,"footnotes":""},"categories":[14],"tags":[24,27],"class_list":["post-99028","post","type-post","status-publish","format-standard","has-post-thumbnail","hentry","category-viana-do-castelo","tag-lazer","tag-sociedade"],"yoast_head":"<!-- This site is optimized with the Yoast SEO Premium plugin v28.3 (Yoast SEO v28.3) - https:\/\/yoast.com\/product\/yoast-seo-premium-wordpress\/ -->\n<title>Praia do Cabedelo conquista Bandeira Azul h\u00e1 20 anos consecutivos<\/title>\n<meta name=\"robots\" content=\"index, follow, max-snippet:-1, max-image-preview:large, max-video-preview:-1\" \/>\n<link rel=\"canonical\" href=\"https:\/\/www.altominho.tv\/site\/2023\/11\/23\/praia-do-cabedelo-conquista-bandeira-azul-ha-20-anos-consecutivos\/\" \/>\n<meta property=\"og:locale\" content=\"pt_PT\" \/>\n<meta property=\"og:type\" content=\"article\" \/>\n<meta property=\"og:title\" content=\"Praia do Cabedelo conquista Bandeira Azul h\u00e1 20 anos consecutivos\" \/>\n<meta property=\"og:description\" content=\"A Associa\u00e7\u00e3o Bandeira Azul de Ambiente e Educa\u00e7\u00e3o atribuiu \u00e0 praia do Cabedelo o certificado de 20 anos consecutivos com Bandeira Azul, sin\u00f3nimo de &#8220;qualidade que distingue o esfor\u00e7o de diversas entidades em tornar poss\u00edvel a coexist\u00eancia do desenvolvimento local a par do respeito pelo ambiente&#8221; explica o comunicado enviado. Esta distin\u00e7\u00e3o entregue \u00e0 C\u00e2mara [&hellip;]\" \/>\n<meta property=\"og:url\" content=\"https:\/\/www.altominho.tv\/site\/2023\/11\/23\/praia-do-cabedelo-conquista-bandeira-azul-ha-20-anos-consecutivos\/\" \/>\n<meta property=\"og:site_name\" content=\"Altominho.tv\" \/>\n<meta property=\"article:publisher\" content=\"https:\/\/www.facebook.com\/altominhotv\" \/>\n<meta property=\"article:published_time\" content=\"2023-11-23T10:16:47+00:00\" \/>\n<meta property=\"article:modified_time\" content=\"2023-11-23T10:16:49+00:00\" \/>\n<meta property=\"og:image\" content=\"https:\/\/www.altominho.tv\/site\/wp-content\/uploads\/2023\/11\/DJI_0475.jpg\" \/>\n\t<meta property=\"og:image:width\" content=\"1949\" \/>\n\t<meta property=\"og:image:height\" content=\"1096\" \/>\n\t<meta property=\"og:image:type\" content=\"image\/jpeg\" \/>\n<meta name=\"author\" content=\"Beatriz Lira\" \/>\n<meta name=\"twitter:card\" content=\"summary_large_image\" \/>\n<meta name=\"twitter:creator\" content=\"@altominhoTV\" \/>\n<meta name=\"twitter:site\" content=\"@altominhoTV\" \/>\n<meta name=\"twitter:label1\" content=\"Escrito por\" \/>\n\t<meta name=\"twitter:data1\" content=\"Beatriz Lira\" \/>\n\t<meta name=\"twitter:label2\" content=\"Tempo estimado de leitura\" \/>\n\t<meta name=\"twitter:data2\" content=\"2 minutos\" \/>\n<script type=\"application\/ld+json\" class=\"yoast-schema-graph\">{\"@context\":\"https:\\\/\\\/schema.org\",\"@graph\":[{\"@type\":\"Article\",\"@id\":\"https:\\\/\\\/www.altominho.tv\\\/site\\\/2023\\\/11\\\/23\\\/praia-do-cabedelo-conquista-bandeira-azul-ha-20-anos-consecutivos\\\/#article\",\"isPartOf\":{\"@id\":\"https:\\\/\\\/www.altominho.tv\\\/site\\\/2023\\\/11\\\/23\\\/praia-do-cabedelo-conquista-bandeira-azul-ha-20-anos-consecutivos\\\/\"},\"author\":{\"name\":\"Beatriz Lira\",\"@id\":\"https:\\\/\\\/www.altominho.tv\\\/site\\\/#\\\/schema\\\/person\\\/f95a2097796cf4462fe1e476cddc40e4\"},\"headline\":\"Praia do Cabedelo conquista Bandeira Azul h\u00e1 20 anos consecutivos\",\"datePublished\":\"2023-11-23T10:16:47+00:00\",\"dateModified\":\"2023-11-23T10:16:49+00:00\",\"mainEntityOfPage\":{\"@id\":\"https:\\\/\\\/www.altominho.tv\\\/site\\\/2023\\\/11\\\/23\\\/praia-do-cabedelo-conquista-bandeira-azul-ha-20-anos-consecutivos\\\/\"},\"wordCount\":277,\"image\":{\"@id\":\"https:\\\/\\\/www.altominho.tv\\\/site\\\/2023\\\/11\\\/23\\\/praia-do-cabedelo-conquista-bandeira-azul-ha-20-anos-consecutivos\\\/#primaryimage\"},\"thumbnailUrl\":\"https:\\\/\\\/www.altominho.tv\\\/site\\\/wp-content\\\/uploads\\\/2023\\\/11\\\/DJI_0475.jpg\",\"keywords\":[\"Lazer\",\"Sociedade\"],\"articleSection\":[\"Viana do Castelo\"],\"inLanguage\":\"pt-PT\",\"copyrightYear\":\"2023\",\"copyrightHolder\":{\"@id\":\"https:\\\/\\\/www.altominho.tv\\\/site\\\/#organization\"}},{\"@type\":\"WebPage\",\"@id\":\"https:\\\/\\\/www.altominho.tv\\\/site\\\/2023\\\/11\\\/23\\\/praia-do-cabedelo-conquista-bandeira-azul-ha-20-anos-consecutivos\\\/\",\"url\":\"https:\\\/\\\/www.altominho.tv\\\/site\\\/2023\\\/11\\\/23\\\/praia-do-cabedelo-conquista-bandeira-azul-ha-20-anos-consecutivos\\\/\",\"name\":\"Praia do Cabedelo conquista Bandeira Azul h\u00e1 20 anos consecutivos\",\"isPartOf\":{\"@id\":\"https:\\\/\\\/www.altominho.tv\\\/site\\\/#website\"},\"primaryImageOfPage\":{\"@id\":\"https:\\\/\\\/www.altominho.tv\\\/site\\\/2023\\\/11\\\/23\\\/praia-do-cabedelo-conquista-bandeira-azul-ha-20-anos-consecutivos\\\/#primaryimage\"},\"image\":{\"@id\":\"https:\\\/\\\/www.altominho.tv\\\/site\\\/2023\\\/11\\\/23\\\/praia-do-cabedelo-conquista-bandeira-azul-ha-20-anos-consecutivos\\\/#primaryimage\"},\"thumbnailUrl\":\"https:\\\/\\\/www.altominho.tv\\\/site\\\/wp-content\\\/uploads\\\/2023\\\/11\\\/DJI_0475.jpg\",\"datePublished\":\"2023-11-23T10:16:47+00:00\",\"dateModified\":\"2023-11-23T10:16:49+00:00\",\"author\":{\"@id\":\"https:\\\/\\\/www.altominho.tv\\\/site\\\/#\\\/schema\\\/person\\\/f95a2097796cf4462fe1e476cddc40e4\"},\"breadcrumb\":{\"@id\":\"https:\\\/\\\/www.altominho.tv\\\/site\\\/2023\\\/11\\\/23\\\/praia-do-cabedelo-conquista-bandeira-azul-ha-20-anos-consecutivos\\\/#breadcrumb\"},\"inLanguage\":\"pt-PT\",\"potentialAction\":[{\"@type\":\"ReadAction\",\"target\":[\"https:\\\/\\\/www.altominho.tv\\\/site\\\/2023\\\/11\\\/23\\\/praia-do-cabedelo-conquista-bandeira-azul-ha-20-anos-consecutivos\\\/\"]}]},{\"@type\":\"ImageObject\",\"inLanguage\":\"pt-PT\",\"@id\":\"https:\\\/\\\/www.altominho.tv\\\/site\\\/2023\\\/11\\\/23\\\/praia-do-cabedelo-conquista-bandeira-azul-ha-20-anos-consecutivos\\\/#primaryimage\",\"url\":\"https:\\\/\\\/www.altominho.tv\\\/site\\\/wp-content\\\/uploads\\\/2023\\\/11\\\/DJI_0475.jpg\",\"contentUrl\":\"https:\\\/\\\/www.altominho.tv\\\/site\\\/wp-content\\\/uploads\\\/2023\\\/11\\\/DJI_0475.jpg\",\"width\":1949,\"height\":1096},{\"@type\":\"BreadcrumbList\",\"@id\":\"https:\\\/\\\/www.altominho.tv\\\/site\\\/2023\\\/11\\\/23\\\/praia-do-cabedelo-conquista-bandeira-azul-ha-20-anos-consecutivos\\\/#breadcrumb\",\"itemListElement\":[{\"@type\":\"ListItem\",\"position\":1,\"name\":\"In\u00edcio\",\"item\":\"https:\\\/\\\/www.altominho.tv\\\/site\\\/\"},{\"@type\":\"ListItem\",\"position\":2,\"name\":\"Praia do Cabedelo conquista Bandeira Azul h\u00e1 20 anos consecutivos\"}]},{\"@type\":\"WebSite\",\"@id\":\"https:\\\/\\\/www.altominho.tv\\\/site\\\/#website\",\"url\":\"https:\\\/\\\/www.altominho.tv\\\/site\\\/\",\"name\":\"Altominho.tv\",\"description\":\"A sua regi\u00e3o \u00e0 dist\u00e2ncia de um clique...\",\"potentialAction\":[{\"@type\":\"SearchAction\",\"target\":{\"@type\":\"EntryPoint\",\"urlTemplate\":\"https:\\\/\\\/www.altominho.tv\\\/site\\\/?s={search_term_string}\"},\"query-input\":{\"@type\":\"PropertyValueSpecification\",\"valueRequired\":true,\"valueName\":\"search_term_string\"}}],\"inLanguage\":\"pt-PT\"},{\"@type\":\"Person\",\"@id\":\"https:\\\/\\\/www.altominho.tv\\\/site\\\/#\\\/schema\\\/person\\\/f95a2097796cf4462fe1e476cddc40e4\",\"name\":\"Beatriz Lira\",\"image\":{\"@type\":\"ImageObject\",\"inLanguage\":\"pt-PT\",\"@id\":\"https:\\\/\\\/www.altominho.tv\\\/site\\\/wp-content\\\/uploads\\\/2023\\\/03\\\/Screenshot_20230306-141220_Photos-150x150.jpg\",\"url\":\"https:\\\/\\\/www.altominho.tv\\\/site\\\/wp-content\\\/uploads\\\/2023\\\/03\\\/Screenshot_20230306-141220_Photos-150x150.jpg\",\"contentUrl\":\"https:\\\/\\\/www.altominho.tv\\\/site\\\/wp-content\\\/uploads\\\/2023\\\/03\\\/Screenshot_20230306-141220_Photos-150x150.jpg\",\"caption\":\"Beatriz Lira\"},\"url\":\"https:\\\/\\\/www.altominho.tv\\\/site\\\/author\\\/beatriz\\\/\"}]}<\/script>\n<!-- \/ Yoast SEO Premium plugin. -->","yoast_head_json":{"title":"Praia do Cabedelo conquista Bandeira Azul h\u00e1 20 anos consecutivos","robots":{"index":"index","follow":"follow","max-snippet":"max-snippet:-1","max-image-preview":"max-image-preview:large","max-video-preview":"max-video-preview:-1"},"canonical":"https:\/\/www.altominho.tv\/site\/2023\/11\/23\/praia-do-cabedelo-conquista-bandeira-azul-ha-20-anos-consecutivos\/","og_locale":"pt_PT","og_type":"article","og_title":"Praia do Cabedelo conquista Bandeira Azul h\u00e1 20 anos consecutivos","og_description":"A Associa\u00e7\u00e3o Bandeira Azul de Ambiente e Educa\u00e7\u00e3o atribuiu \u00e0 praia do Cabedelo o certificado de 20 anos consecutivos com Bandeira Azul, sin\u00f3nimo de &#8220;qualidade que distingue o esfor\u00e7o de diversas entidades em tornar poss\u00edvel a coexist\u00eancia do desenvolvimento local a par do respeito pelo ambiente&#8221; explica o comunicado enviado. Esta distin\u00e7\u00e3o entregue \u00e0 C\u00e2mara [&hellip;]","og_url":"https:\/\/www.altominho.tv\/site\/2023\/11\/23\/praia-do-cabedelo-conquista-bandeira-azul-ha-20-anos-consecutivos\/","og_site_name":"Altominho.tv","article_publisher":"https:\/\/www.facebook.com\/altominhotv","article_published_time":"2023-11-23T10:16:47+00:00","article_modified_time":"2023-11-23T10:16:49+00:00","og_image":[{"width":1949,"height":1096,"url":"https:\/\/www.altominho.tv\/site\/wp-content\/uploads\/2023\/11\/DJI_0475.jpg","type":"image\/jpeg"}],"author":"Beatriz Lira","twitter_card":"summary_large_image","twitter_creator":"@altominhoTV","twitter_site":"@altominhoTV","twitter_misc":{"Escrito por":"Beatriz Lira","Tempo estimado de leitura":"2 minutos"},"schema":{"@context":"https:\/\/schema.org","@graph":[{"@type":"Article","@id":"https:\/\/www.altominho.tv\/site\/2023\/11\/23\/praia-do-cabedelo-conquista-bandeira-azul-ha-20-anos-consecutivos\/#article","isPartOf":{"@id":"https:\/\/www.altominho.tv\/site\/2023\/11\/23\/praia-do-cabedelo-conquista-bandeira-azul-ha-20-anos-consecutivos\/"},"author":{"name":"Beatriz Lira","@id":"https:\/\/www.altominho.tv\/site\/#\/schema\/person\/f95a2097796cf4462fe1e476cddc40e4"},"headline":"Praia do Cabedelo conquista Bandeira Azul h\u00e1 20 anos consecutivos","datePublished":"2023-11-23T10:16:47+00:00","dateModified":"2023-11-23T10:16:49+00:00","mainEntityOfPage":{"@id":"https:\/\/www.altominho.tv\/site\/2023\/11\/23\/praia-do-cabedelo-conquista-bandeira-azul-ha-20-anos-consecutivos\/"},"wordCount":277,"image":{"@id":"https:\/\/www.altominho.tv\/site\/2023\/11\/23\/praia-do-cabedelo-conquista-bandeira-azul-ha-20-anos-consecutivos\/#primaryimage"},"thumbnailUrl":"https:\/\/www.altominho.tv\/site\/wp-content\/uploads\/2023\/11\/DJI_0475.jpg","keywords":["Lazer","Sociedade"],"articleSection":["Viana do Castelo"],"inLanguage":"pt-PT","copyrightYear":"2023","copyrightHolder":{"@id":"https:\/\/www.altominho.tv\/site\/#organization"}},{"@type":"WebPage","@id":"https:\/\/www.altominho.tv\/site\/2023\/11\/23\/praia-do-cabedelo-conquista-bandeira-azul-ha-20-anos-consecutivos\/","url":"https:\/\/www.altominho.tv\/site\/2023\/11\/23\/praia-do-cabedelo-conquista-bandeira-azul-ha-20-anos-consecutivos\/","name":"Praia do Cabedelo conquista Bandeira Azul h\u00e1 20 anos consecutivos","isPartOf":{"@id":"https:\/\/www.altominho.tv\/site\/#website"},"primaryImageOfPage":{"@id":"https:\/\/www.altominho.tv\/site\/2023\/11\/23\/praia-do-cabedelo-conquista-bandeira-azul-ha-20-anos-consecutivos\/#primaryimage"},"image":{"@id":"https:\/\/www.altominho.tv\/site\/2023\/11\/23\/praia-do-cabedelo-conquista-bandeira-azul-ha-20-anos-consecutivos\/#primaryimage"},"thumbnailUrl":"https:\/\/www.altominho.tv\/site\/wp-content\/uploads\/2023\/11\/DJI_0475.jpg","datePublished":"2023-11-23T10:16:47+00:00","dateModified":"2023-11-23T10:16:49+00:00","author":{"@id":"https:\/\/www.altominho.tv\/site\/#\/schema\/person\/f95a2097796cf4462fe1e476cddc40e4"},"breadcrumb":{"@id":"https:\/\/www.altominho.tv\/site\/2023\/11\/23\/praia-do-cabedelo-conquista-bandeira-azul-ha-20-anos-consecutivos\/#breadcrumb"},"inLanguage":"pt-PT","potentialAction":[{"@type":"ReadAction","target":["https:\/\/www.altominho.tv\/site\/2023\/11\/23\/praia-do-cabedelo-conquista-bandeira-azul-ha-20-anos-consecutivos\/"]}]},{"@type":"ImageObject","inLanguage":"pt-PT","@id":"https:\/\/www.altominho.tv\/site\/2023\/11\/23\/praia-do-cabedelo-conquista-bandeira-azul-ha-20-anos-consecutivos\/#primaryimage","url":"https:\/\/www.altominho.tv\/site\/wp-content\/uploads\/2023\/11\/DJI_0475.jpg","contentUrl":"https:\/\/www.altominho.tv\/site\/wp-content\/uploads\/2023\/11\/DJI_0475.jpg","width":1949,"height":1096},{"@type":"BreadcrumbList","@id":"https:\/\/www.altominho.tv\/site\/2023\/11\/23\/praia-do-cabedelo-conquista-bandeira-azul-ha-20-anos-consecutivos\/#breadcrumb","itemListElement":[{"@type":"ListItem","position":1,"name":"In\u00edcio","item":"https:\/\/www.altominho.tv\/site\/"},{"@type":"ListItem","position":2,"name":"Praia do Cabedelo conquista Bandeira Azul h\u00e1 20 anos consecutivos"}]},{"@type":"WebSite","@id":"https:\/\/www.altominho.tv\/site\/#website","url":"https:\/\/www.altominho.tv\/site\/","name":"Altominho.tv","description":"A sua regi\u00e3o \u00e0 dist\u00e2ncia de um clique...","potentialAction":[{"@type":"SearchAction","target":{"@type":"EntryPoint","urlTemplate":"https:\/\/www.altominho.tv\/site\/?s={search_term_string}"},"query-input":{"@type":"PropertyValueSpecification","valueRequired":true,"valueName":"search_term_string"}}],"inLanguage":"pt-PT"},{"@type":"Person","@id":"https:\/\/www.altominho.tv\/site\/#\/schema\/person\/f95a2097796cf4462fe1e476cddc40e4","name":"Beatriz Lira","image":{"@type":"ImageObject","inLanguage":"pt-PT","@id":"https:\/\/www.altominho.tv\/site\/wp-content\/uploads\/2023\/03\/Screenshot_20230306-141220_Photos-150x150.jpg","url":"https:\/\/www.altominho.tv\/site\/wp-content\/uploads\/2023\/03\/Screenshot_20230306-141220_Photos-150x150.jpg","contentUrl":"https:\/\/www.altominho.tv\/site\/wp-content\/uploads\/2023\/03\/Screenshot_20230306-141220_Photos-150x150.jpg","caption":"Beatriz Lira"},"url":"https:\/\/www.altominho.tv\/site\/author\/beatriz\/"}]}},"_links":{"self":[{"href":"https:\/\/www.altominho.tv\/site\/wp-json\/wp\/v2\/posts\/99028","targetHints":{"allow":["GET"]}}],"collection":[{"href":"https:\/\/www.altominho.tv\/site\/wp-json\/wp\/v2\/posts"}],"about":[{"href":"https:\/\/www.altominho.tv\/site\/wp-json\/wp\/v2\/types\/post"}],"author":[{"embeddable":true,"href":"https:\/\/www.altominho.tv\/site\/wp-json\/wp\/v2\/users\/28"}],"replies":[{"embeddable":true,"href":"https:\/\/www.altominho.tv\/site\/wp-json\/wp\/v2\/comments?post=99028"}],"version-history":[{"count":1,"href":"https:\/\/www.altominho.tv\/site\/wp-json\/wp\/v2\/posts\/99028\/revisions"}],"predecessor-version":[{"id":99030,"href":"https:\/\/www.altominho.tv\/site\/wp-json\/wp\/v2\/posts\/99028\/revisions\/99030"}],"wp:featuredmedia":[{"embeddable":true,"href":"https:\/\/www.altominho.tv\/site\/wp-json\/wp\/v2\/media\/99029"}],"wp:attachment":[{"href":"https:\/\/www.altominho.tv\/site\/wp-json\/wp\/v2\/media?parent=99028"}],"wp:term":[{"taxonomy":"category","embeddable":true,"href":"https:\/\/www.altominho.tv\/site\/wp-json\/wp\/v2\/categories?post=99028"},{"taxonomy":"post_tag","embeddable":true,"href":"https:\/\/www.altominho.tv\/site\/wp-json\/wp\/v2\/tags?post=99028"}],"curies":[{"name":"wp","href":"https:\/\/api.w.org\/{rel}","templated":true}]}}