{"id":99000,"date":"2023-11-22T14:44:10","date_gmt":"2023-11-22T14:44:10","guid":{"rendered":"https:\/\/www.altominho.tv\/site\/?p=99000"},"modified":"2023-11-22T14:44:12","modified_gmt":"2023-11-22T14:44:12","slug":"ix-edicao-da-festa-do-espumante-e-ja-este-fim-de-semana","status":"publish","type":"post","link":"https:\/\/www.altominho.tv\/site\/2023\/11\/22\/ix-edicao-da-festa-do-espumante-e-ja-este-fim-de-semana\/","title":{"rendered":"IX edi\u00e7\u00e3o da Festa do Espumante \u00e9 j\u00e1 este fim de semana"},"content":{"rendered":"<p>A Ministra da Habita\u00e7\u00e3o, Marina Gon\u00e7alves, vai presidir \u00e0 abertura oficial da IX edi\u00e7\u00e3o da Festa do Espumante de Melga\u00e7o, que arranca na pr\u00f3xima sexta-feira, 24 de novembro, e se prolonga durante o fim-de-semana.<\/p>\n<p>O momento solene est\u00e1 marcado para as 18 horas, no Largo do Mercado, local onde ir\u00e1 decorrer o certame.<\/p>\n<p>O evento re\u00fane 41 refer\u00eancias de espumante, de 17 produtores da sub-regi\u00e3o de Mon\u00e7\u00e3o e Melga\u00e7o, de distintas castas, inclusive da casta rainha da regi\u00e3o, o alvarinho. E, ainda, oito produtores de produtos locais e dois restaurantes.<\/p>\n<p>No programa, constam Espumantes, boa gastronomia, <em>showcookings<\/em> e harmoniza\u00e7\u00f5es, provas comentadas e anima\u00e7\u00e3o musical, atividades que preenchem os tr\u00eas dias da Festa do Espumante de Melga\u00e7o.\u00a0<\/p>\n<p>Para Manoel Batista, presidente do munic\u00edpio melgacense, a Festa do Espumante afirma-se como \u00abum evento \u00e2ncora para a economia do vinho na sub-regi\u00e3o de Mon\u00e7\u00e3o-Melga\u00e7o\u00bb.<strong>\u00a0<\/strong><\/p>\n<p>Para al\u00e9m do espa\u00e7o dedicado aos stands dos produtores, a festa disponibiliza uma \u00e1rea de restaura\u00e7\u00e3o, que conta com 108 lugares sentados, onde &#8220;ser\u00e1 poss\u00edvel usufruir de experi\u00eancias gastron\u00f3micas \u00fanicas, conhecendo e saboreando os paladares da gastronomia regional, atrav\u00e9s dos restaurantes Tasquinha Castreja e O Brandeiro&#8221; revela a autarquia em comunicado de imprensa.<\/p>\n<p>Os visitantes podem adquirir o kit de prova (copo e porta-copo) no stand da organiza\u00e7\u00e3o do evento, pelo valor de 3,5\u20ac.<\/p>\n\n\n<p>Na programa\u00e7\u00e3o, e para animar as noites, atuam, na sexta\u00a0Paulo Baixinho e o DJ Paulo Barrocas e no dia 25, s\u00e1bado, Bianca Barros, seguindo-se a\u00a0DJ Rita Mendes. Na tarde de domingo, o momento musical est\u00e1 a cargo de Paulo Pires e Patr\u00edcia Teixeira.<\/p>\n\n\n\n<p>Segundo a autarquia, a Festa do Espumante de Melga\u00e7o tem como prop\u00f3sito &#8220;n\u00e3o s\u00f3 valorizar o espumante e os produtos locais, mas contribuir para afirmar a identidade de Mon\u00e7\u00e3o &amp; Melga\u00e7o como territ\u00f3rio v\u00ednico de excel\u00eancia, fruto de condi\u00e7\u00f5es naturais e humanas singulares, \u00a0bem como valorizar o territ\u00f3rio atrav\u00e9s de uma oferta tur\u00edstica integrada onde o enoturismo, o turismo rural, os desportos aventura, o patrim\u00f3nio cultural e paisag\u00edstico, a hotelaria e restaura\u00e7\u00e3o constituem fatores dinamizadores&#8221;. <\/p>\n\n\n\n<p>O autarca refere que &#8220;este evento \u00e9, tamb\u00e9m, uma forma de darmos a conhecer o territ\u00f3rio, os produtos do territ\u00f3rio, facilitando a realiza\u00e7\u00e3o de neg\u00f3cios&#8221;. <\/p>\n","protected":false},"excerpt":{"rendered":"<p>A Ministra da Habita\u00e7\u00e3o, Marina Gon\u00e7alves, vai presidir \u00e0 abertura oficial da IX edi\u00e7\u00e3o da Festa do Espumante de Melga\u00e7o, que arranca na pr\u00f3xima sexta-feira, 24 de novembro, e se prolonga durante o fim-de-semana. O momento solene est\u00e1 marcado para as 18 horas, no Largo do Mercado, local onde ir\u00e1 decorrer o certame. O evento [&hellip;]<\/p>\n","protected":false},"author":28,"featured_media":0,"comment_status":"closed","ping_status":"closed","sticky":false,"template":"","format":"standard","meta":{"_exactmetrics_skip_tracking":false,"_exactmetrics_sitenote_active":false,"_exactmetrics_sitenote_note":"","_exactmetrics_sitenote_category":0,"footnotes":""},"categories":[8],"tags":[81,23,24,27],"class_list":["post-99000","post","type-post","status-publish","format-standard","hentry","category-melgaco","tag-gastronomia","tag-gente","tag-lazer","tag-sociedade"],"yoast_head":"<!-- This site is optimized with the Yoast SEO Premium plugin v27.5 (Yoast SEO v27.5) - https:\/\/yoast.com\/product\/yoast-seo-premium-wordpress\/ -->\n<title>IX edi\u00e7\u00e3o da Festa do Espumante \u00e9 j\u00e1 este fim de semana<\/title>\n<meta name=\"description\" content=\"O evento re\u00fane 41 refer\u00eancias de espumante, de 17 produtores da sub-regi\u00e3o de Mon\u00e7\u00e3o e Melga\u00e7o, de distintas castas, inclusive da casta rainha da regi\u00e3o, o alvarinho. E, ainda, oito produtores de produtos locais e dois restaurantes.\" \/>\n<meta name=\"robots\" content=\"index, follow, max-snippet:-1, max-image-preview:large, max-video-preview:-1\" \/>\n<link rel=\"canonical\" href=\"https:\/\/www.altominho.tv\/site\/2023\/11\/22\/ix-edicao-da-festa-do-espumante-e-ja-este-fim-de-semana\/\" \/>\n<meta property=\"og:locale\" content=\"pt_PT\" \/>\n<meta property=\"og:type\" content=\"article\" \/>\n<meta property=\"og:title\" content=\"IX edi\u00e7\u00e3o da Festa do Espumante \u00e9 j\u00e1 este fim de semana\" \/>\n<meta property=\"og:description\" content=\"O evento re\u00fane 41 refer\u00eancias de espumante, de 17 produtores da sub-regi\u00e3o de Mon\u00e7\u00e3o e Melga\u00e7o, de distintas castas, inclusive da casta rainha da regi\u00e3o, o alvarinho. E, ainda, oito produtores de produtos locais e dois restaurantes.\" \/>\n<meta property=\"og:url\" content=\"https:\/\/www.altominho.tv\/site\/2023\/11\/22\/ix-edicao-da-festa-do-espumante-e-ja-este-fim-de-semana\/\" \/>\n<meta property=\"og:site_name\" content=\"Altominho.tv\" \/>\n<meta property=\"article:publisher\" content=\"https:\/\/www.facebook.com\/altominhotv\" \/>\n<meta property=\"article:published_time\" content=\"2023-11-22T14:44:10+00:00\" \/>\n<meta property=\"article:modified_time\" content=\"2023-11-22T14:44:12+00:00\" \/>\n<meta property=\"og:image\" content=\"https:\/\/www.altominho.tv\/site\/wp-content\/uploads\/2023\/11\/FESTA-ESPUMANTE-MELGACO-SABADO-2022-23-scaled.jpg\" \/>\n\t<meta property=\"og:image:width\" content=\"2560\" \/>\n\t<meta property=\"og:image:height\" content=\"1707\" \/>\n\t<meta property=\"og:image:type\" content=\"image\/jpeg\" \/>\n<meta name=\"author\" content=\"Beatriz Lira\" \/>\n<meta name=\"twitter:card\" content=\"summary_large_image\" \/>\n<meta name=\"twitter:creator\" content=\"@altominhoTV\" \/>\n<meta name=\"twitter:site\" content=\"@altominhoTV\" \/>\n<meta name=\"twitter:label1\" content=\"Escrito por\" \/>\n\t<meta name=\"twitter:data1\" content=\"Beatriz Lira\" \/>\n\t<meta name=\"twitter:label2\" content=\"Tempo estimado de leitura\" \/>\n\t<meta name=\"twitter:data2\" content=\"2 minutos\" \/>\n<script type=\"application\/ld+json\" class=\"yoast-schema-graph\">{\"@context\":\"https:\\\/\\\/schema.org\",\"@graph\":[{\"@type\":\"Article\",\"@id\":\"https:\\\/\\\/www.altominho.tv\\\/site\\\/2023\\\/11\\\/22\\\/ix-edicao-da-festa-do-espumante-e-ja-este-fim-de-semana\\\/#article\",\"isPartOf\":{\"@id\":\"https:\\\/\\\/www.altominho.tv\\\/site\\\/2023\\\/11\\\/22\\\/ix-edicao-da-festa-do-espumante-e-ja-este-fim-de-semana\\\/\"},\"author\":{\"name\":\"Beatriz Lira\",\"@id\":\"https:\\\/\\\/www.altominho.tv\\\/site\\\/#\\\/schema\\\/person\\\/f95a2097796cf4462fe1e476cddc40e4\"},\"headline\":\"IX edi\u00e7\u00e3o da Festa do Espumante \u00e9 j\u00e1 este fim de semana\",\"datePublished\":\"2023-11-22T14:44:10+00:00\",\"dateModified\":\"2023-11-22T14:44:12+00:00\",\"mainEntityOfPage\":{\"@id\":\"https:\\\/\\\/www.altominho.tv\\\/site\\\/2023\\\/11\\\/22\\\/ix-edicao-da-festa-do-espumante-e-ja-este-fim-de-semana\\\/\"},\"wordCount\":413,\"keywords\":[\"Gastronomia\",\"Gente\",\"Lazer\",\"Sociedade\"],\"articleSection\":[\"Melga\u00e7o\"],\"inLanguage\":\"pt-PT\",\"copyrightYear\":\"2023\",\"copyrightHolder\":{\"@id\":\"https:\\\/\\\/www.altominho.tv\\\/site\\\/#organization\"}},{\"@type\":\"WebPage\",\"@id\":\"https:\\\/\\\/www.altominho.tv\\\/site\\\/2023\\\/11\\\/22\\\/ix-edicao-da-festa-do-espumante-e-ja-este-fim-de-semana\\\/\",\"url\":\"https:\\\/\\\/www.altominho.tv\\\/site\\\/2023\\\/11\\\/22\\\/ix-edicao-da-festa-do-espumante-e-ja-este-fim-de-semana\\\/\",\"name\":\"IX edi\u00e7\u00e3o da Festa do Espumante \u00e9 j\u00e1 este fim de semana\",\"isPartOf\":{\"@id\":\"https:\\\/\\\/www.altominho.tv\\\/site\\\/#website\"},\"datePublished\":\"2023-11-22T14:44:10+00:00\",\"dateModified\":\"2023-11-22T14:44:12+00:00\",\"author\":{\"@id\":\"https:\\\/\\\/www.altominho.tv\\\/site\\\/#\\\/schema\\\/person\\\/f95a2097796cf4462fe1e476cddc40e4\"},\"description\":\"O evento re\u00fane 41 refer\u00eancias de espumante, de 17 produtores da sub-regi\u00e3o de Mon\u00e7\u00e3o e Melga\u00e7o, de distintas castas, inclusive da casta rainha da regi\u00e3o, o alvarinho. E, ainda, oito produtores de produtos locais e dois restaurantes.\",\"breadcrumb\":{\"@id\":\"https:\\\/\\\/www.altominho.tv\\\/site\\\/2023\\\/11\\\/22\\\/ix-edicao-da-festa-do-espumante-e-ja-este-fim-de-semana\\\/#breadcrumb\"},\"inLanguage\":\"pt-PT\",\"potentialAction\":[{\"@type\":\"ReadAction\",\"target\":[\"https:\\\/\\\/www.altominho.tv\\\/site\\\/2023\\\/11\\\/22\\\/ix-edicao-da-festa-do-espumante-e-ja-este-fim-de-semana\\\/\"]}]},{\"@type\":\"BreadcrumbList\",\"@id\":\"https:\\\/\\\/www.altominho.tv\\\/site\\\/2023\\\/11\\\/22\\\/ix-edicao-da-festa-do-espumante-e-ja-este-fim-de-semana\\\/#breadcrumb\",\"itemListElement\":[{\"@type\":\"ListItem\",\"position\":1,\"name\":\"In\u00edcio\",\"item\":\"https:\\\/\\\/www.altominho.tv\\\/site\\\/\"},{\"@type\":\"ListItem\",\"position\":2,\"name\":\"IX edi\u00e7\u00e3o da Festa do Espumante \u00e9 j\u00e1 este fim de semana\"}]},{\"@type\":\"WebSite\",\"@id\":\"https:\\\/\\\/www.altominho.tv\\\/site\\\/#website\",\"url\":\"https:\\\/\\\/www.altominho.tv\\\/site\\\/\",\"name\":\"Altominho.tv\",\"description\":\"A sua regi\u00e3o \u00e0 dist\u00e2ncia de um clique...\",\"potentialAction\":[{\"@type\":\"SearchAction\",\"target\":{\"@type\":\"EntryPoint\",\"urlTemplate\":\"https:\\\/\\\/www.altominho.tv\\\/site\\\/?s={search_term_string}\"},\"query-input\":{\"@type\":\"PropertyValueSpecification\",\"valueRequired\":true,\"valueName\":\"search_term_string\"}}],\"inLanguage\":\"pt-PT\"},{\"@type\":\"Person\",\"@id\":\"https:\\\/\\\/www.altominho.tv\\\/site\\\/#\\\/schema\\\/person\\\/f95a2097796cf4462fe1e476cddc40e4\",\"name\":\"Beatriz Lira\",\"image\":{\"@type\":\"ImageObject\",\"inLanguage\":\"pt-PT\",\"@id\":\"https:\\\/\\\/www.altominho.tv\\\/site\\\/wp-content\\\/uploads\\\/2023\\\/03\\\/Screenshot_20230306-141220_Photos-150x150.jpg\",\"url\":\"https:\\\/\\\/www.altominho.tv\\\/site\\\/wp-content\\\/uploads\\\/2023\\\/03\\\/Screenshot_20230306-141220_Photos-150x150.jpg\",\"contentUrl\":\"https:\\\/\\\/www.altominho.tv\\\/site\\\/wp-content\\\/uploads\\\/2023\\\/03\\\/Screenshot_20230306-141220_Photos-150x150.jpg\",\"caption\":\"Beatriz Lira\"},\"url\":\"https:\\\/\\\/www.altominho.tv\\\/site\\\/author\\\/beatriz\\\/\"}]}<\/script>\n<!-- \/ Yoast SEO Premium plugin. -->","yoast_head_json":{"title":"IX edi\u00e7\u00e3o da Festa do Espumante \u00e9 j\u00e1 este fim de semana","description":"O evento re\u00fane 41 refer\u00eancias de espumante, de 17 produtores da sub-regi\u00e3o de Mon\u00e7\u00e3o e Melga\u00e7o, de distintas castas, inclusive da casta rainha da regi\u00e3o, o alvarinho. E, ainda, oito produtores de produtos locais e dois restaurantes.","robots":{"index":"index","follow":"follow","max-snippet":"max-snippet:-1","max-image-preview":"max-image-preview:large","max-video-preview":"max-video-preview:-1"},"canonical":"https:\/\/www.altominho.tv\/site\/2023\/11\/22\/ix-edicao-da-festa-do-espumante-e-ja-este-fim-de-semana\/","og_locale":"pt_PT","og_type":"article","og_title":"IX edi\u00e7\u00e3o da Festa do Espumante \u00e9 j\u00e1 este fim de semana","og_description":"O evento re\u00fane 41 refer\u00eancias de espumante, de 17 produtores da sub-regi\u00e3o de Mon\u00e7\u00e3o e Melga\u00e7o, de distintas castas, inclusive da casta rainha da regi\u00e3o, o alvarinho. E, ainda, oito produtores de produtos locais e dois restaurantes.","og_url":"https:\/\/www.altominho.tv\/site\/2023\/11\/22\/ix-edicao-da-festa-do-espumante-e-ja-este-fim-de-semana\/","og_site_name":"Altominho.tv","article_publisher":"https:\/\/www.facebook.com\/altominhotv","article_published_time":"2023-11-22T14:44:10+00:00","article_modified_time":"2023-11-22T14:44:12+00:00","og_image":[{"width":2560,"height":1707,"url":"https:\/\/www.altominho.tv\/site\/wp-content\/uploads\/2023\/11\/FESTA-ESPUMANTE-MELGACO-SABADO-2022-23-scaled.jpg","type":"image\/jpeg"}],"author":"Beatriz Lira","twitter_card":"summary_large_image","twitter_creator":"@altominhoTV","twitter_site":"@altominhoTV","twitter_misc":{"Escrito por":"Beatriz Lira","Tempo estimado de leitura":"2 minutos"},"schema":{"@context":"https:\/\/schema.org","@graph":[{"@type":"Article","@id":"https:\/\/www.altominho.tv\/site\/2023\/11\/22\/ix-edicao-da-festa-do-espumante-e-ja-este-fim-de-semana\/#article","isPartOf":{"@id":"https:\/\/www.altominho.tv\/site\/2023\/11\/22\/ix-edicao-da-festa-do-espumante-e-ja-este-fim-de-semana\/"},"author":{"name":"Beatriz Lira","@id":"https:\/\/www.altominho.tv\/site\/#\/schema\/person\/f95a2097796cf4462fe1e476cddc40e4"},"headline":"IX edi\u00e7\u00e3o da Festa do Espumante \u00e9 j\u00e1 este fim de semana","datePublished":"2023-11-22T14:44:10+00:00","dateModified":"2023-11-22T14:44:12+00:00","mainEntityOfPage":{"@id":"https:\/\/www.altominho.tv\/site\/2023\/11\/22\/ix-edicao-da-festa-do-espumante-e-ja-este-fim-de-semana\/"},"wordCount":413,"keywords":["Gastronomia","Gente","Lazer","Sociedade"],"articleSection":["Melga\u00e7o"],"inLanguage":"pt-PT","copyrightYear":"2023","copyrightHolder":{"@id":"https:\/\/www.altominho.tv\/site\/#organization"}},{"@type":"WebPage","@id":"https:\/\/www.altominho.tv\/site\/2023\/11\/22\/ix-edicao-da-festa-do-espumante-e-ja-este-fim-de-semana\/","url":"https:\/\/www.altominho.tv\/site\/2023\/11\/22\/ix-edicao-da-festa-do-espumante-e-ja-este-fim-de-semana\/","name":"IX edi\u00e7\u00e3o da Festa do Espumante \u00e9 j\u00e1 este fim de semana","isPartOf":{"@id":"https:\/\/www.altominho.tv\/site\/#website"},"datePublished":"2023-11-22T14:44:10+00:00","dateModified":"2023-11-22T14:44:12+00:00","author":{"@id":"https:\/\/www.altominho.tv\/site\/#\/schema\/person\/f95a2097796cf4462fe1e476cddc40e4"},"description":"O evento re\u00fane 41 refer\u00eancias de espumante, de 17 produtores da sub-regi\u00e3o de Mon\u00e7\u00e3o e Melga\u00e7o, de distintas castas, inclusive da casta rainha da regi\u00e3o, o alvarinho. E, ainda, oito produtores de produtos locais e dois restaurantes.","breadcrumb":{"@id":"https:\/\/www.altominho.tv\/site\/2023\/11\/22\/ix-edicao-da-festa-do-espumante-e-ja-este-fim-de-semana\/#breadcrumb"},"inLanguage":"pt-PT","potentialAction":[{"@type":"ReadAction","target":["https:\/\/www.altominho.tv\/site\/2023\/11\/22\/ix-edicao-da-festa-do-espumante-e-ja-este-fim-de-semana\/"]}]},{"@type":"BreadcrumbList","@id":"https:\/\/www.altominho.tv\/site\/2023\/11\/22\/ix-edicao-da-festa-do-espumante-e-ja-este-fim-de-semana\/#breadcrumb","itemListElement":[{"@type":"ListItem","position":1,"name":"In\u00edcio","item":"https:\/\/www.altominho.tv\/site\/"},{"@type":"ListItem","position":2,"name":"IX edi\u00e7\u00e3o da Festa do Espumante \u00e9 j\u00e1 este fim de semana"}]},{"@type":"WebSite","@id":"https:\/\/www.altominho.tv\/site\/#website","url":"https:\/\/www.altominho.tv\/site\/","name":"Altominho.tv","description":"A sua regi\u00e3o \u00e0 dist\u00e2ncia de um clique...","potentialAction":[{"@type":"SearchAction","target":{"@type":"EntryPoint","urlTemplate":"https:\/\/www.altominho.tv\/site\/?s={search_term_string}"},"query-input":{"@type":"PropertyValueSpecification","valueRequired":true,"valueName":"search_term_string"}}],"inLanguage":"pt-PT"},{"@type":"Person","@id":"https:\/\/www.altominho.tv\/site\/#\/schema\/person\/f95a2097796cf4462fe1e476cddc40e4","name":"Beatriz Lira","image":{"@type":"ImageObject","inLanguage":"pt-PT","@id":"https:\/\/www.altominho.tv\/site\/wp-content\/uploads\/2023\/03\/Screenshot_20230306-141220_Photos-150x150.jpg","url":"https:\/\/www.altominho.tv\/site\/wp-content\/uploads\/2023\/03\/Screenshot_20230306-141220_Photos-150x150.jpg","contentUrl":"https:\/\/www.altominho.tv\/site\/wp-content\/uploads\/2023\/03\/Screenshot_20230306-141220_Photos-150x150.jpg","caption":"Beatriz Lira"},"url":"https:\/\/www.altominho.tv\/site\/author\/beatriz\/"}]}},"_links":{"self":[{"href":"https:\/\/www.altominho.tv\/site\/wp-json\/wp\/v2\/posts\/99000","targetHints":{"allow":["GET"]}}],"collection":[{"href":"https:\/\/www.altominho.tv\/site\/wp-json\/wp\/v2\/posts"}],"about":[{"href":"https:\/\/www.altominho.tv\/site\/wp-json\/wp\/v2\/types\/post"}],"author":[{"embeddable":true,"href":"https:\/\/www.altominho.tv\/site\/wp-json\/wp\/v2\/users\/28"}],"replies":[{"embeddable":true,"href":"https:\/\/www.altominho.tv\/site\/wp-json\/wp\/v2\/comments?post=99000"}],"version-history":[{"count":2,"href":"https:\/\/www.altominho.tv\/site\/wp-json\/wp\/v2\/posts\/99000\/revisions"}],"predecessor-version":[{"id":99003,"href":"https:\/\/www.altominho.tv\/site\/wp-json\/wp\/v2\/posts\/99000\/revisions\/99003"}],"wp:attachment":[{"href":"https:\/\/www.altominho.tv\/site\/wp-json\/wp\/v2\/media?parent=99000"}],"wp:term":[{"taxonomy":"category","embeddable":true,"href":"https:\/\/www.altominho.tv\/site\/wp-json\/wp\/v2\/categories?post=99000"},{"taxonomy":"post_tag","embeddable":true,"href":"https:\/\/www.altominho.tv\/site\/wp-json\/wp\/v2\/tags?post=99000"}],"curies":[{"name":"wp","href":"https:\/\/api.w.org\/{rel}","templated":true}]}}