{"id":9896,"date":"2018-02-20T13:33:33","date_gmt":"2018-02-20T13:33:33","guid":{"rendered":"http:\/\/www.altominho.tv\/site\/?p=9896"},"modified":"2018-02-20T13:34:01","modified_gmt":"2018-02-20T13:34:01","slug":"9896","status":"publish","type":"post","link":"https:\/\/www.altominho.tv\/site\/2018\/02\/20\/9896\/","title":{"rendered":"Casa da Cultura de Ponte da Barca recebe os Few Fingers"},"content":{"rendered":"<p>A Casa da Cultura de Ponte da Barca recebe os Few Fingers este s\u00e1bado, dia 24 de fevereiro.<\/p>\n<p>Com uma sonoridade a balan\u00e7ar entre o\u00a0<em>indie\u00a0<\/em>e o\u00a0<em>folk<\/em>, os Few Finger v\u00e3o\u00a0apresentar o seu \u00e1lbum \u201cBurning Hands\u201d.<\/p>\n<p>O concerto est\u00e1 inserido no ciclo de concertos que arrancou em janeiro e que vai trazer a Ponte da Barca, at\u00e9 maio,\u00a0cinco espet\u00e1culos que prometem noites agrad\u00e1veis com m\u00fasicos nacionais.<\/p>\n<p>A proposta foi pensada em conjunto com a autarquia de Melga\u00e7o, onde decorrer\u00e3o os mesmos concertos em dias diferentes. Com esta iniciativa, as duas autarquias pretendem enriquecer o programa cultural que oferecem, dinamizando ao mesmo tempo a oferta tur\u00edstica e promovendo a coopera\u00e7\u00e3o intermunicipal.<\/p>\n<p>Aos Few Fingers segue-se TT Syndicate, a 10 de mar\u00e7o, Lince, a 14 de abril e Grandfather\u2019s House, a 05 de maio.<\/p>\n<p>Todos os concertos acontecem na Casa da Cultura, \u00e0s 22h e os bilhetes de cada espet\u00e1culo custam 2\u20ac, podendo ser adquiridos na Casa da Cultura ou na Loja Interativa de TurismA<\/p>\n","protected":false},"excerpt":{"rendered":"<p>A Casa da Cultura de Ponte da Barca recebe os Few Fingers este s\u00e1bado, dia 24 de fevereiro. Com uma sonoridade a balan\u00e7ar entre o\u00a0indie\u00a0e o\u00a0folk, os Few Finger v\u00e3o\u00a0apresentar o seu \u00e1lbum \u201cBurning Hands\u201d. O concerto est\u00e1 inserido no ciclo de concertos que arrancou em janeiro e que vai trazer a Ponte da Barca, [&hellip;]<\/p>\n","protected":false},"author":6,"featured_media":9279,"comment_status":"closed","ping_status":"closed","sticky":false,"template":"","format":"standard","meta":{"_exactmetrics_skip_tracking":false,"_exactmetrics_sitenote_active":false,"_exactmetrics_sitenote_note":"","_exactmetrics_sitenote_category":0,"footnotes":""},"categories":[11],"tags":[24],"class_list":["post-9896","post","type-post","status-publish","format-standard","has-post-thumbnail","hentry","category-ponte-da-barca","tag-lazer"],"yoast_head":"<!-- This site is optimized with the Yoast SEO Premium plugin v27.5 (Yoast SEO v27.5) - https:\/\/yoast.com\/product\/yoast-seo-premium-wordpress\/ -->\n<title>Casa da Cultura de Ponte da Barca recebe os Few Fingers<\/title>\n<meta name=\"robots\" content=\"index, follow, max-snippet:-1, max-image-preview:large, max-video-preview:-1\" \/>\n<link rel=\"canonical\" href=\"https:\/\/www.altominho.tv\/site\/2018\/02\/20\/9896\/\" \/>\n<meta property=\"og:locale\" content=\"pt_PT\" \/>\n<meta property=\"og:type\" content=\"article\" \/>\n<meta property=\"og:title\" content=\"Casa da Cultura de Ponte da Barca recebe os Few Fingers\" \/>\n<meta property=\"og:description\" content=\"A Casa da Cultura de Ponte da Barca recebe os Few Fingers este s\u00e1bado, dia 24 de fevereiro. Com uma sonoridade a balan\u00e7ar entre o\u00a0indie\u00a0e o\u00a0folk, os Few Finger v\u00e3o\u00a0apresentar o seu \u00e1lbum \u201cBurning Hands\u201d. O concerto est\u00e1 inserido no ciclo de concertos que arrancou em janeiro e que vai trazer a Ponte da Barca, [&hellip;]\" \/>\n<meta property=\"og:url\" content=\"https:\/\/www.altominho.tv\/site\/2018\/02\/20\/9896\/\" \/>\n<meta property=\"og:site_name\" content=\"Altominho.tv\" \/>\n<meta property=\"article:publisher\" content=\"https:\/\/www.facebook.com\/altominhotv\" \/>\n<meta property=\"article:published_time\" content=\"2018-02-20T13:33:33+00:00\" \/>\n<meta property=\"article:modified_time\" content=\"2018-02-20T13:34:01+00:00\" \/>\n<meta property=\"og:image\" content=\"https:\/\/www.altominho.tv\/site\/wp-content\/uploads\/2018\/02\/Few-Fingers.jpg\" \/>\n\t<meta property=\"og:image:width\" content=\"1024\" \/>\n\t<meta property=\"og:image:height\" content=\"443\" \/>\n\t<meta property=\"og:image:type\" content=\"image\/jpeg\" \/>\n<meta name=\"author\" content=\"C\u00e1tia Malheiro\" \/>\n<meta name=\"twitter:card\" content=\"summary_large_image\" \/>\n<meta name=\"twitter:creator\" content=\"@altominhoTV\" \/>\n<meta name=\"twitter:site\" content=\"@altominhoTV\" \/>\n<meta name=\"twitter:label1\" content=\"Escrito por\" \/>\n\t<meta name=\"twitter:data1\" content=\"C\u00e1tia Malheiro\" \/>\n\t<meta name=\"twitter:label2\" content=\"Tempo estimado de leitura\" \/>\n\t<meta name=\"twitter:data2\" content=\"1 minuto\" \/>\n<script type=\"application\/ld+json\" class=\"yoast-schema-graph\">{\"@context\":\"https:\\\/\\\/schema.org\",\"@graph\":[{\"@type\":\"Article\",\"@id\":\"https:\\\/\\\/www.altominho.tv\\\/site\\\/2018\\\/02\\\/20\\\/9896\\\/#article\",\"isPartOf\":{\"@id\":\"https:\\\/\\\/www.altominho.tv\\\/site\\\/2018\\\/02\\\/20\\\/9896\\\/\"},\"author\":{\"name\":\"C\u00e1tia Malheiro\",\"@id\":\"https:\\\/\\\/www.altominho.tv\\\/site\\\/#\\\/schema\\\/person\\\/5c9404a8b438614c93da6ca09db92574\"},\"headline\":\"Casa da Cultura de Ponte da Barca recebe os Few Fingers\",\"datePublished\":\"2018-02-20T13:33:33+00:00\",\"dateModified\":\"2018-02-20T13:34:01+00:00\",\"mainEntityOfPage\":{\"@id\":\"https:\\\/\\\/www.altominho.tv\\\/site\\\/2018\\\/02\\\/20\\\/9896\\\/\"},\"wordCount\":186,\"image\":{\"@id\":\"https:\\\/\\\/www.altominho.tv\\\/site\\\/2018\\\/02\\\/20\\\/9896\\\/#primaryimage\"},\"thumbnailUrl\":\"https:\\\/\\\/www.altominho.tv\\\/site\\\/wp-content\\\/uploads\\\/2018\\\/02\\\/Few-Fingers.jpg\",\"keywords\":[\"Lazer\"],\"articleSection\":[\"Ponte da Barca\"],\"inLanguage\":\"pt-PT\",\"copyrightYear\":\"2018\",\"copyrightHolder\":{\"@id\":\"https:\\\/\\\/www.altominho.tv\\\/site\\\/#organization\"}},{\"@type\":\"WebPage\",\"@id\":\"https:\\\/\\\/www.altominho.tv\\\/site\\\/2018\\\/02\\\/20\\\/9896\\\/\",\"url\":\"https:\\\/\\\/www.altominho.tv\\\/site\\\/2018\\\/02\\\/20\\\/9896\\\/\",\"name\":\"Casa da Cultura de Ponte da Barca recebe os Few Fingers\",\"isPartOf\":{\"@id\":\"https:\\\/\\\/www.altominho.tv\\\/site\\\/#website\"},\"primaryImageOfPage\":{\"@id\":\"https:\\\/\\\/www.altominho.tv\\\/site\\\/2018\\\/02\\\/20\\\/9896\\\/#primaryimage\"},\"image\":{\"@id\":\"https:\\\/\\\/www.altominho.tv\\\/site\\\/2018\\\/02\\\/20\\\/9896\\\/#primaryimage\"},\"thumbnailUrl\":\"https:\\\/\\\/www.altominho.tv\\\/site\\\/wp-content\\\/uploads\\\/2018\\\/02\\\/Few-Fingers.jpg\",\"datePublished\":\"2018-02-20T13:33:33+00:00\",\"dateModified\":\"2018-02-20T13:34:01+00:00\",\"author\":{\"@id\":\"https:\\\/\\\/www.altominho.tv\\\/site\\\/#\\\/schema\\\/person\\\/5c9404a8b438614c93da6ca09db92574\"},\"breadcrumb\":{\"@id\":\"https:\\\/\\\/www.altominho.tv\\\/site\\\/2018\\\/02\\\/20\\\/9896\\\/#breadcrumb\"},\"inLanguage\":\"pt-PT\",\"potentialAction\":[{\"@type\":\"ReadAction\",\"target\":[\"https:\\\/\\\/www.altominho.tv\\\/site\\\/2018\\\/02\\\/20\\\/9896\\\/\"]}]},{\"@type\":\"ImageObject\",\"inLanguage\":\"pt-PT\",\"@id\":\"https:\\\/\\\/www.altominho.tv\\\/site\\\/2018\\\/02\\\/20\\\/9896\\\/#primaryimage\",\"url\":\"https:\\\/\\\/www.altominho.tv\\\/site\\\/wp-content\\\/uploads\\\/2018\\\/02\\\/Few-Fingers.jpg\",\"contentUrl\":\"https:\\\/\\\/www.altominho.tv\\\/site\\\/wp-content\\\/uploads\\\/2018\\\/02\\\/Few-Fingers.jpg\",\"width\":1024,\"height\":443},{\"@type\":\"BreadcrumbList\",\"@id\":\"https:\\\/\\\/www.altominho.tv\\\/site\\\/2018\\\/02\\\/20\\\/9896\\\/#breadcrumb\",\"itemListElement\":[{\"@type\":\"ListItem\",\"position\":1,\"name\":\"In\u00edcio\",\"item\":\"https:\\\/\\\/www.altominho.tv\\\/site\\\/\"},{\"@type\":\"ListItem\",\"position\":2,\"name\":\"Casa da Cultura de Ponte da Barca recebe os Few Fingers\"}]},{\"@type\":\"WebSite\",\"@id\":\"https:\\\/\\\/www.altominho.tv\\\/site\\\/#website\",\"url\":\"https:\\\/\\\/www.altominho.tv\\\/site\\\/\",\"name\":\"Altominho.tv\",\"description\":\"A sua regi\u00e3o \u00e0 dist\u00e2ncia de um clique...\",\"potentialAction\":[{\"@type\":\"SearchAction\",\"target\":{\"@type\":\"EntryPoint\",\"urlTemplate\":\"https:\\\/\\\/www.altominho.tv\\\/site\\\/?s={search_term_string}\"},\"query-input\":{\"@type\":\"PropertyValueSpecification\",\"valueRequired\":true,\"valueName\":\"search_term_string\"}}],\"inLanguage\":\"pt-PT\"},{\"@type\":\"Person\",\"@id\":\"https:\\\/\\\/www.altominho.tv\\\/site\\\/#\\\/schema\\\/person\\\/5c9404a8b438614c93da6ca09db92574\",\"name\":\"C\u00e1tia Malheiro\",\"image\":{\"@type\":\"ImageObject\",\"inLanguage\":\"pt-PT\",\"@id\":\"https:\\\/\\\/www.altominho.tv\\\/site\\\/wp-content\\\/uploads\\\/2017\\\/11\\\/Catia_Malheiro-150x150.jpg\",\"url\":\"https:\\\/\\\/www.altominho.tv\\\/site\\\/wp-content\\\/uploads\\\/2017\\\/11\\\/Catia_Malheiro-150x150.jpg\",\"contentUrl\":\"https:\\\/\\\/www.altominho.tv\\\/site\\\/wp-content\\\/uploads\\\/2017\\\/11\\\/Catia_Malheiro-150x150.jpg\",\"caption\":\"C\u00e1tia Malheiro\"},\"url\":\"https:\\\/\\\/www.altominho.tv\\\/site\\\/author\\\/catiamalheiro\\\/\"}]}<\/script>\n<!-- \/ Yoast SEO Premium plugin. -->","yoast_head_json":{"title":"Casa da Cultura de Ponte da Barca recebe os Few Fingers","robots":{"index":"index","follow":"follow","max-snippet":"max-snippet:-1","max-image-preview":"max-image-preview:large","max-video-preview":"max-video-preview:-1"},"canonical":"https:\/\/www.altominho.tv\/site\/2018\/02\/20\/9896\/","og_locale":"pt_PT","og_type":"article","og_title":"Casa da Cultura de Ponte da Barca recebe os Few Fingers","og_description":"A Casa da Cultura de Ponte da Barca recebe os Few Fingers este s\u00e1bado, dia 24 de fevereiro. Com uma sonoridade a balan\u00e7ar entre o\u00a0indie\u00a0e o\u00a0folk, os Few Finger v\u00e3o\u00a0apresentar o seu \u00e1lbum \u201cBurning Hands\u201d. O concerto est\u00e1 inserido no ciclo de concertos que arrancou em janeiro e que vai trazer a Ponte da Barca, [&hellip;]","og_url":"https:\/\/www.altominho.tv\/site\/2018\/02\/20\/9896\/","og_site_name":"Altominho.tv","article_publisher":"https:\/\/www.facebook.com\/altominhotv","article_published_time":"2018-02-20T13:33:33+00:00","article_modified_time":"2018-02-20T13:34:01+00:00","og_image":[{"width":1024,"height":443,"url":"https:\/\/www.altominho.tv\/site\/wp-content\/uploads\/2018\/02\/Few-Fingers.jpg","type":"image\/jpeg"}],"author":"C\u00e1tia Malheiro","twitter_card":"summary_large_image","twitter_creator":"@altominhoTV","twitter_site":"@altominhoTV","twitter_misc":{"Escrito por":"C\u00e1tia Malheiro","Tempo estimado de leitura":"1 minuto"},"schema":{"@context":"https:\/\/schema.org","@graph":[{"@type":"Article","@id":"https:\/\/www.altominho.tv\/site\/2018\/02\/20\/9896\/#article","isPartOf":{"@id":"https:\/\/www.altominho.tv\/site\/2018\/02\/20\/9896\/"},"author":{"name":"C\u00e1tia Malheiro","@id":"https:\/\/www.altominho.tv\/site\/#\/schema\/person\/5c9404a8b438614c93da6ca09db92574"},"headline":"Casa da Cultura de Ponte da Barca recebe os Few Fingers","datePublished":"2018-02-20T13:33:33+00:00","dateModified":"2018-02-20T13:34:01+00:00","mainEntityOfPage":{"@id":"https:\/\/www.altominho.tv\/site\/2018\/02\/20\/9896\/"},"wordCount":186,"image":{"@id":"https:\/\/www.altominho.tv\/site\/2018\/02\/20\/9896\/#primaryimage"},"thumbnailUrl":"https:\/\/www.altominho.tv\/site\/wp-content\/uploads\/2018\/02\/Few-Fingers.jpg","keywords":["Lazer"],"articleSection":["Ponte da Barca"],"inLanguage":"pt-PT","copyrightYear":"2018","copyrightHolder":{"@id":"https:\/\/www.altominho.tv\/site\/#organization"}},{"@type":"WebPage","@id":"https:\/\/www.altominho.tv\/site\/2018\/02\/20\/9896\/","url":"https:\/\/www.altominho.tv\/site\/2018\/02\/20\/9896\/","name":"Casa da Cultura de Ponte da Barca recebe os Few Fingers","isPartOf":{"@id":"https:\/\/www.altominho.tv\/site\/#website"},"primaryImageOfPage":{"@id":"https:\/\/www.altominho.tv\/site\/2018\/02\/20\/9896\/#primaryimage"},"image":{"@id":"https:\/\/www.altominho.tv\/site\/2018\/02\/20\/9896\/#primaryimage"},"thumbnailUrl":"https:\/\/www.altominho.tv\/site\/wp-content\/uploads\/2018\/02\/Few-Fingers.jpg","datePublished":"2018-02-20T13:33:33+00:00","dateModified":"2018-02-20T13:34:01+00:00","author":{"@id":"https:\/\/www.altominho.tv\/site\/#\/schema\/person\/5c9404a8b438614c93da6ca09db92574"},"breadcrumb":{"@id":"https:\/\/www.altominho.tv\/site\/2018\/02\/20\/9896\/#breadcrumb"},"inLanguage":"pt-PT","potentialAction":[{"@type":"ReadAction","target":["https:\/\/www.altominho.tv\/site\/2018\/02\/20\/9896\/"]}]},{"@type":"ImageObject","inLanguage":"pt-PT","@id":"https:\/\/www.altominho.tv\/site\/2018\/02\/20\/9896\/#primaryimage","url":"https:\/\/www.altominho.tv\/site\/wp-content\/uploads\/2018\/02\/Few-Fingers.jpg","contentUrl":"https:\/\/www.altominho.tv\/site\/wp-content\/uploads\/2018\/02\/Few-Fingers.jpg","width":1024,"height":443},{"@type":"BreadcrumbList","@id":"https:\/\/www.altominho.tv\/site\/2018\/02\/20\/9896\/#breadcrumb","itemListElement":[{"@type":"ListItem","position":1,"name":"In\u00edcio","item":"https:\/\/www.altominho.tv\/site\/"},{"@type":"ListItem","position":2,"name":"Casa da Cultura de Ponte da Barca recebe os Few Fingers"}]},{"@type":"WebSite","@id":"https:\/\/www.altominho.tv\/site\/#website","url":"https:\/\/www.altominho.tv\/site\/","name":"Altominho.tv","description":"A sua regi\u00e3o \u00e0 dist\u00e2ncia de um clique...","potentialAction":[{"@type":"SearchAction","target":{"@type":"EntryPoint","urlTemplate":"https:\/\/www.altominho.tv\/site\/?s={search_term_string}"},"query-input":{"@type":"PropertyValueSpecification","valueRequired":true,"valueName":"search_term_string"}}],"inLanguage":"pt-PT"},{"@type":"Person","@id":"https:\/\/www.altominho.tv\/site\/#\/schema\/person\/5c9404a8b438614c93da6ca09db92574","name":"C\u00e1tia Malheiro","image":{"@type":"ImageObject","inLanguage":"pt-PT","@id":"https:\/\/www.altominho.tv\/site\/wp-content\/uploads\/2017\/11\/Catia_Malheiro-150x150.jpg","url":"https:\/\/www.altominho.tv\/site\/wp-content\/uploads\/2017\/11\/Catia_Malheiro-150x150.jpg","contentUrl":"https:\/\/www.altominho.tv\/site\/wp-content\/uploads\/2017\/11\/Catia_Malheiro-150x150.jpg","caption":"C\u00e1tia Malheiro"},"url":"https:\/\/www.altominho.tv\/site\/author\/catiamalheiro\/"}]}},"_links":{"self":[{"href":"https:\/\/www.altominho.tv\/site\/wp-json\/wp\/v2\/posts\/9896","targetHints":{"allow":["GET"]}}],"collection":[{"href":"https:\/\/www.altominho.tv\/site\/wp-json\/wp\/v2\/posts"}],"about":[{"href":"https:\/\/www.altominho.tv\/site\/wp-json\/wp\/v2\/types\/post"}],"author":[{"embeddable":true,"href":"https:\/\/www.altominho.tv\/site\/wp-json\/wp\/v2\/users\/6"}],"replies":[{"embeddable":true,"href":"https:\/\/www.altominho.tv\/site\/wp-json\/wp\/v2\/comments?post=9896"}],"version-history":[{"count":0,"href":"https:\/\/www.altominho.tv\/site\/wp-json\/wp\/v2\/posts\/9896\/revisions"}],"wp:featuredmedia":[{"embeddable":true,"href":"https:\/\/www.altominho.tv\/site\/wp-json\/wp\/v2\/media\/9279"}],"wp:attachment":[{"href":"https:\/\/www.altominho.tv\/site\/wp-json\/wp\/v2\/media?parent=9896"}],"wp:term":[{"taxonomy":"category","embeddable":true,"href":"https:\/\/www.altominho.tv\/site\/wp-json\/wp\/v2\/categories?post=9896"},{"taxonomy":"post_tag","embeddable":true,"href":"https:\/\/www.altominho.tv\/site\/wp-json\/wp\/v2\/tags?post=9896"}],"curies":[{"name":"wp","href":"https:\/\/api.w.org\/{rel}","templated":true}]}}