{"id":98857,"date":"2023-11-20T09:37:09","date_gmt":"2023-11-20T09:37:09","guid":{"rendered":"https:\/\/www.altominho.tv\/site\/?p=98857"},"modified":"2023-11-20T09:41:18","modified_gmt":"2023-11-20T09:41:18","slug":"festejos-de-natal-arrancam-a-1-de-dezembro-em-valenca","status":"publish","type":"post","link":"https:\/\/www.altominho.tv\/site\/2023\/11\/20\/festejos-de-natal-arrancam-a-1-de-dezembro-em-valenca\/","title":{"rendered":"Festejos de Natal arrancam a 1 de dezembro em Valen\u00e7a"},"content":{"rendered":"<p class=\"p1\">A partir de dezembro, o concelho de Valen\u00e7a oferece 38 dias de esp\u00edrito natal\u00edcio, na iniciativa \u201cValen\u00e7a \u00e9 Natal&#8217;23\u201d.<\/p>\n<p class=\"p1\">As atividades come\u00e7am a 1 de dezembro e prolongam-se at\u00e9 7 de janeiro.<\/p>\n<p class=\"p1\">O Acender as Luzes, a Fortaleza de Chocolate, o Mercado de Natal, a Duendel\u00e2ndia, H\u00e1 Neve na Pra\u00e7a, o\u00a0 Concerto de Natal da Eurocidade, a Exposi\u00e7\u00e3o Coletiva de Pres\u00e9pios, Ol\u00e1 2024 \u2013 Passagem de Ano e a Cavalgata de Reis s\u00e3o as atividades que preenchem estes dias.<\/p>\n<p class=\"p1\">Para o Presidente da C\u00e2mara Municipal, Jos\u00e9 Manuel Carpinteira,\u00a0<i>\u201c<\/i>Valen\u00e7a dar\u00e1 cor e luz ao ambiente especial que se respira nesta \u00e9poca, tornando-se um destino preferencial de Natal, onde todos, valencianos e visitantes, desfrutar\u00e3o das in\u00fameras atividades que temos para oferecer\u201d.<\/p>\n<p class=\"p1\">No dia 1 de dezembro, sexta-feira, o Jardim Municipal recebe o ato simb\u00f3lico que dar\u00e1 in\u00edcio a todas as celebra\u00e7\u00f5es, com o acender das luzes de Natal \u00e0s 18h00.<\/p>\n<p class=\"p1\">De 1 a 10 de dezembro, a Fortaleza de Valen\u00e7a, recebe a Fortaleza de Chocolate, das 10h00 \u00e0s 20h00, para a degusta\u00e7\u00e3o e compra de produtos \u00e0 base de chocolate, com showcookings e muita anima\u00e7\u00e3o permanente.<\/p>\n<p class=\"p1\">Nos fins de semana 1 a 3, 8 a 10, 15 a 17 e 22 a 23 de dezembro, os produtos natal\u00edcios conquistam o Jardim Municipal, no Mercado de Natal, uma atividade que conta, tamb\u00e9m, com um amplo programa de anima\u00e7\u00e3o cultural.<\/p>\n<p class=\"p1\">No Jardim Municipal, a Duendel\u00e2ndia decorre nos fins de semana de dezembro. 1 a 3, 6 a 10, 15 a 17 e 22 e 23 de dezembro, entre as 14h00 e as 20h00 s\u00e3o as oportunidades para aproveitar\u00a0 o circuito de arborismo, parque trampolim, circuito de comboio, circuito das renas, insufl\u00e1veis, pinta-faces e a Casa do Pai Natal.<\/p>\n<p class=\"p1\">A Pra\u00e7a da Rep\u00fablica, na Fortaleza de Valen\u00e7a, vai encher-se de Neve, num momento natal\u00edcio, entre 15 e 23 de dezembro.<\/p>\n<p class=\"p1\">A 16 de dezembro, o Teatro Municipal de Tui recebe o grande concerto de Natal da Eurocidade onde\u00a0Mistura Vocal, Coral Vocalis Contrasta, Academia de M\u00fasica Fortaleza de Valen\u00e7a e Casual Quartet com Maria Jo\u00e3o Domingues prometem um concerto de Natal &#8220;memor\u00e1vel&#8221; explica a autarquia.<\/p>\n<p class=\"p1\">A Avenida dos Combatentes da Grande Guerra volta a acolher a exposi\u00e7\u00e3o coletiva de pres\u00e9pios, elaborados pelos movimentos associativos valencianos. Na rotunda da Trapicheira vai estar o pres\u00e9pio de troncos de madeira, em tamanho real e a maior estrela-guia de Portugal, uma estrutura com 12 metros de di\u00e2metro, toda iluminada Esta exposi\u00e7\u00e3o poder\u00e1 ser apreciada entre 17 de dezembro e 5 de janeiro.<\/p>\n<p class=\"p1\">Os festejos da Passagem de Ano ir\u00e3o decorrer no Jardim Municipal e prometem muita anima\u00e7\u00e3o para todas as idades. &#8220;Fique atento, oportunamente iremos divulgar a programa\u00e7\u00e3o&#8221; revela a autarquia.<\/p>\n<p class=\"p1\">Sexta-feira, 5 de janeiro, \u00e0s 16h00, sai do Largo da Esta\u00e7\u00e3o de Valen\u00e7a a Cavalgata Internacional de Reis, que percorre as Avenidas centrais de Valen\u00e7a, em dire\u00e7\u00e3o \u00e0 Ponte Centen\u00e1ria e da\u00ed at\u00e9 ao Paseo da Corredoira, em Tui.<\/p>\n","protected":false},"excerpt":{"rendered":"<p>A partir de dezembro, o concelho de Valen\u00e7a oferece 38 dias de esp\u00edrito natal\u00edcio, na iniciativa \u201cValen\u00e7a \u00e9 Natal&#8217;23\u201d. As atividades come\u00e7am a 1 de dezembro e prolongam-se at\u00e9 7 de janeiro. O Acender as Luzes, a Fortaleza de Chocolate, o Mercado de Natal, a Duendel\u00e2ndia, H\u00e1 Neve na Pra\u00e7a, o\u00a0 Concerto de Natal da [&hellip;]<\/p>\n","protected":false},"author":28,"featured_media":98858,"comment_status":"closed","ping_status":"closed","sticky":false,"template":"","format":"standard","meta":{"_exactmetrics_skip_tracking":false,"footnotes":""},"categories":[13],"tags":[23,24,27],"class_list":["post-98857","post","type-post","status-publish","format-standard","has-post-thumbnail","hentry","category-valenca","tag-gente","tag-lazer","tag-sociedade"],"yoast_head":"<!-- This site is optimized with the Yoast SEO Premium plugin v28.3 (Yoast SEO v28.3) - https:\/\/yoast.com\/product\/yoast-seo-premium-wordpress\/ -->\n<title>Festejos de Natal arrancam a 1 de dezembro em Valen\u00e7a<\/title>\n<meta name=\"robots\" content=\"index, follow, max-snippet:-1, max-image-preview:large, max-video-preview:-1\" \/>\n<link rel=\"canonical\" href=\"https:\/\/www.altominho.tv\/site\/2023\/11\/20\/festejos-de-natal-arrancam-a-1-de-dezembro-em-valenca\/\" \/>\n<meta property=\"og:locale\" content=\"pt_PT\" \/>\n<meta property=\"og:type\" content=\"article\" \/>\n<meta property=\"og:title\" content=\"Festejos de Natal arrancam a 1 de dezembro em Valen\u00e7a\" \/>\n<meta property=\"og:description\" content=\"A partir de dezembro, o concelho de Valen\u00e7a oferece 38 dias de esp\u00edrito natal\u00edcio, na iniciativa \u201cValen\u00e7a \u00e9 Natal&#8217;23\u201d. As atividades come\u00e7am a 1 de dezembro e prolongam-se at\u00e9 7 de janeiro. O Acender as Luzes, a Fortaleza de Chocolate, o Mercado de Natal, a Duendel\u00e2ndia, H\u00e1 Neve na Pra\u00e7a, o\u00a0 Concerto de Natal da [&hellip;]\" \/>\n<meta property=\"og:url\" content=\"https:\/\/www.altominho.tv\/site\/2023\/11\/20\/festejos-de-natal-arrancam-a-1-de-dezembro-em-valenca\/\" \/>\n<meta property=\"og:site_name\" content=\"Altominho.tv\" \/>\n<meta property=\"article:publisher\" content=\"https:\/\/www.facebook.com\/altominhotv\" \/>\n<meta property=\"article:published_time\" content=\"2023-11-20T09:37:09+00:00\" \/>\n<meta property=\"article:modified_time\" content=\"2023-11-20T09:41:18+00:00\" \/>\n<meta property=\"og:image\" content=\"https:\/\/www.altominho.tv\/site\/wp-content\/uploads\/2023\/11\/Mercado-valenca.jpeg\" \/>\n\t<meta property=\"og:image:width\" content=\"1920\" \/>\n\t<meta property=\"og:image:height\" content=\"1080\" \/>\n\t<meta property=\"og:image:type\" content=\"image\/jpeg\" \/>\n<meta name=\"author\" content=\"Beatriz Lira\" \/>\n<meta name=\"twitter:card\" content=\"summary_large_image\" \/>\n<meta name=\"twitter:creator\" content=\"@altominhoTV\" \/>\n<meta name=\"twitter:site\" content=\"@altominhoTV\" \/>\n<meta name=\"twitter:label1\" content=\"Escrito por\" \/>\n\t<meta name=\"twitter:data1\" content=\"Beatriz Lira\" \/>\n\t<meta name=\"twitter:label2\" content=\"Tempo estimado de leitura\" \/>\n\t<meta name=\"twitter:data2\" content=\"3 minutos\" \/>\n<script type=\"application\/ld+json\" class=\"yoast-schema-graph\">{\"@context\":\"https:\\\/\\\/schema.org\",\"@graph\":[{\"@type\":\"Article\",\"@id\":\"https:\\\/\\\/www.altominho.tv\\\/site\\\/2023\\\/11\\\/20\\\/festejos-de-natal-arrancam-a-1-de-dezembro-em-valenca\\\/#article\",\"isPartOf\":{\"@id\":\"https:\\\/\\\/www.altominho.tv\\\/site\\\/2023\\\/11\\\/20\\\/festejos-de-natal-arrancam-a-1-de-dezembro-em-valenca\\\/\"},\"author\":{\"name\":\"Beatriz Lira\",\"@id\":\"https:\\\/\\\/www.altominho.tv\\\/site\\\/#\\\/schema\\\/person\\\/f95a2097796cf4462fe1e476cddc40e4\"},\"headline\":\"Festejos de Natal arrancam a 1 de dezembro em Valen\u00e7a\",\"datePublished\":\"2023-11-20T09:37:09+00:00\",\"dateModified\":\"2023-11-20T09:41:18+00:00\",\"mainEntityOfPage\":{\"@id\":\"https:\\\/\\\/www.altominho.tv\\\/site\\\/2023\\\/11\\\/20\\\/festejos-de-natal-arrancam-a-1-de-dezembro-em-valenca\\\/\"},\"wordCount\":505,\"image\":{\"@id\":\"https:\\\/\\\/www.altominho.tv\\\/site\\\/2023\\\/11\\\/20\\\/festejos-de-natal-arrancam-a-1-de-dezembro-em-valenca\\\/#primaryimage\"},\"thumbnailUrl\":\"https:\\\/\\\/www.altominho.tv\\\/site\\\/wp-content\\\/uploads\\\/2023\\\/11\\\/Mercado-valenca.jpeg\",\"keywords\":[\"Gente\",\"Lazer\",\"Sociedade\"],\"articleSection\":[\"Valen\u00e7a\"],\"inLanguage\":\"pt-PT\",\"copyrightYear\":\"2023\",\"copyrightHolder\":{\"@id\":\"https:\\\/\\\/www.altominho.tv\\\/site\\\/#organization\"}},{\"@type\":\"WebPage\",\"@id\":\"https:\\\/\\\/www.altominho.tv\\\/site\\\/2023\\\/11\\\/20\\\/festejos-de-natal-arrancam-a-1-de-dezembro-em-valenca\\\/\",\"url\":\"https:\\\/\\\/www.altominho.tv\\\/site\\\/2023\\\/11\\\/20\\\/festejos-de-natal-arrancam-a-1-de-dezembro-em-valenca\\\/\",\"name\":\"Festejos de Natal arrancam a 1 de dezembro em Valen\u00e7a\",\"isPartOf\":{\"@id\":\"https:\\\/\\\/www.altominho.tv\\\/site\\\/#website\"},\"primaryImageOfPage\":{\"@id\":\"https:\\\/\\\/www.altominho.tv\\\/site\\\/2023\\\/11\\\/20\\\/festejos-de-natal-arrancam-a-1-de-dezembro-em-valenca\\\/#primaryimage\"},\"image\":{\"@id\":\"https:\\\/\\\/www.altominho.tv\\\/site\\\/2023\\\/11\\\/20\\\/festejos-de-natal-arrancam-a-1-de-dezembro-em-valenca\\\/#primaryimage\"},\"thumbnailUrl\":\"https:\\\/\\\/www.altominho.tv\\\/site\\\/wp-content\\\/uploads\\\/2023\\\/11\\\/Mercado-valenca.jpeg\",\"datePublished\":\"2023-11-20T09:37:09+00:00\",\"dateModified\":\"2023-11-20T09:41:18+00:00\",\"author\":{\"@id\":\"https:\\\/\\\/www.altominho.tv\\\/site\\\/#\\\/schema\\\/person\\\/f95a2097796cf4462fe1e476cddc40e4\"},\"breadcrumb\":{\"@id\":\"https:\\\/\\\/www.altominho.tv\\\/site\\\/2023\\\/11\\\/20\\\/festejos-de-natal-arrancam-a-1-de-dezembro-em-valenca\\\/#breadcrumb\"},\"inLanguage\":\"pt-PT\",\"potentialAction\":[{\"@type\":\"ReadAction\",\"target\":[\"https:\\\/\\\/www.altominho.tv\\\/site\\\/2023\\\/11\\\/20\\\/festejos-de-natal-arrancam-a-1-de-dezembro-em-valenca\\\/\"]}]},{\"@type\":\"ImageObject\",\"inLanguage\":\"pt-PT\",\"@id\":\"https:\\\/\\\/www.altominho.tv\\\/site\\\/2023\\\/11\\\/20\\\/festejos-de-natal-arrancam-a-1-de-dezembro-em-valenca\\\/#primaryimage\",\"url\":\"https:\\\/\\\/www.altominho.tv\\\/site\\\/wp-content\\\/uploads\\\/2023\\\/11\\\/Mercado-valenca.jpeg\",\"contentUrl\":\"https:\\\/\\\/www.altominho.tv\\\/site\\\/wp-content\\\/uploads\\\/2023\\\/11\\\/Mercado-valenca.jpeg\",\"width\":1920,\"height\":1080},{\"@type\":\"BreadcrumbList\",\"@id\":\"https:\\\/\\\/www.altominho.tv\\\/site\\\/2023\\\/11\\\/20\\\/festejos-de-natal-arrancam-a-1-de-dezembro-em-valenca\\\/#breadcrumb\",\"itemListElement\":[{\"@type\":\"ListItem\",\"position\":1,\"name\":\"In\u00edcio\",\"item\":\"https:\\\/\\\/www.altominho.tv\\\/site\\\/\"},{\"@type\":\"ListItem\",\"position\":2,\"name\":\"Festejos de Natal arrancam a 1 de dezembro em Valen\u00e7a\"}]},{\"@type\":\"WebSite\",\"@id\":\"https:\\\/\\\/www.altominho.tv\\\/site\\\/#website\",\"url\":\"https:\\\/\\\/www.altominho.tv\\\/site\\\/\",\"name\":\"Altominho.tv\",\"description\":\"A sua regi\u00e3o \u00e0 dist\u00e2ncia de um clique...\",\"potentialAction\":[{\"@type\":\"SearchAction\",\"target\":{\"@type\":\"EntryPoint\",\"urlTemplate\":\"https:\\\/\\\/www.altominho.tv\\\/site\\\/?s={search_term_string}\"},\"query-input\":{\"@type\":\"PropertyValueSpecification\",\"valueRequired\":true,\"valueName\":\"search_term_string\"}}],\"inLanguage\":\"pt-PT\"},{\"@type\":\"Person\",\"@id\":\"https:\\\/\\\/www.altominho.tv\\\/site\\\/#\\\/schema\\\/person\\\/f95a2097796cf4462fe1e476cddc40e4\",\"name\":\"Beatriz Lira\",\"image\":{\"@type\":\"ImageObject\",\"inLanguage\":\"pt-PT\",\"@id\":\"https:\\\/\\\/www.altominho.tv\\\/site\\\/wp-content\\\/uploads\\\/2023\\\/03\\\/Screenshot_20230306-141220_Photos-150x150.jpg\",\"url\":\"https:\\\/\\\/www.altominho.tv\\\/site\\\/wp-content\\\/uploads\\\/2023\\\/03\\\/Screenshot_20230306-141220_Photos-150x150.jpg\",\"contentUrl\":\"https:\\\/\\\/www.altominho.tv\\\/site\\\/wp-content\\\/uploads\\\/2023\\\/03\\\/Screenshot_20230306-141220_Photos-150x150.jpg\",\"caption\":\"Beatriz Lira\"},\"url\":\"https:\\\/\\\/www.altominho.tv\\\/site\\\/author\\\/beatriz\\\/\"}]}<\/script>\n<!-- \/ Yoast SEO Premium plugin. -->","yoast_head_json":{"title":"Festejos de Natal arrancam a 1 de dezembro em Valen\u00e7a","robots":{"index":"index","follow":"follow","max-snippet":"max-snippet:-1","max-image-preview":"max-image-preview:large","max-video-preview":"max-video-preview:-1"},"canonical":"https:\/\/www.altominho.tv\/site\/2023\/11\/20\/festejos-de-natal-arrancam-a-1-de-dezembro-em-valenca\/","og_locale":"pt_PT","og_type":"article","og_title":"Festejos de Natal arrancam a 1 de dezembro em Valen\u00e7a","og_description":"A partir de dezembro, o concelho de Valen\u00e7a oferece 38 dias de esp\u00edrito natal\u00edcio, na iniciativa \u201cValen\u00e7a \u00e9 Natal&#8217;23\u201d. As atividades come\u00e7am a 1 de dezembro e prolongam-se at\u00e9 7 de janeiro. O Acender as Luzes, a Fortaleza de Chocolate, o Mercado de Natal, a Duendel\u00e2ndia, H\u00e1 Neve na Pra\u00e7a, o\u00a0 Concerto de Natal da [&hellip;]","og_url":"https:\/\/www.altominho.tv\/site\/2023\/11\/20\/festejos-de-natal-arrancam-a-1-de-dezembro-em-valenca\/","og_site_name":"Altominho.tv","article_publisher":"https:\/\/www.facebook.com\/altominhotv","article_published_time":"2023-11-20T09:37:09+00:00","article_modified_time":"2023-11-20T09:41:18+00:00","og_image":[{"width":1920,"height":1080,"url":"https:\/\/www.altominho.tv\/site\/wp-content\/uploads\/2023\/11\/Mercado-valenca.jpeg","type":"image\/jpeg"}],"author":"Beatriz Lira","twitter_card":"summary_large_image","twitter_creator":"@altominhoTV","twitter_site":"@altominhoTV","twitter_misc":{"Escrito por":"Beatriz Lira","Tempo estimado de leitura":"3 minutos"},"schema":{"@context":"https:\/\/schema.org","@graph":[{"@type":"Article","@id":"https:\/\/www.altominho.tv\/site\/2023\/11\/20\/festejos-de-natal-arrancam-a-1-de-dezembro-em-valenca\/#article","isPartOf":{"@id":"https:\/\/www.altominho.tv\/site\/2023\/11\/20\/festejos-de-natal-arrancam-a-1-de-dezembro-em-valenca\/"},"author":{"name":"Beatriz Lira","@id":"https:\/\/www.altominho.tv\/site\/#\/schema\/person\/f95a2097796cf4462fe1e476cddc40e4"},"headline":"Festejos de Natal arrancam a 1 de dezembro em Valen\u00e7a","datePublished":"2023-11-20T09:37:09+00:00","dateModified":"2023-11-20T09:41:18+00:00","mainEntityOfPage":{"@id":"https:\/\/www.altominho.tv\/site\/2023\/11\/20\/festejos-de-natal-arrancam-a-1-de-dezembro-em-valenca\/"},"wordCount":505,"image":{"@id":"https:\/\/www.altominho.tv\/site\/2023\/11\/20\/festejos-de-natal-arrancam-a-1-de-dezembro-em-valenca\/#primaryimage"},"thumbnailUrl":"https:\/\/www.altominho.tv\/site\/wp-content\/uploads\/2023\/11\/Mercado-valenca.jpeg","keywords":["Gente","Lazer","Sociedade"],"articleSection":["Valen\u00e7a"],"inLanguage":"pt-PT","copyrightYear":"2023","copyrightHolder":{"@id":"https:\/\/www.altominho.tv\/site\/#organization"}},{"@type":"WebPage","@id":"https:\/\/www.altominho.tv\/site\/2023\/11\/20\/festejos-de-natal-arrancam-a-1-de-dezembro-em-valenca\/","url":"https:\/\/www.altominho.tv\/site\/2023\/11\/20\/festejos-de-natal-arrancam-a-1-de-dezembro-em-valenca\/","name":"Festejos de Natal arrancam a 1 de dezembro em Valen\u00e7a","isPartOf":{"@id":"https:\/\/www.altominho.tv\/site\/#website"},"primaryImageOfPage":{"@id":"https:\/\/www.altominho.tv\/site\/2023\/11\/20\/festejos-de-natal-arrancam-a-1-de-dezembro-em-valenca\/#primaryimage"},"image":{"@id":"https:\/\/www.altominho.tv\/site\/2023\/11\/20\/festejos-de-natal-arrancam-a-1-de-dezembro-em-valenca\/#primaryimage"},"thumbnailUrl":"https:\/\/www.altominho.tv\/site\/wp-content\/uploads\/2023\/11\/Mercado-valenca.jpeg","datePublished":"2023-11-20T09:37:09+00:00","dateModified":"2023-11-20T09:41:18+00:00","author":{"@id":"https:\/\/www.altominho.tv\/site\/#\/schema\/person\/f95a2097796cf4462fe1e476cddc40e4"},"breadcrumb":{"@id":"https:\/\/www.altominho.tv\/site\/2023\/11\/20\/festejos-de-natal-arrancam-a-1-de-dezembro-em-valenca\/#breadcrumb"},"inLanguage":"pt-PT","potentialAction":[{"@type":"ReadAction","target":["https:\/\/www.altominho.tv\/site\/2023\/11\/20\/festejos-de-natal-arrancam-a-1-de-dezembro-em-valenca\/"]}]},{"@type":"ImageObject","inLanguage":"pt-PT","@id":"https:\/\/www.altominho.tv\/site\/2023\/11\/20\/festejos-de-natal-arrancam-a-1-de-dezembro-em-valenca\/#primaryimage","url":"https:\/\/www.altominho.tv\/site\/wp-content\/uploads\/2023\/11\/Mercado-valenca.jpeg","contentUrl":"https:\/\/www.altominho.tv\/site\/wp-content\/uploads\/2023\/11\/Mercado-valenca.jpeg","width":1920,"height":1080},{"@type":"BreadcrumbList","@id":"https:\/\/www.altominho.tv\/site\/2023\/11\/20\/festejos-de-natal-arrancam-a-1-de-dezembro-em-valenca\/#breadcrumb","itemListElement":[{"@type":"ListItem","position":1,"name":"In\u00edcio","item":"https:\/\/www.altominho.tv\/site\/"},{"@type":"ListItem","position":2,"name":"Festejos de Natal arrancam a 1 de dezembro em Valen\u00e7a"}]},{"@type":"WebSite","@id":"https:\/\/www.altominho.tv\/site\/#website","url":"https:\/\/www.altominho.tv\/site\/","name":"Altominho.tv","description":"A sua regi\u00e3o \u00e0 dist\u00e2ncia de um clique...","potentialAction":[{"@type":"SearchAction","target":{"@type":"EntryPoint","urlTemplate":"https:\/\/www.altominho.tv\/site\/?s={search_term_string}"},"query-input":{"@type":"PropertyValueSpecification","valueRequired":true,"valueName":"search_term_string"}}],"inLanguage":"pt-PT"},{"@type":"Person","@id":"https:\/\/www.altominho.tv\/site\/#\/schema\/person\/f95a2097796cf4462fe1e476cddc40e4","name":"Beatriz Lira","image":{"@type":"ImageObject","inLanguage":"pt-PT","@id":"https:\/\/www.altominho.tv\/site\/wp-content\/uploads\/2023\/03\/Screenshot_20230306-141220_Photos-150x150.jpg","url":"https:\/\/www.altominho.tv\/site\/wp-content\/uploads\/2023\/03\/Screenshot_20230306-141220_Photos-150x150.jpg","contentUrl":"https:\/\/www.altominho.tv\/site\/wp-content\/uploads\/2023\/03\/Screenshot_20230306-141220_Photos-150x150.jpg","caption":"Beatriz Lira"},"url":"https:\/\/www.altominho.tv\/site\/author\/beatriz\/"}]}},"_links":{"self":[{"href":"https:\/\/www.altominho.tv\/site\/wp-json\/wp\/v2\/posts\/98857","targetHints":{"allow":["GET"]}}],"collection":[{"href":"https:\/\/www.altominho.tv\/site\/wp-json\/wp\/v2\/posts"}],"about":[{"href":"https:\/\/www.altominho.tv\/site\/wp-json\/wp\/v2\/types\/post"}],"author":[{"embeddable":true,"href":"https:\/\/www.altominho.tv\/site\/wp-json\/wp\/v2\/users\/28"}],"replies":[{"embeddable":true,"href":"https:\/\/www.altominho.tv\/site\/wp-json\/wp\/v2\/comments?post=98857"}],"version-history":[{"count":2,"href":"https:\/\/www.altominho.tv\/site\/wp-json\/wp\/v2\/posts\/98857\/revisions"}],"predecessor-version":[{"id":98860,"href":"https:\/\/www.altominho.tv\/site\/wp-json\/wp\/v2\/posts\/98857\/revisions\/98860"}],"wp:featuredmedia":[{"embeddable":true,"href":"https:\/\/www.altominho.tv\/site\/wp-json\/wp\/v2\/media\/98858"}],"wp:attachment":[{"href":"https:\/\/www.altominho.tv\/site\/wp-json\/wp\/v2\/media?parent=98857"}],"wp:term":[{"taxonomy":"category","embeddable":true,"href":"https:\/\/www.altominho.tv\/site\/wp-json\/wp\/v2\/categories?post=98857"},{"taxonomy":"post_tag","embeddable":true,"href":"https:\/\/www.altominho.tv\/site\/wp-json\/wp\/v2\/tags?post=98857"}],"curies":[{"name":"wp","href":"https:\/\/api.w.org\/{rel}","templated":true}]}}