{"id":98805,"date":"2023-11-18T10:22:40","date_gmt":"2023-11-18T10:22:40","guid":{"rendered":"https:\/\/www.altominho.tv\/site\/?p=98805"},"modified":"2023-11-18T10:26:20","modified_gmt":"2023-11-18T10:26:20","slug":"porta-do-mezio-promove-festival-de-caminhadas","status":"publish","type":"post","link":"https:\/\/www.altominho.tv\/site\/2023\/11\/18\/porta-do-mezio-promove-festival-de-caminhadas\/","title":{"rendered":"Porta do Mezio promove Festival de Caminhadas a 25 e 26 de novembro"},"content":{"rendered":"\n<p>A Porta do Mezio, em Arcos de Valdevez, vai promover um &#8220;Festival de Caminhadas&#8221; nos dias 25 e 26 de novembro.<\/p>\n\n\n\n<p>Com ponto de concentra\u00e7\u00e3o na Porta do Mezio, o Festival de Caminhadas est\u00e1 pensado &#8220;para os v\u00e1rios gostos e prepara\u00e7\u00e3o f\u00edsica&#8221;.<\/p>\n\n\n\n<p>As inscri\u00e7\u00f5es s\u00e3o obrigat\u00f3rias e limitadas, at\u00e9 23 de novembro, e devem ser realizadas nas instala\u00e7\u00f5es da Porta do Mezio, atrav\u00e9s de e-mail ou telefone.<\/p>\n\n\n\n<p>No dia 25, h\u00e1 tr\u00eas op\u00e7\u00f5es de caminhadas: Caminhada ao Fojo do Lobo e da Cabrita, Caminhada pelos Caminhos do P\u00e3o e da F\u00e9 e ainda Lagoas da Travanca, Porta do Sol e Baloi\u00e7o do Mezio. J\u00e1 no dia 26, tem lugar a Caminhada pelas Rotas dos Romeiros da Senhora da Peneda, Caminhada por Terras do Soajo e a Caminhada pelos Recantos da Nossa Hist\u00f3ria.<\/p>\n","protected":false},"excerpt":{"rendered":"<p>A Porta do Mezio, em Arcos de Valdevez, vai promover um &#8220;Festival de Caminhadas&#8221; nos dias 25 e 26 de novembro. Com ponto de concentra\u00e7\u00e3o na Porta do Mezio, o Festival de Caminhadas est\u00e1 pensado &#8220;para os v\u00e1rios gostos e prepara\u00e7\u00e3o f\u00edsica&#8221;. As inscri\u00e7\u00f5es s\u00e3o obrigat\u00f3rias e limitadas, at\u00e9 23 de novembro, e devem ser [&hellip;]<\/p>\n","protected":false},"author":7,"featured_media":98804,"comment_status":"closed","ping_status":"closed","sticky":false,"template":"","format":"standard","meta":{"_exactmetrics_skip_tracking":false,"_exactmetrics_sitenote_active":false,"_exactmetrics_sitenote_note":"","_exactmetrics_sitenote_category":0,"footnotes":""},"categories":[2],"tags":[20,24],"class_list":["post-98805","post","type-post","status-publish","format-standard","has-post-thumbnail","hentry","category-arcos-de-valdevez","tag-desporto","tag-lazer"],"yoast_head":"<!-- This site is optimized with the Yoast SEO Premium plugin v27.4 (Yoast SEO v27.4) - https:\/\/yoast.com\/product\/yoast-seo-premium-wordpress\/ -->\n<title>Porta do Mezio promove Festival de Caminhadas a 25 e 26 de novembro<\/title>\n<meta name=\"description\" content=\"A Porta do Mezio, em Arcos de Valdevez, vai promover um Festival de Caminhadas, nos dias 25 e 26 de novembro.\" \/>\n<meta name=\"robots\" content=\"index, follow, max-snippet:-1, max-image-preview:large, max-video-preview:-1\" \/>\n<link rel=\"canonical\" href=\"https:\/\/www.altominho.tv\/site\/2023\/11\/18\/porta-do-mezio-promove-festival-de-caminhadas\/\" \/>\n<meta property=\"og:locale\" content=\"pt_PT\" \/>\n<meta property=\"og:type\" content=\"article\" \/>\n<meta property=\"og:title\" content=\"Porta do Mezio promove Festival de Caminhadas a 25 e 26 de novembro\" \/>\n<meta property=\"og:description\" content=\"A Porta do Mezio, em Arcos de Valdevez, vai promover um Festival de Caminhadas, nos dias 25 e 26 de novembro.\" \/>\n<meta property=\"og:url\" content=\"https:\/\/www.altominho.tv\/site\/2023\/11\/18\/porta-do-mezio-promove-festival-de-caminhadas\/\" \/>\n<meta property=\"og:site_name\" content=\"Altominho.tv\" \/>\n<meta property=\"article:publisher\" content=\"https:\/\/www.facebook.com\/altominhotv\" \/>\n<meta property=\"article:published_time\" content=\"2023-11-18T10:22:40+00:00\" \/>\n<meta property=\"article:modified_time\" content=\"2023-11-18T10:26:20+00:00\" \/>\n<meta property=\"og:image\" content=\"https:\/\/www.altominho.tv\/site\/wp-content\/uploads\/2023\/11\/porta-do-mezio1.jpeg\" \/>\n\t<meta property=\"og:image:width\" content=\"740\" \/>\n\t<meta property=\"og:image:height\" content=\"494\" \/>\n\t<meta property=\"og:image:type\" content=\"image\/jpeg\" \/>\n<meta name=\"author\" content=\"Andreia Cunha\" \/>\n<meta name=\"twitter:card\" content=\"summary_large_image\" \/>\n<meta name=\"twitter:creator\" content=\"@altominhoTV\" \/>\n<meta name=\"twitter:site\" content=\"@altominhoTV\" \/>\n<meta name=\"twitter:label1\" content=\"Escrito por\" \/>\n\t<meta name=\"twitter:data1\" content=\"Andreia Cunha\" \/>\n\t<meta name=\"twitter:label2\" content=\"Tempo estimado de leitura\" \/>\n\t<meta name=\"twitter:data2\" content=\"1 minuto\" \/>\n<script type=\"application\/ld+json\" class=\"yoast-schema-graph\">{\"@context\":\"https:\\\/\\\/schema.org\",\"@graph\":[{\"@type\":\"Article\",\"@id\":\"https:\\\/\\\/www.altominho.tv\\\/site\\\/2023\\\/11\\\/18\\\/porta-do-mezio-promove-festival-de-caminhadas\\\/#article\",\"isPartOf\":{\"@id\":\"https:\\\/\\\/www.altominho.tv\\\/site\\\/2023\\\/11\\\/18\\\/porta-do-mezio-promove-festival-de-caminhadas\\\/\"},\"author\":{\"name\":\"Andreia Cunha\",\"@id\":\"https:\\\/\\\/www.altominho.tv\\\/site\\\/#\\\/schema\\\/person\\\/a0e4ef6d041f98ca284393d8f1d97153\"},\"headline\":\"Porta do Mezio promove Festival de Caminhadas a 25 e 26 de novembro\",\"datePublished\":\"2023-11-18T10:22:40+00:00\",\"dateModified\":\"2023-11-18T10:26:20+00:00\",\"mainEntityOfPage\":{\"@id\":\"https:\\\/\\\/www.altominho.tv\\\/site\\\/2023\\\/11\\\/18\\\/porta-do-mezio-promove-festival-de-caminhadas\\\/\"},\"wordCount\":152,\"image\":{\"@id\":\"https:\\\/\\\/www.altominho.tv\\\/site\\\/2023\\\/11\\\/18\\\/porta-do-mezio-promove-festival-de-caminhadas\\\/#primaryimage\"},\"thumbnailUrl\":\"https:\\\/\\\/www.altominho.tv\\\/site\\\/wp-content\\\/uploads\\\/2023\\\/11\\\/porta-do-mezio1.jpeg\",\"keywords\":[\"Desporto\",\"Lazer\"],\"articleSection\":[\"Arcos de Valdevez\"],\"inLanguage\":\"pt-PT\",\"copyrightYear\":\"2023\",\"copyrightHolder\":{\"@id\":\"https:\\\/\\\/www.altominho.tv\\\/site\\\/#organization\"}},{\"@type\":\"WebPage\",\"@id\":\"https:\\\/\\\/www.altominho.tv\\\/site\\\/2023\\\/11\\\/18\\\/porta-do-mezio-promove-festival-de-caminhadas\\\/\",\"url\":\"https:\\\/\\\/www.altominho.tv\\\/site\\\/2023\\\/11\\\/18\\\/porta-do-mezio-promove-festival-de-caminhadas\\\/\",\"name\":\"Porta do Mezio promove Festival de Caminhadas a 25 e 26 de novembro\",\"isPartOf\":{\"@id\":\"https:\\\/\\\/www.altominho.tv\\\/site\\\/#website\"},\"primaryImageOfPage\":{\"@id\":\"https:\\\/\\\/www.altominho.tv\\\/site\\\/2023\\\/11\\\/18\\\/porta-do-mezio-promove-festival-de-caminhadas\\\/#primaryimage\"},\"image\":{\"@id\":\"https:\\\/\\\/www.altominho.tv\\\/site\\\/2023\\\/11\\\/18\\\/porta-do-mezio-promove-festival-de-caminhadas\\\/#primaryimage\"},\"thumbnailUrl\":\"https:\\\/\\\/www.altominho.tv\\\/site\\\/wp-content\\\/uploads\\\/2023\\\/11\\\/porta-do-mezio1.jpeg\",\"datePublished\":\"2023-11-18T10:22:40+00:00\",\"dateModified\":\"2023-11-18T10:26:20+00:00\",\"author\":{\"@id\":\"https:\\\/\\\/www.altominho.tv\\\/site\\\/#\\\/schema\\\/person\\\/a0e4ef6d041f98ca284393d8f1d97153\"},\"description\":\"A Porta do Mezio, em Arcos de Valdevez, vai promover um Festival de Caminhadas, nos dias 25 e 26 de novembro.\",\"breadcrumb\":{\"@id\":\"https:\\\/\\\/www.altominho.tv\\\/site\\\/2023\\\/11\\\/18\\\/porta-do-mezio-promove-festival-de-caminhadas\\\/#breadcrumb\"},\"inLanguage\":\"pt-PT\",\"potentialAction\":[{\"@type\":\"ReadAction\",\"target\":[\"https:\\\/\\\/www.altominho.tv\\\/site\\\/2023\\\/11\\\/18\\\/porta-do-mezio-promove-festival-de-caminhadas\\\/\"]}]},{\"@type\":\"ImageObject\",\"inLanguage\":\"pt-PT\",\"@id\":\"https:\\\/\\\/www.altominho.tv\\\/site\\\/2023\\\/11\\\/18\\\/porta-do-mezio-promove-festival-de-caminhadas\\\/#primaryimage\",\"url\":\"https:\\\/\\\/www.altominho.tv\\\/site\\\/wp-content\\\/uploads\\\/2023\\\/11\\\/porta-do-mezio1.jpeg\",\"contentUrl\":\"https:\\\/\\\/www.altominho.tv\\\/site\\\/wp-content\\\/uploads\\\/2023\\\/11\\\/porta-do-mezio1.jpeg\",\"width\":740,\"height\":494},{\"@type\":\"BreadcrumbList\",\"@id\":\"https:\\\/\\\/www.altominho.tv\\\/site\\\/2023\\\/11\\\/18\\\/porta-do-mezio-promove-festival-de-caminhadas\\\/#breadcrumb\",\"itemListElement\":[{\"@type\":\"ListItem\",\"position\":1,\"name\":\"In\u00edcio\",\"item\":\"https:\\\/\\\/www.altominho.tv\\\/site\\\/\"},{\"@type\":\"ListItem\",\"position\":2,\"name\":\"Porta do Mezio promove Festival de Caminhadas a 25 e 26 de novembro\"}]},{\"@type\":\"WebSite\",\"@id\":\"https:\\\/\\\/www.altominho.tv\\\/site\\\/#website\",\"url\":\"https:\\\/\\\/www.altominho.tv\\\/site\\\/\",\"name\":\"Altominho.tv\",\"description\":\"A sua regi\u00e3o \u00e0 dist\u00e2ncia de um clique...\",\"potentialAction\":[{\"@type\":\"SearchAction\",\"target\":{\"@type\":\"EntryPoint\",\"urlTemplate\":\"https:\\\/\\\/www.altominho.tv\\\/site\\\/?s={search_term_string}\"},\"query-input\":{\"@type\":\"PropertyValueSpecification\",\"valueRequired\":true,\"valueName\":\"search_term_string\"}}],\"inLanguage\":\"pt-PT\"},{\"@type\":\"Person\",\"@id\":\"https:\\\/\\\/www.altominho.tv\\\/site\\\/#\\\/schema\\\/person\\\/a0e4ef6d041f98ca284393d8f1d97153\",\"name\":\"Andreia Cunha\",\"image\":{\"@type\":\"ImageObject\",\"inLanguage\":\"pt-PT\",\"@id\":\"https:\\\/\\\/www.altominho.tv\\\/site\\\/wp-content\\\/uploads\\\/2017\\\/11\\\/Andreia_Cunha-1-150x150.jpg\",\"url\":\"https:\\\/\\\/www.altominho.tv\\\/site\\\/wp-content\\\/uploads\\\/2017\\\/11\\\/Andreia_Cunha-1-150x150.jpg\",\"contentUrl\":\"https:\\\/\\\/www.altominho.tv\\\/site\\\/wp-content\\\/uploads\\\/2017\\\/11\\\/Andreia_Cunha-1-150x150.jpg\",\"caption\":\"Andreia Cunha\"},\"url\":\"https:\\\/\\\/www.altominho.tv\\\/site\\\/author\\\/andreiacunha\\\/\"}]}<\/script>\n<!-- \/ Yoast SEO Premium plugin. -->","yoast_head_json":{"title":"Porta do Mezio promove Festival de Caminhadas a 25 e 26 de novembro","description":"A Porta do Mezio, em Arcos de Valdevez, vai promover um Festival de Caminhadas, nos dias 25 e 26 de novembro.","robots":{"index":"index","follow":"follow","max-snippet":"max-snippet:-1","max-image-preview":"max-image-preview:large","max-video-preview":"max-video-preview:-1"},"canonical":"https:\/\/www.altominho.tv\/site\/2023\/11\/18\/porta-do-mezio-promove-festival-de-caminhadas\/","og_locale":"pt_PT","og_type":"article","og_title":"Porta do Mezio promove Festival de Caminhadas a 25 e 26 de novembro","og_description":"A Porta do Mezio, em Arcos de Valdevez, vai promover um Festival de Caminhadas, nos dias 25 e 26 de novembro.","og_url":"https:\/\/www.altominho.tv\/site\/2023\/11\/18\/porta-do-mezio-promove-festival-de-caminhadas\/","og_site_name":"Altominho.tv","article_publisher":"https:\/\/www.facebook.com\/altominhotv","article_published_time":"2023-11-18T10:22:40+00:00","article_modified_time":"2023-11-18T10:26:20+00:00","og_image":[{"width":740,"height":494,"url":"https:\/\/www.altominho.tv\/site\/wp-content\/uploads\/2023\/11\/porta-do-mezio1.jpeg","type":"image\/jpeg"}],"author":"Andreia Cunha","twitter_card":"summary_large_image","twitter_creator":"@altominhoTV","twitter_site":"@altominhoTV","twitter_misc":{"Escrito por":"Andreia Cunha","Tempo estimado de leitura":"1 minuto"},"schema":{"@context":"https:\/\/schema.org","@graph":[{"@type":"Article","@id":"https:\/\/www.altominho.tv\/site\/2023\/11\/18\/porta-do-mezio-promove-festival-de-caminhadas\/#article","isPartOf":{"@id":"https:\/\/www.altominho.tv\/site\/2023\/11\/18\/porta-do-mezio-promove-festival-de-caminhadas\/"},"author":{"name":"Andreia Cunha","@id":"https:\/\/www.altominho.tv\/site\/#\/schema\/person\/a0e4ef6d041f98ca284393d8f1d97153"},"headline":"Porta do Mezio promove Festival de Caminhadas a 25 e 26 de novembro","datePublished":"2023-11-18T10:22:40+00:00","dateModified":"2023-11-18T10:26:20+00:00","mainEntityOfPage":{"@id":"https:\/\/www.altominho.tv\/site\/2023\/11\/18\/porta-do-mezio-promove-festival-de-caminhadas\/"},"wordCount":152,"image":{"@id":"https:\/\/www.altominho.tv\/site\/2023\/11\/18\/porta-do-mezio-promove-festival-de-caminhadas\/#primaryimage"},"thumbnailUrl":"https:\/\/www.altominho.tv\/site\/wp-content\/uploads\/2023\/11\/porta-do-mezio1.jpeg","keywords":["Desporto","Lazer"],"articleSection":["Arcos de Valdevez"],"inLanguage":"pt-PT","copyrightYear":"2023","copyrightHolder":{"@id":"https:\/\/www.altominho.tv\/site\/#organization"}},{"@type":"WebPage","@id":"https:\/\/www.altominho.tv\/site\/2023\/11\/18\/porta-do-mezio-promove-festival-de-caminhadas\/","url":"https:\/\/www.altominho.tv\/site\/2023\/11\/18\/porta-do-mezio-promove-festival-de-caminhadas\/","name":"Porta do Mezio promove Festival de Caminhadas a 25 e 26 de novembro","isPartOf":{"@id":"https:\/\/www.altominho.tv\/site\/#website"},"primaryImageOfPage":{"@id":"https:\/\/www.altominho.tv\/site\/2023\/11\/18\/porta-do-mezio-promove-festival-de-caminhadas\/#primaryimage"},"image":{"@id":"https:\/\/www.altominho.tv\/site\/2023\/11\/18\/porta-do-mezio-promove-festival-de-caminhadas\/#primaryimage"},"thumbnailUrl":"https:\/\/www.altominho.tv\/site\/wp-content\/uploads\/2023\/11\/porta-do-mezio1.jpeg","datePublished":"2023-11-18T10:22:40+00:00","dateModified":"2023-11-18T10:26:20+00:00","author":{"@id":"https:\/\/www.altominho.tv\/site\/#\/schema\/person\/a0e4ef6d041f98ca284393d8f1d97153"},"description":"A Porta do Mezio, em Arcos de Valdevez, vai promover um Festival de Caminhadas, nos dias 25 e 26 de novembro.","breadcrumb":{"@id":"https:\/\/www.altominho.tv\/site\/2023\/11\/18\/porta-do-mezio-promove-festival-de-caminhadas\/#breadcrumb"},"inLanguage":"pt-PT","potentialAction":[{"@type":"ReadAction","target":["https:\/\/www.altominho.tv\/site\/2023\/11\/18\/porta-do-mezio-promove-festival-de-caminhadas\/"]}]},{"@type":"ImageObject","inLanguage":"pt-PT","@id":"https:\/\/www.altominho.tv\/site\/2023\/11\/18\/porta-do-mezio-promove-festival-de-caminhadas\/#primaryimage","url":"https:\/\/www.altominho.tv\/site\/wp-content\/uploads\/2023\/11\/porta-do-mezio1.jpeg","contentUrl":"https:\/\/www.altominho.tv\/site\/wp-content\/uploads\/2023\/11\/porta-do-mezio1.jpeg","width":740,"height":494},{"@type":"BreadcrumbList","@id":"https:\/\/www.altominho.tv\/site\/2023\/11\/18\/porta-do-mezio-promove-festival-de-caminhadas\/#breadcrumb","itemListElement":[{"@type":"ListItem","position":1,"name":"In\u00edcio","item":"https:\/\/www.altominho.tv\/site\/"},{"@type":"ListItem","position":2,"name":"Porta do Mezio promove Festival de Caminhadas a 25 e 26 de novembro"}]},{"@type":"WebSite","@id":"https:\/\/www.altominho.tv\/site\/#website","url":"https:\/\/www.altominho.tv\/site\/","name":"Altominho.tv","description":"A sua regi\u00e3o \u00e0 dist\u00e2ncia de um clique...","potentialAction":[{"@type":"SearchAction","target":{"@type":"EntryPoint","urlTemplate":"https:\/\/www.altominho.tv\/site\/?s={search_term_string}"},"query-input":{"@type":"PropertyValueSpecification","valueRequired":true,"valueName":"search_term_string"}}],"inLanguage":"pt-PT"},{"@type":"Person","@id":"https:\/\/www.altominho.tv\/site\/#\/schema\/person\/a0e4ef6d041f98ca284393d8f1d97153","name":"Andreia Cunha","image":{"@type":"ImageObject","inLanguage":"pt-PT","@id":"https:\/\/www.altominho.tv\/site\/wp-content\/uploads\/2017\/11\/Andreia_Cunha-1-150x150.jpg","url":"https:\/\/www.altominho.tv\/site\/wp-content\/uploads\/2017\/11\/Andreia_Cunha-1-150x150.jpg","contentUrl":"https:\/\/www.altominho.tv\/site\/wp-content\/uploads\/2017\/11\/Andreia_Cunha-1-150x150.jpg","caption":"Andreia Cunha"},"url":"https:\/\/www.altominho.tv\/site\/author\/andreiacunha\/"}]}},"_links":{"self":[{"href":"https:\/\/www.altominho.tv\/site\/wp-json\/wp\/v2\/posts\/98805","targetHints":{"allow":["GET"]}}],"collection":[{"href":"https:\/\/www.altominho.tv\/site\/wp-json\/wp\/v2\/posts"}],"about":[{"href":"https:\/\/www.altominho.tv\/site\/wp-json\/wp\/v2\/types\/post"}],"author":[{"embeddable":true,"href":"https:\/\/www.altominho.tv\/site\/wp-json\/wp\/v2\/users\/7"}],"replies":[{"embeddable":true,"href":"https:\/\/www.altominho.tv\/site\/wp-json\/wp\/v2\/comments?post=98805"}],"version-history":[{"count":1,"href":"https:\/\/www.altominho.tv\/site\/wp-json\/wp\/v2\/posts\/98805\/revisions"}],"predecessor-version":[{"id":98806,"href":"https:\/\/www.altominho.tv\/site\/wp-json\/wp\/v2\/posts\/98805\/revisions\/98806"}],"wp:featuredmedia":[{"embeddable":true,"href":"https:\/\/www.altominho.tv\/site\/wp-json\/wp\/v2\/media\/98804"}],"wp:attachment":[{"href":"https:\/\/www.altominho.tv\/site\/wp-json\/wp\/v2\/media?parent=98805"}],"wp:term":[{"taxonomy":"category","embeddable":true,"href":"https:\/\/www.altominho.tv\/site\/wp-json\/wp\/v2\/categories?post=98805"},{"taxonomy":"post_tag","embeddable":true,"href":"https:\/\/www.altominho.tv\/site\/wp-json\/wp\/v2\/tags?post=98805"}],"curies":[{"name":"wp","href":"https:\/\/api.w.org\/{rel}","templated":true}]}}