{"id":98618,"date":"2023-11-13T17:21:58","date_gmt":"2023-11-13T17:21:58","guid":{"rendered":"https:\/\/www.altominho.tv\/site\/?p=98618"},"modified":"2023-11-13T17:22:01","modified_gmt":"2023-11-13T17:22:01","slug":"empresa-em-arcos-de-valdevez-diz-que-despedimento-coletivo-cumpre-a-lei","status":"publish","type":"post","link":"https:\/\/www.altominho.tv\/site\/2023\/11\/13\/empresa-em-arcos-de-valdevez-diz-que-despedimento-coletivo-cumpre-a-lei\/","title":{"rendered":"Empresa em Arcos de Valdevez diz que despedimento coletivo cumpre a lei"},"content":{"rendered":"<p>A administra\u00e7\u00e3o da f\u00e1brica da Coindu em Arcos de Valdevez garantiu hoje estar a cumprir a lei, de forma integral e escrupulosa, no processo de despedimento coletivo que tem em curso, motivado pela \u201cdescontinuidade de alguns projetos\u201d.<\/p>\n<p>\u201cA necessidade de recurso ao despedimento coletivo decorre da descontinuidade de alguns projetos que tivemos at\u00e9 \u00e0 data. A Coindu iniciou o processo, respeitando, de forma integral e escrupulosa, a lei\u201d, refere a empresa que se dedica \u00e0 produ\u00e7\u00e3o de estofos para autom\u00f3veis.<\/p>\n<p>Em resposta enviada hoje, por escrito, a um pedido de esclarecimento da ag\u00eancia Lusa, a Coindu adianta que \u201ca inten\u00e7\u00e3o de proceder a um despedimento coletivo abrange 103 dos 2.300 trabalhadores ao servi\u00e7o da empresa, n\u00e3o havendo lugar ao encerramento de qualquer das suas unidades de produ\u00e7\u00e3o\u201d.<\/p>\n<p>Em Portugal, a Coindu, fundada em 1988, tem unidades fabris em Arcos de Valdevez, no distrito de Viana do Castelo, e em Vila Nova de Famalic\u00e3o, no distrito de Braga.<\/p>\n<p>A administra\u00e7\u00e3o da empresa refere que \u201ca todos os trabalhadores abrangidos pelo referido processo foi enviada a comunica\u00e7\u00e3o prevista no artigo 360.\u00ba do C\u00f3digo do Trabalho\u201d, sendo que \u201cde seguida dar\u00e1, nos termos da lei, in\u00edcio \u00e0 fase de informa\u00e7\u00f5es e negocia\u00e7\u00e3o com os trabalhadores\u201d. \u201cTrata-se de um procedimento transparente e fundamentado, que vem decorrendo com a maior serenidade e com a compreens\u00e3o por parte dos trabalhadores da Coindu\u201d, sustenta a empresa.<\/p>\n<p>Na sexta-feira, o Sindicato das Ind\u00fastrias Metal\u00fargicas e Afins (SIMA) entregou na Autoridade para as Condi\u00e7\u00f5es de Trabalho (ACT) um pedido de anula\u00e7\u00e3o do processo de despedimento coletivo. Na altura, \u00e0 Lusa o secret\u00e1rio-geral do SIMA, Jos\u00e9 Sim\u00f5es, classificou o procedimento de ilegal.<\/p>\n<p>Na nota hoje enviada \u00e0 Lusa, a Coindu adiantou que vai \u201ccontinuar a mover esfor\u00e7os no sentido de conseguir novas nomea\u00e7\u00f5es de projetos e manter em pleno funcionamento todas as unidades de Portugal, conforme tem vindo a ser praticado nos \u00faltimos 35 anos\u201d.<\/p>\n<p>\u201cNeste sentido, a Coindu tem vindo a fazer um grande investimento nas \u00e1reas tecnol\u00f3gicas com vista a um posicionamento competitivo face aos mercados concorrentes de baixo custo\u201d, acrescentou.<\/p>\n<p>J\u00e1 o secret\u00e1rio-geral do SIM, Jos\u00e9 Sim\u00f5es assegurou que, \u201cenquanto a situa\u00e7\u00e3o n\u00e3o ficar esclarecida, o SIMA n\u00e3o ir\u00e1 desistir\u201d.<\/p>\n<p>\u201cVamos continuar a apoiar os trabalhadores. Mesmo que saiam da empresa, vamos ajud\u00e1-los a encontrar emprego nas outras f\u00e1bricas instaladas na regi\u00e3o. Inform\u00e1-los dos direitos que t\u00eam ao dispor, desde o subs\u00eddio de desemprego, entre outras\u201d, especificou.<\/p>\n","protected":false},"excerpt":{"rendered":"<p>A administra\u00e7\u00e3o da f\u00e1brica da Coindu em Arcos de Valdevez garantiu hoje estar a cumprir a lei, de forma integral e escrupulosa, no processo de despedimento coletivo que tem em curso, motivado pela \u201cdescontinuidade de alguns projetos\u201d. \u201cA necessidade de recurso ao despedimento coletivo decorre da descontinuidade de alguns projetos que tivemos at\u00e9 \u00e0 data. [&hellip;]<\/p>\n","protected":false},"author":13,"featured_media":98622,"comment_status":"closed","ping_status":"closed","sticky":false,"template":"","format":"standard","meta":{"_exactmetrics_skip_tracking":false,"footnotes":""},"categories":[2],"tags":[21,27],"class_list":["post-98618","post","type-post","status-publish","format-standard","has-post-thumbnail","hentry","category-arcos-de-valdevez","tag-economia","tag-sociedade"],"yoast_head":"<!-- This site is optimized with the Yoast SEO Premium plugin v28.3 (Yoast SEO v28.3) - https:\/\/yoast.com\/product\/yoast-seo-premium-wordpress\/ -->\n<title>Empresa em Arcos de Valdevez diz que despedimento coletivo cumpre a lei<\/title>\n<meta name=\"description\" content=\"A administra\u00e7\u00e3o da f\u00e1brica da Coindu em Arcos de Valdevez garantiu hoje estar a cumprir a lei, de forma integral e escrupulosa, no processo de despedimento coletivo que tem em curso, motivado pela \u201cdescontinuidade de alguns projetos\u201d\" \/>\n<meta name=\"robots\" content=\"index, follow, max-snippet:-1, max-image-preview:large, max-video-preview:-1\" \/>\n<link rel=\"canonical\" href=\"https:\/\/www.altominho.tv\/site\/2023\/11\/13\/empresa-em-arcos-de-valdevez-diz-que-despedimento-coletivo-cumpre-a-lei\/\" \/>\n<meta property=\"og:locale\" content=\"pt_PT\" \/>\n<meta property=\"og:type\" content=\"article\" \/>\n<meta property=\"og:title\" content=\"Empresa em Arcos de Valdevez diz que despedimento coletivo cumpre a lei\" \/>\n<meta property=\"og:description\" content=\"A administra\u00e7\u00e3o da f\u00e1brica da Coindu em Arcos de Valdevez garantiu hoje estar a cumprir a lei, de forma integral e escrupulosa, no processo de despedimento coletivo que tem em curso, motivado pela \u201cdescontinuidade de alguns projetos\u201d\" \/>\n<meta property=\"og:url\" content=\"https:\/\/www.altominho.tv\/site\/2023\/11\/13\/empresa-em-arcos-de-valdevez-diz-que-despedimento-coletivo-cumpre-a-lei\/\" \/>\n<meta property=\"og:site_name\" content=\"Altominho.tv\" \/>\n<meta property=\"article:publisher\" content=\"https:\/\/www.facebook.com\/altominhotv\" \/>\n<meta property=\"article:published_time\" content=\"2023-11-13T17:21:58+00:00\" \/>\n<meta property=\"article:modified_time\" content=\"2023-11-13T17:22:01+00:00\" \/>\n<meta property=\"og:image\" content=\"https:\/\/www.altominho.tv\/site\/wp-content\/uploads\/2023\/11\/coindu-740x460-1.jpeg\" \/>\n\t<meta property=\"og:image:width\" content=\"740\" \/>\n\t<meta property=\"og:image:height\" content=\"460\" \/>\n\t<meta property=\"og:image:type\" content=\"image\/jpeg\" \/>\n<meta name=\"author\" content=\"Lusa\" \/>\n<meta name=\"twitter:card\" content=\"summary_large_image\" \/>\n<meta name=\"twitter:creator\" content=\"@altominhoTV\" \/>\n<meta name=\"twitter:site\" content=\"@altominhoTV\" \/>\n<meta name=\"twitter:label1\" content=\"Escrito por\" \/>\n\t<meta name=\"twitter:data1\" content=\"Lusa\" \/>\n\t<meta name=\"twitter:label2\" content=\"Tempo estimado de leitura\" \/>\n\t<meta name=\"twitter:data2\" content=\"3 minutos\" \/>\n<script type=\"application\/ld+json\" class=\"yoast-schema-graph\">{\"@context\":\"https:\\\/\\\/schema.org\",\"@graph\":[{\"@type\":\"Article\",\"@id\":\"https:\\\/\\\/www.altominho.tv\\\/site\\\/2023\\\/11\\\/13\\\/empresa-em-arcos-de-valdevez-diz-que-despedimento-coletivo-cumpre-a-lei\\\/#article\",\"isPartOf\":{\"@id\":\"https:\\\/\\\/www.altominho.tv\\\/site\\\/2023\\\/11\\\/13\\\/empresa-em-arcos-de-valdevez-diz-que-despedimento-coletivo-cumpre-a-lei\\\/\"},\"author\":{\"name\":\"Lusa\",\"@id\":\"https:\\\/\\\/www.altominho.tv\\\/site\\\/#\\\/schema\\\/person\\\/63f693da3e1899361cbe955c46f3232e\"},\"headline\":\"Empresa em Arcos de Valdevez diz que despedimento coletivo cumpre a lei\",\"datePublished\":\"2023-11-13T17:21:58+00:00\",\"dateModified\":\"2023-11-13T17:22:01+00:00\",\"mainEntityOfPage\":{\"@id\":\"https:\\\/\\\/www.altominho.tv\\\/site\\\/2023\\\/11\\\/13\\\/empresa-em-arcos-de-valdevez-diz-que-despedimento-coletivo-cumpre-a-lei\\\/\"},\"wordCount\":439,\"image\":{\"@id\":\"https:\\\/\\\/www.altominho.tv\\\/site\\\/2023\\\/11\\\/13\\\/empresa-em-arcos-de-valdevez-diz-que-despedimento-coletivo-cumpre-a-lei\\\/#primaryimage\"},\"thumbnailUrl\":\"https:\\\/\\\/www.altominho.tv\\\/site\\\/wp-content\\\/uploads\\\/2023\\\/11\\\/coindu-740x460-1.jpeg\",\"keywords\":[\"Economia\",\"Sociedade\"],\"articleSection\":[\"Arcos de Valdevez\"],\"inLanguage\":\"pt-PT\",\"copyrightYear\":\"2023\",\"copyrightHolder\":{\"@id\":\"https:\\\/\\\/www.altominho.tv\\\/site\\\/#organization\"}},{\"@type\":\"WebPage\",\"@id\":\"https:\\\/\\\/www.altominho.tv\\\/site\\\/2023\\\/11\\\/13\\\/empresa-em-arcos-de-valdevez-diz-que-despedimento-coletivo-cumpre-a-lei\\\/\",\"url\":\"https:\\\/\\\/www.altominho.tv\\\/site\\\/2023\\\/11\\\/13\\\/empresa-em-arcos-de-valdevez-diz-que-despedimento-coletivo-cumpre-a-lei\\\/\",\"name\":\"Empresa em Arcos de Valdevez diz que despedimento coletivo cumpre a lei\",\"isPartOf\":{\"@id\":\"https:\\\/\\\/www.altominho.tv\\\/site\\\/#website\"},\"primaryImageOfPage\":{\"@id\":\"https:\\\/\\\/www.altominho.tv\\\/site\\\/2023\\\/11\\\/13\\\/empresa-em-arcos-de-valdevez-diz-que-despedimento-coletivo-cumpre-a-lei\\\/#primaryimage\"},\"image\":{\"@id\":\"https:\\\/\\\/www.altominho.tv\\\/site\\\/2023\\\/11\\\/13\\\/empresa-em-arcos-de-valdevez-diz-que-despedimento-coletivo-cumpre-a-lei\\\/#primaryimage\"},\"thumbnailUrl\":\"https:\\\/\\\/www.altominho.tv\\\/site\\\/wp-content\\\/uploads\\\/2023\\\/11\\\/coindu-740x460-1.jpeg\",\"datePublished\":\"2023-11-13T17:21:58+00:00\",\"dateModified\":\"2023-11-13T17:22:01+00:00\",\"author\":{\"@id\":\"https:\\\/\\\/www.altominho.tv\\\/site\\\/#\\\/schema\\\/person\\\/63f693da3e1899361cbe955c46f3232e\"},\"description\":\"A administra\u00e7\u00e3o da f\u00e1brica da Coindu em Arcos de Valdevez garantiu hoje estar a cumprir a lei, de forma integral e escrupulosa, no processo de despedimento coletivo que tem em curso, motivado pela \u201cdescontinuidade de alguns projetos\u201d\",\"breadcrumb\":{\"@id\":\"https:\\\/\\\/www.altominho.tv\\\/site\\\/2023\\\/11\\\/13\\\/empresa-em-arcos-de-valdevez-diz-que-despedimento-coletivo-cumpre-a-lei\\\/#breadcrumb\"},\"inLanguage\":\"pt-PT\",\"potentialAction\":[{\"@type\":\"ReadAction\",\"target\":[\"https:\\\/\\\/www.altominho.tv\\\/site\\\/2023\\\/11\\\/13\\\/empresa-em-arcos-de-valdevez-diz-que-despedimento-coletivo-cumpre-a-lei\\\/\"]}]},{\"@type\":\"ImageObject\",\"inLanguage\":\"pt-PT\",\"@id\":\"https:\\\/\\\/www.altominho.tv\\\/site\\\/2023\\\/11\\\/13\\\/empresa-em-arcos-de-valdevez-diz-que-despedimento-coletivo-cumpre-a-lei\\\/#primaryimage\",\"url\":\"https:\\\/\\\/www.altominho.tv\\\/site\\\/wp-content\\\/uploads\\\/2023\\\/11\\\/coindu-740x460-1.jpeg\",\"contentUrl\":\"https:\\\/\\\/www.altominho.tv\\\/site\\\/wp-content\\\/uploads\\\/2023\\\/11\\\/coindu-740x460-1.jpeg\",\"width\":740,\"height\":460},{\"@type\":\"BreadcrumbList\",\"@id\":\"https:\\\/\\\/www.altominho.tv\\\/site\\\/2023\\\/11\\\/13\\\/empresa-em-arcos-de-valdevez-diz-que-despedimento-coletivo-cumpre-a-lei\\\/#breadcrumb\",\"itemListElement\":[{\"@type\":\"ListItem\",\"position\":1,\"name\":\"In\u00edcio\",\"item\":\"https:\\\/\\\/www.altominho.tv\\\/site\\\/\"},{\"@type\":\"ListItem\",\"position\":2,\"name\":\"Empresa em Arcos de Valdevez diz que despedimento coletivo cumpre a lei\"}]},{\"@type\":\"WebSite\",\"@id\":\"https:\\\/\\\/www.altominho.tv\\\/site\\\/#website\",\"url\":\"https:\\\/\\\/www.altominho.tv\\\/site\\\/\",\"name\":\"Altominho.tv\",\"description\":\"A sua regi\u00e3o \u00e0 dist\u00e2ncia de um clique...\",\"potentialAction\":[{\"@type\":\"SearchAction\",\"target\":{\"@type\":\"EntryPoint\",\"urlTemplate\":\"https:\\\/\\\/www.altominho.tv\\\/site\\\/?s={search_term_string}\"},\"query-input\":{\"@type\":\"PropertyValueSpecification\",\"valueRequired\":true,\"valueName\":\"search_term_string\"}}],\"inLanguage\":\"pt-PT\"},{\"@type\":\"Person\",\"@id\":\"https:\\\/\\\/www.altominho.tv\\\/site\\\/#\\\/schema\\\/person\\\/63f693da3e1899361cbe955c46f3232e\",\"name\":\"Lusa\",\"image\":{\"@type\":\"ImageObject\",\"inLanguage\":\"pt-PT\",\"@id\":\"https:\\\/\\\/www.altominho.tv\\\/site\\\/wp-content\\\/uploads\\\/2019\\\/08\\\/LUSA_Logo.gif\",\"url\":\"https:\\\/\\\/www.altominho.tv\\\/site\\\/wp-content\\\/uploads\\\/2019\\\/08\\\/LUSA_Logo.gif\",\"contentUrl\":\"https:\\\/\\\/www.altominho.tv\\\/site\\\/wp-content\\\/uploads\\\/2019\\\/08\\\/LUSA_Logo.gif\",\"caption\":\"Lusa\"},\"sameAs\":[\"http:\\\/\\\/\\\/\\\/www.altominho.tv\\\/site\"],\"url\":\"https:\\\/\\\/www.altominho.tv\\\/site\\\/author\\\/lusa\\\/\"}]}<\/script>\n<!-- \/ Yoast SEO Premium plugin. -->","yoast_head_json":{"title":"Empresa em Arcos de Valdevez diz que despedimento coletivo cumpre a lei","description":"A administra\u00e7\u00e3o da f\u00e1brica da Coindu em Arcos de Valdevez garantiu hoje estar a cumprir a lei, de forma integral e escrupulosa, no processo de despedimento coletivo que tem em curso, motivado pela \u201cdescontinuidade de alguns projetos\u201d","robots":{"index":"index","follow":"follow","max-snippet":"max-snippet:-1","max-image-preview":"max-image-preview:large","max-video-preview":"max-video-preview:-1"},"canonical":"https:\/\/www.altominho.tv\/site\/2023\/11\/13\/empresa-em-arcos-de-valdevez-diz-que-despedimento-coletivo-cumpre-a-lei\/","og_locale":"pt_PT","og_type":"article","og_title":"Empresa em Arcos de Valdevez diz que despedimento coletivo cumpre a lei","og_description":"A administra\u00e7\u00e3o da f\u00e1brica da Coindu em Arcos de Valdevez garantiu hoje estar a cumprir a lei, de forma integral e escrupulosa, no processo de despedimento coletivo que tem em curso, motivado pela \u201cdescontinuidade de alguns projetos\u201d","og_url":"https:\/\/www.altominho.tv\/site\/2023\/11\/13\/empresa-em-arcos-de-valdevez-diz-que-despedimento-coletivo-cumpre-a-lei\/","og_site_name":"Altominho.tv","article_publisher":"https:\/\/www.facebook.com\/altominhotv","article_published_time":"2023-11-13T17:21:58+00:00","article_modified_time":"2023-11-13T17:22:01+00:00","og_image":[{"width":740,"height":460,"url":"https:\/\/www.altominho.tv\/site\/wp-content\/uploads\/2023\/11\/coindu-740x460-1.jpeg","type":"image\/jpeg"}],"author":"Lusa","twitter_card":"summary_large_image","twitter_creator":"@altominhoTV","twitter_site":"@altominhoTV","twitter_misc":{"Escrito por":"Lusa","Tempo estimado de leitura":"3 minutos"},"schema":{"@context":"https:\/\/schema.org","@graph":[{"@type":"Article","@id":"https:\/\/www.altominho.tv\/site\/2023\/11\/13\/empresa-em-arcos-de-valdevez-diz-que-despedimento-coletivo-cumpre-a-lei\/#article","isPartOf":{"@id":"https:\/\/www.altominho.tv\/site\/2023\/11\/13\/empresa-em-arcos-de-valdevez-diz-que-despedimento-coletivo-cumpre-a-lei\/"},"author":{"name":"Lusa","@id":"https:\/\/www.altominho.tv\/site\/#\/schema\/person\/63f693da3e1899361cbe955c46f3232e"},"headline":"Empresa em Arcos de Valdevez diz que despedimento coletivo cumpre a lei","datePublished":"2023-11-13T17:21:58+00:00","dateModified":"2023-11-13T17:22:01+00:00","mainEntityOfPage":{"@id":"https:\/\/www.altominho.tv\/site\/2023\/11\/13\/empresa-em-arcos-de-valdevez-diz-que-despedimento-coletivo-cumpre-a-lei\/"},"wordCount":439,"image":{"@id":"https:\/\/www.altominho.tv\/site\/2023\/11\/13\/empresa-em-arcos-de-valdevez-diz-que-despedimento-coletivo-cumpre-a-lei\/#primaryimage"},"thumbnailUrl":"https:\/\/www.altominho.tv\/site\/wp-content\/uploads\/2023\/11\/coindu-740x460-1.jpeg","keywords":["Economia","Sociedade"],"articleSection":["Arcos de Valdevez"],"inLanguage":"pt-PT","copyrightYear":"2023","copyrightHolder":{"@id":"https:\/\/www.altominho.tv\/site\/#organization"}},{"@type":"WebPage","@id":"https:\/\/www.altominho.tv\/site\/2023\/11\/13\/empresa-em-arcos-de-valdevez-diz-que-despedimento-coletivo-cumpre-a-lei\/","url":"https:\/\/www.altominho.tv\/site\/2023\/11\/13\/empresa-em-arcos-de-valdevez-diz-que-despedimento-coletivo-cumpre-a-lei\/","name":"Empresa em Arcos de Valdevez diz que despedimento coletivo cumpre a lei","isPartOf":{"@id":"https:\/\/www.altominho.tv\/site\/#website"},"primaryImageOfPage":{"@id":"https:\/\/www.altominho.tv\/site\/2023\/11\/13\/empresa-em-arcos-de-valdevez-diz-que-despedimento-coletivo-cumpre-a-lei\/#primaryimage"},"image":{"@id":"https:\/\/www.altominho.tv\/site\/2023\/11\/13\/empresa-em-arcos-de-valdevez-diz-que-despedimento-coletivo-cumpre-a-lei\/#primaryimage"},"thumbnailUrl":"https:\/\/www.altominho.tv\/site\/wp-content\/uploads\/2023\/11\/coindu-740x460-1.jpeg","datePublished":"2023-11-13T17:21:58+00:00","dateModified":"2023-11-13T17:22:01+00:00","author":{"@id":"https:\/\/www.altominho.tv\/site\/#\/schema\/person\/63f693da3e1899361cbe955c46f3232e"},"description":"A administra\u00e7\u00e3o da f\u00e1brica da Coindu em Arcos de Valdevez garantiu hoje estar a cumprir a lei, de forma integral e escrupulosa, no processo de despedimento coletivo que tem em curso, motivado pela \u201cdescontinuidade de alguns projetos\u201d","breadcrumb":{"@id":"https:\/\/www.altominho.tv\/site\/2023\/11\/13\/empresa-em-arcos-de-valdevez-diz-que-despedimento-coletivo-cumpre-a-lei\/#breadcrumb"},"inLanguage":"pt-PT","potentialAction":[{"@type":"ReadAction","target":["https:\/\/www.altominho.tv\/site\/2023\/11\/13\/empresa-em-arcos-de-valdevez-diz-que-despedimento-coletivo-cumpre-a-lei\/"]}]},{"@type":"ImageObject","inLanguage":"pt-PT","@id":"https:\/\/www.altominho.tv\/site\/2023\/11\/13\/empresa-em-arcos-de-valdevez-diz-que-despedimento-coletivo-cumpre-a-lei\/#primaryimage","url":"https:\/\/www.altominho.tv\/site\/wp-content\/uploads\/2023\/11\/coindu-740x460-1.jpeg","contentUrl":"https:\/\/www.altominho.tv\/site\/wp-content\/uploads\/2023\/11\/coindu-740x460-1.jpeg","width":740,"height":460},{"@type":"BreadcrumbList","@id":"https:\/\/www.altominho.tv\/site\/2023\/11\/13\/empresa-em-arcos-de-valdevez-diz-que-despedimento-coletivo-cumpre-a-lei\/#breadcrumb","itemListElement":[{"@type":"ListItem","position":1,"name":"In\u00edcio","item":"https:\/\/www.altominho.tv\/site\/"},{"@type":"ListItem","position":2,"name":"Empresa em Arcos de Valdevez diz que despedimento coletivo cumpre a lei"}]},{"@type":"WebSite","@id":"https:\/\/www.altominho.tv\/site\/#website","url":"https:\/\/www.altominho.tv\/site\/","name":"Altominho.tv","description":"A sua regi\u00e3o \u00e0 dist\u00e2ncia de um clique...","potentialAction":[{"@type":"SearchAction","target":{"@type":"EntryPoint","urlTemplate":"https:\/\/www.altominho.tv\/site\/?s={search_term_string}"},"query-input":{"@type":"PropertyValueSpecification","valueRequired":true,"valueName":"search_term_string"}}],"inLanguage":"pt-PT"},{"@type":"Person","@id":"https:\/\/www.altominho.tv\/site\/#\/schema\/person\/63f693da3e1899361cbe955c46f3232e","name":"Lusa","image":{"@type":"ImageObject","inLanguage":"pt-PT","@id":"https:\/\/www.altominho.tv\/site\/wp-content\/uploads\/2019\/08\/LUSA_Logo.gif","url":"https:\/\/www.altominho.tv\/site\/wp-content\/uploads\/2019\/08\/LUSA_Logo.gif","contentUrl":"https:\/\/www.altominho.tv\/site\/wp-content\/uploads\/2019\/08\/LUSA_Logo.gif","caption":"Lusa"},"sameAs":["http:\/\/\/\/www.altominho.tv\/site"],"url":"https:\/\/www.altominho.tv\/site\/author\/lusa\/"}]}},"_links":{"self":[{"href":"https:\/\/www.altominho.tv\/site\/wp-json\/wp\/v2\/posts\/98618","targetHints":{"allow":["GET"]}}],"collection":[{"href":"https:\/\/www.altominho.tv\/site\/wp-json\/wp\/v2\/posts"}],"about":[{"href":"https:\/\/www.altominho.tv\/site\/wp-json\/wp\/v2\/types\/post"}],"author":[{"embeddable":true,"href":"https:\/\/www.altominho.tv\/site\/wp-json\/wp\/v2\/users\/13"}],"replies":[{"embeddable":true,"href":"https:\/\/www.altominho.tv\/site\/wp-json\/wp\/v2\/comments?post=98618"}],"version-history":[{"count":1,"href":"https:\/\/www.altominho.tv\/site\/wp-json\/wp\/v2\/posts\/98618\/revisions"}],"predecessor-version":[{"id":98623,"href":"https:\/\/www.altominho.tv\/site\/wp-json\/wp\/v2\/posts\/98618\/revisions\/98623"}],"wp:featuredmedia":[{"embeddable":true,"href":"https:\/\/www.altominho.tv\/site\/wp-json\/wp\/v2\/media\/98622"}],"wp:attachment":[{"href":"https:\/\/www.altominho.tv\/site\/wp-json\/wp\/v2\/media?parent=98618"}],"wp:term":[{"taxonomy":"category","embeddable":true,"href":"https:\/\/www.altominho.tv\/site\/wp-json\/wp\/v2\/categories?post=98618"},{"taxonomy":"post_tag","embeddable":true,"href":"https:\/\/www.altominho.tv\/site\/wp-json\/wp\/v2\/tags?post=98618"}],"curies":[{"name":"wp","href":"https:\/\/api.w.org\/{rel}","templated":true}]}}