{"id":98173,"date":"2023-10-30T12:02:35","date_gmt":"2023-10-30T12:02:35","guid":{"rendered":"https:\/\/www.altominho.tv\/site\/?p=98173"},"modified":"2023-10-30T12:02:39","modified_gmt":"2023-10-30T12:02:39","slug":"projeto-do-politecnico-de-viana-do-castelo-na-web-summit","status":"publish","type":"post","link":"https:\/\/www.altominho.tv\/site\/2023\/10\/30\/projeto-do-politecnico-de-viana-do-castelo-na-web-summit\/","title":{"rendered":"Projeto do Polit\u00e9cnico de Viana do Castelo na Web Summit"},"content":{"rendered":"<p>IWaP Sports \u00e9 uma aplica\u00e7\u00e3o na \u00e1rea do desporto, da sa\u00fade e do lifestyle, que permite aos utilizadores definirem o seu perfil com o objetivo de poderem encontrar e conectarem-se a parceiros de atividade f\u00edsica, em qualquer modalidade, em qualquer \u00e1rea e a qualquer momento.<\/p>\n<p>A aplica\u00e7\u00e3o vai ser apresentada na edi\u00e7\u00e3o deste ano da Web Summit, que decorre em Lisboa, de 13 a 16 de novembro.<\/p>\n<p><strong>\u00a0<\/strong>A aplica\u00e7\u00e3o, dispon\u00edvel para Android e IOS, foi desenvolvida por Marcelo Fernandes, de 32 anos, e Leandro Mota, de 33, antigos alunos do Polit\u00e9cnico de Viana do Castelo e hoje docentes na Escola Superior de Tecnologia e Gest\u00e3o do IPVC.<\/p>\n<p>Marcelo Fernandes considera ser uma aplica\u00e7\u00e3o que permite ao utilizador para encontrar pessoas com os mesmos gostos desportivos. \u201cO utilizador define o seu perfil e conecta-se a parceiros de atividade f\u00edsica, em qualquer modalidade, em qualquer \u00e1rea e a qualquer momento\u201d.<\/p>\n<p>Atrav\u00e9s de algoritmos de correla\u00e7\u00e3o dos dados disponibilizados, ser\u00e1 feito \u201cmatch\u201d. Com esta aplica\u00e7\u00e3o, pretendem \u201ccombater a falta de exerc\u00edcio f\u00edsico e o sedentarismo associado, democratizar os espa\u00e7os de treino, promover a coes\u00e3o e as rela\u00e7\u00f5es sociais entre os utilizadores\u201d, descreve Marcelo Fernandes.<\/p>\n<p>Atrav\u00e9s da start-up Wolf Smart Industries, fundada por Marcelo e Leandro, a IWaP Sports, que conta, ainda, com a colabora\u00e7\u00e3o Henrique Medeiras, vai ser apresentada na WebSummit com o objetivo de expor e apresentar a aplica\u00e7\u00e3o, angariar investimento e cativar utilizadores para a IWaP Sports, que define com ser \u201cperfeita para as necessidades dos n\u00f3madas digitais.&#8221;<\/p>\n","protected":false},"excerpt":{"rendered":"<p>IWaP Sports \u00e9 uma aplica\u00e7\u00e3o na \u00e1rea do desporto, da sa\u00fade e do lifestyle, que permite aos utilizadores definirem o seu perfil com o objetivo de poderem encontrar e conectarem-se a parceiros de atividade f\u00edsica, em qualquer modalidade, em qualquer \u00e1rea e a qualquer momento. A aplica\u00e7\u00e3o vai ser apresentada na edi\u00e7\u00e3o deste ano da [&hellip;]<\/p>\n","protected":false},"author":28,"featured_media":98174,"comment_status":"closed","ping_status":"closed","sticky":false,"template":"","format":"standard","meta":{"_exactmetrics_skip_tracking":false,"_exactmetrics_sitenote_active":false,"_exactmetrics_sitenote_note":"","_exactmetrics_sitenote_category":0,"footnotes":""},"categories":[14],"tags":[20,27],"class_list":["post-98173","post","type-post","status-publish","format-standard","has-post-thumbnail","hentry","category-viana-do-castelo","tag-desporto","tag-sociedade"],"yoast_head":"<!-- This site is optimized with the Yoast SEO Premium plugin v27.4 (Yoast SEO v27.4) - https:\/\/yoast.com\/product\/yoast-seo-premium-wordpress\/ -->\n<title>Projeto do Polit\u00e9cnico de Viana do Castelo na Web Summit<\/title>\n<meta name=\"description\" content=\"IWaP Sports \u00e9 uma aplica\u00e7\u00e3o na \u00e1rea do desporto, da sa\u00fade e do lifestyle, que permite aos utilizadores definirem o seu perfil com o objetivo de poderem encontrar e conectarem-se a parceiros de atividade f\u00edsica, em qualquer modalidade, em qualquer \u00e1rea e a qualquer momento\" \/>\n<meta name=\"robots\" content=\"index, follow, max-snippet:-1, max-image-preview:large, max-video-preview:-1\" \/>\n<link rel=\"canonical\" href=\"https:\/\/www.altominho.tv\/site\/2023\/10\/30\/projeto-do-politecnico-de-viana-do-castelo-na-web-summit\/\" \/>\n<meta property=\"og:locale\" content=\"pt_PT\" \/>\n<meta property=\"og:type\" content=\"article\" \/>\n<meta property=\"og:title\" content=\"Projeto do Polit\u00e9cnico de Viana do Castelo na Web Summit\" \/>\n<meta property=\"og:description\" content=\"IWaP Sports \u00e9 uma aplica\u00e7\u00e3o na \u00e1rea do desporto, da sa\u00fade e do lifestyle, que permite aos utilizadores definirem o seu perfil com o objetivo de poderem encontrar e conectarem-se a parceiros de atividade f\u00edsica, em qualquer modalidade, em qualquer \u00e1rea e a qualquer momento\" \/>\n<meta property=\"og:url\" content=\"https:\/\/www.altominho.tv\/site\/2023\/10\/30\/projeto-do-politecnico-de-viana-do-castelo-na-web-summit\/\" \/>\n<meta property=\"og:site_name\" content=\"Altominho.tv\" \/>\n<meta property=\"article:publisher\" content=\"https:\/\/www.facebook.com\/altominhotv\" \/>\n<meta property=\"article:published_time\" content=\"2023-10-30T12:02:35+00:00\" \/>\n<meta property=\"article:modified_time\" content=\"2023-10-30T12:02:39+00:00\" \/>\n<meta property=\"og:image\" content=\"https:\/\/www.altominho.tv\/site\/wp-content\/uploads\/2023\/10\/ipvc-scaled.jpg\" \/>\n\t<meta property=\"og:image:width\" content=\"2560\" \/>\n\t<meta property=\"og:image:height\" content=\"1630\" \/>\n\t<meta property=\"og:image:type\" content=\"image\/jpeg\" \/>\n<meta name=\"author\" content=\"Beatriz Lira\" \/>\n<meta name=\"twitter:card\" content=\"summary_large_image\" \/>\n<meta name=\"twitter:creator\" content=\"@altominhoTV\" \/>\n<meta name=\"twitter:site\" content=\"@altominhoTV\" \/>\n<meta name=\"twitter:label1\" content=\"Escrito por\" \/>\n\t<meta name=\"twitter:data1\" content=\"Beatriz Lira\" \/>\n\t<meta name=\"twitter:label2\" content=\"Tempo estimado de leitura\" \/>\n\t<meta name=\"twitter:data2\" content=\"2 minutos\" \/>\n<script type=\"application\/ld+json\" class=\"yoast-schema-graph\">{\"@context\":\"https:\\\/\\\/schema.org\",\"@graph\":[{\"@type\":\"Article\",\"@id\":\"https:\\\/\\\/www.altominho.tv\\\/site\\\/2023\\\/10\\\/30\\\/projeto-do-politecnico-de-viana-do-castelo-na-web-summit\\\/#article\",\"isPartOf\":{\"@id\":\"https:\\\/\\\/www.altominho.tv\\\/site\\\/2023\\\/10\\\/30\\\/projeto-do-politecnico-de-viana-do-castelo-na-web-summit\\\/\"},\"author\":{\"name\":\"Beatriz Lira\",\"@id\":\"https:\\\/\\\/www.altominho.tv\\\/site\\\/#\\\/schema\\\/person\\\/f95a2097796cf4462fe1e476cddc40e4\"},\"headline\":\"Projeto do Polit\u00e9cnico de Viana do Castelo na Web Summit\",\"datePublished\":\"2023-10-30T12:02:35+00:00\",\"dateModified\":\"2023-10-30T12:02:39+00:00\",\"mainEntityOfPage\":{\"@id\":\"https:\\\/\\\/www.altominho.tv\\\/site\\\/2023\\\/10\\\/30\\\/projeto-do-politecnico-de-viana-do-castelo-na-web-summit\\\/\"},\"wordCount\":276,\"image\":{\"@id\":\"https:\\\/\\\/www.altominho.tv\\\/site\\\/2023\\\/10\\\/30\\\/projeto-do-politecnico-de-viana-do-castelo-na-web-summit\\\/#primaryimage\"},\"thumbnailUrl\":\"https:\\\/\\\/www.altominho.tv\\\/site\\\/wp-content\\\/uploads\\\/2023\\\/10\\\/ipvc-scaled.jpg\",\"keywords\":[\"Desporto\",\"Sociedade\"],\"articleSection\":[\"Viana do Castelo\"],\"inLanguage\":\"pt-PT\",\"copyrightYear\":\"2023\",\"copyrightHolder\":{\"@id\":\"https:\\\/\\\/www.altominho.tv\\\/site\\\/#organization\"}},{\"@type\":\"WebPage\",\"@id\":\"https:\\\/\\\/www.altominho.tv\\\/site\\\/2023\\\/10\\\/30\\\/projeto-do-politecnico-de-viana-do-castelo-na-web-summit\\\/\",\"url\":\"https:\\\/\\\/www.altominho.tv\\\/site\\\/2023\\\/10\\\/30\\\/projeto-do-politecnico-de-viana-do-castelo-na-web-summit\\\/\",\"name\":\"Projeto do Polit\u00e9cnico de Viana do Castelo na Web Summit\",\"isPartOf\":{\"@id\":\"https:\\\/\\\/www.altominho.tv\\\/site\\\/#website\"},\"primaryImageOfPage\":{\"@id\":\"https:\\\/\\\/www.altominho.tv\\\/site\\\/2023\\\/10\\\/30\\\/projeto-do-politecnico-de-viana-do-castelo-na-web-summit\\\/#primaryimage\"},\"image\":{\"@id\":\"https:\\\/\\\/www.altominho.tv\\\/site\\\/2023\\\/10\\\/30\\\/projeto-do-politecnico-de-viana-do-castelo-na-web-summit\\\/#primaryimage\"},\"thumbnailUrl\":\"https:\\\/\\\/www.altominho.tv\\\/site\\\/wp-content\\\/uploads\\\/2023\\\/10\\\/ipvc-scaled.jpg\",\"datePublished\":\"2023-10-30T12:02:35+00:00\",\"dateModified\":\"2023-10-30T12:02:39+00:00\",\"author\":{\"@id\":\"https:\\\/\\\/www.altominho.tv\\\/site\\\/#\\\/schema\\\/person\\\/f95a2097796cf4462fe1e476cddc40e4\"},\"description\":\"IWaP Sports \u00e9 uma aplica\u00e7\u00e3o na \u00e1rea do desporto, da sa\u00fade e do lifestyle, que permite aos utilizadores definirem o seu perfil com o objetivo de poderem encontrar e conectarem-se a parceiros de atividade f\u00edsica, em qualquer modalidade, em qualquer \u00e1rea e a qualquer momento\",\"breadcrumb\":{\"@id\":\"https:\\\/\\\/www.altominho.tv\\\/site\\\/2023\\\/10\\\/30\\\/projeto-do-politecnico-de-viana-do-castelo-na-web-summit\\\/#breadcrumb\"},\"inLanguage\":\"pt-PT\",\"potentialAction\":[{\"@type\":\"ReadAction\",\"target\":[\"https:\\\/\\\/www.altominho.tv\\\/site\\\/2023\\\/10\\\/30\\\/projeto-do-politecnico-de-viana-do-castelo-na-web-summit\\\/\"]}]},{\"@type\":\"ImageObject\",\"inLanguage\":\"pt-PT\",\"@id\":\"https:\\\/\\\/www.altominho.tv\\\/site\\\/2023\\\/10\\\/30\\\/projeto-do-politecnico-de-viana-do-castelo-na-web-summit\\\/#primaryimage\",\"url\":\"https:\\\/\\\/www.altominho.tv\\\/site\\\/wp-content\\\/uploads\\\/2023\\\/10\\\/ipvc-scaled.jpg\",\"contentUrl\":\"https:\\\/\\\/www.altominho.tv\\\/site\\\/wp-content\\\/uploads\\\/2023\\\/10\\\/ipvc-scaled.jpg\",\"width\":2560,\"height\":1630},{\"@type\":\"BreadcrumbList\",\"@id\":\"https:\\\/\\\/www.altominho.tv\\\/site\\\/2023\\\/10\\\/30\\\/projeto-do-politecnico-de-viana-do-castelo-na-web-summit\\\/#breadcrumb\",\"itemListElement\":[{\"@type\":\"ListItem\",\"position\":1,\"name\":\"In\u00edcio\",\"item\":\"https:\\\/\\\/www.altominho.tv\\\/site\\\/\"},{\"@type\":\"ListItem\",\"position\":2,\"name\":\"Projeto do Polit\u00e9cnico de Viana do Castelo na Web Summit\"}]},{\"@type\":\"WebSite\",\"@id\":\"https:\\\/\\\/www.altominho.tv\\\/site\\\/#website\",\"url\":\"https:\\\/\\\/www.altominho.tv\\\/site\\\/\",\"name\":\"Altominho.tv\",\"description\":\"A sua regi\u00e3o \u00e0 dist\u00e2ncia de um clique...\",\"potentialAction\":[{\"@type\":\"SearchAction\",\"target\":{\"@type\":\"EntryPoint\",\"urlTemplate\":\"https:\\\/\\\/www.altominho.tv\\\/site\\\/?s={search_term_string}\"},\"query-input\":{\"@type\":\"PropertyValueSpecification\",\"valueRequired\":true,\"valueName\":\"search_term_string\"}}],\"inLanguage\":\"pt-PT\"},{\"@type\":\"Person\",\"@id\":\"https:\\\/\\\/www.altominho.tv\\\/site\\\/#\\\/schema\\\/person\\\/f95a2097796cf4462fe1e476cddc40e4\",\"name\":\"Beatriz Lira\",\"image\":{\"@type\":\"ImageObject\",\"inLanguage\":\"pt-PT\",\"@id\":\"https:\\\/\\\/www.altominho.tv\\\/site\\\/wp-content\\\/uploads\\\/2023\\\/03\\\/Screenshot_20230306-141220_Photos-150x150.jpg\",\"url\":\"https:\\\/\\\/www.altominho.tv\\\/site\\\/wp-content\\\/uploads\\\/2023\\\/03\\\/Screenshot_20230306-141220_Photos-150x150.jpg\",\"contentUrl\":\"https:\\\/\\\/www.altominho.tv\\\/site\\\/wp-content\\\/uploads\\\/2023\\\/03\\\/Screenshot_20230306-141220_Photos-150x150.jpg\",\"caption\":\"Beatriz Lira\"},\"url\":\"https:\\\/\\\/www.altominho.tv\\\/site\\\/author\\\/beatriz\\\/\"}]}<\/script>\n<!-- \/ Yoast SEO Premium plugin. -->","yoast_head_json":{"title":"Projeto do Polit\u00e9cnico de Viana do Castelo na Web Summit","description":"IWaP Sports \u00e9 uma aplica\u00e7\u00e3o na \u00e1rea do desporto, da sa\u00fade e do lifestyle, que permite aos utilizadores definirem o seu perfil com o objetivo de poderem encontrar e conectarem-se a parceiros de atividade f\u00edsica, em qualquer modalidade, em qualquer \u00e1rea e a qualquer momento","robots":{"index":"index","follow":"follow","max-snippet":"max-snippet:-1","max-image-preview":"max-image-preview:large","max-video-preview":"max-video-preview:-1"},"canonical":"https:\/\/www.altominho.tv\/site\/2023\/10\/30\/projeto-do-politecnico-de-viana-do-castelo-na-web-summit\/","og_locale":"pt_PT","og_type":"article","og_title":"Projeto do Polit\u00e9cnico de Viana do Castelo na Web Summit","og_description":"IWaP Sports \u00e9 uma aplica\u00e7\u00e3o na \u00e1rea do desporto, da sa\u00fade e do lifestyle, que permite aos utilizadores definirem o seu perfil com o objetivo de poderem encontrar e conectarem-se a parceiros de atividade f\u00edsica, em qualquer modalidade, em qualquer \u00e1rea e a qualquer momento","og_url":"https:\/\/www.altominho.tv\/site\/2023\/10\/30\/projeto-do-politecnico-de-viana-do-castelo-na-web-summit\/","og_site_name":"Altominho.tv","article_publisher":"https:\/\/www.facebook.com\/altominhotv","article_published_time":"2023-10-30T12:02:35+00:00","article_modified_time":"2023-10-30T12:02:39+00:00","og_image":[{"width":2560,"height":1630,"url":"https:\/\/www.altominho.tv\/site\/wp-content\/uploads\/2023\/10\/ipvc-scaled.jpg","type":"image\/jpeg"}],"author":"Beatriz Lira","twitter_card":"summary_large_image","twitter_creator":"@altominhoTV","twitter_site":"@altominhoTV","twitter_misc":{"Escrito por":"Beatriz Lira","Tempo estimado de leitura":"2 minutos"},"schema":{"@context":"https:\/\/schema.org","@graph":[{"@type":"Article","@id":"https:\/\/www.altominho.tv\/site\/2023\/10\/30\/projeto-do-politecnico-de-viana-do-castelo-na-web-summit\/#article","isPartOf":{"@id":"https:\/\/www.altominho.tv\/site\/2023\/10\/30\/projeto-do-politecnico-de-viana-do-castelo-na-web-summit\/"},"author":{"name":"Beatriz Lira","@id":"https:\/\/www.altominho.tv\/site\/#\/schema\/person\/f95a2097796cf4462fe1e476cddc40e4"},"headline":"Projeto do Polit\u00e9cnico de Viana do Castelo na Web Summit","datePublished":"2023-10-30T12:02:35+00:00","dateModified":"2023-10-30T12:02:39+00:00","mainEntityOfPage":{"@id":"https:\/\/www.altominho.tv\/site\/2023\/10\/30\/projeto-do-politecnico-de-viana-do-castelo-na-web-summit\/"},"wordCount":276,"image":{"@id":"https:\/\/www.altominho.tv\/site\/2023\/10\/30\/projeto-do-politecnico-de-viana-do-castelo-na-web-summit\/#primaryimage"},"thumbnailUrl":"https:\/\/www.altominho.tv\/site\/wp-content\/uploads\/2023\/10\/ipvc-scaled.jpg","keywords":["Desporto","Sociedade"],"articleSection":["Viana do Castelo"],"inLanguage":"pt-PT","copyrightYear":"2023","copyrightHolder":{"@id":"https:\/\/www.altominho.tv\/site\/#organization"}},{"@type":"WebPage","@id":"https:\/\/www.altominho.tv\/site\/2023\/10\/30\/projeto-do-politecnico-de-viana-do-castelo-na-web-summit\/","url":"https:\/\/www.altominho.tv\/site\/2023\/10\/30\/projeto-do-politecnico-de-viana-do-castelo-na-web-summit\/","name":"Projeto do Polit\u00e9cnico de Viana do Castelo na Web Summit","isPartOf":{"@id":"https:\/\/www.altominho.tv\/site\/#website"},"primaryImageOfPage":{"@id":"https:\/\/www.altominho.tv\/site\/2023\/10\/30\/projeto-do-politecnico-de-viana-do-castelo-na-web-summit\/#primaryimage"},"image":{"@id":"https:\/\/www.altominho.tv\/site\/2023\/10\/30\/projeto-do-politecnico-de-viana-do-castelo-na-web-summit\/#primaryimage"},"thumbnailUrl":"https:\/\/www.altominho.tv\/site\/wp-content\/uploads\/2023\/10\/ipvc-scaled.jpg","datePublished":"2023-10-30T12:02:35+00:00","dateModified":"2023-10-30T12:02:39+00:00","author":{"@id":"https:\/\/www.altominho.tv\/site\/#\/schema\/person\/f95a2097796cf4462fe1e476cddc40e4"},"description":"IWaP Sports \u00e9 uma aplica\u00e7\u00e3o na \u00e1rea do desporto, da sa\u00fade e do lifestyle, que permite aos utilizadores definirem o seu perfil com o objetivo de poderem encontrar e conectarem-se a parceiros de atividade f\u00edsica, em qualquer modalidade, em qualquer \u00e1rea e a qualquer momento","breadcrumb":{"@id":"https:\/\/www.altominho.tv\/site\/2023\/10\/30\/projeto-do-politecnico-de-viana-do-castelo-na-web-summit\/#breadcrumb"},"inLanguage":"pt-PT","potentialAction":[{"@type":"ReadAction","target":["https:\/\/www.altominho.tv\/site\/2023\/10\/30\/projeto-do-politecnico-de-viana-do-castelo-na-web-summit\/"]}]},{"@type":"ImageObject","inLanguage":"pt-PT","@id":"https:\/\/www.altominho.tv\/site\/2023\/10\/30\/projeto-do-politecnico-de-viana-do-castelo-na-web-summit\/#primaryimage","url":"https:\/\/www.altominho.tv\/site\/wp-content\/uploads\/2023\/10\/ipvc-scaled.jpg","contentUrl":"https:\/\/www.altominho.tv\/site\/wp-content\/uploads\/2023\/10\/ipvc-scaled.jpg","width":2560,"height":1630},{"@type":"BreadcrumbList","@id":"https:\/\/www.altominho.tv\/site\/2023\/10\/30\/projeto-do-politecnico-de-viana-do-castelo-na-web-summit\/#breadcrumb","itemListElement":[{"@type":"ListItem","position":1,"name":"In\u00edcio","item":"https:\/\/www.altominho.tv\/site\/"},{"@type":"ListItem","position":2,"name":"Projeto do Polit\u00e9cnico de Viana do Castelo na Web Summit"}]},{"@type":"WebSite","@id":"https:\/\/www.altominho.tv\/site\/#website","url":"https:\/\/www.altominho.tv\/site\/","name":"Altominho.tv","description":"A sua regi\u00e3o \u00e0 dist\u00e2ncia de um clique...","potentialAction":[{"@type":"SearchAction","target":{"@type":"EntryPoint","urlTemplate":"https:\/\/www.altominho.tv\/site\/?s={search_term_string}"},"query-input":{"@type":"PropertyValueSpecification","valueRequired":true,"valueName":"search_term_string"}}],"inLanguage":"pt-PT"},{"@type":"Person","@id":"https:\/\/www.altominho.tv\/site\/#\/schema\/person\/f95a2097796cf4462fe1e476cddc40e4","name":"Beatriz Lira","image":{"@type":"ImageObject","inLanguage":"pt-PT","@id":"https:\/\/www.altominho.tv\/site\/wp-content\/uploads\/2023\/03\/Screenshot_20230306-141220_Photos-150x150.jpg","url":"https:\/\/www.altominho.tv\/site\/wp-content\/uploads\/2023\/03\/Screenshot_20230306-141220_Photos-150x150.jpg","contentUrl":"https:\/\/www.altominho.tv\/site\/wp-content\/uploads\/2023\/03\/Screenshot_20230306-141220_Photos-150x150.jpg","caption":"Beatriz Lira"},"url":"https:\/\/www.altominho.tv\/site\/author\/beatriz\/"}]}},"_links":{"self":[{"href":"https:\/\/www.altominho.tv\/site\/wp-json\/wp\/v2\/posts\/98173","targetHints":{"allow":["GET"]}}],"collection":[{"href":"https:\/\/www.altominho.tv\/site\/wp-json\/wp\/v2\/posts"}],"about":[{"href":"https:\/\/www.altominho.tv\/site\/wp-json\/wp\/v2\/types\/post"}],"author":[{"embeddable":true,"href":"https:\/\/www.altominho.tv\/site\/wp-json\/wp\/v2\/users\/28"}],"replies":[{"embeddable":true,"href":"https:\/\/www.altominho.tv\/site\/wp-json\/wp\/v2\/comments?post=98173"}],"version-history":[{"count":1,"href":"https:\/\/www.altominho.tv\/site\/wp-json\/wp\/v2\/posts\/98173\/revisions"}],"predecessor-version":[{"id":98175,"href":"https:\/\/www.altominho.tv\/site\/wp-json\/wp\/v2\/posts\/98173\/revisions\/98175"}],"wp:featuredmedia":[{"embeddable":true,"href":"https:\/\/www.altominho.tv\/site\/wp-json\/wp\/v2\/media\/98174"}],"wp:attachment":[{"href":"https:\/\/www.altominho.tv\/site\/wp-json\/wp\/v2\/media?parent=98173"}],"wp:term":[{"taxonomy":"category","embeddable":true,"href":"https:\/\/www.altominho.tv\/site\/wp-json\/wp\/v2\/categories?post=98173"},{"taxonomy":"post_tag","embeddable":true,"href":"https:\/\/www.altominho.tv\/site\/wp-json\/wp\/v2\/tags?post=98173"}],"curies":[{"name":"wp","href":"https:\/\/api.w.org\/{rel}","templated":true}]}}