{"id":9811,"date":"2018-02-16T17:12:34","date_gmt":"2018-02-16T17:12:34","guid":{"rendered":"http:\/\/www.altominho.tv\/site\/?p=9811"},"modified":"2018-02-18T17:49:16","modified_gmt":"2018-02-18T17:49:16","slug":"palacio-da-brejoeira-recebeu-apresentacao-de-dois-novos-produtos-namorar-portugal","status":"publish","type":"post","link":"https:\/\/www.altominho.tv\/site\/2018\/02\/16\/palacio-da-brejoeira-recebeu-apresentacao-de-dois-novos-produtos-namorar-portugal\/","title":{"rendered":"Pal\u00e1cio da Brejoeira recebeu apresenta\u00e7\u00e3o de dois novos produtos &#8220;Namorar Portugal&#8221;"},"content":{"rendered":"<p style=\"font-weight: 400;\">O Pal\u00e1cio da Brejoeira foi palco, ontem \u00e0 tarde, da apresenta\u00e7\u00e3o de dois novos produtos da cole\u00e7\u00e3o \u201cNamorar Portugal\u201d. Cerim\u00f3nia que contou, entre outros, com as presen\u00e7as do deputado europeu, Jos\u00e9 Manuel Fernandes, e dos autarcas de Mon\u00e7\u00e3o, Ant\u00f3nio Barbosa, e de Vila Verde, Ant\u00f3nio Vilela.<\/p>\n<p style=\"font-weight: 400;\">Os produtos apresentados foram um P\u00e3o-de-L\u00f3, denominado \u201c\u00c1gua na Boca\u201d e confecionado pela Pastelaria da Vila, de Vila Verde, e o \u201cCh\u00e3 de T\u00edlia Pal\u00e1cio da Brejoeira\u201d, fruto de uma parceria entre o Pal\u00e1cio da Brejoeira e Serras Brandas, empresa do mon\u00e7anense Filipe Tempor\u00e3o que produz e comercializa ch\u00e3s de diferentes sabores.<\/p>\n<p><script async src=\"\/\/pagead2.googlesyndication.com\/pagead\/js\/adsbygoogle.js\"><\/script><br \/>\n<ins class=\"adsbygoogle\" style=\"display: block; text-align: center;\" data-ad-layout=\"in-article\" data-ad-format=\"fluid\" data-ad-client=\"ca-pub-4804365670377117\" data-ad-slot=\"9762324080\"><\/ins><br \/>\n<script>\n     (adsbygoogle = window.adsbygoogle || []).push({});\n<\/script><\/p>\n<p style=\"font-weight: 400;\">Encantado com \u201cNamorar Portugal\u201d, Ant\u00f3nio Barbosa real\u00e7ou as virtualidades do projeto nascido em Vila Verde, enaltecendo as suas especificidades e autenticidade, bem com a capacidade em conciliar os aspetos tradicionais com metodologias mais contempor\u00e2neas.<\/p>\n<p style=\"font-weight: 400;\">Acrescentou: \u201cEste projeto \u00e9 um exemplo daquilo que queremos fazer em Mon\u00e7\u00e3o. Valoriza\u00e7\u00e3o das nossas tradi\u00e7\u00f5es, abertura a novos conceitos e envolvimento do setor privado. A nossa ideia \u00e9 enaltecer aquilo que nos distingue em termos culturais e sociais\u201d.<\/p>\n<p style=\"font-weight: 400;\"><strong>\u00a0<\/strong>Refira-se que a cole\u00e7\u00e3o \u201cNamorar Portugal\u201d compreende um conjunto de produtos desde o setor t\u00eaxtil, \u00e0 decora\u00e7\u00e3o, artesanato, merchandising, acess\u00f3rios de moda e agro-alimentar. Estes produtos estar\u00e3o patentes no Pal\u00e1cio da Brejoeira, at\u00e9 o dia 26 de fevereiro.<\/p>\n<p style=\"font-weight: 400;\">Al\u00e9m da abertura da cole\u00e7\u00e3o \u201cNamorar Portugal\u201d e da apresenta\u00e7\u00e3o dos novos produtos, esta a\u00e7\u00e3o promocional englobou ainda visita ao Pal\u00e1cio da Brejoeira, atua\u00e7\u00e3o da Academia de M\u00fasica de Vila Verde, declama\u00e7\u00e3o de poesia pela Filarm\u00f3nica Milagrense, e degusta\u00e7\u00e3o de produtos \u201cNamorar Portugal\u201d.<\/p>\n","protected":false},"excerpt":{"rendered":"<p>O Pal\u00e1cio da Brejoeira foi palco, ontem \u00e0 tarde, da apresenta\u00e7\u00e3o de dois novos produtos da cole\u00e7\u00e3o \u201cNamorar Portugal\u201d. Cerim\u00f3nia que contou, entre outros, com as presen\u00e7as do deputado europeu, Jos\u00e9 Manuel Fernandes, e dos autarcas de Mon\u00e7\u00e3o, Ant\u00f3nio Barbosa, e de Vila Verde, Ant\u00f3nio Vilela. Os produtos apresentados foram um P\u00e3o-de-L\u00f3, denominado \u201c\u00c1gua na [&hellip;]<\/p>\n","protected":false},"author":6,"featured_media":9812,"comment_status":"closed","ping_status":"closed","sticky":false,"template":"","format":"standard","meta":{"_exactmetrics_skip_tracking":false,"_exactmetrics_sitenote_active":false,"_exactmetrics_sitenote_note":"","_exactmetrics_sitenote_category":0,"footnotes":""},"categories":[9],"tags":[24],"class_list":["post-9811","post","type-post","status-publish","format-standard","has-post-thumbnail","hentry","category-moncao","tag-lazer"],"yoast_head":"<!-- This site is optimized with the Yoast SEO Premium plugin v27.5 (Yoast SEO v27.5) - https:\/\/yoast.com\/product\/yoast-seo-premium-wordpress\/ -->\n<title>Pal\u00e1cio da Brejoeira recebeu apresenta\u00e7\u00e3o de dois novos produtos &quot;Namorar Portugal&quot;<\/title>\n<meta name=\"robots\" content=\"index, follow, max-snippet:-1, max-image-preview:large, max-video-preview:-1\" \/>\n<link rel=\"canonical\" href=\"https:\/\/www.altominho.tv\/site\/2018\/02\/16\/palacio-da-brejoeira-recebeu-apresentacao-de-dois-novos-produtos-namorar-portugal\/\" \/>\n<meta property=\"og:locale\" content=\"pt_PT\" \/>\n<meta property=\"og:type\" content=\"article\" \/>\n<meta property=\"og:title\" content=\"Pal\u00e1cio da Brejoeira recebeu apresenta\u00e7\u00e3o de dois novos produtos &quot;Namorar Portugal&quot;\" \/>\n<meta property=\"og:description\" content=\"O Pal\u00e1cio da Brejoeira foi palco, ontem \u00e0 tarde, da apresenta\u00e7\u00e3o de dois novos produtos da cole\u00e7\u00e3o \u201cNamorar Portugal\u201d. Cerim\u00f3nia que contou, entre outros, com as presen\u00e7as do deputado europeu, Jos\u00e9 Manuel Fernandes, e dos autarcas de Mon\u00e7\u00e3o, Ant\u00f3nio Barbosa, e de Vila Verde, Ant\u00f3nio Vilela. Os produtos apresentados foram um P\u00e3o-de-L\u00f3, denominado \u201c\u00c1gua na [&hellip;]\" \/>\n<meta property=\"og:url\" content=\"https:\/\/www.altominho.tv\/site\/2018\/02\/16\/palacio-da-brejoeira-recebeu-apresentacao-de-dois-novos-produtos-namorar-portugal\/\" \/>\n<meta property=\"og:site_name\" content=\"Altominho.tv\" \/>\n<meta property=\"article:publisher\" content=\"https:\/\/www.facebook.com\/altominhotv\" \/>\n<meta property=\"article:published_time\" content=\"2018-02-16T17:12:34+00:00\" \/>\n<meta property=\"article:modified_time\" content=\"2018-02-18T17:49:16+00:00\" \/>\n<meta property=\"og:image\" content=\"https:\/\/www.altominho.tv\/site\/wp-content\/uploads\/2018\/02\/DSC_0046-Large.jpg\" \/>\n\t<meta property=\"og:image:width\" content=\"1744\" \/>\n\t<meta property=\"og:image:height\" content=\"1080\" \/>\n\t<meta property=\"og:image:type\" content=\"image\/jpeg\" \/>\n<meta name=\"author\" content=\"C\u00e1tia Malheiro\" \/>\n<meta name=\"twitter:card\" content=\"summary_large_image\" \/>\n<meta name=\"twitter:creator\" content=\"@altominhoTV\" \/>\n<meta name=\"twitter:site\" content=\"@altominhoTV\" \/>\n<meta name=\"twitter:label1\" content=\"Escrito por\" \/>\n\t<meta name=\"twitter:data1\" content=\"C\u00e1tia Malheiro\" \/>\n\t<meta name=\"twitter:label2\" content=\"Tempo estimado de leitura\" \/>\n\t<meta name=\"twitter:data2\" content=\"1 minuto\" \/>\n<script type=\"application\/ld+json\" class=\"yoast-schema-graph\">{\"@context\":\"https:\\\/\\\/schema.org\",\"@graph\":[{\"@type\":\"Article\",\"@id\":\"https:\\\/\\\/www.altominho.tv\\\/site\\\/2018\\\/02\\\/16\\\/palacio-da-brejoeira-recebeu-apresentacao-de-dois-novos-produtos-namorar-portugal\\\/#article\",\"isPartOf\":{\"@id\":\"https:\\\/\\\/www.altominho.tv\\\/site\\\/2018\\\/02\\\/16\\\/palacio-da-brejoeira-recebeu-apresentacao-de-dois-novos-produtos-namorar-portugal\\\/\"},\"author\":{\"name\":\"C\u00e1tia Malheiro\",\"@id\":\"https:\\\/\\\/www.altominho.tv\\\/site\\\/#\\\/schema\\\/person\\\/5c9404a8b438614c93da6ca09db92574\"},\"headline\":\"Pal\u00e1cio da Brejoeira recebeu apresenta\u00e7\u00e3o de dois novos produtos &#8220;Namorar Portugal&#8221;\",\"datePublished\":\"2018-02-16T17:12:34+00:00\",\"dateModified\":\"2018-02-18T17:49:16+00:00\",\"mainEntityOfPage\":{\"@id\":\"https:\\\/\\\/www.altominho.tv\\\/site\\\/2018\\\/02\\\/16\\\/palacio-da-brejoeira-recebeu-apresentacao-de-dois-novos-produtos-namorar-portugal\\\/\"},\"wordCount\":297,\"image\":{\"@id\":\"https:\\\/\\\/www.altominho.tv\\\/site\\\/2018\\\/02\\\/16\\\/palacio-da-brejoeira-recebeu-apresentacao-de-dois-novos-produtos-namorar-portugal\\\/#primaryimage\"},\"thumbnailUrl\":\"https:\\\/\\\/www.altominho.tv\\\/site\\\/wp-content\\\/uploads\\\/2018\\\/02\\\/DSC_0046-Large.jpg\",\"keywords\":[\"Lazer\"],\"articleSection\":[\"Mon\u00e7\u00e3o\"],\"inLanguage\":\"pt-PT\",\"copyrightYear\":\"2018\",\"copyrightHolder\":{\"@id\":\"https:\\\/\\\/www.altominho.tv\\\/site\\\/#organization\"}},{\"@type\":\"WebPage\",\"@id\":\"https:\\\/\\\/www.altominho.tv\\\/site\\\/2018\\\/02\\\/16\\\/palacio-da-brejoeira-recebeu-apresentacao-de-dois-novos-produtos-namorar-portugal\\\/\",\"url\":\"https:\\\/\\\/www.altominho.tv\\\/site\\\/2018\\\/02\\\/16\\\/palacio-da-brejoeira-recebeu-apresentacao-de-dois-novos-produtos-namorar-portugal\\\/\",\"name\":\"Pal\u00e1cio da Brejoeira recebeu apresenta\u00e7\u00e3o de dois novos produtos \\\"Namorar Portugal\\\"\",\"isPartOf\":{\"@id\":\"https:\\\/\\\/www.altominho.tv\\\/site\\\/#website\"},\"primaryImageOfPage\":{\"@id\":\"https:\\\/\\\/www.altominho.tv\\\/site\\\/2018\\\/02\\\/16\\\/palacio-da-brejoeira-recebeu-apresentacao-de-dois-novos-produtos-namorar-portugal\\\/#primaryimage\"},\"image\":{\"@id\":\"https:\\\/\\\/www.altominho.tv\\\/site\\\/2018\\\/02\\\/16\\\/palacio-da-brejoeira-recebeu-apresentacao-de-dois-novos-produtos-namorar-portugal\\\/#primaryimage\"},\"thumbnailUrl\":\"https:\\\/\\\/www.altominho.tv\\\/site\\\/wp-content\\\/uploads\\\/2018\\\/02\\\/DSC_0046-Large.jpg\",\"datePublished\":\"2018-02-16T17:12:34+00:00\",\"dateModified\":\"2018-02-18T17:49:16+00:00\",\"author\":{\"@id\":\"https:\\\/\\\/www.altominho.tv\\\/site\\\/#\\\/schema\\\/person\\\/5c9404a8b438614c93da6ca09db92574\"},\"breadcrumb\":{\"@id\":\"https:\\\/\\\/www.altominho.tv\\\/site\\\/2018\\\/02\\\/16\\\/palacio-da-brejoeira-recebeu-apresentacao-de-dois-novos-produtos-namorar-portugal\\\/#breadcrumb\"},\"inLanguage\":\"pt-PT\",\"potentialAction\":[{\"@type\":\"ReadAction\",\"target\":[\"https:\\\/\\\/www.altominho.tv\\\/site\\\/2018\\\/02\\\/16\\\/palacio-da-brejoeira-recebeu-apresentacao-de-dois-novos-produtos-namorar-portugal\\\/\"]}]},{\"@type\":\"ImageObject\",\"inLanguage\":\"pt-PT\",\"@id\":\"https:\\\/\\\/www.altominho.tv\\\/site\\\/2018\\\/02\\\/16\\\/palacio-da-brejoeira-recebeu-apresentacao-de-dois-novos-produtos-namorar-portugal\\\/#primaryimage\",\"url\":\"https:\\\/\\\/www.altominho.tv\\\/site\\\/wp-content\\\/uploads\\\/2018\\\/02\\\/DSC_0046-Large.jpg\",\"contentUrl\":\"https:\\\/\\\/www.altominho.tv\\\/site\\\/wp-content\\\/uploads\\\/2018\\\/02\\\/DSC_0046-Large.jpg\",\"width\":1744,\"height\":1080,\"caption\":\"????????????????????????????????????\"},{\"@type\":\"BreadcrumbList\",\"@id\":\"https:\\\/\\\/www.altominho.tv\\\/site\\\/2018\\\/02\\\/16\\\/palacio-da-brejoeira-recebeu-apresentacao-de-dois-novos-produtos-namorar-portugal\\\/#breadcrumb\",\"itemListElement\":[{\"@type\":\"ListItem\",\"position\":1,\"name\":\"In\u00edcio\",\"item\":\"https:\\\/\\\/www.altominho.tv\\\/site\\\/\"},{\"@type\":\"ListItem\",\"position\":2,\"name\":\"Pal\u00e1cio da Brejoeira recebeu apresenta\u00e7\u00e3o de dois novos produtos &#8220;Namorar Portugal&#8221;\"}]},{\"@type\":\"WebSite\",\"@id\":\"https:\\\/\\\/www.altominho.tv\\\/site\\\/#website\",\"url\":\"https:\\\/\\\/www.altominho.tv\\\/site\\\/\",\"name\":\"Altominho.tv\",\"description\":\"A sua regi\u00e3o \u00e0 dist\u00e2ncia de um clique...\",\"potentialAction\":[{\"@type\":\"SearchAction\",\"target\":{\"@type\":\"EntryPoint\",\"urlTemplate\":\"https:\\\/\\\/www.altominho.tv\\\/site\\\/?s={search_term_string}\"},\"query-input\":{\"@type\":\"PropertyValueSpecification\",\"valueRequired\":true,\"valueName\":\"search_term_string\"}}],\"inLanguage\":\"pt-PT\"},{\"@type\":\"Person\",\"@id\":\"https:\\\/\\\/www.altominho.tv\\\/site\\\/#\\\/schema\\\/person\\\/5c9404a8b438614c93da6ca09db92574\",\"name\":\"C\u00e1tia Malheiro\",\"image\":{\"@type\":\"ImageObject\",\"inLanguage\":\"pt-PT\",\"@id\":\"https:\\\/\\\/www.altominho.tv\\\/site\\\/wp-content\\\/uploads\\\/2017\\\/11\\\/Catia_Malheiro-150x150.jpg\",\"url\":\"https:\\\/\\\/www.altominho.tv\\\/site\\\/wp-content\\\/uploads\\\/2017\\\/11\\\/Catia_Malheiro-150x150.jpg\",\"contentUrl\":\"https:\\\/\\\/www.altominho.tv\\\/site\\\/wp-content\\\/uploads\\\/2017\\\/11\\\/Catia_Malheiro-150x150.jpg\",\"caption\":\"C\u00e1tia Malheiro\"},\"url\":\"https:\\\/\\\/www.altominho.tv\\\/site\\\/author\\\/catiamalheiro\\\/\"}]}<\/script>\n<!-- \/ Yoast SEO Premium plugin. -->","yoast_head_json":{"title":"Pal\u00e1cio da Brejoeira recebeu apresenta\u00e7\u00e3o de dois novos produtos \"Namorar Portugal\"","robots":{"index":"index","follow":"follow","max-snippet":"max-snippet:-1","max-image-preview":"max-image-preview:large","max-video-preview":"max-video-preview:-1"},"canonical":"https:\/\/www.altominho.tv\/site\/2018\/02\/16\/palacio-da-brejoeira-recebeu-apresentacao-de-dois-novos-produtos-namorar-portugal\/","og_locale":"pt_PT","og_type":"article","og_title":"Pal\u00e1cio da Brejoeira recebeu apresenta\u00e7\u00e3o de dois novos produtos \"Namorar Portugal\"","og_description":"O Pal\u00e1cio da Brejoeira foi palco, ontem \u00e0 tarde, da apresenta\u00e7\u00e3o de dois novos produtos da cole\u00e7\u00e3o \u201cNamorar Portugal\u201d. Cerim\u00f3nia que contou, entre outros, com as presen\u00e7as do deputado europeu, Jos\u00e9 Manuel Fernandes, e dos autarcas de Mon\u00e7\u00e3o, Ant\u00f3nio Barbosa, e de Vila Verde, Ant\u00f3nio Vilela. Os produtos apresentados foram um P\u00e3o-de-L\u00f3, denominado \u201c\u00c1gua na [&hellip;]","og_url":"https:\/\/www.altominho.tv\/site\/2018\/02\/16\/palacio-da-brejoeira-recebeu-apresentacao-de-dois-novos-produtos-namorar-portugal\/","og_site_name":"Altominho.tv","article_publisher":"https:\/\/www.facebook.com\/altominhotv","article_published_time":"2018-02-16T17:12:34+00:00","article_modified_time":"2018-02-18T17:49:16+00:00","og_image":[{"width":1744,"height":1080,"url":"https:\/\/www.altominho.tv\/site\/wp-content\/uploads\/2018\/02\/DSC_0046-Large.jpg","type":"image\/jpeg"}],"author":"C\u00e1tia Malheiro","twitter_card":"summary_large_image","twitter_creator":"@altominhoTV","twitter_site":"@altominhoTV","twitter_misc":{"Escrito por":"C\u00e1tia Malheiro","Tempo estimado de leitura":"1 minuto"},"schema":{"@context":"https:\/\/schema.org","@graph":[{"@type":"Article","@id":"https:\/\/www.altominho.tv\/site\/2018\/02\/16\/palacio-da-brejoeira-recebeu-apresentacao-de-dois-novos-produtos-namorar-portugal\/#article","isPartOf":{"@id":"https:\/\/www.altominho.tv\/site\/2018\/02\/16\/palacio-da-brejoeira-recebeu-apresentacao-de-dois-novos-produtos-namorar-portugal\/"},"author":{"name":"C\u00e1tia Malheiro","@id":"https:\/\/www.altominho.tv\/site\/#\/schema\/person\/5c9404a8b438614c93da6ca09db92574"},"headline":"Pal\u00e1cio da Brejoeira recebeu apresenta\u00e7\u00e3o de dois novos produtos &#8220;Namorar Portugal&#8221;","datePublished":"2018-02-16T17:12:34+00:00","dateModified":"2018-02-18T17:49:16+00:00","mainEntityOfPage":{"@id":"https:\/\/www.altominho.tv\/site\/2018\/02\/16\/palacio-da-brejoeira-recebeu-apresentacao-de-dois-novos-produtos-namorar-portugal\/"},"wordCount":297,"image":{"@id":"https:\/\/www.altominho.tv\/site\/2018\/02\/16\/palacio-da-brejoeira-recebeu-apresentacao-de-dois-novos-produtos-namorar-portugal\/#primaryimage"},"thumbnailUrl":"https:\/\/www.altominho.tv\/site\/wp-content\/uploads\/2018\/02\/DSC_0046-Large.jpg","keywords":["Lazer"],"articleSection":["Mon\u00e7\u00e3o"],"inLanguage":"pt-PT","copyrightYear":"2018","copyrightHolder":{"@id":"https:\/\/www.altominho.tv\/site\/#organization"}},{"@type":"WebPage","@id":"https:\/\/www.altominho.tv\/site\/2018\/02\/16\/palacio-da-brejoeira-recebeu-apresentacao-de-dois-novos-produtos-namorar-portugal\/","url":"https:\/\/www.altominho.tv\/site\/2018\/02\/16\/palacio-da-brejoeira-recebeu-apresentacao-de-dois-novos-produtos-namorar-portugal\/","name":"Pal\u00e1cio da Brejoeira recebeu apresenta\u00e7\u00e3o de dois novos produtos \"Namorar Portugal\"","isPartOf":{"@id":"https:\/\/www.altominho.tv\/site\/#website"},"primaryImageOfPage":{"@id":"https:\/\/www.altominho.tv\/site\/2018\/02\/16\/palacio-da-brejoeira-recebeu-apresentacao-de-dois-novos-produtos-namorar-portugal\/#primaryimage"},"image":{"@id":"https:\/\/www.altominho.tv\/site\/2018\/02\/16\/palacio-da-brejoeira-recebeu-apresentacao-de-dois-novos-produtos-namorar-portugal\/#primaryimage"},"thumbnailUrl":"https:\/\/www.altominho.tv\/site\/wp-content\/uploads\/2018\/02\/DSC_0046-Large.jpg","datePublished":"2018-02-16T17:12:34+00:00","dateModified":"2018-02-18T17:49:16+00:00","author":{"@id":"https:\/\/www.altominho.tv\/site\/#\/schema\/person\/5c9404a8b438614c93da6ca09db92574"},"breadcrumb":{"@id":"https:\/\/www.altominho.tv\/site\/2018\/02\/16\/palacio-da-brejoeira-recebeu-apresentacao-de-dois-novos-produtos-namorar-portugal\/#breadcrumb"},"inLanguage":"pt-PT","potentialAction":[{"@type":"ReadAction","target":["https:\/\/www.altominho.tv\/site\/2018\/02\/16\/palacio-da-brejoeira-recebeu-apresentacao-de-dois-novos-produtos-namorar-portugal\/"]}]},{"@type":"ImageObject","inLanguage":"pt-PT","@id":"https:\/\/www.altominho.tv\/site\/2018\/02\/16\/palacio-da-brejoeira-recebeu-apresentacao-de-dois-novos-produtos-namorar-portugal\/#primaryimage","url":"https:\/\/www.altominho.tv\/site\/wp-content\/uploads\/2018\/02\/DSC_0046-Large.jpg","contentUrl":"https:\/\/www.altominho.tv\/site\/wp-content\/uploads\/2018\/02\/DSC_0046-Large.jpg","width":1744,"height":1080,"caption":"????????????????????????????????????"},{"@type":"BreadcrumbList","@id":"https:\/\/www.altominho.tv\/site\/2018\/02\/16\/palacio-da-brejoeira-recebeu-apresentacao-de-dois-novos-produtos-namorar-portugal\/#breadcrumb","itemListElement":[{"@type":"ListItem","position":1,"name":"In\u00edcio","item":"https:\/\/www.altominho.tv\/site\/"},{"@type":"ListItem","position":2,"name":"Pal\u00e1cio da Brejoeira recebeu apresenta\u00e7\u00e3o de dois novos produtos &#8220;Namorar Portugal&#8221;"}]},{"@type":"WebSite","@id":"https:\/\/www.altominho.tv\/site\/#website","url":"https:\/\/www.altominho.tv\/site\/","name":"Altominho.tv","description":"A sua regi\u00e3o \u00e0 dist\u00e2ncia de um clique...","potentialAction":[{"@type":"SearchAction","target":{"@type":"EntryPoint","urlTemplate":"https:\/\/www.altominho.tv\/site\/?s={search_term_string}"},"query-input":{"@type":"PropertyValueSpecification","valueRequired":true,"valueName":"search_term_string"}}],"inLanguage":"pt-PT"},{"@type":"Person","@id":"https:\/\/www.altominho.tv\/site\/#\/schema\/person\/5c9404a8b438614c93da6ca09db92574","name":"C\u00e1tia Malheiro","image":{"@type":"ImageObject","inLanguage":"pt-PT","@id":"https:\/\/www.altominho.tv\/site\/wp-content\/uploads\/2017\/11\/Catia_Malheiro-150x150.jpg","url":"https:\/\/www.altominho.tv\/site\/wp-content\/uploads\/2017\/11\/Catia_Malheiro-150x150.jpg","contentUrl":"https:\/\/www.altominho.tv\/site\/wp-content\/uploads\/2017\/11\/Catia_Malheiro-150x150.jpg","caption":"C\u00e1tia Malheiro"},"url":"https:\/\/www.altominho.tv\/site\/author\/catiamalheiro\/"}]}},"_links":{"self":[{"href":"https:\/\/www.altominho.tv\/site\/wp-json\/wp\/v2\/posts\/9811","targetHints":{"allow":["GET"]}}],"collection":[{"href":"https:\/\/www.altominho.tv\/site\/wp-json\/wp\/v2\/posts"}],"about":[{"href":"https:\/\/www.altominho.tv\/site\/wp-json\/wp\/v2\/types\/post"}],"author":[{"embeddable":true,"href":"https:\/\/www.altominho.tv\/site\/wp-json\/wp\/v2\/users\/6"}],"replies":[{"embeddable":true,"href":"https:\/\/www.altominho.tv\/site\/wp-json\/wp\/v2\/comments?post=9811"}],"version-history":[{"count":0,"href":"https:\/\/www.altominho.tv\/site\/wp-json\/wp\/v2\/posts\/9811\/revisions"}],"wp:featuredmedia":[{"embeddable":true,"href":"https:\/\/www.altominho.tv\/site\/wp-json\/wp\/v2\/media\/9812"}],"wp:attachment":[{"href":"https:\/\/www.altominho.tv\/site\/wp-json\/wp\/v2\/media?parent=9811"}],"wp:term":[{"taxonomy":"category","embeddable":true,"href":"https:\/\/www.altominho.tv\/site\/wp-json\/wp\/v2\/categories?post=9811"},{"taxonomy":"post_tag","embeddable":true,"href":"https:\/\/www.altominho.tv\/site\/wp-json\/wp\/v2\/tags?post=9811"}],"curies":[{"name":"wp","href":"https:\/\/api.w.org\/{rel}","templated":true}]}}