{"id":98095,"date":"2023-10-27T11:25:33","date_gmt":"2023-10-27T10:25:33","guid":{"rendered":"https:\/\/www.altominho.tv\/site\/?p=98095"},"modified":"2023-10-27T11:25:38","modified_gmt":"2023-10-27T10:25:38","slug":"ator-arcuense-e-protagonista-na-nova-producao-do-teatro-nacional-d-maria-ii-a-farsa-de-ines-pereira","status":"publish","type":"post","link":"https:\/\/www.altominho.tv\/site\/2023\/10\/27\/ator-arcuense-e-protagonista-na-nova-producao-do-teatro-nacional-d-maria-ii-a-farsa-de-ines-pereira\/","title":{"rendered":"Ator arcuense \u00e9 protagonista na nova produ\u00e7\u00e3o do Teatro Nacional D. Maria II &#8220;A Farsa de In\u00eas Pereira&#8221;"},"content":{"rendered":"<p>O ator arcuense David Costa tem 24 anos e \u00e9 protagonista na mais recente produ\u00e7\u00e3o do Teatro Nacional D. Maria II, &#8220;A Farsa de In\u00eas Pereira&#8221;, baseada no cl\u00e1ssico de Gil Vicente, que estreou no dia 20 de outubro, anunciou a autarquia arcuense em comunicado.<\/p>\n<p>Esta produ\u00e7\u00e3o \u00e9 dirigida por Pedro Penim, diretor art\u00edstico do Teatro Nacional e representa &#8220;um enorme desafio&#8221; para o ator arcuense David Costa, que contracena, entre outros, com a atriz Rita Blanco.<\/p>\n<p>&#8220;Encarnando o papel central da pr\u00f3pria In\u00eas, David Costa assume uma personagem que, sendo do s\u00e9culo XVI, encaixa efetivamente numa pe\u00e7a do s\u00e9culo XXI, abordando temas fraturantes de todas as sociedades, como o trabalho, a sexualidade e a c\u00e9lula familiar, num enorme desafio f\u00edsico e performativo para o ator&#8221;, revela a nota enviada.<\/p>\n<p>David Costa nasceu em Arcos de Valdevez\u00a0 e cedo despertou para o teatro. Aos 15 anos foi para a cidade do Porto e ingressou na ACE- Escola de Artes, integrando posteriormente e durante 4 anos, o projeto &#8220;Margem&#8221;, de Victor Hugo Pontes e, em 2021 com \u201cPais &amp; Filhos\u201d, tem o seu primeiro papel sob dire\u00e7\u00e3o de Pedro Penim, realizando a digress\u00e3o nacional e internacional da pe\u00e7a.<\/p>\n<p>Para o munic\u00edpio de Arcos de Valdevez e para os arcuenses &#8220;\u00e9 motivo de grande satisfa\u00e7\u00e3o ver reconhecido o talento e o esfor\u00e7o deste jovem, natural da freguesia da Miranda, no panorama cultural nacional&#8221;.<\/p>\n","protected":false},"excerpt":{"rendered":"<p>O ator arcuense David Costa tem 24 anos e \u00e9 protagonista na mais recente produ\u00e7\u00e3o do Teatro Nacional D. Maria II, &#8220;A Farsa de In\u00eas Pereira&#8221;, baseada no cl\u00e1ssico de Gil Vicente, que estreou no dia 20 de outubro, anunciou a autarquia arcuense em comunicado. Esta produ\u00e7\u00e3o \u00e9 dirigida por Pedro Penim, diretor art\u00edstico do [&hellip;]<\/p>\n","protected":false},"author":1,"featured_media":98096,"comment_status":"closed","ping_status":"closed","sticky":false,"template":"","format":"standard","meta":{"_exactmetrics_skip_tracking":false,"_exactmetrics_sitenote_active":false,"_exactmetrics_sitenote_note":"","_exactmetrics_sitenote_category":0,"footnotes":""},"categories":[2],"tags":[19,27],"class_list":["post-98095","post","type-post","status-publish","format-standard","has-post-thumbnail","hentry","category-arcos-de-valdevez","tag-cultura","tag-sociedade"],"yoast_head":"<!-- This site is optimized with the Yoast SEO Premium plugin v27.5 (Yoast SEO v27.5) - https:\/\/yoast.com\/product\/yoast-seo-premium-wordpress\/ -->\n<title>Ator arcuense \u00e9 protagonista na nova produ\u00e7\u00e3o do Teatro Nacional D. Maria II &quot;A Farsa de In\u00eas Pereira&quot;<\/title>\n<meta name=\"description\" content=\"O ator arcuense David Costa tem 24 anos e \u00e9 protagonista na mais recente produ\u00e7\u00e3o do Teatro Nacional D. Maria II, &quot;A Farsa de In\u00eas Pereira&quot;, baseada no cl\u00e1ssico de Gil Vicente, que estreou no dia 20 de outubro, anunciou a autarquia arcuense em comunicado.\" \/>\n<meta name=\"robots\" content=\"index, follow, max-snippet:-1, max-image-preview:large, max-video-preview:-1\" \/>\n<link rel=\"canonical\" href=\"https:\/\/www.altominho.tv\/site\/2023\/10\/27\/ator-arcuense-e-protagonista-na-nova-producao-do-teatro-nacional-d-maria-ii-a-farsa-de-ines-pereira\/\" \/>\n<meta property=\"og:locale\" content=\"pt_PT\" \/>\n<meta property=\"og:type\" content=\"article\" \/>\n<meta property=\"og:title\" content=\"Ator arcuense \u00e9 protagonista na nova produ\u00e7\u00e3o do Teatro Nacional D. Maria II &quot;A Farsa de In\u00eas Pereira&quot;\" \/>\n<meta property=\"og:description\" content=\"O ator arcuense David Costa tem 24 anos e \u00e9 protagonista na mais recente produ\u00e7\u00e3o do Teatro Nacional D. Maria II, &quot;A Farsa de In\u00eas Pereira&quot;, baseada no cl\u00e1ssico de Gil Vicente, que estreou no dia 20 de outubro, anunciou a autarquia arcuense em comunicado.\" \/>\n<meta property=\"og:url\" content=\"https:\/\/www.altominho.tv\/site\/2023\/10\/27\/ator-arcuense-e-protagonista-na-nova-producao-do-teatro-nacional-d-maria-ii-a-farsa-de-ines-pereira\/\" \/>\n<meta property=\"og:site_name\" content=\"Altominho.tv\" \/>\n<meta property=\"article:publisher\" content=\"https:\/\/www.facebook.com\/altominhotv\" \/>\n<meta property=\"article:published_time\" content=\"2023-10-27T10:25:33+00:00\" \/>\n<meta property=\"article:modified_time\" content=\"2023-10-27T10:25:38+00:00\" \/>\n<meta property=\"og:image\" content=\"https:\/\/www.altominho.tv\/site\/wp-content\/uploads\/2023\/10\/david-costa-arcos-de-valdevez-1-scaled-e1698402324439.jpg\" \/>\n\t<meta property=\"og:image:width\" content=\"2560\" \/>\n\t<meta property=\"og:image:height\" content=\"1305\" \/>\n\t<meta property=\"og:image:type\" content=\"image\/jpeg\" \/>\n<meta name=\"author\" content=\"Altominho.tv\" \/>\n<meta name=\"twitter:card\" content=\"summary_large_image\" \/>\n<meta name=\"twitter:creator\" content=\"@altominhoTV\" \/>\n<meta name=\"twitter:site\" content=\"@altominhoTV\" \/>\n<meta name=\"twitter:label1\" content=\"Escrito por\" \/>\n\t<meta name=\"twitter:data1\" content=\"Altominho.tv\" \/>\n\t<meta name=\"twitter:label2\" content=\"Tempo estimado de leitura\" \/>\n\t<meta name=\"twitter:data2\" content=\"2 minutos\" \/>\n<script type=\"application\/ld+json\" class=\"yoast-schema-graph\">{\"@context\":\"https:\\\/\\\/schema.org\",\"@graph\":[{\"@type\":\"Article\",\"@id\":\"https:\\\/\\\/www.altominho.tv\\\/site\\\/2023\\\/10\\\/27\\\/ator-arcuense-e-protagonista-na-nova-producao-do-teatro-nacional-d-maria-ii-a-farsa-de-ines-pereira\\\/#article\",\"isPartOf\":{\"@id\":\"https:\\\/\\\/www.altominho.tv\\\/site\\\/2023\\\/10\\\/27\\\/ator-arcuense-e-protagonista-na-nova-producao-do-teatro-nacional-d-maria-ii-a-farsa-de-ines-pereira\\\/\"},\"author\":{\"name\":\"Altominho.tv\",\"@id\":\"https:\\\/\\\/www.altominho.tv\\\/site\\\/#\\\/schema\\\/person\\\/4e536851627d7914baf3dac752b6af22\"},\"headline\":\"Ator arcuense \u00e9 protagonista na nova produ\u00e7\u00e3o do Teatro Nacional D. Maria II &#8220;A Farsa de In\u00eas Pereira&#8221;\",\"datePublished\":\"2023-10-27T10:25:33+00:00\",\"dateModified\":\"2023-10-27T10:25:38+00:00\",\"mainEntityOfPage\":{\"@id\":\"https:\\\/\\\/www.altominho.tv\\\/site\\\/2023\\\/10\\\/27\\\/ator-arcuense-e-protagonista-na-nova-producao-do-teatro-nacional-d-maria-ii-a-farsa-de-ines-pereira\\\/\"},\"wordCount\":260,\"image\":{\"@id\":\"https:\\\/\\\/www.altominho.tv\\\/site\\\/2023\\\/10\\\/27\\\/ator-arcuense-e-protagonista-na-nova-producao-do-teatro-nacional-d-maria-ii-a-farsa-de-ines-pereira\\\/#primaryimage\"},\"thumbnailUrl\":\"https:\\\/\\\/www.altominho.tv\\\/site\\\/wp-content\\\/uploads\\\/2023\\\/10\\\/david-costa-arcos-de-valdevez-1-scaled-e1698402324439.jpg\",\"keywords\":[\"Cultura\",\"Sociedade\"],\"articleSection\":[\"Arcos de Valdevez\"],\"inLanguage\":\"pt-PT\",\"copyrightYear\":\"2023\",\"copyrightHolder\":{\"@id\":\"https:\\\/\\\/www.altominho.tv\\\/site\\\/#organization\"}},{\"@type\":\"WebPage\",\"@id\":\"https:\\\/\\\/www.altominho.tv\\\/site\\\/2023\\\/10\\\/27\\\/ator-arcuense-e-protagonista-na-nova-producao-do-teatro-nacional-d-maria-ii-a-farsa-de-ines-pereira\\\/\",\"url\":\"https:\\\/\\\/www.altominho.tv\\\/site\\\/2023\\\/10\\\/27\\\/ator-arcuense-e-protagonista-na-nova-producao-do-teatro-nacional-d-maria-ii-a-farsa-de-ines-pereira\\\/\",\"name\":\"Ator arcuense \u00e9 protagonista na nova produ\u00e7\u00e3o do Teatro Nacional D. Maria II \\\"A Farsa de In\u00eas Pereira\\\"\",\"isPartOf\":{\"@id\":\"https:\\\/\\\/www.altominho.tv\\\/site\\\/#website\"},\"primaryImageOfPage\":{\"@id\":\"https:\\\/\\\/www.altominho.tv\\\/site\\\/2023\\\/10\\\/27\\\/ator-arcuense-e-protagonista-na-nova-producao-do-teatro-nacional-d-maria-ii-a-farsa-de-ines-pereira\\\/#primaryimage\"},\"image\":{\"@id\":\"https:\\\/\\\/www.altominho.tv\\\/site\\\/2023\\\/10\\\/27\\\/ator-arcuense-e-protagonista-na-nova-producao-do-teatro-nacional-d-maria-ii-a-farsa-de-ines-pereira\\\/#primaryimage\"},\"thumbnailUrl\":\"https:\\\/\\\/www.altominho.tv\\\/site\\\/wp-content\\\/uploads\\\/2023\\\/10\\\/david-costa-arcos-de-valdevez-1-scaled-e1698402324439.jpg\",\"datePublished\":\"2023-10-27T10:25:33+00:00\",\"dateModified\":\"2023-10-27T10:25:38+00:00\",\"author\":{\"@id\":\"https:\\\/\\\/www.altominho.tv\\\/site\\\/#\\\/schema\\\/person\\\/4e536851627d7914baf3dac752b6af22\"},\"description\":\"O ator arcuense David Costa tem 24 anos e \u00e9 protagonista na mais recente produ\u00e7\u00e3o do Teatro Nacional D. Maria II, \\\"A Farsa de In\u00eas Pereira\\\", baseada no cl\u00e1ssico de Gil Vicente, que estreou no dia 20 de outubro, anunciou a autarquia arcuense em comunicado.\",\"breadcrumb\":{\"@id\":\"https:\\\/\\\/www.altominho.tv\\\/site\\\/2023\\\/10\\\/27\\\/ator-arcuense-e-protagonista-na-nova-producao-do-teatro-nacional-d-maria-ii-a-farsa-de-ines-pereira\\\/#breadcrumb\"},\"inLanguage\":\"pt-PT\",\"potentialAction\":[{\"@type\":\"ReadAction\",\"target\":[\"https:\\\/\\\/www.altominho.tv\\\/site\\\/2023\\\/10\\\/27\\\/ator-arcuense-e-protagonista-na-nova-producao-do-teatro-nacional-d-maria-ii-a-farsa-de-ines-pereira\\\/\"]}]},{\"@type\":\"ImageObject\",\"inLanguage\":\"pt-PT\",\"@id\":\"https:\\\/\\\/www.altominho.tv\\\/site\\\/2023\\\/10\\\/27\\\/ator-arcuense-e-protagonista-na-nova-producao-do-teatro-nacional-d-maria-ii-a-farsa-de-ines-pereira\\\/#primaryimage\",\"url\":\"https:\\\/\\\/www.altominho.tv\\\/site\\\/wp-content\\\/uploads\\\/2023\\\/10\\\/david-costa-arcos-de-valdevez-1-scaled-e1698402324439.jpg\",\"contentUrl\":\"https:\\\/\\\/www.altominho.tv\\\/site\\\/wp-content\\\/uploads\\\/2023\\\/10\\\/david-costa-arcos-de-valdevez-1-scaled-e1698402324439.jpg\",\"width\":2560,\"height\":1305},{\"@type\":\"BreadcrumbList\",\"@id\":\"https:\\\/\\\/www.altominho.tv\\\/site\\\/2023\\\/10\\\/27\\\/ator-arcuense-e-protagonista-na-nova-producao-do-teatro-nacional-d-maria-ii-a-farsa-de-ines-pereira\\\/#breadcrumb\",\"itemListElement\":[{\"@type\":\"ListItem\",\"position\":1,\"name\":\"In\u00edcio\",\"item\":\"https:\\\/\\\/www.altominho.tv\\\/site\\\/\"},{\"@type\":\"ListItem\",\"position\":2,\"name\":\"Ator arcuense \u00e9 protagonista na nova produ\u00e7\u00e3o do Teatro Nacional D. Maria II &#8220;A Farsa de In\u00eas Pereira&#8221;\"}]},{\"@type\":\"WebSite\",\"@id\":\"https:\\\/\\\/www.altominho.tv\\\/site\\\/#website\",\"url\":\"https:\\\/\\\/www.altominho.tv\\\/site\\\/\",\"name\":\"Altominho.tv\",\"description\":\"A sua regi\u00e3o \u00e0 dist\u00e2ncia de um clique...\",\"potentialAction\":[{\"@type\":\"SearchAction\",\"target\":{\"@type\":\"EntryPoint\",\"urlTemplate\":\"https:\\\/\\\/www.altominho.tv\\\/site\\\/?s={search_term_string}\"},\"query-input\":{\"@type\":\"PropertyValueSpecification\",\"valueRequired\":true,\"valueName\":\"search_term_string\"}}],\"inLanguage\":\"pt-PT\"},{\"@type\":\"Person\",\"@id\":\"https:\\\/\\\/www.altominho.tv\\\/site\\\/#\\\/schema\\\/person\\\/4e536851627d7914baf3dac752b6af22\",\"name\":\"Altominho.tv\",\"image\":{\"@type\":\"ImageObject\",\"inLanguage\":\"pt-PT\",\"@id\":\"https:\\\/\\\/www.altominho.tv\\\/site\\\/wp-content\\\/uploads\\\/2019\\\/11\\\/Logo_Avatar_2-150x150.jpg\",\"url\":\"https:\\\/\\\/www.altominho.tv\\\/site\\\/wp-content\\\/uploads\\\/2019\\\/11\\\/Logo_Avatar_2-150x150.jpg\",\"contentUrl\":\"https:\\\/\\\/www.altominho.tv\\\/site\\\/wp-content\\\/uploads\\\/2019\\\/11\\\/Logo_Avatar_2-150x150.jpg\",\"caption\":\"Altominho.tv\"},\"url\":\"https:\\\/\\\/www.altominho.tv\\\/site\\\/author\\\/altominhotv-tecnico\\\/\"}]}<\/script>\n<!-- \/ Yoast SEO Premium plugin. -->","yoast_head_json":{"title":"Ator arcuense \u00e9 protagonista na nova produ\u00e7\u00e3o do Teatro Nacional D. Maria II \"A Farsa de In\u00eas Pereira\"","description":"O ator arcuense David Costa tem 24 anos e \u00e9 protagonista na mais recente produ\u00e7\u00e3o do Teatro Nacional D. Maria II, \"A Farsa de In\u00eas Pereira\", baseada no cl\u00e1ssico de Gil Vicente, que estreou no dia 20 de outubro, anunciou a autarquia arcuense em comunicado.","robots":{"index":"index","follow":"follow","max-snippet":"max-snippet:-1","max-image-preview":"max-image-preview:large","max-video-preview":"max-video-preview:-1"},"canonical":"https:\/\/www.altominho.tv\/site\/2023\/10\/27\/ator-arcuense-e-protagonista-na-nova-producao-do-teatro-nacional-d-maria-ii-a-farsa-de-ines-pereira\/","og_locale":"pt_PT","og_type":"article","og_title":"Ator arcuense \u00e9 protagonista na nova produ\u00e7\u00e3o do Teatro Nacional D. Maria II \"A Farsa de In\u00eas Pereira\"","og_description":"O ator arcuense David Costa tem 24 anos e \u00e9 protagonista na mais recente produ\u00e7\u00e3o do Teatro Nacional D. Maria II, \"A Farsa de In\u00eas Pereira\", baseada no cl\u00e1ssico de Gil Vicente, que estreou no dia 20 de outubro, anunciou a autarquia arcuense em comunicado.","og_url":"https:\/\/www.altominho.tv\/site\/2023\/10\/27\/ator-arcuense-e-protagonista-na-nova-producao-do-teatro-nacional-d-maria-ii-a-farsa-de-ines-pereira\/","og_site_name":"Altominho.tv","article_publisher":"https:\/\/www.facebook.com\/altominhotv","article_published_time":"2023-10-27T10:25:33+00:00","article_modified_time":"2023-10-27T10:25:38+00:00","og_image":[{"width":2560,"height":1305,"url":"https:\/\/www.altominho.tv\/site\/wp-content\/uploads\/2023\/10\/david-costa-arcos-de-valdevez-1-scaled-e1698402324439.jpg","type":"image\/jpeg"}],"author":"Altominho.tv","twitter_card":"summary_large_image","twitter_creator":"@altominhoTV","twitter_site":"@altominhoTV","twitter_misc":{"Escrito por":"Altominho.tv","Tempo estimado de leitura":"2 minutos"},"schema":{"@context":"https:\/\/schema.org","@graph":[{"@type":"Article","@id":"https:\/\/www.altominho.tv\/site\/2023\/10\/27\/ator-arcuense-e-protagonista-na-nova-producao-do-teatro-nacional-d-maria-ii-a-farsa-de-ines-pereira\/#article","isPartOf":{"@id":"https:\/\/www.altominho.tv\/site\/2023\/10\/27\/ator-arcuense-e-protagonista-na-nova-producao-do-teatro-nacional-d-maria-ii-a-farsa-de-ines-pereira\/"},"author":{"name":"Altominho.tv","@id":"https:\/\/www.altominho.tv\/site\/#\/schema\/person\/4e536851627d7914baf3dac752b6af22"},"headline":"Ator arcuense \u00e9 protagonista na nova produ\u00e7\u00e3o do Teatro Nacional D. Maria II &#8220;A Farsa de In\u00eas Pereira&#8221;","datePublished":"2023-10-27T10:25:33+00:00","dateModified":"2023-10-27T10:25:38+00:00","mainEntityOfPage":{"@id":"https:\/\/www.altominho.tv\/site\/2023\/10\/27\/ator-arcuense-e-protagonista-na-nova-producao-do-teatro-nacional-d-maria-ii-a-farsa-de-ines-pereira\/"},"wordCount":260,"image":{"@id":"https:\/\/www.altominho.tv\/site\/2023\/10\/27\/ator-arcuense-e-protagonista-na-nova-producao-do-teatro-nacional-d-maria-ii-a-farsa-de-ines-pereira\/#primaryimage"},"thumbnailUrl":"https:\/\/www.altominho.tv\/site\/wp-content\/uploads\/2023\/10\/david-costa-arcos-de-valdevez-1-scaled-e1698402324439.jpg","keywords":["Cultura","Sociedade"],"articleSection":["Arcos de Valdevez"],"inLanguage":"pt-PT","copyrightYear":"2023","copyrightHolder":{"@id":"https:\/\/www.altominho.tv\/site\/#organization"}},{"@type":"WebPage","@id":"https:\/\/www.altominho.tv\/site\/2023\/10\/27\/ator-arcuense-e-protagonista-na-nova-producao-do-teatro-nacional-d-maria-ii-a-farsa-de-ines-pereira\/","url":"https:\/\/www.altominho.tv\/site\/2023\/10\/27\/ator-arcuense-e-protagonista-na-nova-producao-do-teatro-nacional-d-maria-ii-a-farsa-de-ines-pereira\/","name":"Ator arcuense \u00e9 protagonista na nova produ\u00e7\u00e3o do Teatro Nacional D. Maria II \"A Farsa de In\u00eas Pereira\"","isPartOf":{"@id":"https:\/\/www.altominho.tv\/site\/#website"},"primaryImageOfPage":{"@id":"https:\/\/www.altominho.tv\/site\/2023\/10\/27\/ator-arcuense-e-protagonista-na-nova-producao-do-teatro-nacional-d-maria-ii-a-farsa-de-ines-pereira\/#primaryimage"},"image":{"@id":"https:\/\/www.altominho.tv\/site\/2023\/10\/27\/ator-arcuense-e-protagonista-na-nova-producao-do-teatro-nacional-d-maria-ii-a-farsa-de-ines-pereira\/#primaryimage"},"thumbnailUrl":"https:\/\/www.altominho.tv\/site\/wp-content\/uploads\/2023\/10\/david-costa-arcos-de-valdevez-1-scaled-e1698402324439.jpg","datePublished":"2023-10-27T10:25:33+00:00","dateModified":"2023-10-27T10:25:38+00:00","author":{"@id":"https:\/\/www.altominho.tv\/site\/#\/schema\/person\/4e536851627d7914baf3dac752b6af22"},"description":"O ator arcuense David Costa tem 24 anos e \u00e9 protagonista na mais recente produ\u00e7\u00e3o do Teatro Nacional D. Maria II, \"A Farsa de In\u00eas Pereira\", baseada no cl\u00e1ssico de Gil Vicente, que estreou no dia 20 de outubro, anunciou a autarquia arcuense em comunicado.","breadcrumb":{"@id":"https:\/\/www.altominho.tv\/site\/2023\/10\/27\/ator-arcuense-e-protagonista-na-nova-producao-do-teatro-nacional-d-maria-ii-a-farsa-de-ines-pereira\/#breadcrumb"},"inLanguage":"pt-PT","potentialAction":[{"@type":"ReadAction","target":["https:\/\/www.altominho.tv\/site\/2023\/10\/27\/ator-arcuense-e-protagonista-na-nova-producao-do-teatro-nacional-d-maria-ii-a-farsa-de-ines-pereira\/"]}]},{"@type":"ImageObject","inLanguage":"pt-PT","@id":"https:\/\/www.altominho.tv\/site\/2023\/10\/27\/ator-arcuense-e-protagonista-na-nova-producao-do-teatro-nacional-d-maria-ii-a-farsa-de-ines-pereira\/#primaryimage","url":"https:\/\/www.altominho.tv\/site\/wp-content\/uploads\/2023\/10\/david-costa-arcos-de-valdevez-1-scaled-e1698402324439.jpg","contentUrl":"https:\/\/www.altominho.tv\/site\/wp-content\/uploads\/2023\/10\/david-costa-arcos-de-valdevez-1-scaled-e1698402324439.jpg","width":2560,"height":1305},{"@type":"BreadcrumbList","@id":"https:\/\/www.altominho.tv\/site\/2023\/10\/27\/ator-arcuense-e-protagonista-na-nova-producao-do-teatro-nacional-d-maria-ii-a-farsa-de-ines-pereira\/#breadcrumb","itemListElement":[{"@type":"ListItem","position":1,"name":"In\u00edcio","item":"https:\/\/www.altominho.tv\/site\/"},{"@type":"ListItem","position":2,"name":"Ator arcuense \u00e9 protagonista na nova produ\u00e7\u00e3o do Teatro Nacional D. Maria II &#8220;A Farsa de In\u00eas Pereira&#8221;"}]},{"@type":"WebSite","@id":"https:\/\/www.altominho.tv\/site\/#website","url":"https:\/\/www.altominho.tv\/site\/","name":"Altominho.tv","description":"A sua regi\u00e3o \u00e0 dist\u00e2ncia de um clique...","potentialAction":[{"@type":"SearchAction","target":{"@type":"EntryPoint","urlTemplate":"https:\/\/www.altominho.tv\/site\/?s={search_term_string}"},"query-input":{"@type":"PropertyValueSpecification","valueRequired":true,"valueName":"search_term_string"}}],"inLanguage":"pt-PT"},{"@type":"Person","@id":"https:\/\/www.altominho.tv\/site\/#\/schema\/person\/4e536851627d7914baf3dac752b6af22","name":"Altominho.tv","image":{"@type":"ImageObject","inLanguage":"pt-PT","@id":"https:\/\/www.altominho.tv\/site\/wp-content\/uploads\/2019\/11\/Logo_Avatar_2-150x150.jpg","url":"https:\/\/www.altominho.tv\/site\/wp-content\/uploads\/2019\/11\/Logo_Avatar_2-150x150.jpg","contentUrl":"https:\/\/www.altominho.tv\/site\/wp-content\/uploads\/2019\/11\/Logo_Avatar_2-150x150.jpg","caption":"Altominho.tv"},"url":"https:\/\/www.altominho.tv\/site\/author\/altominhotv-tecnico\/"}]}},"_links":{"self":[{"href":"https:\/\/www.altominho.tv\/site\/wp-json\/wp\/v2\/posts\/98095","targetHints":{"allow":["GET"]}}],"collection":[{"href":"https:\/\/www.altominho.tv\/site\/wp-json\/wp\/v2\/posts"}],"about":[{"href":"https:\/\/www.altominho.tv\/site\/wp-json\/wp\/v2\/types\/post"}],"author":[{"embeddable":true,"href":"https:\/\/www.altominho.tv\/site\/wp-json\/wp\/v2\/users\/1"}],"replies":[{"embeddable":true,"href":"https:\/\/www.altominho.tv\/site\/wp-json\/wp\/v2\/comments?post=98095"}],"version-history":[{"count":1,"href":"https:\/\/www.altominho.tv\/site\/wp-json\/wp\/v2\/posts\/98095\/revisions"}],"predecessor-version":[{"id":98097,"href":"https:\/\/www.altominho.tv\/site\/wp-json\/wp\/v2\/posts\/98095\/revisions\/98097"}],"wp:featuredmedia":[{"embeddable":true,"href":"https:\/\/www.altominho.tv\/site\/wp-json\/wp\/v2\/media\/98096"}],"wp:attachment":[{"href":"https:\/\/www.altominho.tv\/site\/wp-json\/wp\/v2\/media?parent=98095"}],"wp:term":[{"taxonomy":"category","embeddable":true,"href":"https:\/\/www.altominho.tv\/site\/wp-json\/wp\/v2\/categories?post=98095"},{"taxonomy":"post_tag","embeddable":true,"href":"https:\/\/www.altominho.tv\/site\/wp-json\/wp\/v2\/tags?post=98095"}],"curies":[{"name":"wp","href":"https:\/\/api.w.org\/{rel}","templated":true}]}}