{"id":98073,"date":"2023-10-26T11:56:30","date_gmt":"2023-10-26T10:56:30","guid":{"rendered":"https:\/\/www.altominho.tv\/site\/?p=98073"},"modified":"2023-10-26T11:56:35","modified_gmt":"2023-10-26T10:56:35","slug":"mau-tempo-em-arcos-de-valdevez-zona-historica-sem-agua-apos-regulacao-do-caudal-do-rio-vez","status":"publish","type":"post","link":"https:\/\/www.altominho.tv\/site\/2023\/10\/26\/mau-tempo-em-arcos-de-valdevez-zona-historica-sem-agua-apos-regulacao-do-caudal-do-rio-vez\/","title":{"rendered":"Mau tempo em Arcos de Valdevez: Zona hist\u00f3rica sem \u00e1gua ap\u00f3s regula\u00e7\u00e3o do caudal do rio Vez"},"content":{"rendered":"<p>A zona hist\u00f3rica da Valeta, em Arcos de Valdevez, encontrava-se sem \u00e1gua, cerca das 11h00, depois de ter sido inundada, durante a madrugada, pelas \u00e1guas do rio Vez, disse o vereador da prote\u00e7\u00e3o civil municipal.<\/p>\n<p>Em declara\u00e7\u00f5es \u00e0 ag\u00eancia Lusa, Oleg\u00e1rio Gon\u00e7alves adiantou que as cheias naquela zona do concelho de Arcos de Valdevez foram causadas pelas descargas da barragem de Touvedo, no concelho de Ponte da Barca que, \u201ccerca das 06h30, debitava 500 metros c\u00fabicos de \u00e1gua, por segundo\u201d.<\/p>\n<p>\u201cQuando a barragem est\u00e1 a debitar muita \u00e1gua e, ao mesmo tempo, chove intensamente em Arcos de Valdevez, o rio Vez recua e provoca inunda\u00e7\u00f5es na Valeta\u201d, explicou.<\/p>\n<p>Segundo o vereador com o pelouro da prote\u00e7\u00e3o civil municipal, os pontilh\u00f5es (pequenas pontes) de Gondoriz e Rio de Moinhos, continuam cortados \u00e0 circula\u00e7\u00e3o rodovi\u00e1ria.<\/p>\n<p>Oleg\u00e1rio Gon\u00e7alves referiu que \u201ctodos os servi\u00e7os municipais est\u00e3o no terreno para desobstruir vias afetadas por dezenas de derrocadas em praticamente todo o concelho\u201d.<\/p>\n<p>A derrocada \u201cmais preocupante\u201d ocorreu num muro situado junto a uma rotunda, na entrada da vila.<\/p>\n<p>\u201cH\u00e1 perigo de desabar mais muro. Os servi\u00e7os t\u00e9cnicos do munic\u00edpio j\u00e1 est\u00e3o a avaliar a situa\u00e7\u00e3o\u201d.<\/p>\n","protected":false},"excerpt":{"rendered":"<p>A zona hist\u00f3rica da Valeta, em Arcos de Valdevez, encontrava-se sem \u00e1gua, cerca das 11h00, depois de ter sido inundada, durante a madrugada, pelas \u00e1guas do rio Vez, disse o vereador da prote\u00e7\u00e3o civil municipal. Em declara\u00e7\u00f5es \u00e0 ag\u00eancia Lusa, Oleg\u00e1rio Gon\u00e7alves adiantou que as cheias naquela zona do concelho de Arcos de Valdevez foram [&hellip;]<\/p>\n","protected":false},"author":13,"featured_media":98077,"comment_status":"closed","ping_status":"closed","sticky":false,"template":"","format":"standard","meta":{"_exactmetrics_skip_tracking":false,"_exactmetrics_sitenote_active":false,"_exactmetrics_sitenote_note":"","_exactmetrics_sitenote_category":0,"footnotes":""},"categories":[2],"tags":[27],"class_list":["post-98073","post","type-post","status-publish","format-standard","has-post-thumbnail","hentry","category-arcos-de-valdevez","tag-sociedade"],"yoast_head":"<!-- This site is optimized with the Yoast SEO Premium plugin v27.5 (Yoast SEO v27.5) - https:\/\/yoast.com\/product\/yoast-seo-premium-wordpress\/ -->\n<title>Mau tempo em Arcos de Valdevez: Zona hist\u00f3rica sem \u00e1gua ap\u00f3s regula\u00e7\u00e3o do caudal do rio Vez<\/title>\n<meta name=\"description\" content=\"A zona hist\u00f3rica da Valeta, em Arcos de Valdevez, encontrava-se sem \u00e1gua, cerca das 11h00, depois de ter sido inundada, durante a madrugada, pelas \u00e1guas do rio Vez, disse o vereador da prote\u00e7\u00e3o civil municipal.\" \/>\n<meta name=\"robots\" content=\"index, follow, max-snippet:-1, max-image-preview:large, max-video-preview:-1\" \/>\n<link rel=\"canonical\" href=\"https:\/\/www.altominho.tv\/site\/2023\/10\/26\/mau-tempo-em-arcos-de-valdevez-zona-historica-sem-agua-apos-regulacao-do-caudal-do-rio-vez\/\" \/>\n<meta property=\"og:locale\" content=\"pt_PT\" \/>\n<meta property=\"og:type\" content=\"article\" \/>\n<meta property=\"og:title\" content=\"Mau tempo em Arcos de Valdevez: Zona hist\u00f3rica sem \u00e1gua ap\u00f3s regula\u00e7\u00e3o do caudal do rio Vez\" \/>\n<meta property=\"og:description\" content=\"A zona hist\u00f3rica da Valeta, em Arcos de Valdevez, encontrava-se sem \u00e1gua, cerca das 11h00, depois de ter sido inundada, durante a madrugada, pelas \u00e1guas do rio Vez, disse o vereador da prote\u00e7\u00e3o civil municipal.\" \/>\n<meta property=\"og:url\" content=\"https:\/\/www.altominho.tv\/site\/2023\/10\/26\/mau-tempo-em-arcos-de-valdevez-zona-historica-sem-agua-apos-regulacao-do-caudal-do-rio-vez\/\" \/>\n<meta property=\"og:site_name\" content=\"Altominho.tv\" \/>\n<meta property=\"article:publisher\" content=\"https:\/\/www.facebook.com\/altominhotv\" \/>\n<meta property=\"article:published_time\" content=\"2023-10-26T10:56:30+00:00\" \/>\n<meta property=\"article:modified_time\" content=\"2023-10-26T10:56:35+00:00\" \/>\n<meta property=\"og:image\" content=\"https:\/\/www.altominho.tv\/site\/wp-content\/uploads\/2023\/10\/arcos-derrocadas-e-cheias.jpg\" \/>\n\t<meta property=\"og:image:width\" content=\"1890\" \/>\n\t<meta property=\"og:image:height\" content=\"1063\" \/>\n\t<meta property=\"og:image:type\" content=\"image\/jpeg\" \/>\n<meta name=\"author\" content=\"Lusa\" \/>\n<meta name=\"twitter:card\" content=\"summary_large_image\" \/>\n<meta name=\"twitter:creator\" content=\"@altominhoTV\" \/>\n<meta name=\"twitter:site\" content=\"@altominhoTV\" \/>\n<meta name=\"twitter:label1\" content=\"Escrito por\" \/>\n\t<meta name=\"twitter:data1\" content=\"Lusa\" \/>\n\t<meta name=\"twitter:label2\" content=\"Tempo estimado de leitura\" \/>\n\t<meta name=\"twitter:data2\" content=\"2 minutos\" \/>\n<script type=\"application\/ld+json\" class=\"yoast-schema-graph\">{\"@context\":\"https:\\\/\\\/schema.org\",\"@graph\":[{\"@type\":\"Article\",\"@id\":\"https:\\\/\\\/www.altominho.tv\\\/site\\\/2023\\\/10\\\/26\\\/mau-tempo-em-arcos-de-valdevez-zona-historica-sem-agua-apos-regulacao-do-caudal-do-rio-vez\\\/#article\",\"isPartOf\":{\"@id\":\"https:\\\/\\\/www.altominho.tv\\\/site\\\/2023\\\/10\\\/26\\\/mau-tempo-em-arcos-de-valdevez-zona-historica-sem-agua-apos-regulacao-do-caudal-do-rio-vez\\\/\"},\"author\":{\"name\":\"Lusa\",\"@id\":\"https:\\\/\\\/www.altominho.tv\\\/site\\\/#\\\/schema\\\/person\\\/63f693da3e1899361cbe955c46f3232e\"},\"headline\":\"Mau tempo em Arcos de Valdevez: Zona hist\u00f3rica sem \u00e1gua ap\u00f3s regula\u00e7\u00e3o do caudal do rio Vez\",\"datePublished\":\"2023-10-26T10:56:30+00:00\",\"dateModified\":\"2023-10-26T10:56:35+00:00\",\"mainEntityOfPage\":{\"@id\":\"https:\\\/\\\/www.altominho.tv\\\/site\\\/2023\\\/10\\\/26\\\/mau-tempo-em-arcos-de-valdevez-zona-historica-sem-agua-apos-regulacao-do-caudal-do-rio-vez\\\/\"},\"wordCount\":228,\"image\":{\"@id\":\"https:\\\/\\\/www.altominho.tv\\\/site\\\/2023\\\/10\\\/26\\\/mau-tempo-em-arcos-de-valdevez-zona-historica-sem-agua-apos-regulacao-do-caudal-do-rio-vez\\\/#primaryimage\"},\"thumbnailUrl\":\"https:\\\/\\\/www.altominho.tv\\\/site\\\/wp-content\\\/uploads\\\/2023\\\/10\\\/arcos-derrocadas-e-cheias.jpg\",\"keywords\":[\"Sociedade\"],\"articleSection\":[\"Arcos de Valdevez\"],\"inLanguage\":\"pt-PT\",\"copyrightYear\":\"2023\",\"copyrightHolder\":{\"@id\":\"https:\\\/\\\/www.altominho.tv\\\/site\\\/#organization\"}},{\"@type\":\"WebPage\",\"@id\":\"https:\\\/\\\/www.altominho.tv\\\/site\\\/2023\\\/10\\\/26\\\/mau-tempo-em-arcos-de-valdevez-zona-historica-sem-agua-apos-regulacao-do-caudal-do-rio-vez\\\/\",\"url\":\"https:\\\/\\\/www.altominho.tv\\\/site\\\/2023\\\/10\\\/26\\\/mau-tempo-em-arcos-de-valdevez-zona-historica-sem-agua-apos-regulacao-do-caudal-do-rio-vez\\\/\",\"name\":\"Mau tempo em Arcos de Valdevez: Zona hist\u00f3rica sem \u00e1gua ap\u00f3s regula\u00e7\u00e3o do caudal do rio Vez\",\"isPartOf\":{\"@id\":\"https:\\\/\\\/www.altominho.tv\\\/site\\\/#website\"},\"primaryImageOfPage\":{\"@id\":\"https:\\\/\\\/www.altominho.tv\\\/site\\\/2023\\\/10\\\/26\\\/mau-tempo-em-arcos-de-valdevez-zona-historica-sem-agua-apos-regulacao-do-caudal-do-rio-vez\\\/#primaryimage\"},\"image\":{\"@id\":\"https:\\\/\\\/www.altominho.tv\\\/site\\\/2023\\\/10\\\/26\\\/mau-tempo-em-arcos-de-valdevez-zona-historica-sem-agua-apos-regulacao-do-caudal-do-rio-vez\\\/#primaryimage\"},\"thumbnailUrl\":\"https:\\\/\\\/www.altominho.tv\\\/site\\\/wp-content\\\/uploads\\\/2023\\\/10\\\/arcos-derrocadas-e-cheias.jpg\",\"datePublished\":\"2023-10-26T10:56:30+00:00\",\"dateModified\":\"2023-10-26T10:56:35+00:00\",\"author\":{\"@id\":\"https:\\\/\\\/www.altominho.tv\\\/site\\\/#\\\/schema\\\/person\\\/63f693da3e1899361cbe955c46f3232e\"},\"description\":\"A zona hist\u00f3rica da Valeta, em Arcos de Valdevez, encontrava-se sem \u00e1gua, cerca das 11h00, depois de ter sido inundada, durante a madrugada, pelas \u00e1guas do rio Vez, disse o vereador da prote\u00e7\u00e3o civil municipal.\",\"breadcrumb\":{\"@id\":\"https:\\\/\\\/www.altominho.tv\\\/site\\\/2023\\\/10\\\/26\\\/mau-tempo-em-arcos-de-valdevez-zona-historica-sem-agua-apos-regulacao-do-caudal-do-rio-vez\\\/#breadcrumb\"},\"inLanguage\":\"pt-PT\",\"potentialAction\":[{\"@type\":\"ReadAction\",\"target\":[\"https:\\\/\\\/www.altominho.tv\\\/site\\\/2023\\\/10\\\/26\\\/mau-tempo-em-arcos-de-valdevez-zona-historica-sem-agua-apos-regulacao-do-caudal-do-rio-vez\\\/\"]}]},{\"@type\":\"ImageObject\",\"inLanguage\":\"pt-PT\",\"@id\":\"https:\\\/\\\/www.altominho.tv\\\/site\\\/2023\\\/10\\\/26\\\/mau-tempo-em-arcos-de-valdevez-zona-historica-sem-agua-apos-regulacao-do-caudal-do-rio-vez\\\/#primaryimage\",\"url\":\"https:\\\/\\\/www.altominho.tv\\\/site\\\/wp-content\\\/uploads\\\/2023\\\/10\\\/arcos-derrocadas-e-cheias.jpg\",\"contentUrl\":\"https:\\\/\\\/www.altominho.tv\\\/site\\\/wp-content\\\/uploads\\\/2023\\\/10\\\/arcos-derrocadas-e-cheias.jpg\",\"width\":1890,\"height\":1063},{\"@type\":\"BreadcrumbList\",\"@id\":\"https:\\\/\\\/www.altominho.tv\\\/site\\\/2023\\\/10\\\/26\\\/mau-tempo-em-arcos-de-valdevez-zona-historica-sem-agua-apos-regulacao-do-caudal-do-rio-vez\\\/#breadcrumb\",\"itemListElement\":[{\"@type\":\"ListItem\",\"position\":1,\"name\":\"In\u00edcio\",\"item\":\"https:\\\/\\\/www.altominho.tv\\\/site\\\/\"},{\"@type\":\"ListItem\",\"position\":2,\"name\":\"Mau tempo em Arcos de Valdevez: Zona hist\u00f3rica sem \u00e1gua ap\u00f3s regula\u00e7\u00e3o do caudal do rio Vez\"}]},{\"@type\":\"WebSite\",\"@id\":\"https:\\\/\\\/www.altominho.tv\\\/site\\\/#website\",\"url\":\"https:\\\/\\\/www.altominho.tv\\\/site\\\/\",\"name\":\"Altominho.tv\",\"description\":\"A sua regi\u00e3o \u00e0 dist\u00e2ncia de um clique...\",\"potentialAction\":[{\"@type\":\"SearchAction\",\"target\":{\"@type\":\"EntryPoint\",\"urlTemplate\":\"https:\\\/\\\/www.altominho.tv\\\/site\\\/?s={search_term_string}\"},\"query-input\":{\"@type\":\"PropertyValueSpecification\",\"valueRequired\":true,\"valueName\":\"search_term_string\"}}],\"inLanguage\":\"pt-PT\"},{\"@type\":\"Person\",\"@id\":\"https:\\\/\\\/www.altominho.tv\\\/site\\\/#\\\/schema\\\/person\\\/63f693da3e1899361cbe955c46f3232e\",\"name\":\"Lusa\",\"image\":{\"@type\":\"ImageObject\",\"inLanguage\":\"pt-PT\",\"@id\":\"https:\\\/\\\/www.altominho.tv\\\/site\\\/wp-content\\\/uploads\\\/2019\\\/08\\\/LUSA_Logo.gif\",\"url\":\"https:\\\/\\\/www.altominho.tv\\\/site\\\/wp-content\\\/uploads\\\/2019\\\/08\\\/LUSA_Logo.gif\",\"contentUrl\":\"https:\\\/\\\/www.altominho.tv\\\/site\\\/wp-content\\\/uploads\\\/2019\\\/08\\\/LUSA_Logo.gif\",\"caption\":\"Lusa\"},\"sameAs\":[\"http:\\\/\\\/\\\/\\\/www.altominho.tv\\\/site\"],\"url\":\"https:\\\/\\\/www.altominho.tv\\\/site\\\/author\\\/lusa\\\/\"}]}<\/script>\n<!-- \/ Yoast SEO Premium plugin. -->","yoast_head_json":{"title":"Mau tempo em Arcos de Valdevez: Zona hist\u00f3rica sem \u00e1gua ap\u00f3s regula\u00e7\u00e3o do caudal do rio Vez","description":"A zona hist\u00f3rica da Valeta, em Arcos de Valdevez, encontrava-se sem \u00e1gua, cerca das 11h00, depois de ter sido inundada, durante a madrugada, pelas \u00e1guas do rio Vez, disse o vereador da prote\u00e7\u00e3o civil municipal.","robots":{"index":"index","follow":"follow","max-snippet":"max-snippet:-1","max-image-preview":"max-image-preview:large","max-video-preview":"max-video-preview:-1"},"canonical":"https:\/\/www.altominho.tv\/site\/2023\/10\/26\/mau-tempo-em-arcos-de-valdevez-zona-historica-sem-agua-apos-regulacao-do-caudal-do-rio-vez\/","og_locale":"pt_PT","og_type":"article","og_title":"Mau tempo em Arcos de Valdevez: Zona hist\u00f3rica sem \u00e1gua ap\u00f3s regula\u00e7\u00e3o do caudal do rio Vez","og_description":"A zona hist\u00f3rica da Valeta, em Arcos de Valdevez, encontrava-se sem \u00e1gua, cerca das 11h00, depois de ter sido inundada, durante a madrugada, pelas \u00e1guas do rio Vez, disse o vereador da prote\u00e7\u00e3o civil municipal.","og_url":"https:\/\/www.altominho.tv\/site\/2023\/10\/26\/mau-tempo-em-arcos-de-valdevez-zona-historica-sem-agua-apos-regulacao-do-caudal-do-rio-vez\/","og_site_name":"Altominho.tv","article_publisher":"https:\/\/www.facebook.com\/altominhotv","article_published_time":"2023-10-26T10:56:30+00:00","article_modified_time":"2023-10-26T10:56:35+00:00","og_image":[{"width":1890,"height":1063,"url":"https:\/\/www.altominho.tv\/site\/wp-content\/uploads\/2023\/10\/arcos-derrocadas-e-cheias.jpg","type":"image\/jpeg"}],"author":"Lusa","twitter_card":"summary_large_image","twitter_creator":"@altominhoTV","twitter_site":"@altominhoTV","twitter_misc":{"Escrito por":"Lusa","Tempo estimado de leitura":"2 minutos"},"schema":{"@context":"https:\/\/schema.org","@graph":[{"@type":"Article","@id":"https:\/\/www.altominho.tv\/site\/2023\/10\/26\/mau-tempo-em-arcos-de-valdevez-zona-historica-sem-agua-apos-regulacao-do-caudal-do-rio-vez\/#article","isPartOf":{"@id":"https:\/\/www.altominho.tv\/site\/2023\/10\/26\/mau-tempo-em-arcos-de-valdevez-zona-historica-sem-agua-apos-regulacao-do-caudal-do-rio-vez\/"},"author":{"name":"Lusa","@id":"https:\/\/www.altominho.tv\/site\/#\/schema\/person\/63f693da3e1899361cbe955c46f3232e"},"headline":"Mau tempo em Arcos de Valdevez: Zona hist\u00f3rica sem \u00e1gua ap\u00f3s regula\u00e7\u00e3o do caudal do rio Vez","datePublished":"2023-10-26T10:56:30+00:00","dateModified":"2023-10-26T10:56:35+00:00","mainEntityOfPage":{"@id":"https:\/\/www.altominho.tv\/site\/2023\/10\/26\/mau-tempo-em-arcos-de-valdevez-zona-historica-sem-agua-apos-regulacao-do-caudal-do-rio-vez\/"},"wordCount":228,"image":{"@id":"https:\/\/www.altominho.tv\/site\/2023\/10\/26\/mau-tempo-em-arcos-de-valdevez-zona-historica-sem-agua-apos-regulacao-do-caudal-do-rio-vez\/#primaryimage"},"thumbnailUrl":"https:\/\/www.altominho.tv\/site\/wp-content\/uploads\/2023\/10\/arcos-derrocadas-e-cheias.jpg","keywords":["Sociedade"],"articleSection":["Arcos de Valdevez"],"inLanguage":"pt-PT","copyrightYear":"2023","copyrightHolder":{"@id":"https:\/\/www.altominho.tv\/site\/#organization"}},{"@type":"WebPage","@id":"https:\/\/www.altominho.tv\/site\/2023\/10\/26\/mau-tempo-em-arcos-de-valdevez-zona-historica-sem-agua-apos-regulacao-do-caudal-do-rio-vez\/","url":"https:\/\/www.altominho.tv\/site\/2023\/10\/26\/mau-tempo-em-arcos-de-valdevez-zona-historica-sem-agua-apos-regulacao-do-caudal-do-rio-vez\/","name":"Mau tempo em Arcos de Valdevez: Zona hist\u00f3rica sem \u00e1gua ap\u00f3s regula\u00e7\u00e3o do caudal do rio Vez","isPartOf":{"@id":"https:\/\/www.altominho.tv\/site\/#website"},"primaryImageOfPage":{"@id":"https:\/\/www.altominho.tv\/site\/2023\/10\/26\/mau-tempo-em-arcos-de-valdevez-zona-historica-sem-agua-apos-regulacao-do-caudal-do-rio-vez\/#primaryimage"},"image":{"@id":"https:\/\/www.altominho.tv\/site\/2023\/10\/26\/mau-tempo-em-arcos-de-valdevez-zona-historica-sem-agua-apos-regulacao-do-caudal-do-rio-vez\/#primaryimage"},"thumbnailUrl":"https:\/\/www.altominho.tv\/site\/wp-content\/uploads\/2023\/10\/arcos-derrocadas-e-cheias.jpg","datePublished":"2023-10-26T10:56:30+00:00","dateModified":"2023-10-26T10:56:35+00:00","author":{"@id":"https:\/\/www.altominho.tv\/site\/#\/schema\/person\/63f693da3e1899361cbe955c46f3232e"},"description":"A zona hist\u00f3rica da Valeta, em Arcos de Valdevez, encontrava-se sem \u00e1gua, cerca das 11h00, depois de ter sido inundada, durante a madrugada, pelas \u00e1guas do rio Vez, disse o vereador da prote\u00e7\u00e3o civil municipal.","breadcrumb":{"@id":"https:\/\/www.altominho.tv\/site\/2023\/10\/26\/mau-tempo-em-arcos-de-valdevez-zona-historica-sem-agua-apos-regulacao-do-caudal-do-rio-vez\/#breadcrumb"},"inLanguage":"pt-PT","potentialAction":[{"@type":"ReadAction","target":["https:\/\/www.altominho.tv\/site\/2023\/10\/26\/mau-tempo-em-arcos-de-valdevez-zona-historica-sem-agua-apos-regulacao-do-caudal-do-rio-vez\/"]}]},{"@type":"ImageObject","inLanguage":"pt-PT","@id":"https:\/\/www.altominho.tv\/site\/2023\/10\/26\/mau-tempo-em-arcos-de-valdevez-zona-historica-sem-agua-apos-regulacao-do-caudal-do-rio-vez\/#primaryimage","url":"https:\/\/www.altominho.tv\/site\/wp-content\/uploads\/2023\/10\/arcos-derrocadas-e-cheias.jpg","contentUrl":"https:\/\/www.altominho.tv\/site\/wp-content\/uploads\/2023\/10\/arcos-derrocadas-e-cheias.jpg","width":1890,"height":1063},{"@type":"BreadcrumbList","@id":"https:\/\/www.altominho.tv\/site\/2023\/10\/26\/mau-tempo-em-arcos-de-valdevez-zona-historica-sem-agua-apos-regulacao-do-caudal-do-rio-vez\/#breadcrumb","itemListElement":[{"@type":"ListItem","position":1,"name":"In\u00edcio","item":"https:\/\/www.altominho.tv\/site\/"},{"@type":"ListItem","position":2,"name":"Mau tempo em Arcos de Valdevez: Zona hist\u00f3rica sem \u00e1gua ap\u00f3s regula\u00e7\u00e3o do caudal do rio Vez"}]},{"@type":"WebSite","@id":"https:\/\/www.altominho.tv\/site\/#website","url":"https:\/\/www.altominho.tv\/site\/","name":"Altominho.tv","description":"A sua regi\u00e3o \u00e0 dist\u00e2ncia de um clique...","potentialAction":[{"@type":"SearchAction","target":{"@type":"EntryPoint","urlTemplate":"https:\/\/www.altominho.tv\/site\/?s={search_term_string}"},"query-input":{"@type":"PropertyValueSpecification","valueRequired":true,"valueName":"search_term_string"}}],"inLanguage":"pt-PT"},{"@type":"Person","@id":"https:\/\/www.altominho.tv\/site\/#\/schema\/person\/63f693da3e1899361cbe955c46f3232e","name":"Lusa","image":{"@type":"ImageObject","inLanguage":"pt-PT","@id":"https:\/\/www.altominho.tv\/site\/wp-content\/uploads\/2019\/08\/LUSA_Logo.gif","url":"https:\/\/www.altominho.tv\/site\/wp-content\/uploads\/2019\/08\/LUSA_Logo.gif","contentUrl":"https:\/\/www.altominho.tv\/site\/wp-content\/uploads\/2019\/08\/LUSA_Logo.gif","caption":"Lusa"},"sameAs":["http:\/\/\/\/www.altominho.tv\/site"],"url":"https:\/\/www.altominho.tv\/site\/author\/lusa\/"}]}},"_links":{"self":[{"href":"https:\/\/www.altominho.tv\/site\/wp-json\/wp\/v2\/posts\/98073","targetHints":{"allow":["GET"]}}],"collection":[{"href":"https:\/\/www.altominho.tv\/site\/wp-json\/wp\/v2\/posts"}],"about":[{"href":"https:\/\/www.altominho.tv\/site\/wp-json\/wp\/v2\/types\/post"}],"author":[{"embeddable":true,"href":"https:\/\/www.altominho.tv\/site\/wp-json\/wp\/v2\/users\/13"}],"replies":[{"embeddable":true,"href":"https:\/\/www.altominho.tv\/site\/wp-json\/wp\/v2\/comments?post=98073"}],"version-history":[{"count":1,"href":"https:\/\/www.altominho.tv\/site\/wp-json\/wp\/v2\/posts\/98073\/revisions"}],"predecessor-version":[{"id":98078,"href":"https:\/\/www.altominho.tv\/site\/wp-json\/wp\/v2\/posts\/98073\/revisions\/98078"}],"wp:featuredmedia":[{"embeddable":true,"href":"https:\/\/www.altominho.tv\/site\/wp-json\/wp\/v2\/media\/98077"}],"wp:attachment":[{"href":"https:\/\/www.altominho.tv\/site\/wp-json\/wp\/v2\/media?parent=98073"}],"wp:term":[{"taxonomy":"category","embeddable":true,"href":"https:\/\/www.altominho.tv\/site\/wp-json\/wp\/v2\/categories?post=98073"},{"taxonomy":"post_tag","embeddable":true,"href":"https:\/\/www.altominho.tv\/site\/wp-json\/wp\/v2\/tags?post=98073"}],"curies":[{"name":"wp","href":"https:\/\/api.w.org\/{rel}","templated":true}]}}