{"id":97980,"date":"2023-10-24T12:02:32","date_gmt":"2023-10-24T11:02:32","guid":{"rendered":"https:\/\/www.altominho.tv\/site\/?p=97980"},"modified":"2023-10-24T12:02:37","modified_gmt":"2023-10-24T11:02:37","slug":"clube-nautico-conquista-taca-de-portugal-de-kayak-polo-sub-16-d","status":"publish","type":"post","link":"https:\/\/www.altominho.tv\/site\/2023\/10\/24\/clube-nautico-conquista-taca-de-portugal-de-kayak-polo-sub-16-d\/","title":{"rendered":"Clube N\u00e1utico conquista Ta\u00e7a de Portugal de Kayak Polo Sub-16 D"},"content":{"rendered":"<p class=\"p1\">Decorreu nos dias 21 e 22 de outubro mais uma edi\u00e7\u00e3o da Ta\u00e7a de Portugal de Kayak Polo, nas Piscinas Municipais das Manteigadas, em Set\u00fabal.<\/p>\n<p class=\"p1\">O Clube N\u00e1utico de Arcos de Valdevez (CNAV) fez-se representar por 3 equipas, duas no escal\u00e3o de sub-16 e uma equipa s\u00e9nior. Realizaram-se, em paralelo, jogos n\u00e3o oficiais com duas equipas femininas, sendo uma delas do CNAV.<\/p>\n<p class=\"p1\">Ap\u00f3s dois dias de competi\u00e7\u00e3o, a equipa de sub-16 D do CNAV ficou apurada para a final e alcan\u00e7ou a vit\u00f3ria contra a equipa do CD Portim\u00e3o D. Assim, sagrou-se a equipa vencedora da Ta\u00e7a de Portugal 2023.<\/p>\n<p class=\"p1\">A C\u00e2mara Municipal de Arcos de Valdevez &#8220;felicita o Clube N\u00e1utico de Arcos de Valdevez e os jovens atletas de Kayak Polo sub-16 D pela vit\u00f3ria alcan\u00e7ada e conquista da Ta\u00e7a de Portugal 2023&#8221;.<\/p>\n<p class=\"p1\">Para a Autarquia &#8220;\u00e9 motivo de grande satisfa\u00e7\u00e3o ver reconhecido o trabalho realizado por estes jovens atletas, equipa t\u00e9cnica e dirigentes do clube&#8221;.<\/p>\n","protected":false},"excerpt":{"rendered":"<p>Decorreu nos dias 21 e 22 de outubro mais uma edi\u00e7\u00e3o da Ta\u00e7a de Portugal de Kayak Polo, nas Piscinas Municipais das Manteigadas, em Set\u00fabal. O Clube N\u00e1utico de Arcos de Valdevez (CNAV) fez-se representar por 3 equipas, duas no escal\u00e3o de sub-16 e uma equipa s\u00e9nior. Realizaram-se, em paralelo, jogos n\u00e3o oficiais com duas [&hellip;]<\/p>\n","protected":false},"author":28,"featured_media":97983,"comment_status":"closed","ping_status":"closed","sticky":false,"template":"","format":"standard","meta":{"_exactmetrics_skip_tracking":false,"_exactmetrics_sitenote_active":false,"_exactmetrics_sitenote_note":"","_exactmetrics_sitenote_category":0,"footnotes":""},"categories":[2],"tags":[20],"class_list":["post-97980","post","type-post","status-publish","format-standard","has-post-thumbnail","hentry","category-arcos-de-valdevez","tag-desporto"],"yoast_head":"<!-- This site is optimized with the Yoast SEO Premium plugin v27.5 (Yoast SEO v27.5) - https:\/\/yoast.com\/product\/yoast-seo-premium-wordpress\/ -->\n<title>Clube N\u00e1utico conquista Ta\u00e7a de Portugal de Kayak Polo Sub-16 D<\/title>\n<meta name=\"description\" content=\"O Clube N\u00e1utico de Arcos de Valdevez (CNAV) fez-se representar por 3 equipas, duas no escal\u00e3o de sub-16 e uma equipa s\u00e9nior. Realizaram-se, em paralelo, jogos n\u00e3o oficiais com duas equipas femininas, sendo uma delas do CNAV.\" \/>\n<meta name=\"robots\" content=\"index, follow, max-snippet:-1, max-image-preview:large, max-video-preview:-1\" \/>\n<link rel=\"canonical\" href=\"https:\/\/www.altominho.tv\/site\/2023\/10\/24\/clube-nautico-conquista-taca-de-portugal-de-kayak-polo-sub-16-d\/\" \/>\n<meta property=\"og:locale\" content=\"pt_PT\" \/>\n<meta property=\"og:type\" content=\"article\" \/>\n<meta property=\"og:title\" content=\"Clube N\u00e1utico conquista Ta\u00e7a de Portugal de Kayak Polo Sub-16 D\" \/>\n<meta property=\"og:description\" content=\"O Clube N\u00e1utico de Arcos de Valdevez (CNAV) fez-se representar por 3 equipas, duas no escal\u00e3o de sub-16 e uma equipa s\u00e9nior. Realizaram-se, em paralelo, jogos n\u00e3o oficiais com duas equipas femininas, sendo uma delas do CNAV.\" \/>\n<meta property=\"og:url\" content=\"https:\/\/www.altominho.tv\/site\/2023\/10\/24\/clube-nautico-conquista-taca-de-portugal-de-kayak-polo-sub-16-d\/\" \/>\n<meta property=\"og:site_name\" content=\"Altominho.tv\" \/>\n<meta property=\"article:publisher\" content=\"https:\/\/www.facebook.com\/altominhotv\" \/>\n<meta property=\"article:published_time\" content=\"2023-10-24T11:02:32+00:00\" \/>\n<meta property=\"article:modified_time\" content=\"2023-10-24T11:02:37+00:00\" \/>\n<meta property=\"og:image\" content=\"https:\/\/www.altominho.tv\/site\/wp-content\/uploads\/2023\/10\/imagem-1.jpg\" \/>\n\t<meta property=\"og:image:width\" content=\"1600\" \/>\n\t<meta property=\"og:image:height\" content=\"919\" \/>\n\t<meta property=\"og:image:type\" content=\"image\/jpeg\" \/>\n<meta name=\"author\" content=\"Beatriz Lira\" \/>\n<meta name=\"twitter:card\" content=\"summary_large_image\" \/>\n<meta name=\"twitter:creator\" content=\"@altominhoTV\" \/>\n<meta name=\"twitter:site\" content=\"@altominhoTV\" \/>\n<meta name=\"twitter:label1\" content=\"Escrito por\" \/>\n\t<meta name=\"twitter:data1\" content=\"Beatriz Lira\" \/>\n\t<meta name=\"twitter:label2\" content=\"Tempo estimado de leitura\" \/>\n\t<meta name=\"twitter:data2\" content=\"1 minuto\" \/>\n<script type=\"application\/ld+json\" class=\"yoast-schema-graph\">{\"@context\":\"https:\\\/\\\/schema.org\",\"@graph\":[{\"@type\":\"Article\",\"@id\":\"https:\\\/\\\/www.altominho.tv\\\/site\\\/2023\\\/10\\\/24\\\/clube-nautico-conquista-taca-de-portugal-de-kayak-polo-sub-16-d\\\/#article\",\"isPartOf\":{\"@id\":\"https:\\\/\\\/www.altominho.tv\\\/site\\\/2023\\\/10\\\/24\\\/clube-nautico-conquista-taca-de-portugal-de-kayak-polo-sub-16-d\\\/\"},\"author\":{\"name\":\"Beatriz Lira\",\"@id\":\"https:\\\/\\\/www.altominho.tv\\\/site\\\/#\\\/schema\\\/person\\\/f95a2097796cf4462fe1e476cddc40e4\"},\"headline\":\"Clube N\u00e1utico conquista Ta\u00e7a de Portugal de Kayak Polo Sub-16 D\",\"datePublished\":\"2023-10-24T11:02:32+00:00\",\"dateModified\":\"2023-10-24T11:02:37+00:00\",\"mainEntityOfPage\":{\"@id\":\"https:\\\/\\\/www.altominho.tv\\\/site\\\/2023\\\/10\\\/24\\\/clube-nautico-conquista-taca-de-portugal-de-kayak-polo-sub-16-d\\\/\"},\"wordCount\":184,\"image\":{\"@id\":\"https:\\\/\\\/www.altominho.tv\\\/site\\\/2023\\\/10\\\/24\\\/clube-nautico-conquista-taca-de-portugal-de-kayak-polo-sub-16-d\\\/#primaryimage\"},\"thumbnailUrl\":\"https:\\\/\\\/www.altominho.tv\\\/site\\\/wp-content\\\/uploads\\\/2023\\\/10\\\/imagem-1.jpg\",\"keywords\":[\"Desporto\"],\"articleSection\":[\"Arcos de Valdevez\"],\"inLanguage\":\"pt-PT\",\"copyrightYear\":\"2023\",\"copyrightHolder\":{\"@id\":\"https:\\\/\\\/www.altominho.tv\\\/site\\\/#organization\"}},{\"@type\":\"WebPage\",\"@id\":\"https:\\\/\\\/www.altominho.tv\\\/site\\\/2023\\\/10\\\/24\\\/clube-nautico-conquista-taca-de-portugal-de-kayak-polo-sub-16-d\\\/\",\"url\":\"https:\\\/\\\/www.altominho.tv\\\/site\\\/2023\\\/10\\\/24\\\/clube-nautico-conquista-taca-de-portugal-de-kayak-polo-sub-16-d\\\/\",\"name\":\"Clube N\u00e1utico conquista Ta\u00e7a de Portugal de Kayak Polo Sub-16 D\",\"isPartOf\":{\"@id\":\"https:\\\/\\\/www.altominho.tv\\\/site\\\/#website\"},\"primaryImageOfPage\":{\"@id\":\"https:\\\/\\\/www.altominho.tv\\\/site\\\/2023\\\/10\\\/24\\\/clube-nautico-conquista-taca-de-portugal-de-kayak-polo-sub-16-d\\\/#primaryimage\"},\"image\":{\"@id\":\"https:\\\/\\\/www.altominho.tv\\\/site\\\/2023\\\/10\\\/24\\\/clube-nautico-conquista-taca-de-portugal-de-kayak-polo-sub-16-d\\\/#primaryimage\"},\"thumbnailUrl\":\"https:\\\/\\\/www.altominho.tv\\\/site\\\/wp-content\\\/uploads\\\/2023\\\/10\\\/imagem-1.jpg\",\"datePublished\":\"2023-10-24T11:02:32+00:00\",\"dateModified\":\"2023-10-24T11:02:37+00:00\",\"author\":{\"@id\":\"https:\\\/\\\/www.altominho.tv\\\/site\\\/#\\\/schema\\\/person\\\/f95a2097796cf4462fe1e476cddc40e4\"},\"description\":\"O Clube N\u00e1utico de Arcos de Valdevez (CNAV) fez-se representar por 3 equipas, duas no escal\u00e3o de sub-16 e uma equipa s\u00e9nior. Realizaram-se, em paralelo, jogos n\u00e3o oficiais com duas equipas femininas, sendo uma delas do CNAV.\",\"breadcrumb\":{\"@id\":\"https:\\\/\\\/www.altominho.tv\\\/site\\\/2023\\\/10\\\/24\\\/clube-nautico-conquista-taca-de-portugal-de-kayak-polo-sub-16-d\\\/#breadcrumb\"},\"inLanguage\":\"pt-PT\",\"potentialAction\":[{\"@type\":\"ReadAction\",\"target\":[\"https:\\\/\\\/www.altominho.tv\\\/site\\\/2023\\\/10\\\/24\\\/clube-nautico-conquista-taca-de-portugal-de-kayak-polo-sub-16-d\\\/\"]}]},{\"@type\":\"ImageObject\",\"inLanguage\":\"pt-PT\",\"@id\":\"https:\\\/\\\/www.altominho.tv\\\/site\\\/2023\\\/10\\\/24\\\/clube-nautico-conquista-taca-de-portugal-de-kayak-polo-sub-16-d\\\/#primaryimage\",\"url\":\"https:\\\/\\\/www.altominho.tv\\\/site\\\/wp-content\\\/uploads\\\/2023\\\/10\\\/imagem-1.jpg\",\"contentUrl\":\"https:\\\/\\\/www.altominho.tv\\\/site\\\/wp-content\\\/uploads\\\/2023\\\/10\\\/imagem-1.jpg\",\"width\":1600,\"height\":919},{\"@type\":\"BreadcrumbList\",\"@id\":\"https:\\\/\\\/www.altominho.tv\\\/site\\\/2023\\\/10\\\/24\\\/clube-nautico-conquista-taca-de-portugal-de-kayak-polo-sub-16-d\\\/#breadcrumb\",\"itemListElement\":[{\"@type\":\"ListItem\",\"position\":1,\"name\":\"In\u00edcio\",\"item\":\"https:\\\/\\\/www.altominho.tv\\\/site\\\/\"},{\"@type\":\"ListItem\",\"position\":2,\"name\":\"Clube N\u00e1utico conquista Ta\u00e7a de Portugal de Kayak Polo Sub-16 D\"}]},{\"@type\":\"WebSite\",\"@id\":\"https:\\\/\\\/www.altominho.tv\\\/site\\\/#website\",\"url\":\"https:\\\/\\\/www.altominho.tv\\\/site\\\/\",\"name\":\"Altominho.tv\",\"description\":\"A sua regi\u00e3o \u00e0 dist\u00e2ncia de um clique...\",\"potentialAction\":[{\"@type\":\"SearchAction\",\"target\":{\"@type\":\"EntryPoint\",\"urlTemplate\":\"https:\\\/\\\/www.altominho.tv\\\/site\\\/?s={search_term_string}\"},\"query-input\":{\"@type\":\"PropertyValueSpecification\",\"valueRequired\":true,\"valueName\":\"search_term_string\"}}],\"inLanguage\":\"pt-PT\"},{\"@type\":\"Person\",\"@id\":\"https:\\\/\\\/www.altominho.tv\\\/site\\\/#\\\/schema\\\/person\\\/f95a2097796cf4462fe1e476cddc40e4\",\"name\":\"Beatriz Lira\",\"image\":{\"@type\":\"ImageObject\",\"inLanguage\":\"pt-PT\",\"@id\":\"https:\\\/\\\/www.altominho.tv\\\/site\\\/wp-content\\\/uploads\\\/2023\\\/03\\\/Screenshot_20230306-141220_Photos-150x150.jpg\",\"url\":\"https:\\\/\\\/www.altominho.tv\\\/site\\\/wp-content\\\/uploads\\\/2023\\\/03\\\/Screenshot_20230306-141220_Photos-150x150.jpg\",\"contentUrl\":\"https:\\\/\\\/www.altominho.tv\\\/site\\\/wp-content\\\/uploads\\\/2023\\\/03\\\/Screenshot_20230306-141220_Photos-150x150.jpg\",\"caption\":\"Beatriz Lira\"},\"url\":\"https:\\\/\\\/www.altominho.tv\\\/site\\\/author\\\/beatriz\\\/\"}]}<\/script>\n<!-- \/ Yoast SEO Premium plugin. -->","yoast_head_json":{"title":"Clube N\u00e1utico conquista Ta\u00e7a de Portugal de Kayak Polo Sub-16 D","description":"O Clube N\u00e1utico de Arcos de Valdevez (CNAV) fez-se representar por 3 equipas, duas no escal\u00e3o de sub-16 e uma equipa s\u00e9nior. Realizaram-se, em paralelo, jogos n\u00e3o oficiais com duas equipas femininas, sendo uma delas do CNAV.","robots":{"index":"index","follow":"follow","max-snippet":"max-snippet:-1","max-image-preview":"max-image-preview:large","max-video-preview":"max-video-preview:-1"},"canonical":"https:\/\/www.altominho.tv\/site\/2023\/10\/24\/clube-nautico-conquista-taca-de-portugal-de-kayak-polo-sub-16-d\/","og_locale":"pt_PT","og_type":"article","og_title":"Clube N\u00e1utico conquista Ta\u00e7a de Portugal de Kayak Polo Sub-16 D","og_description":"O Clube N\u00e1utico de Arcos de Valdevez (CNAV) fez-se representar por 3 equipas, duas no escal\u00e3o de sub-16 e uma equipa s\u00e9nior. Realizaram-se, em paralelo, jogos n\u00e3o oficiais com duas equipas femininas, sendo uma delas do CNAV.","og_url":"https:\/\/www.altominho.tv\/site\/2023\/10\/24\/clube-nautico-conquista-taca-de-portugal-de-kayak-polo-sub-16-d\/","og_site_name":"Altominho.tv","article_publisher":"https:\/\/www.facebook.com\/altominhotv","article_published_time":"2023-10-24T11:02:32+00:00","article_modified_time":"2023-10-24T11:02:37+00:00","og_image":[{"width":1600,"height":919,"url":"https:\/\/www.altominho.tv\/site\/wp-content\/uploads\/2023\/10\/imagem-1.jpg","type":"image\/jpeg"}],"author":"Beatriz Lira","twitter_card":"summary_large_image","twitter_creator":"@altominhoTV","twitter_site":"@altominhoTV","twitter_misc":{"Escrito por":"Beatriz Lira","Tempo estimado de leitura":"1 minuto"},"schema":{"@context":"https:\/\/schema.org","@graph":[{"@type":"Article","@id":"https:\/\/www.altominho.tv\/site\/2023\/10\/24\/clube-nautico-conquista-taca-de-portugal-de-kayak-polo-sub-16-d\/#article","isPartOf":{"@id":"https:\/\/www.altominho.tv\/site\/2023\/10\/24\/clube-nautico-conquista-taca-de-portugal-de-kayak-polo-sub-16-d\/"},"author":{"name":"Beatriz Lira","@id":"https:\/\/www.altominho.tv\/site\/#\/schema\/person\/f95a2097796cf4462fe1e476cddc40e4"},"headline":"Clube N\u00e1utico conquista Ta\u00e7a de Portugal de Kayak Polo Sub-16 D","datePublished":"2023-10-24T11:02:32+00:00","dateModified":"2023-10-24T11:02:37+00:00","mainEntityOfPage":{"@id":"https:\/\/www.altominho.tv\/site\/2023\/10\/24\/clube-nautico-conquista-taca-de-portugal-de-kayak-polo-sub-16-d\/"},"wordCount":184,"image":{"@id":"https:\/\/www.altominho.tv\/site\/2023\/10\/24\/clube-nautico-conquista-taca-de-portugal-de-kayak-polo-sub-16-d\/#primaryimage"},"thumbnailUrl":"https:\/\/www.altominho.tv\/site\/wp-content\/uploads\/2023\/10\/imagem-1.jpg","keywords":["Desporto"],"articleSection":["Arcos de Valdevez"],"inLanguage":"pt-PT","copyrightYear":"2023","copyrightHolder":{"@id":"https:\/\/www.altominho.tv\/site\/#organization"}},{"@type":"WebPage","@id":"https:\/\/www.altominho.tv\/site\/2023\/10\/24\/clube-nautico-conquista-taca-de-portugal-de-kayak-polo-sub-16-d\/","url":"https:\/\/www.altominho.tv\/site\/2023\/10\/24\/clube-nautico-conquista-taca-de-portugal-de-kayak-polo-sub-16-d\/","name":"Clube N\u00e1utico conquista Ta\u00e7a de Portugal de Kayak Polo Sub-16 D","isPartOf":{"@id":"https:\/\/www.altominho.tv\/site\/#website"},"primaryImageOfPage":{"@id":"https:\/\/www.altominho.tv\/site\/2023\/10\/24\/clube-nautico-conquista-taca-de-portugal-de-kayak-polo-sub-16-d\/#primaryimage"},"image":{"@id":"https:\/\/www.altominho.tv\/site\/2023\/10\/24\/clube-nautico-conquista-taca-de-portugal-de-kayak-polo-sub-16-d\/#primaryimage"},"thumbnailUrl":"https:\/\/www.altominho.tv\/site\/wp-content\/uploads\/2023\/10\/imagem-1.jpg","datePublished":"2023-10-24T11:02:32+00:00","dateModified":"2023-10-24T11:02:37+00:00","author":{"@id":"https:\/\/www.altominho.tv\/site\/#\/schema\/person\/f95a2097796cf4462fe1e476cddc40e4"},"description":"O Clube N\u00e1utico de Arcos de Valdevez (CNAV) fez-se representar por 3 equipas, duas no escal\u00e3o de sub-16 e uma equipa s\u00e9nior. Realizaram-se, em paralelo, jogos n\u00e3o oficiais com duas equipas femininas, sendo uma delas do CNAV.","breadcrumb":{"@id":"https:\/\/www.altominho.tv\/site\/2023\/10\/24\/clube-nautico-conquista-taca-de-portugal-de-kayak-polo-sub-16-d\/#breadcrumb"},"inLanguage":"pt-PT","potentialAction":[{"@type":"ReadAction","target":["https:\/\/www.altominho.tv\/site\/2023\/10\/24\/clube-nautico-conquista-taca-de-portugal-de-kayak-polo-sub-16-d\/"]}]},{"@type":"ImageObject","inLanguage":"pt-PT","@id":"https:\/\/www.altominho.tv\/site\/2023\/10\/24\/clube-nautico-conquista-taca-de-portugal-de-kayak-polo-sub-16-d\/#primaryimage","url":"https:\/\/www.altominho.tv\/site\/wp-content\/uploads\/2023\/10\/imagem-1.jpg","contentUrl":"https:\/\/www.altominho.tv\/site\/wp-content\/uploads\/2023\/10\/imagem-1.jpg","width":1600,"height":919},{"@type":"BreadcrumbList","@id":"https:\/\/www.altominho.tv\/site\/2023\/10\/24\/clube-nautico-conquista-taca-de-portugal-de-kayak-polo-sub-16-d\/#breadcrumb","itemListElement":[{"@type":"ListItem","position":1,"name":"In\u00edcio","item":"https:\/\/www.altominho.tv\/site\/"},{"@type":"ListItem","position":2,"name":"Clube N\u00e1utico conquista Ta\u00e7a de Portugal de Kayak Polo Sub-16 D"}]},{"@type":"WebSite","@id":"https:\/\/www.altominho.tv\/site\/#website","url":"https:\/\/www.altominho.tv\/site\/","name":"Altominho.tv","description":"A sua regi\u00e3o \u00e0 dist\u00e2ncia de um clique...","potentialAction":[{"@type":"SearchAction","target":{"@type":"EntryPoint","urlTemplate":"https:\/\/www.altominho.tv\/site\/?s={search_term_string}"},"query-input":{"@type":"PropertyValueSpecification","valueRequired":true,"valueName":"search_term_string"}}],"inLanguage":"pt-PT"},{"@type":"Person","@id":"https:\/\/www.altominho.tv\/site\/#\/schema\/person\/f95a2097796cf4462fe1e476cddc40e4","name":"Beatriz Lira","image":{"@type":"ImageObject","inLanguage":"pt-PT","@id":"https:\/\/www.altominho.tv\/site\/wp-content\/uploads\/2023\/03\/Screenshot_20230306-141220_Photos-150x150.jpg","url":"https:\/\/www.altominho.tv\/site\/wp-content\/uploads\/2023\/03\/Screenshot_20230306-141220_Photos-150x150.jpg","contentUrl":"https:\/\/www.altominho.tv\/site\/wp-content\/uploads\/2023\/03\/Screenshot_20230306-141220_Photos-150x150.jpg","caption":"Beatriz Lira"},"url":"https:\/\/www.altominho.tv\/site\/author\/beatriz\/"}]}},"_links":{"self":[{"href":"https:\/\/www.altominho.tv\/site\/wp-json\/wp\/v2\/posts\/97980","targetHints":{"allow":["GET"]}}],"collection":[{"href":"https:\/\/www.altominho.tv\/site\/wp-json\/wp\/v2\/posts"}],"about":[{"href":"https:\/\/www.altominho.tv\/site\/wp-json\/wp\/v2\/types\/post"}],"author":[{"embeddable":true,"href":"https:\/\/www.altominho.tv\/site\/wp-json\/wp\/v2\/users\/28"}],"replies":[{"embeddable":true,"href":"https:\/\/www.altominho.tv\/site\/wp-json\/wp\/v2\/comments?post=97980"}],"version-history":[{"count":1,"href":"https:\/\/www.altominho.tv\/site\/wp-json\/wp\/v2\/posts\/97980\/revisions"}],"predecessor-version":[{"id":97982,"href":"https:\/\/www.altominho.tv\/site\/wp-json\/wp\/v2\/posts\/97980\/revisions\/97982"}],"wp:featuredmedia":[{"embeddable":true,"href":"https:\/\/www.altominho.tv\/site\/wp-json\/wp\/v2\/media\/97983"}],"wp:attachment":[{"href":"https:\/\/www.altominho.tv\/site\/wp-json\/wp\/v2\/media?parent=97980"}],"wp:term":[{"taxonomy":"category","embeddable":true,"href":"https:\/\/www.altominho.tv\/site\/wp-json\/wp\/v2\/categories?post=97980"},{"taxonomy":"post_tag","embeddable":true,"href":"https:\/\/www.altominho.tv\/site\/wp-json\/wp\/v2\/tags?post=97980"}],"curies":[{"name":"wp","href":"https:\/\/api.w.org\/{rel}","templated":true}]}}