{"id":9796,"date":"2018-02-16T12:39:06","date_gmt":"2018-02-16T12:39:06","guid":{"rendered":"http:\/\/www.altominho.tv\/site\/?p=9796"},"modified":"2018-02-16T12:39:06","modified_gmt":"2018-02-16T12:39:06","slug":"moncao-salda-terrenos-em-zona-industrial-para-atrair-empresas","status":"publish","type":"post","link":"https:\/\/www.altominho.tv\/site\/2018\/02\/16\/moncao-salda-terrenos-em-zona-industrial-para-atrair-empresas\/","title":{"rendered":"Mon\u00e7\u00e3o salda terrenos em zona industrial para atrair empresas"},"content":{"rendered":"<p>A C\u00e2mara de Mon\u00e7\u00e3o anunciou hoje a venda de tr\u00eas lotes de terreno numa zona industrial do concelho pelo pre\u00e7o m\u00e1ximo de 25 euros o metro quadrado para atrair empresas, criar postos de trabalho e fixar popula\u00e7\u00e3o.<\/p>\n<p>Em comunicado, aquela autarquia do Alto Minho, liderada pelo social-democrata Ant\u00f3nio Barbosa, adiantou que os investidores interessados podem candidatar-se \u00e0 aquisi\u00e7\u00e3o daqueles lotes, at\u00e9 16 de mar\u00e7o, &#8220;estando o montante final diretamente relacionado com a atividade a exercer e o n\u00famero de postos de trabalho previstos para naturais e residentes em Mon\u00e7\u00e3o&#8221;.<\/p>\n<p>Situados no polo empresarial da Lagoa, na freguesia de Cortes, os tr\u00eas lotes industriais, com pre\u00e7o m\u00ednimo de venda de 12,50 euros e m\u00e1ximo de 25, destinam-se \u00e0 instala\u00e7\u00e3o de armaz\u00e9m, oficina, servi\u00e7os ou unidades industriais.<\/p>\n<p>&#8220;A gera\u00e7\u00e3o de riqueza, atrav\u00e9s da capta\u00e7\u00e3o de investimentos estruturantes e consequente eleva\u00e7\u00e3o dos n\u00edveis de empregabilidade no concelho, \u00e9 um dos objetivos do executivo, cuja estrat\u00e9gia central assenta na fixa\u00e7\u00e3o da popula\u00e7\u00e3o na sua terra&#8221;, sustentou o munic\u00edpio, justificando a venda a &#8220;pre\u00e7os competitivos&#8221; daqueles terrenos.<\/p>\n<p>No polo empresarial da Lagoa, a cerca de tr\u00eas quil\u00f3metros do centro hist\u00f3rico de Mon\u00e7\u00e3o e da ponte internacional com Salvaterra de Mi\u00f1o, na Galiza, &#8220;est\u00e3o instaladas v\u00e1rias empresas portuguesas e espanholas&#8221; que se dedicam &#8220;\u00e0 constru\u00e7\u00e3o de recuperadores de calor para uso dom\u00e9stico, caldeiras para aquecimento central, fabrica\u00e7\u00e3o de portas e janelas em PVC, componentes met\u00e1licos para autom\u00f3veis e artigos em granito&#8221;.<\/p>\n","protected":false},"excerpt":{"rendered":"<p>A C\u00e2mara de Mon\u00e7\u00e3o anunciou hoje a venda de tr\u00eas lotes de terreno numa zona industrial do concelho pelo pre\u00e7o m\u00e1ximo de 25 euros o metro quadrado para atrair empresas, criar postos de trabalho e fixar popula\u00e7\u00e3o. Em comunicado, aquela autarquia do Alto Minho, liderada pelo social-democrata Ant\u00f3nio Barbosa, adiantou que os investidores interessados podem [&hellip;]<\/p>\n","protected":false},"author":6,"featured_media":9797,"comment_status":"closed","ping_status":"closed","sticky":false,"template":"","format":"standard","meta":{"_exactmetrics_skip_tracking":false,"_exactmetrics_sitenote_active":false,"_exactmetrics_sitenote_note":"","_exactmetrics_sitenote_category":0,"footnotes":""},"categories":[9],"tags":[21],"class_list":["post-9796","post","type-post","status-publish","format-standard","has-post-thumbnail","hentry","category-moncao","tag-economia"],"yoast_head":"<!-- This site is optimized with the Yoast SEO Premium plugin v27.5 (Yoast SEO v27.5) - https:\/\/yoast.com\/product\/yoast-seo-premium-wordpress\/ -->\n<title>Mon\u00e7\u00e3o salda terrenos em zona industrial para atrair empresas<\/title>\n<meta name=\"robots\" content=\"index, follow, max-snippet:-1, max-image-preview:large, max-video-preview:-1\" \/>\n<link rel=\"canonical\" href=\"https:\/\/www.altominho.tv\/site\/2018\/02\/16\/moncao-salda-terrenos-em-zona-industrial-para-atrair-empresas\/\" \/>\n<meta property=\"og:locale\" content=\"pt_PT\" \/>\n<meta property=\"og:type\" content=\"article\" \/>\n<meta property=\"og:title\" content=\"Mon\u00e7\u00e3o salda terrenos em zona industrial para atrair empresas\" \/>\n<meta property=\"og:description\" content=\"A C\u00e2mara de Mon\u00e7\u00e3o anunciou hoje a venda de tr\u00eas lotes de terreno numa zona industrial do concelho pelo pre\u00e7o m\u00e1ximo de 25 euros o metro quadrado para atrair empresas, criar postos de trabalho e fixar popula\u00e7\u00e3o. Em comunicado, aquela autarquia do Alto Minho, liderada pelo social-democrata Ant\u00f3nio Barbosa, adiantou que os investidores interessados podem [&hellip;]\" \/>\n<meta property=\"og:url\" content=\"https:\/\/www.altominho.tv\/site\/2018\/02\/16\/moncao-salda-terrenos-em-zona-industrial-para-atrair-empresas\/\" \/>\n<meta property=\"og:site_name\" content=\"Altominho.tv\" \/>\n<meta property=\"article:publisher\" content=\"https:\/\/www.facebook.com\/altominhotv\" \/>\n<meta property=\"article:published_time\" content=\"2018-02-16T12:39:06+00:00\" \/>\n<meta property=\"og:image\" content=\"https:\/\/www.altominho.tv\/site\/wp-content\/uploads\/2018\/02\/pbb.jpg\" \/>\n\t<meta property=\"og:image:width\" content=\"4963\" \/>\n\t<meta property=\"og:image:height\" content=\"3509\" \/>\n\t<meta property=\"og:image:type\" content=\"image\/jpeg\" \/>\n<meta name=\"author\" content=\"C\u00e1tia Malheiro\" \/>\n<meta name=\"twitter:card\" content=\"summary_large_image\" \/>\n<meta name=\"twitter:creator\" content=\"@altominhoTV\" \/>\n<meta name=\"twitter:site\" content=\"@altominhoTV\" \/>\n<meta name=\"twitter:label1\" content=\"Escrito por\" \/>\n\t<meta name=\"twitter:data1\" content=\"C\u00e1tia Malheiro\" \/>\n\t<meta name=\"twitter:label2\" content=\"Tempo estimado de leitura\" \/>\n\t<meta name=\"twitter:data2\" content=\"1 minuto\" \/>\n<script type=\"application\/ld+json\" class=\"yoast-schema-graph\">{\"@context\":\"https:\\\/\\\/schema.org\",\"@graph\":[{\"@type\":\"Article\",\"@id\":\"https:\\\/\\\/www.altominho.tv\\\/site\\\/2018\\\/02\\\/16\\\/moncao-salda-terrenos-em-zona-industrial-para-atrair-empresas\\\/#article\",\"isPartOf\":{\"@id\":\"https:\\\/\\\/www.altominho.tv\\\/site\\\/2018\\\/02\\\/16\\\/moncao-salda-terrenos-em-zona-industrial-para-atrair-empresas\\\/\"},\"author\":{\"name\":\"C\u00e1tia Malheiro\",\"@id\":\"https:\\\/\\\/www.altominho.tv\\\/site\\\/#\\\/schema\\\/person\\\/5c9404a8b438614c93da6ca09db92574\"},\"headline\":\"Mon\u00e7\u00e3o salda terrenos em zona industrial para atrair empresas\",\"datePublished\":\"2018-02-16T12:39:06+00:00\",\"mainEntityOfPage\":{\"@id\":\"https:\\\/\\\/www.altominho.tv\\\/site\\\/2018\\\/02\\\/16\\\/moncao-salda-terrenos-em-zona-industrial-para-atrair-empresas\\\/\"},\"wordCount\":277,\"image\":{\"@id\":\"https:\\\/\\\/www.altominho.tv\\\/site\\\/2018\\\/02\\\/16\\\/moncao-salda-terrenos-em-zona-industrial-para-atrair-empresas\\\/#primaryimage\"},\"thumbnailUrl\":\"https:\\\/\\\/www.altominho.tv\\\/site\\\/wp-content\\\/uploads\\\/2018\\\/02\\\/pbb.jpg\",\"keywords\":[\"Economia\"],\"articleSection\":[\"Mon\u00e7\u00e3o\"],\"inLanguage\":\"pt-PT\",\"copyrightYear\":\"2018\",\"copyrightHolder\":{\"@id\":\"https:\\\/\\\/www.altominho.tv\\\/site\\\/#organization\"}},{\"@type\":\"WebPage\",\"@id\":\"https:\\\/\\\/www.altominho.tv\\\/site\\\/2018\\\/02\\\/16\\\/moncao-salda-terrenos-em-zona-industrial-para-atrair-empresas\\\/\",\"url\":\"https:\\\/\\\/www.altominho.tv\\\/site\\\/2018\\\/02\\\/16\\\/moncao-salda-terrenos-em-zona-industrial-para-atrair-empresas\\\/\",\"name\":\"Mon\u00e7\u00e3o salda terrenos em zona industrial para atrair empresas\",\"isPartOf\":{\"@id\":\"https:\\\/\\\/www.altominho.tv\\\/site\\\/#website\"},\"primaryImageOfPage\":{\"@id\":\"https:\\\/\\\/www.altominho.tv\\\/site\\\/2018\\\/02\\\/16\\\/moncao-salda-terrenos-em-zona-industrial-para-atrair-empresas\\\/#primaryimage\"},\"image\":{\"@id\":\"https:\\\/\\\/www.altominho.tv\\\/site\\\/2018\\\/02\\\/16\\\/moncao-salda-terrenos-em-zona-industrial-para-atrair-empresas\\\/#primaryimage\"},\"thumbnailUrl\":\"https:\\\/\\\/www.altominho.tv\\\/site\\\/wp-content\\\/uploads\\\/2018\\\/02\\\/pbb.jpg\",\"datePublished\":\"2018-02-16T12:39:06+00:00\",\"author\":{\"@id\":\"https:\\\/\\\/www.altominho.tv\\\/site\\\/#\\\/schema\\\/person\\\/5c9404a8b438614c93da6ca09db92574\"},\"breadcrumb\":{\"@id\":\"https:\\\/\\\/www.altominho.tv\\\/site\\\/2018\\\/02\\\/16\\\/moncao-salda-terrenos-em-zona-industrial-para-atrair-empresas\\\/#breadcrumb\"},\"inLanguage\":\"pt-PT\",\"potentialAction\":[{\"@type\":\"ReadAction\",\"target\":[\"https:\\\/\\\/www.altominho.tv\\\/site\\\/2018\\\/02\\\/16\\\/moncao-salda-terrenos-em-zona-industrial-para-atrair-empresas\\\/\"]}]},{\"@type\":\"ImageObject\",\"inLanguage\":\"pt-PT\",\"@id\":\"https:\\\/\\\/www.altominho.tv\\\/site\\\/2018\\\/02\\\/16\\\/moncao-salda-terrenos-em-zona-industrial-para-atrair-empresas\\\/#primaryimage\",\"url\":\"https:\\\/\\\/www.altominho.tv\\\/site\\\/wp-content\\\/uploads\\\/2018\\\/02\\\/pbb.jpg\",\"contentUrl\":\"https:\\\/\\\/www.altominho.tv\\\/site\\\/wp-content\\\/uploads\\\/2018\\\/02\\\/pbb.jpg\",\"width\":4963,\"height\":3509},{\"@type\":\"BreadcrumbList\",\"@id\":\"https:\\\/\\\/www.altominho.tv\\\/site\\\/2018\\\/02\\\/16\\\/moncao-salda-terrenos-em-zona-industrial-para-atrair-empresas\\\/#breadcrumb\",\"itemListElement\":[{\"@type\":\"ListItem\",\"position\":1,\"name\":\"In\u00edcio\",\"item\":\"https:\\\/\\\/www.altominho.tv\\\/site\\\/\"},{\"@type\":\"ListItem\",\"position\":2,\"name\":\"Mon\u00e7\u00e3o salda terrenos em zona industrial para atrair empresas\"}]},{\"@type\":\"WebSite\",\"@id\":\"https:\\\/\\\/www.altominho.tv\\\/site\\\/#website\",\"url\":\"https:\\\/\\\/www.altominho.tv\\\/site\\\/\",\"name\":\"Altominho.tv\",\"description\":\"A sua regi\u00e3o \u00e0 dist\u00e2ncia de um clique...\",\"potentialAction\":[{\"@type\":\"SearchAction\",\"target\":{\"@type\":\"EntryPoint\",\"urlTemplate\":\"https:\\\/\\\/www.altominho.tv\\\/site\\\/?s={search_term_string}\"},\"query-input\":{\"@type\":\"PropertyValueSpecification\",\"valueRequired\":true,\"valueName\":\"search_term_string\"}}],\"inLanguage\":\"pt-PT\"},{\"@type\":\"Person\",\"@id\":\"https:\\\/\\\/www.altominho.tv\\\/site\\\/#\\\/schema\\\/person\\\/5c9404a8b438614c93da6ca09db92574\",\"name\":\"C\u00e1tia Malheiro\",\"image\":{\"@type\":\"ImageObject\",\"inLanguage\":\"pt-PT\",\"@id\":\"https:\\\/\\\/www.altominho.tv\\\/site\\\/wp-content\\\/uploads\\\/2017\\\/11\\\/Catia_Malheiro-150x150.jpg\",\"url\":\"https:\\\/\\\/www.altominho.tv\\\/site\\\/wp-content\\\/uploads\\\/2017\\\/11\\\/Catia_Malheiro-150x150.jpg\",\"contentUrl\":\"https:\\\/\\\/www.altominho.tv\\\/site\\\/wp-content\\\/uploads\\\/2017\\\/11\\\/Catia_Malheiro-150x150.jpg\",\"caption\":\"C\u00e1tia Malheiro\"},\"url\":\"https:\\\/\\\/www.altominho.tv\\\/site\\\/author\\\/catiamalheiro\\\/\"}]}<\/script>\n<!-- \/ Yoast SEO Premium plugin. -->","yoast_head_json":{"title":"Mon\u00e7\u00e3o salda terrenos em zona industrial para atrair empresas","robots":{"index":"index","follow":"follow","max-snippet":"max-snippet:-1","max-image-preview":"max-image-preview:large","max-video-preview":"max-video-preview:-1"},"canonical":"https:\/\/www.altominho.tv\/site\/2018\/02\/16\/moncao-salda-terrenos-em-zona-industrial-para-atrair-empresas\/","og_locale":"pt_PT","og_type":"article","og_title":"Mon\u00e7\u00e3o salda terrenos em zona industrial para atrair empresas","og_description":"A C\u00e2mara de Mon\u00e7\u00e3o anunciou hoje a venda de tr\u00eas lotes de terreno numa zona industrial do concelho pelo pre\u00e7o m\u00e1ximo de 25 euros o metro quadrado para atrair empresas, criar postos de trabalho e fixar popula\u00e7\u00e3o. Em comunicado, aquela autarquia do Alto Minho, liderada pelo social-democrata Ant\u00f3nio Barbosa, adiantou que os investidores interessados podem [&hellip;]","og_url":"https:\/\/www.altominho.tv\/site\/2018\/02\/16\/moncao-salda-terrenos-em-zona-industrial-para-atrair-empresas\/","og_site_name":"Altominho.tv","article_publisher":"https:\/\/www.facebook.com\/altominhotv","article_published_time":"2018-02-16T12:39:06+00:00","og_image":[{"width":4963,"height":3509,"url":"https:\/\/www.altominho.tv\/site\/wp-content\/uploads\/2018\/02\/pbb.jpg","type":"image\/jpeg"}],"author":"C\u00e1tia Malheiro","twitter_card":"summary_large_image","twitter_creator":"@altominhoTV","twitter_site":"@altominhoTV","twitter_misc":{"Escrito por":"C\u00e1tia Malheiro","Tempo estimado de leitura":"1 minuto"},"schema":{"@context":"https:\/\/schema.org","@graph":[{"@type":"Article","@id":"https:\/\/www.altominho.tv\/site\/2018\/02\/16\/moncao-salda-terrenos-em-zona-industrial-para-atrair-empresas\/#article","isPartOf":{"@id":"https:\/\/www.altominho.tv\/site\/2018\/02\/16\/moncao-salda-terrenos-em-zona-industrial-para-atrair-empresas\/"},"author":{"name":"C\u00e1tia Malheiro","@id":"https:\/\/www.altominho.tv\/site\/#\/schema\/person\/5c9404a8b438614c93da6ca09db92574"},"headline":"Mon\u00e7\u00e3o salda terrenos em zona industrial para atrair empresas","datePublished":"2018-02-16T12:39:06+00:00","mainEntityOfPage":{"@id":"https:\/\/www.altominho.tv\/site\/2018\/02\/16\/moncao-salda-terrenos-em-zona-industrial-para-atrair-empresas\/"},"wordCount":277,"image":{"@id":"https:\/\/www.altominho.tv\/site\/2018\/02\/16\/moncao-salda-terrenos-em-zona-industrial-para-atrair-empresas\/#primaryimage"},"thumbnailUrl":"https:\/\/www.altominho.tv\/site\/wp-content\/uploads\/2018\/02\/pbb.jpg","keywords":["Economia"],"articleSection":["Mon\u00e7\u00e3o"],"inLanguage":"pt-PT","copyrightYear":"2018","copyrightHolder":{"@id":"https:\/\/www.altominho.tv\/site\/#organization"}},{"@type":"WebPage","@id":"https:\/\/www.altominho.tv\/site\/2018\/02\/16\/moncao-salda-terrenos-em-zona-industrial-para-atrair-empresas\/","url":"https:\/\/www.altominho.tv\/site\/2018\/02\/16\/moncao-salda-terrenos-em-zona-industrial-para-atrair-empresas\/","name":"Mon\u00e7\u00e3o salda terrenos em zona industrial para atrair empresas","isPartOf":{"@id":"https:\/\/www.altominho.tv\/site\/#website"},"primaryImageOfPage":{"@id":"https:\/\/www.altominho.tv\/site\/2018\/02\/16\/moncao-salda-terrenos-em-zona-industrial-para-atrair-empresas\/#primaryimage"},"image":{"@id":"https:\/\/www.altominho.tv\/site\/2018\/02\/16\/moncao-salda-terrenos-em-zona-industrial-para-atrair-empresas\/#primaryimage"},"thumbnailUrl":"https:\/\/www.altominho.tv\/site\/wp-content\/uploads\/2018\/02\/pbb.jpg","datePublished":"2018-02-16T12:39:06+00:00","author":{"@id":"https:\/\/www.altominho.tv\/site\/#\/schema\/person\/5c9404a8b438614c93da6ca09db92574"},"breadcrumb":{"@id":"https:\/\/www.altominho.tv\/site\/2018\/02\/16\/moncao-salda-terrenos-em-zona-industrial-para-atrair-empresas\/#breadcrumb"},"inLanguage":"pt-PT","potentialAction":[{"@type":"ReadAction","target":["https:\/\/www.altominho.tv\/site\/2018\/02\/16\/moncao-salda-terrenos-em-zona-industrial-para-atrair-empresas\/"]}]},{"@type":"ImageObject","inLanguage":"pt-PT","@id":"https:\/\/www.altominho.tv\/site\/2018\/02\/16\/moncao-salda-terrenos-em-zona-industrial-para-atrair-empresas\/#primaryimage","url":"https:\/\/www.altominho.tv\/site\/wp-content\/uploads\/2018\/02\/pbb.jpg","contentUrl":"https:\/\/www.altominho.tv\/site\/wp-content\/uploads\/2018\/02\/pbb.jpg","width":4963,"height":3509},{"@type":"BreadcrumbList","@id":"https:\/\/www.altominho.tv\/site\/2018\/02\/16\/moncao-salda-terrenos-em-zona-industrial-para-atrair-empresas\/#breadcrumb","itemListElement":[{"@type":"ListItem","position":1,"name":"In\u00edcio","item":"https:\/\/www.altominho.tv\/site\/"},{"@type":"ListItem","position":2,"name":"Mon\u00e7\u00e3o salda terrenos em zona industrial para atrair empresas"}]},{"@type":"WebSite","@id":"https:\/\/www.altominho.tv\/site\/#website","url":"https:\/\/www.altominho.tv\/site\/","name":"Altominho.tv","description":"A sua regi\u00e3o \u00e0 dist\u00e2ncia de um clique...","potentialAction":[{"@type":"SearchAction","target":{"@type":"EntryPoint","urlTemplate":"https:\/\/www.altominho.tv\/site\/?s={search_term_string}"},"query-input":{"@type":"PropertyValueSpecification","valueRequired":true,"valueName":"search_term_string"}}],"inLanguage":"pt-PT"},{"@type":"Person","@id":"https:\/\/www.altominho.tv\/site\/#\/schema\/person\/5c9404a8b438614c93da6ca09db92574","name":"C\u00e1tia Malheiro","image":{"@type":"ImageObject","inLanguage":"pt-PT","@id":"https:\/\/www.altominho.tv\/site\/wp-content\/uploads\/2017\/11\/Catia_Malheiro-150x150.jpg","url":"https:\/\/www.altominho.tv\/site\/wp-content\/uploads\/2017\/11\/Catia_Malheiro-150x150.jpg","contentUrl":"https:\/\/www.altominho.tv\/site\/wp-content\/uploads\/2017\/11\/Catia_Malheiro-150x150.jpg","caption":"C\u00e1tia Malheiro"},"url":"https:\/\/www.altominho.tv\/site\/author\/catiamalheiro\/"}]}},"_links":{"self":[{"href":"https:\/\/www.altominho.tv\/site\/wp-json\/wp\/v2\/posts\/9796","targetHints":{"allow":["GET"]}}],"collection":[{"href":"https:\/\/www.altominho.tv\/site\/wp-json\/wp\/v2\/posts"}],"about":[{"href":"https:\/\/www.altominho.tv\/site\/wp-json\/wp\/v2\/types\/post"}],"author":[{"embeddable":true,"href":"https:\/\/www.altominho.tv\/site\/wp-json\/wp\/v2\/users\/6"}],"replies":[{"embeddable":true,"href":"https:\/\/www.altominho.tv\/site\/wp-json\/wp\/v2\/comments?post=9796"}],"version-history":[{"count":0,"href":"https:\/\/www.altominho.tv\/site\/wp-json\/wp\/v2\/posts\/9796\/revisions"}],"wp:featuredmedia":[{"embeddable":true,"href":"https:\/\/www.altominho.tv\/site\/wp-json\/wp\/v2\/media\/9797"}],"wp:attachment":[{"href":"https:\/\/www.altominho.tv\/site\/wp-json\/wp\/v2\/media?parent=9796"}],"wp:term":[{"taxonomy":"category","embeddable":true,"href":"https:\/\/www.altominho.tv\/site\/wp-json\/wp\/v2\/categories?post=9796"},{"taxonomy":"post_tag","embeddable":true,"href":"https:\/\/www.altominho.tv\/site\/wp-json\/wp\/v2\/tags?post=9796"}],"curies":[{"name":"wp","href":"https:\/\/api.w.org\/{rel}","templated":true}]}}