{"id":9789,"date":"2018-02-16T10:05:55","date_gmt":"2018-02-16T10:05:55","guid":{"rendered":"http:\/\/www.altominho.tv\/site\/?p=9789"},"modified":"2018-02-16T10:05:55","modified_gmt":"2018-02-16T10:05:55","slug":"maurizio-padovan-apresenta-hoje-concerto-conferencia-o-violino-de-auschwitz-em-ponte-da-barca","status":"publish","type":"post","link":"https:\/\/www.altominho.tv\/site\/2018\/02\/16\/maurizio-padovan-apresenta-hoje-concerto-conferencia-o-violino-de-auschwitz-em-ponte-da-barca\/","title":{"rendered":"Maurizio Padovan apresenta hoje concerto-confer\u00eancia \u201cO Violino de Auschwitz\u201d em Ponte da Barca"},"content":{"rendered":"<p class=\"p1\"><span class=\"s1\">A Casa da Cultura de Ponte da Barca recebe hoje, pelas 21h30, a apresenta\u00e7\u00e3o da confer\u00eancia-concerto \u201cO Violino de Auschwitz\u201d, por Maurizio Padovan.<\/span><\/p>\n<p class=\"p1\"><span class=\"s1\">O espet\u00e1culo relata de forma musicada toda a viol\u00eancia sofrida pelos Judeus nos campos de concentra\u00e7\u00e3o, nomeadamente em Auschwitz, na Pol\u00f3nia, onde a m\u00fasica poderia ser um elemento libertador ou um elemento de tortura.<\/span><\/p>\n<p class=\"p1\"><span class=\"s1\">Maurizio Padovan \u00e9 m\u00fasico, professor e um dos mais qualificados e not\u00e1veis historiadores de dan\u00e7a do panorama internacional. Foi docente na Faculdade de Musicologia da Universidade de Cremona-Pavia (It\u00e1lia). Participou em numerosos conv\u00e9nios internacionais e deu cursos de dan\u00e7a renascentista e semin\u00e1rios de m\u00fasica e dan\u00e7a em escolas e institui\u00e7\u00f5es did\u00e1cticas (It\u00e1lia, Fran\u00e7a, Portugal).<\/span><\/p>\n<p class=\"p1\"><span class=\"s1\">Desde 1989 est\u00e1 com regularidade em Portugal, a convite da Escola Superior de Dan\u00e7a de Lisboa, da Universidade do Minho, da Associa\u00e7\u00e3o Portuguesa de Educa\u00e7\u00e3o Musical, do Clube Unesco de Educa\u00e7\u00e3o Art\u00edstica de Lisboa, da Casa da M\u00fasica de Porto, de v\u00e1rios Centros de Forma\u00e7\u00e3o de Professores, do Clube Unesco de Educa\u00e7\u00e3o Art\u00edstica de Lisboa, de C\u00e2maras Municipais e Casas das Artes para leccionar cursos de especializa\u00e7\u00e3o e forma\u00e7\u00e3o, para dar concertos e para a realiza\u00e7\u00e3o de espect\u00e1culos de m\u00fasica e de dan\u00e7a.<\/span><\/p>\n<p class=\"p1\"><span class=\"s1\">Violinista especializado em instrumentos antigos, \u00e9 director do ensemble \u201cAccademia Viscontea\u201d e do ensemble \u201cVioulin\u00e0ires\u201d; gravou discos, deu cursos musicais, stages e centenas de concertos em It\u00e1lia e no estrangeiro (Espanha, Fran\u00e7a, B\u00e9lgica, Su\u00ed\u00e7a, \u00c1ustria, Alemanha, Hungria, Singapura). Colabora com o Departamento de Instru\u00e7\u00e3o da Prov\u00edncia de Mil\u00e3o no projecto \u201cM\u00f9sica na did\u00e1ctica\u201d. Para os estudantes da Escola Secund\u00e1ria publicou os volumes Voci, ritmi e strumenti del Medioevo, Musica e societ\u00e0 del Rinascimento e Il Barocco: musica e societ\u00e0. \u00c9 autor dos mais importantes estudos e publica\u00e7\u00f5es editoriais e discogr\u00e1ficas sobre o violino \u201coccitano\u201d em It\u00e1lia. <\/span><\/p>\n","protected":false},"excerpt":{"rendered":"<p>A Casa da Cultura de Ponte da Barca recebe hoje, pelas 21h30, a apresenta\u00e7\u00e3o da confer\u00eancia-concerto \u201cO Violino de Auschwitz\u201d, por Maurizio Padovan. O espet\u00e1culo relata de forma musicada toda a viol\u00eancia sofrida pelos Judeus nos campos de concentra\u00e7\u00e3o, nomeadamente em Auschwitz, na Pol\u00f3nia, onde a m\u00fasica poderia ser um elemento libertador ou um elemento [&hellip;]<\/p>\n","protected":false},"author":6,"featured_media":9790,"comment_status":"closed","ping_status":"closed","sticky":false,"template":"","format":"standard","meta":{"_exactmetrics_skip_tracking":false,"_exactmetrics_sitenote_active":false,"_exactmetrics_sitenote_note":"","_exactmetrics_sitenote_category":0,"footnotes":""},"categories":[11],"tags":[19],"class_list":["post-9789","post","type-post","status-publish","format-standard","has-post-thumbnail","hentry","category-ponte-da-barca","tag-cultura"],"yoast_head":"<!-- This site is optimized with the Yoast SEO Premium plugin v27.5 (Yoast SEO v27.5) - https:\/\/yoast.com\/product\/yoast-seo-premium-wordpress\/ -->\n<title>Maurizio Padovan apresenta hoje concerto-confer\u00eancia \u201cO Violino de Auschwitz\u201d em Ponte da Barca<\/title>\n<meta name=\"robots\" content=\"index, follow, max-snippet:-1, max-image-preview:large, max-video-preview:-1\" \/>\n<link rel=\"canonical\" href=\"https:\/\/www.altominho.tv\/site\/2018\/02\/16\/maurizio-padovan-apresenta-hoje-concerto-conferencia-o-violino-de-auschwitz-em-ponte-da-barca\/\" \/>\n<meta property=\"og:locale\" content=\"pt_PT\" \/>\n<meta property=\"og:type\" content=\"article\" \/>\n<meta property=\"og:title\" content=\"Maurizio Padovan apresenta hoje concerto-confer\u00eancia \u201cO Violino de Auschwitz\u201d em Ponte da Barca\" \/>\n<meta property=\"og:description\" content=\"A Casa da Cultura de Ponte da Barca recebe hoje, pelas 21h30, a apresenta\u00e7\u00e3o da confer\u00eancia-concerto \u201cO Violino de Auschwitz\u201d, por Maurizio Padovan. O espet\u00e1culo relata de forma musicada toda a viol\u00eancia sofrida pelos Judeus nos campos de concentra\u00e7\u00e3o, nomeadamente em Auschwitz, na Pol\u00f3nia, onde a m\u00fasica poderia ser um elemento libertador ou um elemento [&hellip;]\" \/>\n<meta property=\"og:url\" content=\"https:\/\/www.altominho.tv\/site\/2018\/02\/16\/maurizio-padovan-apresenta-hoje-concerto-conferencia-o-violino-de-auschwitz-em-ponte-da-barca\/\" \/>\n<meta property=\"og:site_name\" content=\"Altominho.tv\" \/>\n<meta property=\"article:publisher\" content=\"https:\/\/www.facebook.com\/altominhotv\" \/>\n<meta property=\"article:published_time\" content=\"2018-02-16T10:05:55+00:00\" \/>\n<meta property=\"og:image\" content=\"https:\/\/www.altominho.tv\/site\/wp-content\/uploads\/2018\/02\/1111.jpg\" \/>\n\t<meta property=\"og:image:width\" content=\"1126\" \/>\n\t<meta property=\"og:image:height\" content=\"567\" \/>\n\t<meta property=\"og:image:type\" content=\"image\/jpeg\" \/>\n<meta name=\"author\" content=\"C\u00e1tia Malheiro\" \/>\n<meta name=\"twitter:card\" content=\"summary_large_image\" \/>\n<meta name=\"twitter:creator\" content=\"@altominhoTV\" \/>\n<meta name=\"twitter:site\" content=\"@altominhoTV\" \/>\n<meta name=\"twitter:label1\" content=\"Escrito por\" \/>\n\t<meta name=\"twitter:data1\" content=\"C\u00e1tia Malheiro\" \/>\n\t<meta name=\"twitter:label2\" content=\"Tempo estimado de leitura\" \/>\n\t<meta name=\"twitter:data2\" content=\"2 minutos\" \/>\n<script type=\"application\/ld+json\" class=\"yoast-schema-graph\">{\"@context\":\"https:\\\/\\\/schema.org\",\"@graph\":[{\"@type\":\"Article\",\"@id\":\"https:\\\/\\\/www.altominho.tv\\\/site\\\/2018\\\/02\\\/16\\\/maurizio-padovan-apresenta-hoje-concerto-conferencia-o-violino-de-auschwitz-em-ponte-da-barca\\\/#article\",\"isPartOf\":{\"@id\":\"https:\\\/\\\/www.altominho.tv\\\/site\\\/2018\\\/02\\\/16\\\/maurizio-padovan-apresenta-hoje-concerto-conferencia-o-violino-de-auschwitz-em-ponte-da-barca\\\/\"},\"author\":{\"name\":\"C\u00e1tia Malheiro\",\"@id\":\"https:\\\/\\\/www.altominho.tv\\\/site\\\/#\\\/schema\\\/person\\\/5c9404a8b438614c93da6ca09db92574\"},\"headline\":\"Maurizio Padovan apresenta hoje concerto-confer\u00eancia \u201cO Violino de Auschwitz\u201d em Ponte da Barca\",\"datePublished\":\"2018-02-16T10:05:55+00:00\",\"mainEntityOfPage\":{\"@id\":\"https:\\\/\\\/www.altominho.tv\\\/site\\\/2018\\\/02\\\/16\\\/maurizio-padovan-apresenta-hoje-concerto-conferencia-o-violino-de-auschwitz-em-ponte-da-barca\\\/\"},\"wordCount\":351,\"image\":{\"@id\":\"https:\\\/\\\/www.altominho.tv\\\/site\\\/2018\\\/02\\\/16\\\/maurizio-padovan-apresenta-hoje-concerto-conferencia-o-violino-de-auschwitz-em-ponte-da-barca\\\/#primaryimage\"},\"thumbnailUrl\":\"https:\\\/\\\/www.altominho.tv\\\/site\\\/wp-content\\\/uploads\\\/2018\\\/02\\\/1111.jpg\",\"keywords\":[\"Cultura\"],\"articleSection\":[\"Ponte da Barca\"],\"inLanguage\":\"pt-PT\",\"copyrightYear\":\"2018\",\"copyrightHolder\":{\"@id\":\"https:\\\/\\\/www.altominho.tv\\\/site\\\/#organization\"}},{\"@type\":\"WebPage\",\"@id\":\"https:\\\/\\\/www.altominho.tv\\\/site\\\/2018\\\/02\\\/16\\\/maurizio-padovan-apresenta-hoje-concerto-conferencia-o-violino-de-auschwitz-em-ponte-da-barca\\\/\",\"url\":\"https:\\\/\\\/www.altominho.tv\\\/site\\\/2018\\\/02\\\/16\\\/maurizio-padovan-apresenta-hoje-concerto-conferencia-o-violino-de-auschwitz-em-ponte-da-barca\\\/\",\"name\":\"Maurizio Padovan apresenta hoje concerto-confer\u00eancia \u201cO Violino de Auschwitz\u201d em Ponte da Barca\",\"isPartOf\":{\"@id\":\"https:\\\/\\\/www.altominho.tv\\\/site\\\/#website\"},\"primaryImageOfPage\":{\"@id\":\"https:\\\/\\\/www.altominho.tv\\\/site\\\/2018\\\/02\\\/16\\\/maurizio-padovan-apresenta-hoje-concerto-conferencia-o-violino-de-auschwitz-em-ponte-da-barca\\\/#primaryimage\"},\"image\":{\"@id\":\"https:\\\/\\\/www.altominho.tv\\\/site\\\/2018\\\/02\\\/16\\\/maurizio-padovan-apresenta-hoje-concerto-conferencia-o-violino-de-auschwitz-em-ponte-da-barca\\\/#primaryimage\"},\"thumbnailUrl\":\"https:\\\/\\\/www.altominho.tv\\\/site\\\/wp-content\\\/uploads\\\/2018\\\/02\\\/1111.jpg\",\"datePublished\":\"2018-02-16T10:05:55+00:00\",\"author\":{\"@id\":\"https:\\\/\\\/www.altominho.tv\\\/site\\\/#\\\/schema\\\/person\\\/5c9404a8b438614c93da6ca09db92574\"},\"breadcrumb\":{\"@id\":\"https:\\\/\\\/www.altominho.tv\\\/site\\\/2018\\\/02\\\/16\\\/maurizio-padovan-apresenta-hoje-concerto-conferencia-o-violino-de-auschwitz-em-ponte-da-barca\\\/#breadcrumb\"},\"inLanguage\":\"pt-PT\",\"potentialAction\":[{\"@type\":\"ReadAction\",\"target\":[\"https:\\\/\\\/www.altominho.tv\\\/site\\\/2018\\\/02\\\/16\\\/maurizio-padovan-apresenta-hoje-concerto-conferencia-o-violino-de-auschwitz-em-ponte-da-barca\\\/\"]}]},{\"@type\":\"ImageObject\",\"inLanguage\":\"pt-PT\",\"@id\":\"https:\\\/\\\/www.altominho.tv\\\/site\\\/2018\\\/02\\\/16\\\/maurizio-padovan-apresenta-hoje-concerto-conferencia-o-violino-de-auschwitz-em-ponte-da-barca\\\/#primaryimage\",\"url\":\"https:\\\/\\\/www.altominho.tv\\\/site\\\/wp-content\\\/uploads\\\/2018\\\/02\\\/1111.jpg\",\"contentUrl\":\"https:\\\/\\\/www.altominho.tv\\\/site\\\/wp-content\\\/uploads\\\/2018\\\/02\\\/1111.jpg\",\"width\":1126,\"height\":567},{\"@type\":\"BreadcrumbList\",\"@id\":\"https:\\\/\\\/www.altominho.tv\\\/site\\\/2018\\\/02\\\/16\\\/maurizio-padovan-apresenta-hoje-concerto-conferencia-o-violino-de-auschwitz-em-ponte-da-barca\\\/#breadcrumb\",\"itemListElement\":[{\"@type\":\"ListItem\",\"position\":1,\"name\":\"In\u00edcio\",\"item\":\"https:\\\/\\\/www.altominho.tv\\\/site\\\/\"},{\"@type\":\"ListItem\",\"position\":2,\"name\":\"Maurizio Padovan apresenta hoje concerto-confer\u00eancia \u201cO Violino de Auschwitz\u201d em Ponte da Barca\"}]},{\"@type\":\"WebSite\",\"@id\":\"https:\\\/\\\/www.altominho.tv\\\/site\\\/#website\",\"url\":\"https:\\\/\\\/www.altominho.tv\\\/site\\\/\",\"name\":\"Altominho.tv\",\"description\":\"A sua regi\u00e3o \u00e0 dist\u00e2ncia de um clique...\",\"potentialAction\":[{\"@type\":\"SearchAction\",\"target\":{\"@type\":\"EntryPoint\",\"urlTemplate\":\"https:\\\/\\\/www.altominho.tv\\\/site\\\/?s={search_term_string}\"},\"query-input\":{\"@type\":\"PropertyValueSpecification\",\"valueRequired\":true,\"valueName\":\"search_term_string\"}}],\"inLanguage\":\"pt-PT\"},{\"@type\":\"Person\",\"@id\":\"https:\\\/\\\/www.altominho.tv\\\/site\\\/#\\\/schema\\\/person\\\/5c9404a8b438614c93da6ca09db92574\",\"name\":\"C\u00e1tia Malheiro\",\"image\":{\"@type\":\"ImageObject\",\"inLanguage\":\"pt-PT\",\"@id\":\"https:\\\/\\\/www.altominho.tv\\\/site\\\/wp-content\\\/uploads\\\/2017\\\/11\\\/Catia_Malheiro-150x150.jpg\",\"url\":\"https:\\\/\\\/www.altominho.tv\\\/site\\\/wp-content\\\/uploads\\\/2017\\\/11\\\/Catia_Malheiro-150x150.jpg\",\"contentUrl\":\"https:\\\/\\\/www.altominho.tv\\\/site\\\/wp-content\\\/uploads\\\/2017\\\/11\\\/Catia_Malheiro-150x150.jpg\",\"caption\":\"C\u00e1tia Malheiro\"},\"url\":\"https:\\\/\\\/www.altominho.tv\\\/site\\\/author\\\/catiamalheiro\\\/\"}]}<\/script>\n<!-- \/ Yoast SEO Premium plugin. -->","yoast_head_json":{"title":"Maurizio Padovan apresenta hoje concerto-confer\u00eancia \u201cO Violino de Auschwitz\u201d em Ponte da Barca","robots":{"index":"index","follow":"follow","max-snippet":"max-snippet:-1","max-image-preview":"max-image-preview:large","max-video-preview":"max-video-preview:-1"},"canonical":"https:\/\/www.altominho.tv\/site\/2018\/02\/16\/maurizio-padovan-apresenta-hoje-concerto-conferencia-o-violino-de-auschwitz-em-ponte-da-barca\/","og_locale":"pt_PT","og_type":"article","og_title":"Maurizio Padovan apresenta hoje concerto-confer\u00eancia \u201cO Violino de Auschwitz\u201d em Ponte da Barca","og_description":"A Casa da Cultura de Ponte da Barca recebe hoje, pelas 21h30, a apresenta\u00e7\u00e3o da confer\u00eancia-concerto \u201cO Violino de Auschwitz\u201d, por Maurizio Padovan. O espet\u00e1culo relata de forma musicada toda a viol\u00eancia sofrida pelos Judeus nos campos de concentra\u00e7\u00e3o, nomeadamente em Auschwitz, na Pol\u00f3nia, onde a m\u00fasica poderia ser um elemento libertador ou um elemento [&hellip;]","og_url":"https:\/\/www.altominho.tv\/site\/2018\/02\/16\/maurizio-padovan-apresenta-hoje-concerto-conferencia-o-violino-de-auschwitz-em-ponte-da-barca\/","og_site_name":"Altominho.tv","article_publisher":"https:\/\/www.facebook.com\/altominhotv","article_published_time":"2018-02-16T10:05:55+00:00","og_image":[{"width":1126,"height":567,"url":"https:\/\/www.altominho.tv\/site\/wp-content\/uploads\/2018\/02\/1111.jpg","type":"image\/jpeg"}],"author":"C\u00e1tia Malheiro","twitter_card":"summary_large_image","twitter_creator":"@altominhoTV","twitter_site":"@altominhoTV","twitter_misc":{"Escrito por":"C\u00e1tia Malheiro","Tempo estimado de leitura":"2 minutos"},"schema":{"@context":"https:\/\/schema.org","@graph":[{"@type":"Article","@id":"https:\/\/www.altominho.tv\/site\/2018\/02\/16\/maurizio-padovan-apresenta-hoje-concerto-conferencia-o-violino-de-auschwitz-em-ponte-da-barca\/#article","isPartOf":{"@id":"https:\/\/www.altominho.tv\/site\/2018\/02\/16\/maurizio-padovan-apresenta-hoje-concerto-conferencia-o-violino-de-auschwitz-em-ponte-da-barca\/"},"author":{"name":"C\u00e1tia Malheiro","@id":"https:\/\/www.altominho.tv\/site\/#\/schema\/person\/5c9404a8b438614c93da6ca09db92574"},"headline":"Maurizio Padovan apresenta hoje concerto-confer\u00eancia \u201cO Violino de Auschwitz\u201d em Ponte da Barca","datePublished":"2018-02-16T10:05:55+00:00","mainEntityOfPage":{"@id":"https:\/\/www.altominho.tv\/site\/2018\/02\/16\/maurizio-padovan-apresenta-hoje-concerto-conferencia-o-violino-de-auschwitz-em-ponte-da-barca\/"},"wordCount":351,"image":{"@id":"https:\/\/www.altominho.tv\/site\/2018\/02\/16\/maurizio-padovan-apresenta-hoje-concerto-conferencia-o-violino-de-auschwitz-em-ponte-da-barca\/#primaryimage"},"thumbnailUrl":"https:\/\/www.altominho.tv\/site\/wp-content\/uploads\/2018\/02\/1111.jpg","keywords":["Cultura"],"articleSection":["Ponte da Barca"],"inLanguage":"pt-PT","copyrightYear":"2018","copyrightHolder":{"@id":"https:\/\/www.altominho.tv\/site\/#organization"}},{"@type":"WebPage","@id":"https:\/\/www.altominho.tv\/site\/2018\/02\/16\/maurizio-padovan-apresenta-hoje-concerto-conferencia-o-violino-de-auschwitz-em-ponte-da-barca\/","url":"https:\/\/www.altominho.tv\/site\/2018\/02\/16\/maurizio-padovan-apresenta-hoje-concerto-conferencia-o-violino-de-auschwitz-em-ponte-da-barca\/","name":"Maurizio Padovan apresenta hoje concerto-confer\u00eancia \u201cO Violino de Auschwitz\u201d em Ponte da Barca","isPartOf":{"@id":"https:\/\/www.altominho.tv\/site\/#website"},"primaryImageOfPage":{"@id":"https:\/\/www.altominho.tv\/site\/2018\/02\/16\/maurizio-padovan-apresenta-hoje-concerto-conferencia-o-violino-de-auschwitz-em-ponte-da-barca\/#primaryimage"},"image":{"@id":"https:\/\/www.altominho.tv\/site\/2018\/02\/16\/maurizio-padovan-apresenta-hoje-concerto-conferencia-o-violino-de-auschwitz-em-ponte-da-barca\/#primaryimage"},"thumbnailUrl":"https:\/\/www.altominho.tv\/site\/wp-content\/uploads\/2018\/02\/1111.jpg","datePublished":"2018-02-16T10:05:55+00:00","author":{"@id":"https:\/\/www.altominho.tv\/site\/#\/schema\/person\/5c9404a8b438614c93da6ca09db92574"},"breadcrumb":{"@id":"https:\/\/www.altominho.tv\/site\/2018\/02\/16\/maurizio-padovan-apresenta-hoje-concerto-conferencia-o-violino-de-auschwitz-em-ponte-da-barca\/#breadcrumb"},"inLanguage":"pt-PT","potentialAction":[{"@type":"ReadAction","target":["https:\/\/www.altominho.tv\/site\/2018\/02\/16\/maurizio-padovan-apresenta-hoje-concerto-conferencia-o-violino-de-auschwitz-em-ponte-da-barca\/"]}]},{"@type":"ImageObject","inLanguage":"pt-PT","@id":"https:\/\/www.altominho.tv\/site\/2018\/02\/16\/maurizio-padovan-apresenta-hoje-concerto-conferencia-o-violino-de-auschwitz-em-ponte-da-barca\/#primaryimage","url":"https:\/\/www.altominho.tv\/site\/wp-content\/uploads\/2018\/02\/1111.jpg","contentUrl":"https:\/\/www.altominho.tv\/site\/wp-content\/uploads\/2018\/02\/1111.jpg","width":1126,"height":567},{"@type":"BreadcrumbList","@id":"https:\/\/www.altominho.tv\/site\/2018\/02\/16\/maurizio-padovan-apresenta-hoje-concerto-conferencia-o-violino-de-auschwitz-em-ponte-da-barca\/#breadcrumb","itemListElement":[{"@type":"ListItem","position":1,"name":"In\u00edcio","item":"https:\/\/www.altominho.tv\/site\/"},{"@type":"ListItem","position":2,"name":"Maurizio Padovan apresenta hoje concerto-confer\u00eancia \u201cO Violino de Auschwitz\u201d em Ponte da Barca"}]},{"@type":"WebSite","@id":"https:\/\/www.altominho.tv\/site\/#website","url":"https:\/\/www.altominho.tv\/site\/","name":"Altominho.tv","description":"A sua regi\u00e3o \u00e0 dist\u00e2ncia de um clique...","potentialAction":[{"@type":"SearchAction","target":{"@type":"EntryPoint","urlTemplate":"https:\/\/www.altominho.tv\/site\/?s={search_term_string}"},"query-input":{"@type":"PropertyValueSpecification","valueRequired":true,"valueName":"search_term_string"}}],"inLanguage":"pt-PT"},{"@type":"Person","@id":"https:\/\/www.altominho.tv\/site\/#\/schema\/person\/5c9404a8b438614c93da6ca09db92574","name":"C\u00e1tia Malheiro","image":{"@type":"ImageObject","inLanguage":"pt-PT","@id":"https:\/\/www.altominho.tv\/site\/wp-content\/uploads\/2017\/11\/Catia_Malheiro-150x150.jpg","url":"https:\/\/www.altominho.tv\/site\/wp-content\/uploads\/2017\/11\/Catia_Malheiro-150x150.jpg","contentUrl":"https:\/\/www.altominho.tv\/site\/wp-content\/uploads\/2017\/11\/Catia_Malheiro-150x150.jpg","caption":"C\u00e1tia Malheiro"},"url":"https:\/\/www.altominho.tv\/site\/author\/catiamalheiro\/"}]}},"_links":{"self":[{"href":"https:\/\/www.altominho.tv\/site\/wp-json\/wp\/v2\/posts\/9789","targetHints":{"allow":["GET"]}}],"collection":[{"href":"https:\/\/www.altominho.tv\/site\/wp-json\/wp\/v2\/posts"}],"about":[{"href":"https:\/\/www.altominho.tv\/site\/wp-json\/wp\/v2\/types\/post"}],"author":[{"embeddable":true,"href":"https:\/\/www.altominho.tv\/site\/wp-json\/wp\/v2\/users\/6"}],"replies":[{"embeddable":true,"href":"https:\/\/www.altominho.tv\/site\/wp-json\/wp\/v2\/comments?post=9789"}],"version-history":[{"count":0,"href":"https:\/\/www.altominho.tv\/site\/wp-json\/wp\/v2\/posts\/9789\/revisions"}],"wp:featuredmedia":[{"embeddable":true,"href":"https:\/\/www.altominho.tv\/site\/wp-json\/wp\/v2\/media\/9790"}],"wp:attachment":[{"href":"https:\/\/www.altominho.tv\/site\/wp-json\/wp\/v2\/media?parent=9789"}],"wp:term":[{"taxonomy":"category","embeddable":true,"href":"https:\/\/www.altominho.tv\/site\/wp-json\/wp\/v2\/categories?post=9789"},{"taxonomy":"post_tag","embeddable":true,"href":"https:\/\/www.altominho.tv\/site\/wp-json\/wp\/v2\/tags?post=9789"}],"curies":[{"name":"wp","href":"https:\/\/api.w.org\/{rel}","templated":true}]}}