{"id":97889,"date":"2023-10-21T10:05:02","date_gmt":"2023-10-21T09:05:02","guid":{"rendered":"https:\/\/www.altominho.tv\/site\/?p=97889"},"modified":"2023-10-21T10:10:14","modified_gmt":"2023-10-21T09:10:14","slug":"camara-municipal-realiza-trabalhos-para-prevenir-inundacoes","status":"publish","type":"post","link":"https:\/\/www.altominho.tv\/site\/2023\/10\/21\/camara-municipal-realiza-trabalhos-para-prevenir-inundacoes\/","title":{"rendered":"C\u00e2mara Municipal realiza trabalhos para prevenir inunda\u00e7\u00f5es"},"content":{"rendered":"<p>C\u00e2mara Municipal de Valen\u00e7a tem vindo a intervir em alguns pontos do concelho, em locais cr\u00edticos de acumula\u00e7\u00e3o de \u00e1guas pluviais, com o intuito de prevenir danos em pessoas ou bens.<\/p>\n<p>As principais interven\u00e7\u00f5es est\u00e3o a decorrer no Ribeiro de Favais, na freguesia de Ar\u00e3o, a montante da EN 13, desde a Quinta do Amorinho e a jusante, at\u00e9 \u00e0 rua do Regueiro, numa extens\u00e3o de cerca de 800 metros.<\/p>\n<p>Para al\u00e9m da limpeza da linha de \u00e1gua e suas margens, a C\u00e2mara est\u00e1 a intervir na limpeza do viaduto de Favais que atravessa a EN 13, numa extens\u00e3o de 150 metros.<\/p>\n<p>&#8220;Esta interven\u00e7\u00e3o pretende evitar os constantes danos que, ano ap\u00f3s ano, afetam os moradores e com\u00e9rcios da zona de Favais sempre que h\u00e1 grandes acumula\u00e7\u00f5es de \u00e1gua nesta zona&#8221; considera a autarquia atrav\u00e9s das redes sociais.<\/p>\n<p>A C\u00e2mara Municipal est\u00e1 a intervir, tamb\u00e9m, no ribeiro de Albergaria, na freguesia de Ar\u00e3o, com a limpeza desta ribeira e suas margens. Uma interven\u00e7\u00e3o &#8220;muito&#8221; requisitada e reclamada pelos habitantes, que permite fluir melhor as \u00e1guas na zona e evitar danos maiores na \u00e9poca das grandes chuvas.<\/p>\n<p>A interven\u00e7\u00e3o estendeu-se, tamb\u00e9m, a todas as ruas da Fortaleza, com a limpeza e desobstru\u00e7\u00e3o de todas as sarjetas. Uma a\u00e7\u00e3o que se pretende continuar nos pr\u00f3ximos dias, &#8220;sobretudo na zona da Cidade Nova, da Ponte Seca e no Lido, em Gandra, bem como em outros pontos do concelho que assim o justifiquem&#8221; revela o munic\u00edpio.<\/p>\n<p>Aguarda-se, ainda, uma interven\u00e7\u00e3o por parte das Infraestruturas de Portugal na Formigosa, na linha de \u00e1gua que separa Gandra e Cerdal. Est\u00e1 prevista a limpeza da linha de \u00e1gua a montante e jusante da EN 13, bem como do aqueduto que atravessa a estrada nacional.<\/p>\n","protected":false},"excerpt":{"rendered":"<p>C\u00e2mara Municipal de Valen\u00e7a tem vindo a intervir em alguns pontos do concelho, em locais cr\u00edticos de acumula\u00e7\u00e3o de \u00e1guas pluviais, com o intuito de prevenir danos em pessoas ou bens. As principais interven\u00e7\u00f5es est\u00e3o a decorrer no Ribeiro de Favais, na freguesia de Ar\u00e3o, a montante da EN 13, desde a Quinta do Amorinho [&hellip;]<\/p>\n","protected":false},"author":28,"featured_media":97890,"comment_status":"closed","ping_status":"closed","sticky":false,"template":"","format":"standard","meta":{"_exactmetrics_skip_tracking":false,"_exactmetrics_sitenote_active":false,"_exactmetrics_sitenote_note":"","_exactmetrics_sitenote_category":0,"footnotes":""},"categories":[13],"tags":[27],"class_list":["post-97889","post","type-post","status-publish","format-standard","has-post-thumbnail","hentry","category-valenca","tag-sociedade"],"yoast_head":"<!-- This site is optimized with the Yoast SEO Premium plugin v27.5 (Yoast SEO v27.5) - https:\/\/yoast.com\/product\/yoast-seo-premium-wordpress\/ -->\n<title>C\u00e2mara Municipal realiza trabalhos para prevenir inunda\u00e7\u00f5es<\/title>\n<meta name=\"description\" content=\"C\u00e2mara Municipal de Valen\u00e7a tem vindo a intervir em alguns pontos do concelho, em locais cr\u00edticos de acumula\u00e7\u00e3o de \u00e1guas pluviais, com o intuito de prevenir danos em pessoas ou bens\" \/>\n<meta name=\"robots\" content=\"index, follow, max-snippet:-1, max-image-preview:large, max-video-preview:-1\" \/>\n<link rel=\"canonical\" href=\"https:\/\/www.altominho.tv\/site\/2023\/10\/21\/camara-municipal-realiza-trabalhos-para-prevenir-inundacoes\/\" \/>\n<meta property=\"og:locale\" content=\"pt_PT\" \/>\n<meta property=\"og:type\" content=\"article\" \/>\n<meta property=\"og:title\" content=\"C\u00e2mara Municipal realiza trabalhos para prevenir inunda\u00e7\u00f5es\" \/>\n<meta property=\"og:description\" content=\"C\u00e2mara Municipal de Valen\u00e7a tem vindo a intervir em alguns pontos do concelho, em locais cr\u00edticos de acumula\u00e7\u00e3o de \u00e1guas pluviais, com o intuito de prevenir danos em pessoas ou bens\" \/>\n<meta property=\"og:url\" content=\"https:\/\/www.altominho.tv\/site\/2023\/10\/21\/camara-municipal-realiza-trabalhos-para-prevenir-inundacoes\/\" \/>\n<meta property=\"og:site_name\" content=\"Altominho.tv\" \/>\n<meta property=\"article:publisher\" content=\"https:\/\/www.facebook.com\/altominhotv\" \/>\n<meta property=\"article:published_time\" content=\"2023-10-21T09:05:02+00:00\" \/>\n<meta property=\"article:modified_time\" content=\"2023-10-21T09:10:14+00:00\" \/>\n<meta property=\"og:image\" content=\"https:\/\/www.altominho.tv\/site\/wp-content\/uploads\/2023\/10\/394262495_769809665174517_2122009392737232660_n-e1697879051648.jpg\" \/>\n\t<meta property=\"og:image:width\" content=\"1600\" \/>\n\t<meta property=\"og:image:height\" content=\"802\" \/>\n\t<meta property=\"og:image:type\" content=\"image\/jpeg\" \/>\n<meta name=\"author\" content=\"Beatriz Lira\" \/>\n<meta name=\"twitter:card\" content=\"summary_large_image\" \/>\n<meta name=\"twitter:creator\" content=\"@altominhoTV\" \/>\n<meta name=\"twitter:site\" content=\"@altominhoTV\" \/>\n<meta name=\"twitter:label1\" content=\"Escrito por\" \/>\n\t<meta name=\"twitter:data1\" content=\"Beatriz Lira\" \/>\n\t<meta name=\"twitter:label2\" content=\"Tempo estimado de leitura\" \/>\n\t<meta name=\"twitter:data2\" content=\"2 minutos\" \/>\n<script type=\"application\/ld+json\" class=\"yoast-schema-graph\">{\"@context\":\"https:\\\/\\\/schema.org\",\"@graph\":[{\"@type\":\"Article\",\"@id\":\"https:\\\/\\\/www.altominho.tv\\\/site\\\/2023\\\/10\\\/21\\\/camara-municipal-realiza-trabalhos-para-prevenir-inundacoes\\\/#article\",\"isPartOf\":{\"@id\":\"https:\\\/\\\/www.altominho.tv\\\/site\\\/2023\\\/10\\\/21\\\/camara-municipal-realiza-trabalhos-para-prevenir-inundacoes\\\/\"},\"author\":{\"name\":\"Beatriz Lira\",\"@id\":\"https:\\\/\\\/www.altominho.tv\\\/site\\\/#\\\/schema\\\/person\\\/f95a2097796cf4462fe1e476cddc40e4\"},\"headline\":\"C\u00e2mara Municipal realiza trabalhos para prevenir inunda\u00e7\u00f5es\",\"datePublished\":\"2023-10-21T09:05:02+00:00\",\"dateModified\":\"2023-10-21T09:10:14+00:00\",\"mainEntityOfPage\":{\"@id\":\"https:\\\/\\\/www.altominho.tv\\\/site\\\/2023\\\/10\\\/21\\\/camara-municipal-realiza-trabalhos-para-prevenir-inundacoes\\\/\"},\"wordCount\":317,\"image\":{\"@id\":\"https:\\\/\\\/www.altominho.tv\\\/site\\\/2023\\\/10\\\/21\\\/camara-municipal-realiza-trabalhos-para-prevenir-inundacoes\\\/#primaryimage\"},\"thumbnailUrl\":\"https:\\\/\\\/www.altominho.tv\\\/site\\\/wp-content\\\/uploads\\\/2023\\\/10\\\/394262495_769809665174517_2122009392737232660_n-e1697879051648.jpg\",\"keywords\":[\"Sociedade\"],\"articleSection\":[\"Valen\u00e7a\"],\"inLanguage\":\"pt-PT\",\"copyrightYear\":\"2023\",\"copyrightHolder\":{\"@id\":\"https:\\\/\\\/www.altominho.tv\\\/site\\\/#organization\"}},{\"@type\":\"WebPage\",\"@id\":\"https:\\\/\\\/www.altominho.tv\\\/site\\\/2023\\\/10\\\/21\\\/camara-municipal-realiza-trabalhos-para-prevenir-inundacoes\\\/\",\"url\":\"https:\\\/\\\/www.altominho.tv\\\/site\\\/2023\\\/10\\\/21\\\/camara-municipal-realiza-trabalhos-para-prevenir-inundacoes\\\/\",\"name\":\"C\u00e2mara Municipal realiza trabalhos para prevenir inunda\u00e7\u00f5es\",\"isPartOf\":{\"@id\":\"https:\\\/\\\/www.altominho.tv\\\/site\\\/#website\"},\"primaryImageOfPage\":{\"@id\":\"https:\\\/\\\/www.altominho.tv\\\/site\\\/2023\\\/10\\\/21\\\/camara-municipal-realiza-trabalhos-para-prevenir-inundacoes\\\/#primaryimage\"},\"image\":{\"@id\":\"https:\\\/\\\/www.altominho.tv\\\/site\\\/2023\\\/10\\\/21\\\/camara-municipal-realiza-trabalhos-para-prevenir-inundacoes\\\/#primaryimage\"},\"thumbnailUrl\":\"https:\\\/\\\/www.altominho.tv\\\/site\\\/wp-content\\\/uploads\\\/2023\\\/10\\\/394262495_769809665174517_2122009392737232660_n-e1697879051648.jpg\",\"datePublished\":\"2023-10-21T09:05:02+00:00\",\"dateModified\":\"2023-10-21T09:10:14+00:00\",\"author\":{\"@id\":\"https:\\\/\\\/www.altominho.tv\\\/site\\\/#\\\/schema\\\/person\\\/f95a2097796cf4462fe1e476cddc40e4\"},\"description\":\"C\u00e2mara Municipal de Valen\u00e7a tem vindo a intervir em alguns pontos do concelho, em locais cr\u00edticos de acumula\u00e7\u00e3o de \u00e1guas pluviais, com o intuito de prevenir danos em pessoas ou bens\",\"breadcrumb\":{\"@id\":\"https:\\\/\\\/www.altominho.tv\\\/site\\\/2023\\\/10\\\/21\\\/camara-municipal-realiza-trabalhos-para-prevenir-inundacoes\\\/#breadcrumb\"},\"inLanguage\":\"pt-PT\",\"potentialAction\":[{\"@type\":\"ReadAction\",\"target\":[\"https:\\\/\\\/www.altominho.tv\\\/site\\\/2023\\\/10\\\/21\\\/camara-municipal-realiza-trabalhos-para-prevenir-inundacoes\\\/\"]}]},{\"@type\":\"ImageObject\",\"inLanguage\":\"pt-PT\",\"@id\":\"https:\\\/\\\/www.altominho.tv\\\/site\\\/2023\\\/10\\\/21\\\/camara-municipal-realiza-trabalhos-para-prevenir-inundacoes\\\/#primaryimage\",\"url\":\"https:\\\/\\\/www.altominho.tv\\\/site\\\/wp-content\\\/uploads\\\/2023\\\/10\\\/394262495_769809665174517_2122009392737232660_n-e1697879051648.jpg\",\"contentUrl\":\"https:\\\/\\\/www.altominho.tv\\\/site\\\/wp-content\\\/uploads\\\/2023\\\/10\\\/394262495_769809665174517_2122009392737232660_n-e1697879051648.jpg\",\"width\":1600,\"height\":802,\"caption\":\"Facebook Munic\u00edpio de Valen\u00e7a\"},{\"@type\":\"BreadcrumbList\",\"@id\":\"https:\\\/\\\/www.altominho.tv\\\/site\\\/2023\\\/10\\\/21\\\/camara-municipal-realiza-trabalhos-para-prevenir-inundacoes\\\/#breadcrumb\",\"itemListElement\":[{\"@type\":\"ListItem\",\"position\":1,\"name\":\"In\u00edcio\",\"item\":\"https:\\\/\\\/www.altominho.tv\\\/site\\\/\"},{\"@type\":\"ListItem\",\"position\":2,\"name\":\"C\u00e2mara Municipal realiza trabalhos para prevenir inunda\u00e7\u00f5es\"}]},{\"@type\":\"WebSite\",\"@id\":\"https:\\\/\\\/www.altominho.tv\\\/site\\\/#website\",\"url\":\"https:\\\/\\\/www.altominho.tv\\\/site\\\/\",\"name\":\"Altominho.tv\",\"description\":\"A sua regi\u00e3o \u00e0 dist\u00e2ncia de um clique...\",\"potentialAction\":[{\"@type\":\"SearchAction\",\"target\":{\"@type\":\"EntryPoint\",\"urlTemplate\":\"https:\\\/\\\/www.altominho.tv\\\/site\\\/?s={search_term_string}\"},\"query-input\":{\"@type\":\"PropertyValueSpecification\",\"valueRequired\":true,\"valueName\":\"search_term_string\"}}],\"inLanguage\":\"pt-PT\"},{\"@type\":\"Person\",\"@id\":\"https:\\\/\\\/www.altominho.tv\\\/site\\\/#\\\/schema\\\/person\\\/f95a2097796cf4462fe1e476cddc40e4\",\"name\":\"Beatriz Lira\",\"image\":{\"@type\":\"ImageObject\",\"inLanguage\":\"pt-PT\",\"@id\":\"https:\\\/\\\/www.altominho.tv\\\/site\\\/wp-content\\\/uploads\\\/2023\\\/03\\\/Screenshot_20230306-141220_Photos-150x150.jpg\",\"url\":\"https:\\\/\\\/www.altominho.tv\\\/site\\\/wp-content\\\/uploads\\\/2023\\\/03\\\/Screenshot_20230306-141220_Photos-150x150.jpg\",\"contentUrl\":\"https:\\\/\\\/www.altominho.tv\\\/site\\\/wp-content\\\/uploads\\\/2023\\\/03\\\/Screenshot_20230306-141220_Photos-150x150.jpg\",\"caption\":\"Beatriz Lira\"},\"url\":\"https:\\\/\\\/www.altominho.tv\\\/site\\\/author\\\/beatriz\\\/\"}]}<\/script>\n<!-- \/ Yoast SEO Premium plugin. -->","yoast_head_json":{"title":"C\u00e2mara Municipal realiza trabalhos para prevenir inunda\u00e7\u00f5es","description":"C\u00e2mara Municipal de Valen\u00e7a tem vindo a intervir em alguns pontos do concelho, em locais cr\u00edticos de acumula\u00e7\u00e3o de \u00e1guas pluviais, com o intuito de prevenir danos em pessoas ou bens","robots":{"index":"index","follow":"follow","max-snippet":"max-snippet:-1","max-image-preview":"max-image-preview:large","max-video-preview":"max-video-preview:-1"},"canonical":"https:\/\/www.altominho.tv\/site\/2023\/10\/21\/camara-municipal-realiza-trabalhos-para-prevenir-inundacoes\/","og_locale":"pt_PT","og_type":"article","og_title":"C\u00e2mara Municipal realiza trabalhos para prevenir inunda\u00e7\u00f5es","og_description":"C\u00e2mara Municipal de Valen\u00e7a tem vindo a intervir em alguns pontos do concelho, em locais cr\u00edticos de acumula\u00e7\u00e3o de \u00e1guas pluviais, com o intuito de prevenir danos em pessoas ou bens","og_url":"https:\/\/www.altominho.tv\/site\/2023\/10\/21\/camara-municipal-realiza-trabalhos-para-prevenir-inundacoes\/","og_site_name":"Altominho.tv","article_publisher":"https:\/\/www.facebook.com\/altominhotv","article_published_time":"2023-10-21T09:05:02+00:00","article_modified_time":"2023-10-21T09:10:14+00:00","og_image":[{"width":1600,"height":802,"url":"https:\/\/www.altominho.tv\/site\/wp-content\/uploads\/2023\/10\/394262495_769809665174517_2122009392737232660_n-e1697879051648.jpg","type":"image\/jpeg"}],"author":"Beatriz Lira","twitter_card":"summary_large_image","twitter_creator":"@altominhoTV","twitter_site":"@altominhoTV","twitter_misc":{"Escrito por":"Beatriz Lira","Tempo estimado de leitura":"2 minutos"},"schema":{"@context":"https:\/\/schema.org","@graph":[{"@type":"Article","@id":"https:\/\/www.altominho.tv\/site\/2023\/10\/21\/camara-municipal-realiza-trabalhos-para-prevenir-inundacoes\/#article","isPartOf":{"@id":"https:\/\/www.altominho.tv\/site\/2023\/10\/21\/camara-municipal-realiza-trabalhos-para-prevenir-inundacoes\/"},"author":{"name":"Beatriz Lira","@id":"https:\/\/www.altominho.tv\/site\/#\/schema\/person\/f95a2097796cf4462fe1e476cddc40e4"},"headline":"C\u00e2mara Municipal realiza trabalhos para prevenir inunda\u00e7\u00f5es","datePublished":"2023-10-21T09:05:02+00:00","dateModified":"2023-10-21T09:10:14+00:00","mainEntityOfPage":{"@id":"https:\/\/www.altominho.tv\/site\/2023\/10\/21\/camara-municipal-realiza-trabalhos-para-prevenir-inundacoes\/"},"wordCount":317,"image":{"@id":"https:\/\/www.altominho.tv\/site\/2023\/10\/21\/camara-municipal-realiza-trabalhos-para-prevenir-inundacoes\/#primaryimage"},"thumbnailUrl":"https:\/\/www.altominho.tv\/site\/wp-content\/uploads\/2023\/10\/394262495_769809665174517_2122009392737232660_n-e1697879051648.jpg","keywords":["Sociedade"],"articleSection":["Valen\u00e7a"],"inLanguage":"pt-PT","copyrightYear":"2023","copyrightHolder":{"@id":"https:\/\/www.altominho.tv\/site\/#organization"}},{"@type":"WebPage","@id":"https:\/\/www.altominho.tv\/site\/2023\/10\/21\/camara-municipal-realiza-trabalhos-para-prevenir-inundacoes\/","url":"https:\/\/www.altominho.tv\/site\/2023\/10\/21\/camara-municipal-realiza-trabalhos-para-prevenir-inundacoes\/","name":"C\u00e2mara Municipal realiza trabalhos para prevenir inunda\u00e7\u00f5es","isPartOf":{"@id":"https:\/\/www.altominho.tv\/site\/#website"},"primaryImageOfPage":{"@id":"https:\/\/www.altominho.tv\/site\/2023\/10\/21\/camara-municipal-realiza-trabalhos-para-prevenir-inundacoes\/#primaryimage"},"image":{"@id":"https:\/\/www.altominho.tv\/site\/2023\/10\/21\/camara-municipal-realiza-trabalhos-para-prevenir-inundacoes\/#primaryimage"},"thumbnailUrl":"https:\/\/www.altominho.tv\/site\/wp-content\/uploads\/2023\/10\/394262495_769809665174517_2122009392737232660_n-e1697879051648.jpg","datePublished":"2023-10-21T09:05:02+00:00","dateModified":"2023-10-21T09:10:14+00:00","author":{"@id":"https:\/\/www.altominho.tv\/site\/#\/schema\/person\/f95a2097796cf4462fe1e476cddc40e4"},"description":"C\u00e2mara Municipal de Valen\u00e7a tem vindo a intervir em alguns pontos do concelho, em locais cr\u00edticos de acumula\u00e7\u00e3o de \u00e1guas pluviais, com o intuito de prevenir danos em pessoas ou bens","breadcrumb":{"@id":"https:\/\/www.altominho.tv\/site\/2023\/10\/21\/camara-municipal-realiza-trabalhos-para-prevenir-inundacoes\/#breadcrumb"},"inLanguage":"pt-PT","potentialAction":[{"@type":"ReadAction","target":["https:\/\/www.altominho.tv\/site\/2023\/10\/21\/camara-municipal-realiza-trabalhos-para-prevenir-inundacoes\/"]}]},{"@type":"ImageObject","inLanguage":"pt-PT","@id":"https:\/\/www.altominho.tv\/site\/2023\/10\/21\/camara-municipal-realiza-trabalhos-para-prevenir-inundacoes\/#primaryimage","url":"https:\/\/www.altominho.tv\/site\/wp-content\/uploads\/2023\/10\/394262495_769809665174517_2122009392737232660_n-e1697879051648.jpg","contentUrl":"https:\/\/www.altominho.tv\/site\/wp-content\/uploads\/2023\/10\/394262495_769809665174517_2122009392737232660_n-e1697879051648.jpg","width":1600,"height":802,"caption":"Facebook Munic\u00edpio de Valen\u00e7a"},{"@type":"BreadcrumbList","@id":"https:\/\/www.altominho.tv\/site\/2023\/10\/21\/camara-municipal-realiza-trabalhos-para-prevenir-inundacoes\/#breadcrumb","itemListElement":[{"@type":"ListItem","position":1,"name":"In\u00edcio","item":"https:\/\/www.altominho.tv\/site\/"},{"@type":"ListItem","position":2,"name":"C\u00e2mara Municipal realiza trabalhos para prevenir inunda\u00e7\u00f5es"}]},{"@type":"WebSite","@id":"https:\/\/www.altominho.tv\/site\/#website","url":"https:\/\/www.altominho.tv\/site\/","name":"Altominho.tv","description":"A sua regi\u00e3o \u00e0 dist\u00e2ncia de um clique...","potentialAction":[{"@type":"SearchAction","target":{"@type":"EntryPoint","urlTemplate":"https:\/\/www.altominho.tv\/site\/?s={search_term_string}"},"query-input":{"@type":"PropertyValueSpecification","valueRequired":true,"valueName":"search_term_string"}}],"inLanguage":"pt-PT"},{"@type":"Person","@id":"https:\/\/www.altominho.tv\/site\/#\/schema\/person\/f95a2097796cf4462fe1e476cddc40e4","name":"Beatriz Lira","image":{"@type":"ImageObject","inLanguage":"pt-PT","@id":"https:\/\/www.altominho.tv\/site\/wp-content\/uploads\/2023\/03\/Screenshot_20230306-141220_Photos-150x150.jpg","url":"https:\/\/www.altominho.tv\/site\/wp-content\/uploads\/2023\/03\/Screenshot_20230306-141220_Photos-150x150.jpg","contentUrl":"https:\/\/www.altominho.tv\/site\/wp-content\/uploads\/2023\/03\/Screenshot_20230306-141220_Photos-150x150.jpg","caption":"Beatriz Lira"},"url":"https:\/\/www.altominho.tv\/site\/author\/beatriz\/"}]}},"_links":{"self":[{"href":"https:\/\/www.altominho.tv\/site\/wp-json\/wp\/v2\/posts\/97889","targetHints":{"allow":["GET"]}}],"collection":[{"href":"https:\/\/www.altominho.tv\/site\/wp-json\/wp\/v2\/posts"}],"about":[{"href":"https:\/\/www.altominho.tv\/site\/wp-json\/wp\/v2\/types\/post"}],"author":[{"embeddable":true,"href":"https:\/\/www.altominho.tv\/site\/wp-json\/wp\/v2\/users\/28"}],"replies":[{"embeddable":true,"href":"https:\/\/www.altominho.tv\/site\/wp-json\/wp\/v2\/comments?post=97889"}],"version-history":[{"count":2,"href":"https:\/\/www.altominho.tv\/site\/wp-json\/wp\/v2\/posts\/97889\/revisions"}],"predecessor-version":[{"id":97892,"href":"https:\/\/www.altominho.tv\/site\/wp-json\/wp\/v2\/posts\/97889\/revisions\/97892"}],"wp:featuredmedia":[{"embeddable":true,"href":"https:\/\/www.altominho.tv\/site\/wp-json\/wp\/v2\/media\/97890"}],"wp:attachment":[{"href":"https:\/\/www.altominho.tv\/site\/wp-json\/wp\/v2\/media?parent=97889"}],"wp:term":[{"taxonomy":"category","embeddable":true,"href":"https:\/\/www.altominho.tv\/site\/wp-json\/wp\/v2\/categories?post=97889"},{"taxonomy":"post_tag","embeddable":true,"href":"https:\/\/www.altominho.tv\/site\/wp-json\/wp\/v2\/tags?post=97889"}],"curies":[{"name":"wp","href":"https:\/\/api.w.org\/{rel}","templated":true}]}}