{"id":97738,"date":"2023-10-18T10:12:23","date_gmt":"2023-10-18T09:12:23","guid":{"rendered":"https:\/\/www.altominho.tv\/site\/?p=97738"},"modified":"2023-10-18T10:12:28","modified_gmt":"2023-10-18T09:12:28","slug":"projeto-do-aquamuseu-para-combater-agentes-contaminantes-no-rio-minho","status":"publish","type":"post","link":"https:\/\/www.altominho.tv\/site\/2023\/10\/18\/projeto-do-aquamuseu-para-combater-agentes-contaminantes-no-rio-minho\/","title":{"rendered":"Projeto do Aquamuseu para combater agentes contaminantes no Rio Minho"},"content":{"rendered":"<p>\u2018BlueWWater\u2019 \u00e9 o novo projeto de coopera\u00e7\u00e3o transfronteiri\u00e7a, que envolve 11 entidades do Norte de Portugal e da Galiza, entre eles o Munic\u00edpio de Vila Nova de Cerveira, atrav\u00e9s do Aquamuseu do rio Minho.<\/p>\n<p>Este projeto visa o controlo, tratamento e redu\u00e7\u00e3o de micropl\u00e1sticos e contaminantes emergentes em \u00e1guas residuais urbanas e no meio costeiro transfronteiri\u00e7o, protegendo, conservando e valorizando a biodiversidade existente.<\/p>\n<p>Com um custo eleg\u00edvel de 1.4 milh\u00f5es de euros, o projeto foi aprovado pelo Comit\u00e9 de Gest\u00e3o do Programa de Coopera\u00e7\u00e3o Interreg VI A Espa\u00f1a-Portugal 2021-2027, com uma comparticipa\u00e7\u00e3o FEDER de cerca de 1 milh\u00e3o.<\/p>\n<p>Com um per\u00edodo de interven\u00e7\u00e3o at\u00e9 agosto de 2026, o projeto \u2018BlueWWater\u2019 tem como objetivo o controlo, seguimento e avalia\u00e7\u00e3o das emiss\u00f5es de micropl\u00e1sticos e contaminantes emergentes no meio aqu\u00e1tico, atrav\u00e9s de um estudo de efici\u00eancia das esta\u00e7\u00f5es de tratamento de \u00e1guas residuais urbanas em ambas as regi\u00f5es e do risco ambiental destes contaminantes.<\/p>\n<p>Para o efeito, prev\u00ea-se a &#8220;elabora\u00e7\u00e3o e otimiza\u00e7\u00e3o de metodologias anal\u00edticas de alto rendimento que facilitem a determina\u00e7\u00e3o desses contaminantes, organizando tamb\u00e9m um exerc\u00edcio de compara\u00e7\u00e3o interlaboratorial para colaborar com outras entidades na valida\u00e7\u00e3o destas metodologias&#8221; revela a autarquia.<\/p>\n<p>&#8220;BlueWWater&#8221; vai ainda propor a implementa\u00e7\u00e3o de estudos experimentais para avaliar o potencial de reutiliza\u00e7\u00e3o da \u00e1gua tratada para fins agr\u00edcolas.<\/p>\n<p>O investimento total eleg\u00edvel para a atividade do Aquamuseu do Rio Minho \u00e9 de quase 35 mil euros, tendo conseguido uma comparticipa\u00e7\u00e3o FEDER de 75%, ou seja, mais de 26 mil euros.<\/p>\n","protected":false},"excerpt":{"rendered":"<p>\u2018BlueWWater\u2019 \u00e9 o novo projeto de coopera\u00e7\u00e3o transfronteiri\u00e7a, que envolve 11 entidades do Norte de Portugal e da Galiza, entre eles o Munic\u00edpio de Vila Nova de Cerveira, atrav\u00e9s do Aquamuseu do rio Minho. Este projeto visa o controlo, tratamento e redu\u00e7\u00e3o de micropl\u00e1sticos e contaminantes emergentes em \u00e1guas residuais urbanas e no meio costeiro [&hellip;]<\/p>\n","protected":false},"author":28,"featured_media":97739,"comment_status":"closed","ping_status":"closed","sticky":false,"template":"","format":"standard","meta":{"_exactmetrics_skip_tracking":false,"footnotes":""},"categories":[15],"tags":[21,27],"class_list":["post-97738","post","type-post","status-publish","format-standard","has-post-thumbnail","hentry","category-vila-nova-de-cerveira","tag-economia","tag-sociedade"],"yoast_head":"<!-- This site is optimized with the Yoast SEO Premium plugin v28.3 (Yoast SEO v28.3) - https:\/\/yoast.com\/product\/yoast-seo-premium-wordpress\/ -->\n<title>Projeto do Aquamuseu para combater agentes contaminantes no Rio Minho<\/title>\n<meta name=\"description\" content=\"\u2018BlueWWater\u2019 \u00e9 o novo projeto de coopera\u00e7\u00e3o transfronteiri\u00e7a, que envolve 11 entidades do Norte de Portugal e da Galiza, entre eles o Munic\u00edpio de Vila Nova de Cerveira, atrav\u00e9s do Aquamuseu do rio Minho\" \/>\n<meta name=\"robots\" content=\"index, follow, max-snippet:-1, max-image-preview:large, max-video-preview:-1\" \/>\n<link rel=\"canonical\" href=\"https:\/\/www.altominho.tv\/site\/2023\/10\/18\/projeto-do-aquamuseu-para-combater-agentes-contaminantes-no-rio-minho\/\" \/>\n<meta property=\"og:locale\" content=\"pt_PT\" \/>\n<meta property=\"og:type\" content=\"article\" \/>\n<meta property=\"og:title\" content=\"Projeto do Aquamuseu para combater agentes contaminantes no Rio Minho\" \/>\n<meta property=\"og:description\" content=\"\u2018BlueWWater\u2019 \u00e9 o novo projeto de coopera\u00e7\u00e3o transfronteiri\u00e7a, que envolve 11 entidades do Norte de Portugal e da Galiza, entre eles o Munic\u00edpio de Vila Nova de Cerveira, atrav\u00e9s do Aquamuseu do rio Minho\" \/>\n<meta property=\"og:url\" content=\"https:\/\/www.altominho.tv\/site\/2023\/10\/18\/projeto-do-aquamuseu-para-combater-agentes-contaminantes-no-rio-minho\/\" \/>\n<meta property=\"og:site_name\" content=\"Altominho.tv\" \/>\n<meta property=\"article:publisher\" content=\"https:\/\/www.facebook.com\/altominhotv\" \/>\n<meta property=\"article:published_time\" content=\"2023-10-18T09:12:23+00:00\" \/>\n<meta property=\"article:modified_time\" content=\"2023-10-18T09:12:28+00:00\" \/>\n<meta property=\"og:image\" content=\"https:\/\/www.altominho.tv\/site\/wp-content\/uploads\/2023\/10\/Aquamuseu-do-rio-Minho-scaled.jpg\" \/>\n\t<meta property=\"og:image:width\" content=\"2560\" \/>\n\t<meta property=\"og:image:height\" content=\"1707\" \/>\n\t<meta property=\"og:image:type\" content=\"image\/jpeg\" \/>\n<meta name=\"author\" content=\"Beatriz Lira\" \/>\n<meta name=\"twitter:card\" content=\"summary_large_image\" \/>\n<meta name=\"twitter:creator\" content=\"@altominhoTV\" \/>\n<meta name=\"twitter:site\" content=\"@altominhoTV\" \/>\n<meta name=\"twitter:label1\" content=\"Escrito por\" \/>\n\t<meta name=\"twitter:data1\" content=\"Beatriz Lira\" \/>\n\t<meta name=\"twitter:label2\" content=\"Tempo estimado de leitura\" \/>\n\t<meta name=\"twitter:data2\" content=\"2 minutos\" \/>\n<script type=\"application\/ld+json\" class=\"yoast-schema-graph\">{\"@context\":\"https:\\\/\\\/schema.org\",\"@graph\":[{\"@type\":\"Article\",\"@id\":\"https:\\\/\\\/www.altominho.tv\\\/site\\\/2023\\\/10\\\/18\\\/projeto-do-aquamuseu-para-combater-agentes-contaminantes-no-rio-minho\\\/#article\",\"isPartOf\":{\"@id\":\"https:\\\/\\\/www.altominho.tv\\\/site\\\/2023\\\/10\\\/18\\\/projeto-do-aquamuseu-para-combater-agentes-contaminantes-no-rio-minho\\\/\"},\"author\":{\"name\":\"Beatriz Lira\",\"@id\":\"https:\\\/\\\/www.altominho.tv\\\/site\\\/#\\\/schema\\\/person\\\/f95a2097796cf4462fe1e476cddc40e4\"},\"headline\":\"Projeto do Aquamuseu para combater agentes contaminantes no Rio Minho\",\"datePublished\":\"2023-10-18T09:12:23+00:00\",\"dateModified\":\"2023-10-18T09:12:28+00:00\",\"mainEntityOfPage\":{\"@id\":\"https:\\\/\\\/www.altominho.tv\\\/site\\\/2023\\\/10\\\/18\\\/projeto-do-aquamuseu-para-combater-agentes-contaminantes-no-rio-minho\\\/\"},\"wordCount\":283,\"image\":{\"@id\":\"https:\\\/\\\/www.altominho.tv\\\/site\\\/2023\\\/10\\\/18\\\/projeto-do-aquamuseu-para-combater-agentes-contaminantes-no-rio-minho\\\/#primaryimage\"},\"thumbnailUrl\":\"https:\\\/\\\/www.altominho.tv\\\/site\\\/wp-content\\\/uploads\\\/2023\\\/10\\\/Aquamuseu-do-rio-Minho-scaled.jpg\",\"keywords\":[\"Economia\",\"Sociedade\"],\"articleSection\":[\"Vila Nova de Cerveira\"],\"inLanguage\":\"pt-PT\",\"copyrightYear\":\"2023\",\"copyrightHolder\":{\"@id\":\"https:\\\/\\\/www.altominho.tv\\\/site\\\/#organization\"}},{\"@type\":\"WebPage\",\"@id\":\"https:\\\/\\\/www.altominho.tv\\\/site\\\/2023\\\/10\\\/18\\\/projeto-do-aquamuseu-para-combater-agentes-contaminantes-no-rio-minho\\\/\",\"url\":\"https:\\\/\\\/www.altominho.tv\\\/site\\\/2023\\\/10\\\/18\\\/projeto-do-aquamuseu-para-combater-agentes-contaminantes-no-rio-minho\\\/\",\"name\":\"Projeto do Aquamuseu para combater agentes contaminantes no Rio Minho\",\"isPartOf\":{\"@id\":\"https:\\\/\\\/www.altominho.tv\\\/site\\\/#website\"},\"primaryImageOfPage\":{\"@id\":\"https:\\\/\\\/www.altominho.tv\\\/site\\\/2023\\\/10\\\/18\\\/projeto-do-aquamuseu-para-combater-agentes-contaminantes-no-rio-minho\\\/#primaryimage\"},\"image\":{\"@id\":\"https:\\\/\\\/www.altominho.tv\\\/site\\\/2023\\\/10\\\/18\\\/projeto-do-aquamuseu-para-combater-agentes-contaminantes-no-rio-minho\\\/#primaryimage\"},\"thumbnailUrl\":\"https:\\\/\\\/www.altominho.tv\\\/site\\\/wp-content\\\/uploads\\\/2023\\\/10\\\/Aquamuseu-do-rio-Minho-scaled.jpg\",\"datePublished\":\"2023-10-18T09:12:23+00:00\",\"dateModified\":\"2023-10-18T09:12:28+00:00\",\"author\":{\"@id\":\"https:\\\/\\\/www.altominho.tv\\\/site\\\/#\\\/schema\\\/person\\\/f95a2097796cf4462fe1e476cddc40e4\"},\"description\":\"\u2018BlueWWater\u2019 \u00e9 o novo projeto de coopera\u00e7\u00e3o transfronteiri\u00e7a, que envolve 11 entidades do Norte de Portugal e da Galiza, entre eles o Munic\u00edpio de Vila Nova de Cerveira, atrav\u00e9s do Aquamuseu do rio Minho\",\"breadcrumb\":{\"@id\":\"https:\\\/\\\/www.altominho.tv\\\/site\\\/2023\\\/10\\\/18\\\/projeto-do-aquamuseu-para-combater-agentes-contaminantes-no-rio-minho\\\/#breadcrumb\"},\"inLanguage\":\"pt-PT\",\"potentialAction\":[{\"@type\":\"ReadAction\",\"target\":[\"https:\\\/\\\/www.altominho.tv\\\/site\\\/2023\\\/10\\\/18\\\/projeto-do-aquamuseu-para-combater-agentes-contaminantes-no-rio-minho\\\/\"]}]},{\"@type\":\"ImageObject\",\"inLanguage\":\"pt-PT\",\"@id\":\"https:\\\/\\\/www.altominho.tv\\\/site\\\/2023\\\/10\\\/18\\\/projeto-do-aquamuseu-para-combater-agentes-contaminantes-no-rio-minho\\\/#primaryimage\",\"url\":\"https:\\\/\\\/www.altominho.tv\\\/site\\\/wp-content\\\/uploads\\\/2023\\\/10\\\/Aquamuseu-do-rio-Minho-scaled.jpg\",\"contentUrl\":\"https:\\\/\\\/www.altominho.tv\\\/site\\\/wp-content\\\/uploads\\\/2023\\\/10\\\/Aquamuseu-do-rio-Minho-scaled.jpg\",\"width\":2560,\"height\":1707},{\"@type\":\"BreadcrumbList\",\"@id\":\"https:\\\/\\\/www.altominho.tv\\\/site\\\/2023\\\/10\\\/18\\\/projeto-do-aquamuseu-para-combater-agentes-contaminantes-no-rio-minho\\\/#breadcrumb\",\"itemListElement\":[{\"@type\":\"ListItem\",\"position\":1,\"name\":\"In\u00edcio\",\"item\":\"https:\\\/\\\/www.altominho.tv\\\/site\\\/\"},{\"@type\":\"ListItem\",\"position\":2,\"name\":\"Projeto do Aquamuseu para combater agentes contaminantes no Rio Minho\"}]},{\"@type\":\"WebSite\",\"@id\":\"https:\\\/\\\/www.altominho.tv\\\/site\\\/#website\",\"url\":\"https:\\\/\\\/www.altominho.tv\\\/site\\\/\",\"name\":\"Altominho.tv\",\"description\":\"A sua regi\u00e3o \u00e0 dist\u00e2ncia de um clique...\",\"potentialAction\":[{\"@type\":\"SearchAction\",\"target\":{\"@type\":\"EntryPoint\",\"urlTemplate\":\"https:\\\/\\\/www.altominho.tv\\\/site\\\/?s={search_term_string}\"},\"query-input\":{\"@type\":\"PropertyValueSpecification\",\"valueRequired\":true,\"valueName\":\"search_term_string\"}}],\"inLanguage\":\"pt-PT\"},{\"@type\":\"Person\",\"@id\":\"https:\\\/\\\/www.altominho.tv\\\/site\\\/#\\\/schema\\\/person\\\/f95a2097796cf4462fe1e476cddc40e4\",\"name\":\"Beatriz Lira\",\"image\":{\"@type\":\"ImageObject\",\"inLanguage\":\"pt-PT\",\"@id\":\"https:\\\/\\\/www.altominho.tv\\\/site\\\/wp-content\\\/uploads\\\/2023\\\/03\\\/Screenshot_20230306-141220_Photos-150x150.jpg\",\"url\":\"https:\\\/\\\/www.altominho.tv\\\/site\\\/wp-content\\\/uploads\\\/2023\\\/03\\\/Screenshot_20230306-141220_Photos-150x150.jpg\",\"contentUrl\":\"https:\\\/\\\/www.altominho.tv\\\/site\\\/wp-content\\\/uploads\\\/2023\\\/03\\\/Screenshot_20230306-141220_Photos-150x150.jpg\",\"caption\":\"Beatriz Lira\"},\"url\":\"https:\\\/\\\/www.altominho.tv\\\/site\\\/author\\\/beatriz\\\/\"}]}<\/script>\n<!-- \/ Yoast SEO Premium plugin. -->","yoast_head_json":{"title":"Projeto do Aquamuseu para combater agentes contaminantes no Rio Minho","description":"\u2018BlueWWater\u2019 \u00e9 o novo projeto de coopera\u00e7\u00e3o transfronteiri\u00e7a, que envolve 11 entidades do Norte de Portugal e da Galiza, entre eles o Munic\u00edpio de Vila Nova de Cerveira, atrav\u00e9s do Aquamuseu do rio Minho","robots":{"index":"index","follow":"follow","max-snippet":"max-snippet:-1","max-image-preview":"max-image-preview:large","max-video-preview":"max-video-preview:-1"},"canonical":"https:\/\/www.altominho.tv\/site\/2023\/10\/18\/projeto-do-aquamuseu-para-combater-agentes-contaminantes-no-rio-minho\/","og_locale":"pt_PT","og_type":"article","og_title":"Projeto do Aquamuseu para combater agentes contaminantes no Rio Minho","og_description":"\u2018BlueWWater\u2019 \u00e9 o novo projeto de coopera\u00e7\u00e3o transfronteiri\u00e7a, que envolve 11 entidades do Norte de Portugal e da Galiza, entre eles o Munic\u00edpio de Vila Nova de Cerveira, atrav\u00e9s do Aquamuseu do rio Minho","og_url":"https:\/\/www.altominho.tv\/site\/2023\/10\/18\/projeto-do-aquamuseu-para-combater-agentes-contaminantes-no-rio-minho\/","og_site_name":"Altominho.tv","article_publisher":"https:\/\/www.facebook.com\/altominhotv","article_published_time":"2023-10-18T09:12:23+00:00","article_modified_time":"2023-10-18T09:12:28+00:00","og_image":[{"width":2560,"height":1707,"url":"https:\/\/www.altominho.tv\/site\/wp-content\/uploads\/2023\/10\/Aquamuseu-do-rio-Minho-scaled.jpg","type":"image\/jpeg"}],"author":"Beatriz Lira","twitter_card":"summary_large_image","twitter_creator":"@altominhoTV","twitter_site":"@altominhoTV","twitter_misc":{"Escrito por":"Beatriz Lira","Tempo estimado de leitura":"2 minutos"},"schema":{"@context":"https:\/\/schema.org","@graph":[{"@type":"Article","@id":"https:\/\/www.altominho.tv\/site\/2023\/10\/18\/projeto-do-aquamuseu-para-combater-agentes-contaminantes-no-rio-minho\/#article","isPartOf":{"@id":"https:\/\/www.altominho.tv\/site\/2023\/10\/18\/projeto-do-aquamuseu-para-combater-agentes-contaminantes-no-rio-minho\/"},"author":{"name":"Beatriz Lira","@id":"https:\/\/www.altominho.tv\/site\/#\/schema\/person\/f95a2097796cf4462fe1e476cddc40e4"},"headline":"Projeto do Aquamuseu para combater agentes contaminantes no Rio Minho","datePublished":"2023-10-18T09:12:23+00:00","dateModified":"2023-10-18T09:12:28+00:00","mainEntityOfPage":{"@id":"https:\/\/www.altominho.tv\/site\/2023\/10\/18\/projeto-do-aquamuseu-para-combater-agentes-contaminantes-no-rio-minho\/"},"wordCount":283,"image":{"@id":"https:\/\/www.altominho.tv\/site\/2023\/10\/18\/projeto-do-aquamuseu-para-combater-agentes-contaminantes-no-rio-minho\/#primaryimage"},"thumbnailUrl":"https:\/\/www.altominho.tv\/site\/wp-content\/uploads\/2023\/10\/Aquamuseu-do-rio-Minho-scaled.jpg","keywords":["Economia","Sociedade"],"articleSection":["Vila Nova de Cerveira"],"inLanguage":"pt-PT","copyrightYear":"2023","copyrightHolder":{"@id":"https:\/\/www.altominho.tv\/site\/#organization"}},{"@type":"WebPage","@id":"https:\/\/www.altominho.tv\/site\/2023\/10\/18\/projeto-do-aquamuseu-para-combater-agentes-contaminantes-no-rio-minho\/","url":"https:\/\/www.altominho.tv\/site\/2023\/10\/18\/projeto-do-aquamuseu-para-combater-agentes-contaminantes-no-rio-minho\/","name":"Projeto do Aquamuseu para combater agentes contaminantes no Rio Minho","isPartOf":{"@id":"https:\/\/www.altominho.tv\/site\/#website"},"primaryImageOfPage":{"@id":"https:\/\/www.altominho.tv\/site\/2023\/10\/18\/projeto-do-aquamuseu-para-combater-agentes-contaminantes-no-rio-minho\/#primaryimage"},"image":{"@id":"https:\/\/www.altominho.tv\/site\/2023\/10\/18\/projeto-do-aquamuseu-para-combater-agentes-contaminantes-no-rio-minho\/#primaryimage"},"thumbnailUrl":"https:\/\/www.altominho.tv\/site\/wp-content\/uploads\/2023\/10\/Aquamuseu-do-rio-Minho-scaled.jpg","datePublished":"2023-10-18T09:12:23+00:00","dateModified":"2023-10-18T09:12:28+00:00","author":{"@id":"https:\/\/www.altominho.tv\/site\/#\/schema\/person\/f95a2097796cf4462fe1e476cddc40e4"},"description":"\u2018BlueWWater\u2019 \u00e9 o novo projeto de coopera\u00e7\u00e3o transfronteiri\u00e7a, que envolve 11 entidades do Norte de Portugal e da Galiza, entre eles o Munic\u00edpio de Vila Nova de Cerveira, atrav\u00e9s do Aquamuseu do rio Minho","breadcrumb":{"@id":"https:\/\/www.altominho.tv\/site\/2023\/10\/18\/projeto-do-aquamuseu-para-combater-agentes-contaminantes-no-rio-minho\/#breadcrumb"},"inLanguage":"pt-PT","potentialAction":[{"@type":"ReadAction","target":["https:\/\/www.altominho.tv\/site\/2023\/10\/18\/projeto-do-aquamuseu-para-combater-agentes-contaminantes-no-rio-minho\/"]}]},{"@type":"ImageObject","inLanguage":"pt-PT","@id":"https:\/\/www.altominho.tv\/site\/2023\/10\/18\/projeto-do-aquamuseu-para-combater-agentes-contaminantes-no-rio-minho\/#primaryimage","url":"https:\/\/www.altominho.tv\/site\/wp-content\/uploads\/2023\/10\/Aquamuseu-do-rio-Minho-scaled.jpg","contentUrl":"https:\/\/www.altominho.tv\/site\/wp-content\/uploads\/2023\/10\/Aquamuseu-do-rio-Minho-scaled.jpg","width":2560,"height":1707},{"@type":"BreadcrumbList","@id":"https:\/\/www.altominho.tv\/site\/2023\/10\/18\/projeto-do-aquamuseu-para-combater-agentes-contaminantes-no-rio-minho\/#breadcrumb","itemListElement":[{"@type":"ListItem","position":1,"name":"In\u00edcio","item":"https:\/\/www.altominho.tv\/site\/"},{"@type":"ListItem","position":2,"name":"Projeto do Aquamuseu para combater agentes contaminantes no Rio Minho"}]},{"@type":"WebSite","@id":"https:\/\/www.altominho.tv\/site\/#website","url":"https:\/\/www.altominho.tv\/site\/","name":"Altominho.tv","description":"A sua regi\u00e3o \u00e0 dist\u00e2ncia de um clique...","potentialAction":[{"@type":"SearchAction","target":{"@type":"EntryPoint","urlTemplate":"https:\/\/www.altominho.tv\/site\/?s={search_term_string}"},"query-input":{"@type":"PropertyValueSpecification","valueRequired":true,"valueName":"search_term_string"}}],"inLanguage":"pt-PT"},{"@type":"Person","@id":"https:\/\/www.altominho.tv\/site\/#\/schema\/person\/f95a2097796cf4462fe1e476cddc40e4","name":"Beatriz Lira","image":{"@type":"ImageObject","inLanguage":"pt-PT","@id":"https:\/\/www.altominho.tv\/site\/wp-content\/uploads\/2023\/03\/Screenshot_20230306-141220_Photos-150x150.jpg","url":"https:\/\/www.altominho.tv\/site\/wp-content\/uploads\/2023\/03\/Screenshot_20230306-141220_Photos-150x150.jpg","contentUrl":"https:\/\/www.altominho.tv\/site\/wp-content\/uploads\/2023\/03\/Screenshot_20230306-141220_Photos-150x150.jpg","caption":"Beatriz Lira"},"url":"https:\/\/www.altominho.tv\/site\/author\/beatriz\/"}]}},"_links":{"self":[{"href":"https:\/\/www.altominho.tv\/site\/wp-json\/wp\/v2\/posts\/97738","targetHints":{"allow":["GET"]}}],"collection":[{"href":"https:\/\/www.altominho.tv\/site\/wp-json\/wp\/v2\/posts"}],"about":[{"href":"https:\/\/www.altominho.tv\/site\/wp-json\/wp\/v2\/types\/post"}],"author":[{"embeddable":true,"href":"https:\/\/www.altominho.tv\/site\/wp-json\/wp\/v2\/users\/28"}],"replies":[{"embeddable":true,"href":"https:\/\/www.altominho.tv\/site\/wp-json\/wp\/v2\/comments?post=97738"}],"version-history":[{"count":2,"href":"https:\/\/www.altominho.tv\/site\/wp-json\/wp\/v2\/posts\/97738\/revisions"}],"predecessor-version":[{"id":97741,"href":"https:\/\/www.altominho.tv\/site\/wp-json\/wp\/v2\/posts\/97738\/revisions\/97741"}],"wp:featuredmedia":[{"embeddable":true,"href":"https:\/\/www.altominho.tv\/site\/wp-json\/wp\/v2\/media\/97739"}],"wp:attachment":[{"href":"https:\/\/www.altominho.tv\/site\/wp-json\/wp\/v2\/media?parent=97738"}],"wp:term":[{"taxonomy":"category","embeddable":true,"href":"https:\/\/www.altominho.tv\/site\/wp-json\/wp\/v2\/categories?post=97738"},{"taxonomy":"post_tag","embeddable":true,"href":"https:\/\/www.altominho.tv\/site\/wp-json\/wp\/v2\/tags?post=97738"}],"curies":[{"name":"wp","href":"https:\/\/api.w.org\/{rel}","templated":true}]}}