{"id":97654,"date":"2023-10-16T16:21:20","date_gmt":"2023-10-16T15:21:20","guid":{"rendered":"https:\/\/www.altominho.tv\/site\/?p=97654"},"modified":"2023-10-16T16:21:25","modified_gmt":"2023-10-16T15:21:25","slug":"ponte-de-lima-promove-descentralizacao-da-cultura","status":"publish","type":"post","link":"https:\/\/www.altominho.tv\/site\/2023\/10\/16\/ponte-de-lima-promove-descentralizacao-da-cultura\/","title":{"rendered":"Ponte de Lima promove descentraliza\u00e7\u00e3o da cultura"},"content":{"rendered":"<p>O Munic\u00edpio de Ponte de Lima continua a implementar o projeto de Descentraliza\u00e7\u00e3o Cultural e, desse modo, levou, \u00e0s diferentes freguesias do concelho, as estruturas e cria\u00e7\u00f5es art\u00edsticas produzidas no territ\u00f3rio concelhio.<\/p>\n<p>Todos os espet\u00e1culos foram gratuitos e de lota\u00e7\u00e3o limitada ao espa\u00e7o.<\/p>\n<p>No \u00e2mbito da rubrica H\u00e1 Teatro na Freguesia, no dia 14 de outubro, foi apresentado o espet\u00e1culo Com\u00e9dia da Panela, da DUPLAFACE \u2013 Companhia das Artes, na freguesia de Freixo, no Audit\u00f3rio da Casa do Povo e o espet\u00e1culo O Julgamento, pelos Art\u2019In Facha, na freguesia de Beiral do Lima, no Sal\u00e3o Paroquial.<\/p>\n<p>Ainda na \u00e1rea do teatro, os Pequenos Actores do Lima, apresentaram O Banco de Jardim, tamb\u00e9m no dia 14 de outubro, na freguesia de Moreira do Lima, no Sal\u00e3o da Junta de Freguesia e no dia 15 de outubro, na freguesia de B\u00e1rrio, no Sal\u00e3o da Junta de Freguesia.<\/p>\n<p>Integrado na rubrica Orfe\u00e3o Limiano na Freguesia\u2026, realizou-se um concerto do Orfe\u00e3o Limiano, no dia 15 de outubro, na freguesia de Refoios do Lima, na Igreja Paroquial.<\/p>\n<p>Por \u00faltimo, no dia 15, o Centro C\u00edvico recebeu a H\u00e1 Banda na Freguesia\u2026 de Gemieira, com a Banda de Moreira do Lima.<\/p>\n","protected":false},"excerpt":{"rendered":"<p>O Munic\u00edpio de Ponte de Lima continua a implementar o projeto de Descentraliza\u00e7\u00e3o Cultural e, desse modo, levou, \u00e0s diferentes freguesias do concelho, as estruturas e cria\u00e7\u00f5es art\u00edsticas produzidas no territ\u00f3rio concelhio. Todos os espet\u00e1culos foram gratuitos e de lota\u00e7\u00e3o limitada ao espa\u00e7o. No \u00e2mbito da rubrica H\u00e1 Teatro na Freguesia, no dia 14 de [&hellip;]<\/p>\n","protected":false},"author":28,"featured_media":97655,"comment_status":"closed","ping_status":"closed","sticky":false,"template":"","format":"standard","meta":{"_exactmetrics_skip_tracking":false,"_exactmetrics_sitenote_active":false,"_exactmetrics_sitenote_note":"","_exactmetrics_sitenote_category":0,"footnotes":""},"categories":[12],"tags":[19,24,27],"class_list":["post-97654","post","type-post","status-publish","format-standard","has-post-thumbnail","hentry","category-ponte-de-lima","tag-cultura","tag-lazer","tag-sociedade"],"yoast_head":"<!-- This site is optimized with the Yoast SEO Premium plugin v27.4 (Yoast SEO v27.4) - https:\/\/yoast.com\/product\/yoast-seo-premium-wordpress\/ -->\n<title>Ponte de Lima promove descentraliza\u00e7\u00e3o da cultura<\/title>\n<meta name=\"description\" content=\"O Munic\u00edpio de Ponte de Lima continua a implementar o projeto de Descentraliza\u00e7\u00e3o Cultural e, desse modo, faz chegar \u00e0s diferentes freguesias do concelho, as estruturas e cria\u00e7\u00f5es art\u00edsticas produzidas no territ\u00f3rio concelhio.\" \/>\n<meta name=\"robots\" content=\"index, follow, max-snippet:-1, max-image-preview:large, max-video-preview:-1\" \/>\n<link rel=\"canonical\" href=\"https:\/\/www.altominho.tv\/site\/2023\/10\/16\/ponte-de-lima-promove-descentralizacao-da-cultura\/\" \/>\n<meta property=\"og:locale\" content=\"pt_PT\" \/>\n<meta property=\"og:type\" content=\"article\" \/>\n<meta property=\"og:title\" content=\"Ponte de Lima promove descentraliza\u00e7\u00e3o da cultura\" \/>\n<meta property=\"og:description\" content=\"O Munic\u00edpio de Ponte de Lima continua a implementar o projeto de Descentraliza\u00e7\u00e3o Cultural e, desse modo, faz chegar \u00e0s diferentes freguesias do concelho, as estruturas e cria\u00e7\u00f5es art\u00edsticas produzidas no territ\u00f3rio concelhio.\" \/>\n<meta property=\"og:url\" content=\"https:\/\/www.altominho.tv\/site\/2023\/10\/16\/ponte-de-lima-promove-descentralizacao-da-cultura\/\" \/>\n<meta property=\"og:site_name\" content=\"Altominho.tv\" \/>\n<meta property=\"article:publisher\" content=\"https:\/\/www.facebook.com\/altominhotv\" \/>\n<meta property=\"article:published_time\" content=\"2023-10-16T15:21:20+00:00\" \/>\n<meta property=\"article:modified_time\" content=\"2023-10-16T15:21:25+00:00\" \/>\n<meta property=\"og:image\" content=\"https:\/\/www.altominho.tv\/site\/wp-content\/uploads\/2023\/10\/ptl.jpeg\" \/>\n\t<meta property=\"og:image:width\" content=\"1900\" \/>\n\t<meta property=\"og:image:height\" content=\"972\" \/>\n\t<meta property=\"og:image:type\" content=\"image\/jpeg\" \/>\n<meta name=\"author\" content=\"Beatriz Lira\" \/>\n<meta name=\"twitter:card\" content=\"summary_large_image\" \/>\n<meta name=\"twitter:creator\" content=\"@altominhoTV\" \/>\n<meta name=\"twitter:site\" content=\"@altominhoTV\" \/>\n<meta name=\"twitter:label1\" content=\"Escrito por\" \/>\n\t<meta name=\"twitter:data1\" content=\"Beatriz Lira\" \/>\n\t<meta name=\"twitter:label2\" content=\"Tempo estimado de leitura\" \/>\n\t<meta name=\"twitter:data2\" content=\"2 minutos\" \/>\n<script type=\"application\/ld+json\" class=\"yoast-schema-graph\">{\"@context\":\"https:\\\/\\\/schema.org\",\"@graph\":[{\"@type\":\"Article\",\"@id\":\"https:\\\/\\\/www.altominho.tv\\\/site\\\/2023\\\/10\\\/16\\\/ponte-de-lima-promove-descentralizacao-da-cultura\\\/#article\",\"isPartOf\":{\"@id\":\"https:\\\/\\\/www.altominho.tv\\\/site\\\/2023\\\/10\\\/16\\\/ponte-de-lima-promove-descentralizacao-da-cultura\\\/\"},\"author\":{\"name\":\"Beatriz Lira\",\"@id\":\"https:\\\/\\\/www.altominho.tv\\\/site\\\/#\\\/schema\\\/person\\\/f95a2097796cf4462fe1e476cddc40e4\"},\"headline\":\"Ponte de Lima promove descentraliza\u00e7\u00e3o da cultura\",\"datePublished\":\"2023-10-16T15:21:20+00:00\",\"dateModified\":\"2023-10-16T15:21:25+00:00\",\"mainEntityOfPage\":{\"@id\":\"https:\\\/\\\/www.altominho.tv\\\/site\\\/2023\\\/10\\\/16\\\/ponte-de-lima-promove-descentralizacao-da-cultura\\\/\"},\"wordCount\":218,\"image\":{\"@id\":\"https:\\\/\\\/www.altominho.tv\\\/site\\\/2023\\\/10\\\/16\\\/ponte-de-lima-promove-descentralizacao-da-cultura\\\/#primaryimage\"},\"thumbnailUrl\":\"https:\\\/\\\/www.altominho.tv\\\/site\\\/wp-content\\\/uploads\\\/2023\\\/10\\\/ptl.jpeg\",\"keywords\":[\"Cultura\",\"Lazer\",\"Sociedade\"],\"articleSection\":[\"Ponte de Lima\"],\"inLanguage\":\"pt-PT\",\"copyrightYear\":\"2023\",\"copyrightHolder\":{\"@id\":\"https:\\\/\\\/www.altominho.tv\\\/site\\\/#organization\"}},{\"@type\":\"WebPage\",\"@id\":\"https:\\\/\\\/www.altominho.tv\\\/site\\\/2023\\\/10\\\/16\\\/ponte-de-lima-promove-descentralizacao-da-cultura\\\/\",\"url\":\"https:\\\/\\\/www.altominho.tv\\\/site\\\/2023\\\/10\\\/16\\\/ponte-de-lima-promove-descentralizacao-da-cultura\\\/\",\"name\":\"Ponte de Lima promove descentraliza\u00e7\u00e3o da cultura\",\"isPartOf\":{\"@id\":\"https:\\\/\\\/www.altominho.tv\\\/site\\\/#website\"},\"primaryImageOfPage\":{\"@id\":\"https:\\\/\\\/www.altominho.tv\\\/site\\\/2023\\\/10\\\/16\\\/ponte-de-lima-promove-descentralizacao-da-cultura\\\/#primaryimage\"},\"image\":{\"@id\":\"https:\\\/\\\/www.altominho.tv\\\/site\\\/2023\\\/10\\\/16\\\/ponte-de-lima-promove-descentralizacao-da-cultura\\\/#primaryimage\"},\"thumbnailUrl\":\"https:\\\/\\\/www.altominho.tv\\\/site\\\/wp-content\\\/uploads\\\/2023\\\/10\\\/ptl.jpeg\",\"datePublished\":\"2023-10-16T15:21:20+00:00\",\"dateModified\":\"2023-10-16T15:21:25+00:00\",\"author\":{\"@id\":\"https:\\\/\\\/www.altominho.tv\\\/site\\\/#\\\/schema\\\/person\\\/f95a2097796cf4462fe1e476cddc40e4\"},\"description\":\"O Munic\u00edpio de Ponte de Lima continua a implementar o projeto de Descentraliza\u00e7\u00e3o Cultural e, desse modo, faz chegar \u00e0s diferentes freguesias do concelho, as estruturas e cria\u00e7\u00f5es art\u00edsticas produzidas no territ\u00f3rio concelhio.\",\"breadcrumb\":{\"@id\":\"https:\\\/\\\/www.altominho.tv\\\/site\\\/2023\\\/10\\\/16\\\/ponte-de-lima-promove-descentralizacao-da-cultura\\\/#breadcrumb\"},\"inLanguage\":\"pt-PT\",\"potentialAction\":[{\"@type\":\"ReadAction\",\"target\":[\"https:\\\/\\\/www.altominho.tv\\\/site\\\/2023\\\/10\\\/16\\\/ponte-de-lima-promove-descentralizacao-da-cultura\\\/\"]}]},{\"@type\":\"ImageObject\",\"inLanguage\":\"pt-PT\",\"@id\":\"https:\\\/\\\/www.altominho.tv\\\/site\\\/2023\\\/10\\\/16\\\/ponte-de-lima-promove-descentralizacao-da-cultura\\\/#primaryimage\",\"url\":\"https:\\\/\\\/www.altominho.tv\\\/site\\\/wp-content\\\/uploads\\\/2023\\\/10\\\/ptl.jpeg\",\"contentUrl\":\"https:\\\/\\\/www.altominho.tv\\\/site\\\/wp-content\\\/uploads\\\/2023\\\/10\\\/ptl.jpeg\",\"width\":1900,\"height\":972},{\"@type\":\"BreadcrumbList\",\"@id\":\"https:\\\/\\\/www.altominho.tv\\\/site\\\/2023\\\/10\\\/16\\\/ponte-de-lima-promove-descentralizacao-da-cultura\\\/#breadcrumb\",\"itemListElement\":[{\"@type\":\"ListItem\",\"position\":1,\"name\":\"In\u00edcio\",\"item\":\"https:\\\/\\\/www.altominho.tv\\\/site\\\/\"},{\"@type\":\"ListItem\",\"position\":2,\"name\":\"Ponte de Lima promove descentraliza\u00e7\u00e3o da cultura\"}]},{\"@type\":\"WebSite\",\"@id\":\"https:\\\/\\\/www.altominho.tv\\\/site\\\/#website\",\"url\":\"https:\\\/\\\/www.altominho.tv\\\/site\\\/\",\"name\":\"Altominho.tv\",\"description\":\"A sua regi\u00e3o \u00e0 dist\u00e2ncia de um clique...\",\"potentialAction\":[{\"@type\":\"SearchAction\",\"target\":{\"@type\":\"EntryPoint\",\"urlTemplate\":\"https:\\\/\\\/www.altominho.tv\\\/site\\\/?s={search_term_string}\"},\"query-input\":{\"@type\":\"PropertyValueSpecification\",\"valueRequired\":true,\"valueName\":\"search_term_string\"}}],\"inLanguage\":\"pt-PT\"},{\"@type\":\"Person\",\"@id\":\"https:\\\/\\\/www.altominho.tv\\\/site\\\/#\\\/schema\\\/person\\\/f95a2097796cf4462fe1e476cddc40e4\",\"name\":\"Beatriz Lira\",\"image\":{\"@type\":\"ImageObject\",\"inLanguage\":\"pt-PT\",\"@id\":\"https:\\\/\\\/www.altominho.tv\\\/site\\\/wp-content\\\/uploads\\\/2023\\\/03\\\/Screenshot_20230306-141220_Photos-150x150.jpg\",\"url\":\"https:\\\/\\\/www.altominho.tv\\\/site\\\/wp-content\\\/uploads\\\/2023\\\/03\\\/Screenshot_20230306-141220_Photos-150x150.jpg\",\"contentUrl\":\"https:\\\/\\\/www.altominho.tv\\\/site\\\/wp-content\\\/uploads\\\/2023\\\/03\\\/Screenshot_20230306-141220_Photos-150x150.jpg\",\"caption\":\"Beatriz Lira\"},\"url\":\"https:\\\/\\\/www.altominho.tv\\\/site\\\/author\\\/beatriz\\\/\"}]}<\/script>\n<!-- \/ Yoast SEO Premium plugin. -->","yoast_head_json":{"title":"Ponte de Lima promove descentraliza\u00e7\u00e3o da cultura","description":"O Munic\u00edpio de Ponte de Lima continua a implementar o projeto de Descentraliza\u00e7\u00e3o Cultural e, desse modo, faz chegar \u00e0s diferentes freguesias do concelho, as estruturas e cria\u00e7\u00f5es art\u00edsticas produzidas no territ\u00f3rio concelhio.","robots":{"index":"index","follow":"follow","max-snippet":"max-snippet:-1","max-image-preview":"max-image-preview:large","max-video-preview":"max-video-preview:-1"},"canonical":"https:\/\/www.altominho.tv\/site\/2023\/10\/16\/ponte-de-lima-promove-descentralizacao-da-cultura\/","og_locale":"pt_PT","og_type":"article","og_title":"Ponte de Lima promove descentraliza\u00e7\u00e3o da cultura","og_description":"O Munic\u00edpio de Ponte de Lima continua a implementar o projeto de Descentraliza\u00e7\u00e3o Cultural e, desse modo, faz chegar \u00e0s diferentes freguesias do concelho, as estruturas e cria\u00e7\u00f5es art\u00edsticas produzidas no territ\u00f3rio concelhio.","og_url":"https:\/\/www.altominho.tv\/site\/2023\/10\/16\/ponte-de-lima-promove-descentralizacao-da-cultura\/","og_site_name":"Altominho.tv","article_publisher":"https:\/\/www.facebook.com\/altominhotv","article_published_time":"2023-10-16T15:21:20+00:00","article_modified_time":"2023-10-16T15:21:25+00:00","og_image":[{"width":1900,"height":972,"url":"https:\/\/www.altominho.tv\/site\/wp-content\/uploads\/2023\/10\/ptl.jpeg","type":"image\/jpeg"}],"author":"Beatriz Lira","twitter_card":"summary_large_image","twitter_creator":"@altominhoTV","twitter_site":"@altominhoTV","twitter_misc":{"Escrito por":"Beatriz Lira","Tempo estimado de leitura":"2 minutos"},"schema":{"@context":"https:\/\/schema.org","@graph":[{"@type":"Article","@id":"https:\/\/www.altominho.tv\/site\/2023\/10\/16\/ponte-de-lima-promove-descentralizacao-da-cultura\/#article","isPartOf":{"@id":"https:\/\/www.altominho.tv\/site\/2023\/10\/16\/ponte-de-lima-promove-descentralizacao-da-cultura\/"},"author":{"name":"Beatriz Lira","@id":"https:\/\/www.altominho.tv\/site\/#\/schema\/person\/f95a2097796cf4462fe1e476cddc40e4"},"headline":"Ponte de Lima promove descentraliza\u00e7\u00e3o da cultura","datePublished":"2023-10-16T15:21:20+00:00","dateModified":"2023-10-16T15:21:25+00:00","mainEntityOfPage":{"@id":"https:\/\/www.altominho.tv\/site\/2023\/10\/16\/ponte-de-lima-promove-descentralizacao-da-cultura\/"},"wordCount":218,"image":{"@id":"https:\/\/www.altominho.tv\/site\/2023\/10\/16\/ponte-de-lima-promove-descentralizacao-da-cultura\/#primaryimage"},"thumbnailUrl":"https:\/\/www.altominho.tv\/site\/wp-content\/uploads\/2023\/10\/ptl.jpeg","keywords":["Cultura","Lazer","Sociedade"],"articleSection":["Ponte de Lima"],"inLanguage":"pt-PT","copyrightYear":"2023","copyrightHolder":{"@id":"https:\/\/www.altominho.tv\/site\/#organization"}},{"@type":"WebPage","@id":"https:\/\/www.altominho.tv\/site\/2023\/10\/16\/ponte-de-lima-promove-descentralizacao-da-cultura\/","url":"https:\/\/www.altominho.tv\/site\/2023\/10\/16\/ponte-de-lima-promove-descentralizacao-da-cultura\/","name":"Ponte de Lima promove descentraliza\u00e7\u00e3o da cultura","isPartOf":{"@id":"https:\/\/www.altominho.tv\/site\/#website"},"primaryImageOfPage":{"@id":"https:\/\/www.altominho.tv\/site\/2023\/10\/16\/ponte-de-lima-promove-descentralizacao-da-cultura\/#primaryimage"},"image":{"@id":"https:\/\/www.altominho.tv\/site\/2023\/10\/16\/ponte-de-lima-promove-descentralizacao-da-cultura\/#primaryimage"},"thumbnailUrl":"https:\/\/www.altominho.tv\/site\/wp-content\/uploads\/2023\/10\/ptl.jpeg","datePublished":"2023-10-16T15:21:20+00:00","dateModified":"2023-10-16T15:21:25+00:00","author":{"@id":"https:\/\/www.altominho.tv\/site\/#\/schema\/person\/f95a2097796cf4462fe1e476cddc40e4"},"description":"O Munic\u00edpio de Ponte de Lima continua a implementar o projeto de Descentraliza\u00e7\u00e3o Cultural e, desse modo, faz chegar \u00e0s diferentes freguesias do concelho, as estruturas e cria\u00e7\u00f5es art\u00edsticas produzidas no territ\u00f3rio concelhio.","breadcrumb":{"@id":"https:\/\/www.altominho.tv\/site\/2023\/10\/16\/ponte-de-lima-promove-descentralizacao-da-cultura\/#breadcrumb"},"inLanguage":"pt-PT","potentialAction":[{"@type":"ReadAction","target":["https:\/\/www.altominho.tv\/site\/2023\/10\/16\/ponte-de-lima-promove-descentralizacao-da-cultura\/"]}]},{"@type":"ImageObject","inLanguage":"pt-PT","@id":"https:\/\/www.altominho.tv\/site\/2023\/10\/16\/ponte-de-lima-promove-descentralizacao-da-cultura\/#primaryimage","url":"https:\/\/www.altominho.tv\/site\/wp-content\/uploads\/2023\/10\/ptl.jpeg","contentUrl":"https:\/\/www.altominho.tv\/site\/wp-content\/uploads\/2023\/10\/ptl.jpeg","width":1900,"height":972},{"@type":"BreadcrumbList","@id":"https:\/\/www.altominho.tv\/site\/2023\/10\/16\/ponte-de-lima-promove-descentralizacao-da-cultura\/#breadcrumb","itemListElement":[{"@type":"ListItem","position":1,"name":"In\u00edcio","item":"https:\/\/www.altominho.tv\/site\/"},{"@type":"ListItem","position":2,"name":"Ponte de Lima promove descentraliza\u00e7\u00e3o da cultura"}]},{"@type":"WebSite","@id":"https:\/\/www.altominho.tv\/site\/#website","url":"https:\/\/www.altominho.tv\/site\/","name":"Altominho.tv","description":"A sua regi\u00e3o \u00e0 dist\u00e2ncia de um clique...","potentialAction":[{"@type":"SearchAction","target":{"@type":"EntryPoint","urlTemplate":"https:\/\/www.altominho.tv\/site\/?s={search_term_string}"},"query-input":{"@type":"PropertyValueSpecification","valueRequired":true,"valueName":"search_term_string"}}],"inLanguage":"pt-PT"},{"@type":"Person","@id":"https:\/\/www.altominho.tv\/site\/#\/schema\/person\/f95a2097796cf4462fe1e476cddc40e4","name":"Beatriz Lira","image":{"@type":"ImageObject","inLanguage":"pt-PT","@id":"https:\/\/www.altominho.tv\/site\/wp-content\/uploads\/2023\/03\/Screenshot_20230306-141220_Photos-150x150.jpg","url":"https:\/\/www.altominho.tv\/site\/wp-content\/uploads\/2023\/03\/Screenshot_20230306-141220_Photos-150x150.jpg","contentUrl":"https:\/\/www.altominho.tv\/site\/wp-content\/uploads\/2023\/03\/Screenshot_20230306-141220_Photos-150x150.jpg","caption":"Beatriz Lira"},"url":"https:\/\/www.altominho.tv\/site\/author\/beatriz\/"}]}},"_links":{"self":[{"href":"https:\/\/www.altominho.tv\/site\/wp-json\/wp\/v2\/posts\/97654","targetHints":{"allow":["GET"]}}],"collection":[{"href":"https:\/\/www.altominho.tv\/site\/wp-json\/wp\/v2\/posts"}],"about":[{"href":"https:\/\/www.altominho.tv\/site\/wp-json\/wp\/v2\/types\/post"}],"author":[{"embeddable":true,"href":"https:\/\/www.altominho.tv\/site\/wp-json\/wp\/v2\/users\/28"}],"replies":[{"embeddable":true,"href":"https:\/\/www.altominho.tv\/site\/wp-json\/wp\/v2\/comments?post=97654"}],"version-history":[{"count":2,"href":"https:\/\/www.altominho.tv\/site\/wp-json\/wp\/v2\/posts\/97654\/revisions"}],"predecessor-version":[{"id":97657,"href":"https:\/\/www.altominho.tv\/site\/wp-json\/wp\/v2\/posts\/97654\/revisions\/97657"}],"wp:featuredmedia":[{"embeddable":true,"href":"https:\/\/www.altominho.tv\/site\/wp-json\/wp\/v2\/media\/97655"}],"wp:attachment":[{"href":"https:\/\/www.altominho.tv\/site\/wp-json\/wp\/v2\/media?parent=97654"}],"wp:term":[{"taxonomy":"category","embeddable":true,"href":"https:\/\/www.altominho.tv\/site\/wp-json\/wp\/v2\/categories?post=97654"},{"taxonomy":"post_tag","embeddable":true,"href":"https:\/\/www.altominho.tv\/site\/wp-json\/wp\/v2\/tags?post=97654"}],"curies":[{"name":"wp","href":"https:\/\/api.w.org\/{rel}","templated":true}]}}