{"id":97548,"date":"2023-10-13T08:52:53","date_gmt":"2023-10-13T07:52:53","guid":{"rendered":"https:\/\/www.altominho.tv\/site\/?p=97548"},"modified":"2023-10-13T08:52:57","modified_gmt":"2023-10-13T07:52:57","slug":"alto-minho-com-aviso-amarelo-esta-sexta-feira","status":"publish","type":"post","link":"https:\/\/www.altominho.tv\/site\/2023\/10\/13\/alto-minho-com-aviso-amarelo-esta-sexta-feira\/","title":{"rendered":"Alto Minho com aviso amarelo esta sexta-feira"},"content":{"rendered":"<p>Sete distritos de Portugal continental v\u00e3o estar sob aviso amarelo esta sexta-feira devido \u00e0 previs\u00e3o de \u201caguaceiros por vezes fortes\u201d, anunciou hoje o Instituto Portugu\u00eas do Mar e da Atmosfera (IPMA).<\/p>\n<p>O alerta do IPMA \u00e9 v\u00e1lido entre as 15:00 e as 23:00 desta sexta-feira, para os distritos de Viseu, Porto, Vila Real, Viana do Castelo, Aveiro, Coimbra e Braga.<\/p>\n<p>De acordo com o IPMA, o aviso amarelo, o menos grave de uma escala de tr\u00eas, \u00e9 emitido sempre que existe uma situa\u00e7\u00e3o de risco para determinadas atividades dependentes da situa\u00e7\u00e3o meteorol\u00f3gica.<\/p>\n<p>O IPMA destacou que a precipita\u00e7\u00e3o est\u00e1 de regresso a Portugal continental a partir desta sexta-feira, com \u201co tempo quente e seco das \u00faltimas semanas\u201d a dar \u201clugar a tempo chuvoso e descida de temperatura\u201d.<\/p>\n<p>A crista anticicl\u00f3nica que se estende desde o Mediterr\u00e2neo Ocidental at\u00e9 \u00e0 regi\u00e3o da Madeira, ir\u00e1 deslocar-se para sueste e enfraquecer permitindo a aproxima\u00e7\u00e3o e passagem de uma superf\u00edcie frontal fria nos dias 13 e 14 de outubro, sublinhou.<\/p>\n<p>\u201cPrev\u00ea-se a ocorr\u00eancia de precipita\u00e7\u00e3o inicialmente no litoral Norte que se ir\u00e1 estender gradualmente a todo o territ\u00f3rio, sendo que na regi\u00e3o Sul ser\u00e1 mais prov\u00e1vel no dia 14\u201d, acrescentou.<\/p>\n<p>Os valores da temperatura m\u00e1xima do ar ir\u00e3o registar uma descida esta sexta-feira, entre os 4 e 8\u00b0C, em especial nas regi\u00f5es Norte, Centro e Alto Alentejo e dever\u00e3o continuar a diminuir nos dias 14 e 15 de outubro em todo o territ\u00f3rio \u201cembora menos acentuadamente\u201d.<\/p>\n<p>\u201cOs valores da temperatura m\u00ednima dever\u00e3o ter varia\u00e7\u00f5es pouco significativas embora com uma tend\u00eancia igualmente para diminuir\u201d, referiu ainda o IPMA.<\/p>\n<p>\u201cNo dia 15 de outubro, a aproxima\u00e7\u00e3o de uma depress\u00e3o, que ir\u00e1 centrar-se a oeste da Pen\u00ednsula Ib\u00e9rica, transportando na circula\u00e7\u00e3o uma massa de ar quente e com elevado conte\u00fado em vapor de \u00e1gua, mantendo-se possivelmente na regi\u00e3o at\u00e9 dia 17, dar\u00e1 origem a precipita\u00e7\u00e3o persistente na generalidade do territ\u00f3rio\u201d, anunciou ainda.<\/p>\n<p>O IPMA alertou tamb\u00e9m para o aumento da agita\u00e7\u00e3o mar\u00edtima na costa de Portugal continental e nas zonas mar\u00edtimas de responsabilidade nacional, no dia 15 de outubro.<\/p>\n","protected":false},"excerpt":{"rendered":"<p>Sete distritos de Portugal continental v\u00e3o estar sob aviso amarelo esta sexta-feira devido \u00e0 previs\u00e3o de \u201caguaceiros por vezes fortes\u201d, anunciou hoje o Instituto Portugu\u00eas do Mar e da Atmosfera (IPMA). O alerta do IPMA \u00e9 v\u00e1lido entre as 15:00 e as 23:00 desta sexta-feira, para os distritos de Viseu, Porto, Vila Real, Viana do [&hellip;]<\/p>\n","protected":false},"author":13,"featured_media":97549,"comment_status":"closed","ping_status":"closed","sticky":false,"template":"","format":"standard","meta":{"_exactmetrics_skip_tracking":false,"_exactmetrics_sitenote_active":false,"_exactmetrics_sitenote_note":"","_exactmetrics_sitenote_category":0,"footnotes":""},"categories":[73],"tags":[27],"class_list":["post-97548","post","type-post","status-publish","format-standard","has-post-thumbnail","hentry","category-alto-minho","tag-sociedade"],"yoast_head":"<!-- This site is optimized with the Yoast SEO Premium plugin v27.5 (Yoast SEO v27.5) - https:\/\/yoast.com\/product\/yoast-seo-premium-wordpress\/ -->\n<title>Alto Minho com aviso amarelo esta sexta-feira<\/title>\n<meta name=\"description\" content=\"Sete distritos de Portugal continental v\u00e3o estar sob aviso amarelo esta sexta-feira devido \u00e0 previs\u00e3o de \u201caguaceiros por vezes fortes\u201d, anunciou hoje o Instituto Portugu\u00eas do Mar e da Atmosfera (IPMA).\" \/>\n<meta name=\"robots\" content=\"index, follow, max-snippet:-1, max-image-preview:large, max-video-preview:-1\" \/>\n<link rel=\"canonical\" href=\"https:\/\/www.altominho.tv\/site\/2023\/10\/13\/alto-minho-com-aviso-amarelo-esta-sexta-feira\/\" \/>\n<meta property=\"og:locale\" content=\"pt_PT\" \/>\n<meta property=\"og:type\" content=\"article\" \/>\n<meta property=\"og:title\" content=\"Alto Minho com aviso amarelo esta sexta-feira\" \/>\n<meta property=\"og:description\" content=\"Sete distritos de Portugal continental v\u00e3o estar sob aviso amarelo esta sexta-feira devido \u00e0 previs\u00e3o de \u201caguaceiros por vezes fortes\u201d, anunciou hoje o Instituto Portugu\u00eas do Mar e da Atmosfera (IPMA).\" \/>\n<meta property=\"og:url\" content=\"https:\/\/www.altominho.tv\/site\/2023\/10\/13\/alto-minho-com-aviso-amarelo-esta-sexta-feira\/\" \/>\n<meta property=\"og:site_name\" content=\"Altominho.tv\" \/>\n<meta property=\"article:publisher\" content=\"https:\/\/www.facebook.com\/altominhotv\" \/>\n<meta property=\"article:published_time\" content=\"2023-10-13T07:52:53+00:00\" \/>\n<meta property=\"article:modified_time\" content=\"2023-10-13T07:52:57+00:00\" \/>\n<meta property=\"og:image\" content=\"https:\/\/www.altominho.tv\/site\/wp-content\/uploads\/2023\/10\/mau-tempo-1-740x416-1.jpeg\" \/>\n\t<meta property=\"og:image:width\" content=\"740\" \/>\n\t<meta property=\"og:image:height\" content=\"416\" \/>\n\t<meta property=\"og:image:type\" content=\"image\/jpeg\" \/>\n<meta name=\"author\" content=\"Lusa\" \/>\n<meta name=\"twitter:card\" content=\"summary_large_image\" \/>\n<meta name=\"twitter:creator\" content=\"@altominhoTV\" \/>\n<meta name=\"twitter:site\" content=\"@altominhoTV\" \/>\n<meta name=\"twitter:label1\" content=\"Escrito por\" \/>\n\t<meta name=\"twitter:data1\" content=\"Lusa\" \/>\n\t<meta name=\"twitter:label2\" content=\"Tempo estimado de leitura\" \/>\n\t<meta name=\"twitter:data2\" content=\"2 minutos\" \/>\n<script type=\"application\/ld+json\" class=\"yoast-schema-graph\">{\"@context\":\"https:\\\/\\\/schema.org\",\"@graph\":[{\"@type\":\"Article\",\"@id\":\"https:\\\/\\\/www.altominho.tv\\\/site\\\/2023\\\/10\\\/13\\\/alto-minho-com-aviso-amarelo-esta-sexta-feira\\\/#article\",\"isPartOf\":{\"@id\":\"https:\\\/\\\/www.altominho.tv\\\/site\\\/2023\\\/10\\\/13\\\/alto-minho-com-aviso-amarelo-esta-sexta-feira\\\/\"},\"author\":{\"name\":\"Lusa\",\"@id\":\"https:\\\/\\\/www.altominho.tv\\\/site\\\/#\\\/schema\\\/person\\\/63f693da3e1899361cbe955c46f3232e\"},\"headline\":\"Alto Minho com aviso amarelo esta sexta-feira\",\"datePublished\":\"2023-10-13T07:52:53+00:00\",\"dateModified\":\"2023-10-13T07:52:57+00:00\",\"mainEntityOfPage\":{\"@id\":\"https:\\\/\\\/www.altominho.tv\\\/site\\\/2023\\\/10\\\/13\\\/alto-minho-com-aviso-amarelo-esta-sexta-feira\\\/\"},\"wordCount\":376,\"image\":{\"@id\":\"https:\\\/\\\/www.altominho.tv\\\/site\\\/2023\\\/10\\\/13\\\/alto-minho-com-aviso-amarelo-esta-sexta-feira\\\/#primaryimage\"},\"thumbnailUrl\":\"https:\\\/\\\/www.altominho.tv\\\/site\\\/wp-content\\\/uploads\\\/2023\\\/10\\\/mau-tempo-1-740x416-1.jpeg\",\"keywords\":[\"Sociedade\"],\"articleSection\":[\"Alto Minho\"],\"inLanguage\":\"pt-PT\",\"copyrightYear\":\"2023\",\"copyrightHolder\":{\"@id\":\"https:\\\/\\\/www.altominho.tv\\\/site\\\/#organization\"}},{\"@type\":\"WebPage\",\"@id\":\"https:\\\/\\\/www.altominho.tv\\\/site\\\/2023\\\/10\\\/13\\\/alto-minho-com-aviso-amarelo-esta-sexta-feira\\\/\",\"url\":\"https:\\\/\\\/www.altominho.tv\\\/site\\\/2023\\\/10\\\/13\\\/alto-minho-com-aviso-amarelo-esta-sexta-feira\\\/\",\"name\":\"Alto Minho com aviso amarelo esta sexta-feira\",\"isPartOf\":{\"@id\":\"https:\\\/\\\/www.altominho.tv\\\/site\\\/#website\"},\"primaryImageOfPage\":{\"@id\":\"https:\\\/\\\/www.altominho.tv\\\/site\\\/2023\\\/10\\\/13\\\/alto-minho-com-aviso-amarelo-esta-sexta-feira\\\/#primaryimage\"},\"image\":{\"@id\":\"https:\\\/\\\/www.altominho.tv\\\/site\\\/2023\\\/10\\\/13\\\/alto-minho-com-aviso-amarelo-esta-sexta-feira\\\/#primaryimage\"},\"thumbnailUrl\":\"https:\\\/\\\/www.altominho.tv\\\/site\\\/wp-content\\\/uploads\\\/2023\\\/10\\\/mau-tempo-1-740x416-1.jpeg\",\"datePublished\":\"2023-10-13T07:52:53+00:00\",\"dateModified\":\"2023-10-13T07:52:57+00:00\",\"author\":{\"@id\":\"https:\\\/\\\/www.altominho.tv\\\/site\\\/#\\\/schema\\\/person\\\/63f693da3e1899361cbe955c46f3232e\"},\"description\":\"Sete distritos de Portugal continental v\u00e3o estar sob aviso amarelo esta sexta-feira devido \u00e0 previs\u00e3o de \u201caguaceiros por vezes fortes\u201d, anunciou hoje o Instituto Portugu\u00eas do Mar e da Atmosfera (IPMA).\",\"breadcrumb\":{\"@id\":\"https:\\\/\\\/www.altominho.tv\\\/site\\\/2023\\\/10\\\/13\\\/alto-minho-com-aviso-amarelo-esta-sexta-feira\\\/#breadcrumb\"},\"inLanguage\":\"pt-PT\",\"potentialAction\":[{\"@type\":\"ReadAction\",\"target\":[\"https:\\\/\\\/www.altominho.tv\\\/site\\\/2023\\\/10\\\/13\\\/alto-minho-com-aviso-amarelo-esta-sexta-feira\\\/\"]}]},{\"@type\":\"ImageObject\",\"inLanguage\":\"pt-PT\",\"@id\":\"https:\\\/\\\/www.altominho.tv\\\/site\\\/2023\\\/10\\\/13\\\/alto-minho-com-aviso-amarelo-esta-sexta-feira\\\/#primaryimage\",\"url\":\"https:\\\/\\\/www.altominho.tv\\\/site\\\/wp-content\\\/uploads\\\/2023\\\/10\\\/mau-tempo-1-740x416-1.jpeg\",\"contentUrl\":\"https:\\\/\\\/www.altominho.tv\\\/site\\\/wp-content\\\/uploads\\\/2023\\\/10\\\/mau-tempo-1-740x416-1.jpeg\",\"width\":740,\"height\":416},{\"@type\":\"BreadcrumbList\",\"@id\":\"https:\\\/\\\/www.altominho.tv\\\/site\\\/2023\\\/10\\\/13\\\/alto-minho-com-aviso-amarelo-esta-sexta-feira\\\/#breadcrumb\",\"itemListElement\":[{\"@type\":\"ListItem\",\"position\":1,\"name\":\"In\u00edcio\",\"item\":\"https:\\\/\\\/www.altominho.tv\\\/site\\\/\"},{\"@type\":\"ListItem\",\"position\":2,\"name\":\"Alto Minho com aviso amarelo esta sexta-feira\"}]},{\"@type\":\"WebSite\",\"@id\":\"https:\\\/\\\/www.altominho.tv\\\/site\\\/#website\",\"url\":\"https:\\\/\\\/www.altominho.tv\\\/site\\\/\",\"name\":\"Altominho.tv\",\"description\":\"A sua regi\u00e3o \u00e0 dist\u00e2ncia de um clique...\",\"potentialAction\":[{\"@type\":\"SearchAction\",\"target\":{\"@type\":\"EntryPoint\",\"urlTemplate\":\"https:\\\/\\\/www.altominho.tv\\\/site\\\/?s={search_term_string}\"},\"query-input\":{\"@type\":\"PropertyValueSpecification\",\"valueRequired\":true,\"valueName\":\"search_term_string\"}}],\"inLanguage\":\"pt-PT\"},{\"@type\":\"Person\",\"@id\":\"https:\\\/\\\/www.altominho.tv\\\/site\\\/#\\\/schema\\\/person\\\/63f693da3e1899361cbe955c46f3232e\",\"name\":\"Lusa\",\"image\":{\"@type\":\"ImageObject\",\"inLanguage\":\"pt-PT\",\"@id\":\"https:\\\/\\\/www.altominho.tv\\\/site\\\/wp-content\\\/uploads\\\/2019\\\/08\\\/LUSA_Logo.gif\",\"url\":\"https:\\\/\\\/www.altominho.tv\\\/site\\\/wp-content\\\/uploads\\\/2019\\\/08\\\/LUSA_Logo.gif\",\"contentUrl\":\"https:\\\/\\\/www.altominho.tv\\\/site\\\/wp-content\\\/uploads\\\/2019\\\/08\\\/LUSA_Logo.gif\",\"caption\":\"Lusa\"},\"sameAs\":[\"http:\\\/\\\/\\\/\\\/www.altominho.tv\\\/site\"],\"url\":\"https:\\\/\\\/www.altominho.tv\\\/site\\\/author\\\/lusa\\\/\"}]}<\/script>\n<!-- \/ Yoast SEO Premium plugin. -->","yoast_head_json":{"title":"Alto Minho com aviso amarelo esta sexta-feira","description":"Sete distritos de Portugal continental v\u00e3o estar sob aviso amarelo esta sexta-feira devido \u00e0 previs\u00e3o de \u201caguaceiros por vezes fortes\u201d, anunciou hoje o Instituto Portugu\u00eas do Mar e da Atmosfera (IPMA).","robots":{"index":"index","follow":"follow","max-snippet":"max-snippet:-1","max-image-preview":"max-image-preview:large","max-video-preview":"max-video-preview:-1"},"canonical":"https:\/\/www.altominho.tv\/site\/2023\/10\/13\/alto-minho-com-aviso-amarelo-esta-sexta-feira\/","og_locale":"pt_PT","og_type":"article","og_title":"Alto Minho com aviso amarelo esta sexta-feira","og_description":"Sete distritos de Portugal continental v\u00e3o estar sob aviso amarelo esta sexta-feira devido \u00e0 previs\u00e3o de \u201caguaceiros por vezes fortes\u201d, anunciou hoje o Instituto Portugu\u00eas do Mar e da Atmosfera (IPMA).","og_url":"https:\/\/www.altominho.tv\/site\/2023\/10\/13\/alto-minho-com-aviso-amarelo-esta-sexta-feira\/","og_site_name":"Altominho.tv","article_publisher":"https:\/\/www.facebook.com\/altominhotv","article_published_time":"2023-10-13T07:52:53+00:00","article_modified_time":"2023-10-13T07:52:57+00:00","og_image":[{"width":740,"height":416,"url":"https:\/\/www.altominho.tv\/site\/wp-content\/uploads\/2023\/10\/mau-tempo-1-740x416-1.jpeg","type":"image\/jpeg"}],"author":"Lusa","twitter_card":"summary_large_image","twitter_creator":"@altominhoTV","twitter_site":"@altominhoTV","twitter_misc":{"Escrito por":"Lusa","Tempo estimado de leitura":"2 minutos"},"schema":{"@context":"https:\/\/schema.org","@graph":[{"@type":"Article","@id":"https:\/\/www.altominho.tv\/site\/2023\/10\/13\/alto-minho-com-aviso-amarelo-esta-sexta-feira\/#article","isPartOf":{"@id":"https:\/\/www.altominho.tv\/site\/2023\/10\/13\/alto-minho-com-aviso-amarelo-esta-sexta-feira\/"},"author":{"name":"Lusa","@id":"https:\/\/www.altominho.tv\/site\/#\/schema\/person\/63f693da3e1899361cbe955c46f3232e"},"headline":"Alto Minho com aviso amarelo esta sexta-feira","datePublished":"2023-10-13T07:52:53+00:00","dateModified":"2023-10-13T07:52:57+00:00","mainEntityOfPage":{"@id":"https:\/\/www.altominho.tv\/site\/2023\/10\/13\/alto-minho-com-aviso-amarelo-esta-sexta-feira\/"},"wordCount":376,"image":{"@id":"https:\/\/www.altominho.tv\/site\/2023\/10\/13\/alto-minho-com-aviso-amarelo-esta-sexta-feira\/#primaryimage"},"thumbnailUrl":"https:\/\/www.altominho.tv\/site\/wp-content\/uploads\/2023\/10\/mau-tempo-1-740x416-1.jpeg","keywords":["Sociedade"],"articleSection":["Alto Minho"],"inLanguage":"pt-PT","copyrightYear":"2023","copyrightHolder":{"@id":"https:\/\/www.altominho.tv\/site\/#organization"}},{"@type":"WebPage","@id":"https:\/\/www.altominho.tv\/site\/2023\/10\/13\/alto-minho-com-aviso-amarelo-esta-sexta-feira\/","url":"https:\/\/www.altominho.tv\/site\/2023\/10\/13\/alto-minho-com-aviso-amarelo-esta-sexta-feira\/","name":"Alto Minho com aviso amarelo esta sexta-feira","isPartOf":{"@id":"https:\/\/www.altominho.tv\/site\/#website"},"primaryImageOfPage":{"@id":"https:\/\/www.altominho.tv\/site\/2023\/10\/13\/alto-minho-com-aviso-amarelo-esta-sexta-feira\/#primaryimage"},"image":{"@id":"https:\/\/www.altominho.tv\/site\/2023\/10\/13\/alto-minho-com-aviso-amarelo-esta-sexta-feira\/#primaryimage"},"thumbnailUrl":"https:\/\/www.altominho.tv\/site\/wp-content\/uploads\/2023\/10\/mau-tempo-1-740x416-1.jpeg","datePublished":"2023-10-13T07:52:53+00:00","dateModified":"2023-10-13T07:52:57+00:00","author":{"@id":"https:\/\/www.altominho.tv\/site\/#\/schema\/person\/63f693da3e1899361cbe955c46f3232e"},"description":"Sete distritos de Portugal continental v\u00e3o estar sob aviso amarelo esta sexta-feira devido \u00e0 previs\u00e3o de \u201caguaceiros por vezes fortes\u201d, anunciou hoje o Instituto Portugu\u00eas do Mar e da Atmosfera (IPMA).","breadcrumb":{"@id":"https:\/\/www.altominho.tv\/site\/2023\/10\/13\/alto-minho-com-aviso-amarelo-esta-sexta-feira\/#breadcrumb"},"inLanguage":"pt-PT","potentialAction":[{"@type":"ReadAction","target":["https:\/\/www.altominho.tv\/site\/2023\/10\/13\/alto-minho-com-aviso-amarelo-esta-sexta-feira\/"]}]},{"@type":"ImageObject","inLanguage":"pt-PT","@id":"https:\/\/www.altominho.tv\/site\/2023\/10\/13\/alto-minho-com-aviso-amarelo-esta-sexta-feira\/#primaryimage","url":"https:\/\/www.altominho.tv\/site\/wp-content\/uploads\/2023\/10\/mau-tempo-1-740x416-1.jpeg","contentUrl":"https:\/\/www.altominho.tv\/site\/wp-content\/uploads\/2023\/10\/mau-tempo-1-740x416-1.jpeg","width":740,"height":416},{"@type":"BreadcrumbList","@id":"https:\/\/www.altominho.tv\/site\/2023\/10\/13\/alto-minho-com-aviso-amarelo-esta-sexta-feira\/#breadcrumb","itemListElement":[{"@type":"ListItem","position":1,"name":"In\u00edcio","item":"https:\/\/www.altominho.tv\/site\/"},{"@type":"ListItem","position":2,"name":"Alto Minho com aviso amarelo esta sexta-feira"}]},{"@type":"WebSite","@id":"https:\/\/www.altominho.tv\/site\/#website","url":"https:\/\/www.altominho.tv\/site\/","name":"Altominho.tv","description":"A sua regi\u00e3o \u00e0 dist\u00e2ncia de um clique...","potentialAction":[{"@type":"SearchAction","target":{"@type":"EntryPoint","urlTemplate":"https:\/\/www.altominho.tv\/site\/?s={search_term_string}"},"query-input":{"@type":"PropertyValueSpecification","valueRequired":true,"valueName":"search_term_string"}}],"inLanguage":"pt-PT"},{"@type":"Person","@id":"https:\/\/www.altominho.tv\/site\/#\/schema\/person\/63f693da3e1899361cbe955c46f3232e","name":"Lusa","image":{"@type":"ImageObject","inLanguage":"pt-PT","@id":"https:\/\/www.altominho.tv\/site\/wp-content\/uploads\/2019\/08\/LUSA_Logo.gif","url":"https:\/\/www.altominho.tv\/site\/wp-content\/uploads\/2019\/08\/LUSA_Logo.gif","contentUrl":"https:\/\/www.altominho.tv\/site\/wp-content\/uploads\/2019\/08\/LUSA_Logo.gif","caption":"Lusa"},"sameAs":["http:\/\/\/\/www.altominho.tv\/site"],"url":"https:\/\/www.altominho.tv\/site\/author\/lusa\/"}]}},"_links":{"self":[{"href":"https:\/\/www.altominho.tv\/site\/wp-json\/wp\/v2\/posts\/97548","targetHints":{"allow":["GET"]}}],"collection":[{"href":"https:\/\/www.altominho.tv\/site\/wp-json\/wp\/v2\/posts"}],"about":[{"href":"https:\/\/www.altominho.tv\/site\/wp-json\/wp\/v2\/types\/post"}],"author":[{"embeddable":true,"href":"https:\/\/www.altominho.tv\/site\/wp-json\/wp\/v2\/users\/13"}],"replies":[{"embeddable":true,"href":"https:\/\/www.altominho.tv\/site\/wp-json\/wp\/v2\/comments?post=97548"}],"version-history":[{"count":1,"href":"https:\/\/www.altominho.tv\/site\/wp-json\/wp\/v2\/posts\/97548\/revisions"}],"predecessor-version":[{"id":97550,"href":"https:\/\/www.altominho.tv\/site\/wp-json\/wp\/v2\/posts\/97548\/revisions\/97550"}],"wp:featuredmedia":[{"embeddable":true,"href":"https:\/\/www.altominho.tv\/site\/wp-json\/wp\/v2\/media\/97549"}],"wp:attachment":[{"href":"https:\/\/www.altominho.tv\/site\/wp-json\/wp\/v2\/media?parent=97548"}],"wp:term":[{"taxonomy":"category","embeddable":true,"href":"https:\/\/www.altominho.tv\/site\/wp-json\/wp\/v2\/categories?post=97548"},{"taxonomy":"post_tag","embeddable":true,"href":"https:\/\/www.altominho.tv\/site\/wp-json\/wp\/v2\/tags?post=97548"}],"curies":[{"name":"wp","href":"https:\/\/api.w.org\/{rel}","templated":true}]}}