{"id":97534,"date":"2023-10-12T15:15:05","date_gmt":"2023-10-12T14:15:05","guid":{"rendered":"https:\/\/www.altominho.tv\/site\/?p=97534"},"modified":"2023-10-12T15:15:09","modified_gmt":"2023-10-12T14:15:09","slug":"associacoes-empresariais-do-alto-minho-e-galiza-querem-apresentar-economia-da-euro-regiao-como-mercado-unico","status":"publish","type":"post","link":"https:\/\/www.altominho.tv\/site\/2023\/10\/12\/associacoes-empresariais-do-alto-minho-e-galiza-querem-apresentar-economia-da-euro-regiao-como-mercado-unico\/","title":{"rendered":"Associa\u00e7\u00f5es empresariais do Alto Minho e Galiza querem apresentar economia da Euro-Regi\u00e3o\u00a0como &#8220;mercado \u00fanico&#8221;"},"content":{"rendered":"<p>Associa\u00e7\u00f5es empresariais do Alto Minho e de Tui, na Galiza, criaram um Agrupamento Europeu de Interesse Econ\u00f3mico para dinamizar a economia da euro-regi\u00e3o e apresent\u00e1-la como \u201cmercado \u00fanico\u201d, disse hoje \u00e0 Lusa a Confedera\u00e7\u00e3o Empresarial do Alto Minho (CEVAL).<\/p>\n<p>\u201cN\u00e3o temos uma linha divis\u00f3ria entre fronteiras. Estes s\u00e3o mercados que se somam, que se devem agrupar e complementar. Interessa-nos, num posicionamento estrat\u00e9gico, apresentarmo-nos com o nosso pacote todo: levar empresas de um lado e de outro e apresentarmo-nos como um \u00fanico mercado, para termos dimens\u00e3o, diversidade e complementaridade\u201d, observou o presidente da CEVAL, Lu\u00eds Ceia.<\/p>\n<p>O Mercatus &#8211; Agrupamento Europeu de Interesse Econ\u00f3mico Transfronteiri\u00e7o Galiza | Norte de Portugal, composto pela CEVAL e pela C\u00e2mara de Com\u00e9rcio de Tui, \u00e9 apresentando na sexta-feira em Valen\u00e7a e dever\u00e1 come\u00e7ar a atividade por uma \u201ccaracteriza\u00e7\u00e3o do tecido empresarial\u201d de ambos os lados da fronteira, indicou o respons\u00e1vel.<\/p>\n<p>\u201cA nossa miss\u00e3o \u00e9 dinamizar a atividade empresarial de um e outro lado da fronteira. Pretendemos fazer uma caracteriza\u00e7\u00e3o do tecido empresarial, trabalhar na capta\u00e7\u00e3o de investimento e na cria\u00e7\u00e3o de redes de \u2018networking\u2019, para por as pessoas a falarem e a desenvolver redes \u2013 neg\u00f3cios entre elas ou concorrerem em conjunto a determinados investimentos\u201d, afirmou.<\/p>\n<p>Numa nota de imprensa, a CEVAL destaca que \u201ca \u00edmpar rela\u00e7\u00e3o entre a Galiza e o Norte de Portugal n\u00e3o tem paralelo em qualquer outra fronteira europeia\u201d, embora \u201ca complexidade da gest\u00e3o territorial e do desenvolvimento econ\u00f3mico seja ampliada em contexto transfronteiri\u00e7o por assimetria entre os diferentes lados da fronteira\u201d.<\/p>\n<p>\u201cConscientes da necessidade de estimular uma articula\u00e7\u00e3o eficiente do desenvolvimento econ\u00f3mico e empresarial a um n\u00edvel transfronteiri\u00e7o, a Confedera\u00e7\u00e3o Empresarial do Alto Minho (CEVAL) e a C\u00e2mara de Com\u00e9rcio, Ind\u00fastria e Navega\u00e7\u00e3o de Tui decidiram unir-se e criar este Agrupamento Europeu de Interesse Econ\u00f3mico\u201d, justifica.<\/p>\n<p>Com o Mercatus, os seus membros fundadores \u201cprop\u00f5em-se a realizar um conjunto de atividades por forma a garantir a prossecu\u00e7\u00e3o das linhas orientadoras que sustentaram a cria\u00e7\u00e3o\u201d do agrupamento, designadamente estimular o desenvolvimento econ\u00f3mico da eurorregi\u00e3o, desenvolvimento e promo\u00e7\u00e3o do potencial transfronteiri\u00e7o das empresas ou potencializa\u00e7\u00e3o de oportunidades econ\u00f3micas.<\/p>\n<p>De acordo com o Agrupamento Europeu de Coopera\u00e7\u00e3o Territorial Galiza \u2013 Norte de Portugal, esta eurorregi\u00e3o concentra uma popula\u00e7\u00e3o de 6,4 milh\u00f5es de habitantes (2,8 milh\u00f5es na Galiza e 3,6 milh\u00f5es na regi\u00e3o Norte de Portugal), e tem mais de metade dos 1,3 milh\u00f5es de trabalhadores transfronteiri\u00e7os da Europa.<\/p>\n","protected":false},"excerpt":{"rendered":"<p>Associa\u00e7\u00f5es empresariais do Alto Minho e de Tui, na Galiza, criaram um Agrupamento Europeu de Interesse Econ\u00f3mico para dinamizar a economia da euro-regi\u00e3o e apresent\u00e1-la como \u201cmercado \u00fanico\u201d, disse hoje \u00e0 Lusa a Confedera\u00e7\u00e3o Empresarial do Alto Minho (CEVAL). \u201cN\u00e3o temos uma linha divis\u00f3ria entre fronteiras. Estes s\u00e3o mercados que se somam, que se devem [&hellip;]<\/p>\n","protected":false},"author":13,"featured_media":97535,"comment_status":"closed","ping_status":"closed","sticky":false,"template":"","format":"standard","meta":{"_exactmetrics_skip_tracking":false,"_exactmetrics_sitenote_active":false,"_exactmetrics_sitenote_note":"","_exactmetrics_sitenote_category":0,"footnotes":""},"categories":[73],"tags":[21],"class_list":["post-97534","post","type-post","status-publish","format-standard","has-post-thumbnail","hentry","category-alto-minho","tag-economia"],"yoast_head":"<!-- This site is optimized with the Yoast SEO Premium plugin v27.5 (Yoast SEO v27.5) - https:\/\/yoast.com\/product\/yoast-seo-premium-wordpress\/ -->\n<title>Associa\u00e7\u00f5es empresariais do Alto Minho e Galiza querem apresentar economia da Euro-Regi\u00e3o\u00a0como &quot;mercado \u00fanico&quot;<\/title>\n<meta name=\"description\" content=\"Associa\u00e7\u00f5es empresariais do Alto Minho e de Tui, na Galiza, criaram um Agrupamento Europeu de Interesse Econ\u00f3mico para dinamizar a economia da euro-regi\u00e3o e apresent\u00e1-la como \u201cmercado \u00fanico\u201d, disse hoje \u00e0 Lusa a Confedera\u00e7\u00e3o Empresarial do Alto Minho (CEVAL).\" \/>\n<meta name=\"robots\" content=\"index, follow, max-snippet:-1, max-image-preview:large, max-video-preview:-1\" \/>\n<link rel=\"canonical\" href=\"https:\/\/www.altominho.tv\/site\/2023\/10\/12\/associacoes-empresariais-do-alto-minho-e-galiza-querem-apresentar-economia-da-euro-regiao-como-mercado-unico\/\" \/>\n<meta property=\"og:locale\" content=\"pt_PT\" \/>\n<meta property=\"og:type\" content=\"article\" \/>\n<meta property=\"og:title\" content=\"Associa\u00e7\u00f5es empresariais do Alto Minho e Galiza querem apresentar economia da Euro-Regi\u00e3o\u00a0como &quot;mercado \u00fanico&quot;\" \/>\n<meta property=\"og:description\" content=\"Associa\u00e7\u00f5es empresariais do Alto Minho e de Tui, na Galiza, criaram um Agrupamento Europeu de Interesse Econ\u00f3mico para dinamizar a economia da euro-regi\u00e3o e apresent\u00e1-la como \u201cmercado \u00fanico\u201d, disse hoje \u00e0 Lusa a Confedera\u00e7\u00e3o Empresarial do Alto Minho (CEVAL).\" \/>\n<meta property=\"og:url\" content=\"https:\/\/www.altominho.tv\/site\/2023\/10\/12\/associacoes-empresariais-do-alto-minho-e-galiza-querem-apresentar-economia-da-euro-regiao-como-mercado-unico\/\" \/>\n<meta property=\"og:site_name\" content=\"Altominho.tv\" \/>\n<meta property=\"article:publisher\" content=\"https:\/\/www.facebook.com\/altominhotv\" \/>\n<meta property=\"article:published_time\" content=\"2023-10-12T14:15:05+00:00\" \/>\n<meta property=\"article:modified_time\" content=\"2023-10-12T14:15:09+00:00\" \/>\n<meta property=\"og:image\" content=\"https:\/\/www.altominho.tv\/site\/wp-content\/uploads\/2023\/10\/cooperacao.jpeg\" \/>\n\t<meta property=\"og:image:width\" content=\"1280\" \/>\n\t<meta property=\"og:image:height\" content=\"664\" \/>\n\t<meta property=\"og:image:type\" content=\"image\/jpeg\" \/>\n<meta name=\"author\" content=\"Lusa\" \/>\n<meta name=\"twitter:card\" content=\"summary_large_image\" \/>\n<meta name=\"twitter:creator\" content=\"@altominhoTV\" \/>\n<meta name=\"twitter:site\" content=\"@altominhoTV\" \/>\n<meta name=\"twitter:label1\" content=\"Escrito por\" \/>\n\t<meta name=\"twitter:data1\" content=\"Lusa\" \/>\n\t<meta name=\"twitter:label2\" content=\"Tempo estimado de leitura\" \/>\n\t<meta name=\"twitter:data2\" content=\"3 minutos\" \/>\n<script type=\"application\/ld+json\" class=\"yoast-schema-graph\">{\"@context\":\"https:\\\/\\\/schema.org\",\"@graph\":[{\"@type\":\"Article\",\"@id\":\"https:\\\/\\\/www.altominho.tv\\\/site\\\/2023\\\/10\\\/12\\\/associacoes-empresariais-do-alto-minho-e-galiza-querem-apresentar-economia-da-euro-regiao-como-mercado-unico\\\/#article\",\"isPartOf\":{\"@id\":\"https:\\\/\\\/www.altominho.tv\\\/site\\\/2023\\\/10\\\/12\\\/associacoes-empresariais-do-alto-minho-e-galiza-querem-apresentar-economia-da-euro-regiao-como-mercado-unico\\\/\"},\"author\":{\"name\":\"Lusa\",\"@id\":\"https:\\\/\\\/www.altominho.tv\\\/site\\\/#\\\/schema\\\/person\\\/63f693da3e1899361cbe955c46f3232e\"},\"headline\":\"Associa\u00e7\u00f5es empresariais do Alto Minho e Galiza querem apresentar economia da Euro-Regi\u00e3o\u00a0como &#8220;mercado \u00fanico&#8221;\",\"datePublished\":\"2023-10-12T14:15:05+00:00\",\"dateModified\":\"2023-10-12T14:15:09+00:00\",\"mainEntityOfPage\":{\"@id\":\"https:\\\/\\\/www.altominho.tv\\\/site\\\/2023\\\/10\\\/12\\\/associacoes-empresariais-do-alto-minho-e-galiza-querem-apresentar-economia-da-euro-regiao-como-mercado-unico\\\/\"},\"wordCount\":458,\"image\":{\"@id\":\"https:\\\/\\\/www.altominho.tv\\\/site\\\/2023\\\/10\\\/12\\\/associacoes-empresariais-do-alto-minho-e-galiza-querem-apresentar-economia-da-euro-regiao-como-mercado-unico\\\/#primaryimage\"},\"thumbnailUrl\":\"https:\\\/\\\/www.altominho.tv\\\/site\\\/wp-content\\\/uploads\\\/2023\\\/10\\\/cooperacao.jpeg\",\"keywords\":[\"Economia\"],\"articleSection\":[\"Alto Minho\"],\"inLanguage\":\"pt-PT\",\"copyrightYear\":\"2023\",\"copyrightHolder\":{\"@id\":\"https:\\\/\\\/www.altominho.tv\\\/site\\\/#organization\"}},{\"@type\":\"WebPage\",\"@id\":\"https:\\\/\\\/www.altominho.tv\\\/site\\\/2023\\\/10\\\/12\\\/associacoes-empresariais-do-alto-minho-e-galiza-querem-apresentar-economia-da-euro-regiao-como-mercado-unico\\\/\",\"url\":\"https:\\\/\\\/www.altominho.tv\\\/site\\\/2023\\\/10\\\/12\\\/associacoes-empresariais-do-alto-minho-e-galiza-querem-apresentar-economia-da-euro-regiao-como-mercado-unico\\\/\",\"name\":\"Associa\u00e7\u00f5es empresariais do Alto Minho e Galiza querem apresentar economia da Euro-Regi\u00e3o\u00a0como \\\"mercado \u00fanico\\\"\",\"isPartOf\":{\"@id\":\"https:\\\/\\\/www.altominho.tv\\\/site\\\/#website\"},\"primaryImageOfPage\":{\"@id\":\"https:\\\/\\\/www.altominho.tv\\\/site\\\/2023\\\/10\\\/12\\\/associacoes-empresariais-do-alto-minho-e-galiza-querem-apresentar-economia-da-euro-regiao-como-mercado-unico\\\/#primaryimage\"},\"image\":{\"@id\":\"https:\\\/\\\/www.altominho.tv\\\/site\\\/2023\\\/10\\\/12\\\/associacoes-empresariais-do-alto-minho-e-galiza-querem-apresentar-economia-da-euro-regiao-como-mercado-unico\\\/#primaryimage\"},\"thumbnailUrl\":\"https:\\\/\\\/www.altominho.tv\\\/site\\\/wp-content\\\/uploads\\\/2023\\\/10\\\/cooperacao.jpeg\",\"datePublished\":\"2023-10-12T14:15:05+00:00\",\"dateModified\":\"2023-10-12T14:15:09+00:00\",\"author\":{\"@id\":\"https:\\\/\\\/www.altominho.tv\\\/site\\\/#\\\/schema\\\/person\\\/63f693da3e1899361cbe955c46f3232e\"},\"description\":\"Associa\u00e7\u00f5es empresariais do Alto Minho e de Tui, na Galiza, criaram um Agrupamento Europeu de Interesse Econ\u00f3mico para dinamizar a economia da euro-regi\u00e3o e apresent\u00e1-la como \u201cmercado \u00fanico\u201d, disse hoje \u00e0 Lusa a Confedera\u00e7\u00e3o Empresarial do Alto Minho (CEVAL).\",\"breadcrumb\":{\"@id\":\"https:\\\/\\\/www.altominho.tv\\\/site\\\/2023\\\/10\\\/12\\\/associacoes-empresariais-do-alto-minho-e-galiza-querem-apresentar-economia-da-euro-regiao-como-mercado-unico\\\/#breadcrumb\"},\"inLanguage\":\"pt-PT\",\"potentialAction\":[{\"@type\":\"ReadAction\",\"target\":[\"https:\\\/\\\/www.altominho.tv\\\/site\\\/2023\\\/10\\\/12\\\/associacoes-empresariais-do-alto-minho-e-galiza-querem-apresentar-economia-da-euro-regiao-como-mercado-unico\\\/\"]}]},{\"@type\":\"ImageObject\",\"inLanguage\":\"pt-PT\",\"@id\":\"https:\\\/\\\/www.altominho.tv\\\/site\\\/2023\\\/10\\\/12\\\/associacoes-empresariais-do-alto-minho-e-galiza-querem-apresentar-economia-da-euro-regiao-como-mercado-unico\\\/#primaryimage\",\"url\":\"https:\\\/\\\/www.altominho.tv\\\/site\\\/wp-content\\\/uploads\\\/2023\\\/10\\\/cooperacao.jpeg\",\"contentUrl\":\"https:\\\/\\\/www.altominho.tv\\\/site\\\/wp-content\\\/uploads\\\/2023\\\/10\\\/cooperacao.jpeg\",\"width\":1280,\"height\":664},{\"@type\":\"BreadcrumbList\",\"@id\":\"https:\\\/\\\/www.altominho.tv\\\/site\\\/2023\\\/10\\\/12\\\/associacoes-empresariais-do-alto-minho-e-galiza-querem-apresentar-economia-da-euro-regiao-como-mercado-unico\\\/#breadcrumb\",\"itemListElement\":[{\"@type\":\"ListItem\",\"position\":1,\"name\":\"In\u00edcio\",\"item\":\"https:\\\/\\\/www.altominho.tv\\\/site\\\/\"},{\"@type\":\"ListItem\",\"position\":2,\"name\":\"Associa\u00e7\u00f5es empresariais do Alto Minho e Galiza querem apresentar economia da Euro-Regi\u00e3o\u00a0como &#8220;mercado \u00fanico&#8221;\"}]},{\"@type\":\"WebSite\",\"@id\":\"https:\\\/\\\/www.altominho.tv\\\/site\\\/#website\",\"url\":\"https:\\\/\\\/www.altominho.tv\\\/site\\\/\",\"name\":\"Altominho.tv\",\"description\":\"A sua regi\u00e3o \u00e0 dist\u00e2ncia de um clique...\",\"potentialAction\":[{\"@type\":\"SearchAction\",\"target\":{\"@type\":\"EntryPoint\",\"urlTemplate\":\"https:\\\/\\\/www.altominho.tv\\\/site\\\/?s={search_term_string}\"},\"query-input\":{\"@type\":\"PropertyValueSpecification\",\"valueRequired\":true,\"valueName\":\"search_term_string\"}}],\"inLanguage\":\"pt-PT\"},{\"@type\":\"Person\",\"@id\":\"https:\\\/\\\/www.altominho.tv\\\/site\\\/#\\\/schema\\\/person\\\/63f693da3e1899361cbe955c46f3232e\",\"name\":\"Lusa\",\"image\":{\"@type\":\"ImageObject\",\"inLanguage\":\"pt-PT\",\"@id\":\"https:\\\/\\\/www.altominho.tv\\\/site\\\/wp-content\\\/uploads\\\/2019\\\/08\\\/LUSA_Logo.gif\",\"url\":\"https:\\\/\\\/www.altominho.tv\\\/site\\\/wp-content\\\/uploads\\\/2019\\\/08\\\/LUSA_Logo.gif\",\"contentUrl\":\"https:\\\/\\\/www.altominho.tv\\\/site\\\/wp-content\\\/uploads\\\/2019\\\/08\\\/LUSA_Logo.gif\",\"caption\":\"Lusa\"},\"sameAs\":[\"http:\\\/\\\/\\\/\\\/www.altominho.tv\\\/site\"],\"url\":\"https:\\\/\\\/www.altominho.tv\\\/site\\\/author\\\/lusa\\\/\"}]}<\/script>\n<!-- \/ Yoast SEO Premium plugin. -->","yoast_head_json":{"title":"Associa\u00e7\u00f5es empresariais do Alto Minho e Galiza querem apresentar economia da Euro-Regi\u00e3o\u00a0como \"mercado \u00fanico\"","description":"Associa\u00e7\u00f5es empresariais do Alto Minho e de Tui, na Galiza, criaram um Agrupamento Europeu de Interesse Econ\u00f3mico para dinamizar a economia da euro-regi\u00e3o e apresent\u00e1-la como \u201cmercado \u00fanico\u201d, disse hoje \u00e0 Lusa a Confedera\u00e7\u00e3o Empresarial do Alto Minho (CEVAL).","robots":{"index":"index","follow":"follow","max-snippet":"max-snippet:-1","max-image-preview":"max-image-preview:large","max-video-preview":"max-video-preview:-1"},"canonical":"https:\/\/www.altominho.tv\/site\/2023\/10\/12\/associacoes-empresariais-do-alto-minho-e-galiza-querem-apresentar-economia-da-euro-regiao-como-mercado-unico\/","og_locale":"pt_PT","og_type":"article","og_title":"Associa\u00e7\u00f5es empresariais do Alto Minho e Galiza querem apresentar economia da Euro-Regi\u00e3o\u00a0como \"mercado \u00fanico\"","og_description":"Associa\u00e7\u00f5es empresariais do Alto Minho e de Tui, na Galiza, criaram um Agrupamento Europeu de Interesse Econ\u00f3mico para dinamizar a economia da euro-regi\u00e3o e apresent\u00e1-la como \u201cmercado \u00fanico\u201d, disse hoje \u00e0 Lusa a Confedera\u00e7\u00e3o Empresarial do Alto Minho (CEVAL).","og_url":"https:\/\/www.altominho.tv\/site\/2023\/10\/12\/associacoes-empresariais-do-alto-minho-e-galiza-querem-apresentar-economia-da-euro-regiao-como-mercado-unico\/","og_site_name":"Altominho.tv","article_publisher":"https:\/\/www.facebook.com\/altominhotv","article_published_time":"2023-10-12T14:15:05+00:00","article_modified_time":"2023-10-12T14:15:09+00:00","og_image":[{"width":1280,"height":664,"url":"https:\/\/www.altominho.tv\/site\/wp-content\/uploads\/2023\/10\/cooperacao.jpeg","type":"image\/jpeg"}],"author":"Lusa","twitter_card":"summary_large_image","twitter_creator":"@altominhoTV","twitter_site":"@altominhoTV","twitter_misc":{"Escrito por":"Lusa","Tempo estimado de leitura":"3 minutos"},"schema":{"@context":"https:\/\/schema.org","@graph":[{"@type":"Article","@id":"https:\/\/www.altominho.tv\/site\/2023\/10\/12\/associacoes-empresariais-do-alto-minho-e-galiza-querem-apresentar-economia-da-euro-regiao-como-mercado-unico\/#article","isPartOf":{"@id":"https:\/\/www.altominho.tv\/site\/2023\/10\/12\/associacoes-empresariais-do-alto-minho-e-galiza-querem-apresentar-economia-da-euro-regiao-como-mercado-unico\/"},"author":{"name":"Lusa","@id":"https:\/\/www.altominho.tv\/site\/#\/schema\/person\/63f693da3e1899361cbe955c46f3232e"},"headline":"Associa\u00e7\u00f5es empresariais do Alto Minho e Galiza querem apresentar economia da Euro-Regi\u00e3o\u00a0como &#8220;mercado \u00fanico&#8221;","datePublished":"2023-10-12T14:15:05+00:00","dateModified":"2023-10-12T14:15:09+00:00","mainEntityOfPage":{"@id":"https:\/\/www.altominho.tv\/site\/2023\/10\/12\/associacoes-empresariais-do-alto-minho-e-galiza-querem-apresentar-economia-da-euro-regiao-como-mercado-unico\/"},"wordCount":458,"image":{"@id":"https:\/\/www.altominho.tv\/site\/2023\/10\/12\/associacoes-empresariais-do-alto-minho-e-galiza-querem-apresentar-economia-da-euro-regiao-como-mercado-unico\/#primaryimage"},"thumbnailUrl":"https:\/\/www.altominho.tv\/site\/wp-content\/uploads\/2023\/10\/cooperacao.jpeg","keywords":["Economia"],"articleSection":["Alto Minho"],"inLanguage":"pt-PT","copyrightYear":"2023","copyrightHolder":{"@id":"https:\/\/www.altominho.tv\/site\/#organization"}},{"@type":"WebPage","@id":"https:\/\/www.altominho.tv\/site\/2023\/10\/12\/associacoes-empresariais-do-alto-minho-e-galiza-querem-apresentar-economia-da-euro-regiao-como-mercado-unico\/","url":"https:\/\/www.altominho.tv\/site\/2023\/10\/12\/associacoes-empresariais-do-alto-minho-e-galiza-querem-apresentar-economia-da-euro-regiao-como-mercado-unico\/","name":"Associa\u00e7\u00f5es empresariais do Alto Minho e Galiza querem apresentar economia da Euro-Regi\u00e3o\u00a0como \"mercado \u00fanico\"","isPartOf":{"@id":"https:\/\/www.altominho.tv\/site\/#website"},"primaryImageOfPage":{"@id":"https:\/\/www.altominho.tv\/site\/2023\/10\/12\/associacoes-empresariais-do-alto-minho-e-galiza-querem-apresentar-economia-da-euro-regiao-como-mercado-unico\/#primaryimage"},"image":{"@id":"https:\/\/www.altominho.tv\/site\/2023\/10\/12\/associacoes-empresariais-do-alto-minho-e-galiza-querem-apresentar-economia-da-euro-regiao-como-mercado-unico\/#primaryimage"},"thumbnailUrl":"https:\/\/www.altominho.tv\/site\/wp-content\/uploads\/2023\/10\/cooperacao.jpeg","datePublished":"2023-10-12T14:15:05+00:00","dateModified":"2023-10-12T14:15:09+00:00","author":{"@id":"https:\/\/www.altominho.tv\/site\/#\/schema\/person\/63f693da3e1899361cbe955c46f3232e"},"description":"Associa\u00e7\u00f5es empresariais do Alto Minho e de Tui, na Galiza, criaram um Agrupamento Europeu de Interesse Econ\u00f3mico para dinamizar a economia da euro-regi\u00e3o e apresent\u00e1-la como \u201cmercado \u00fanico\u201d, disse hoje \u00e0 Lusa a Confedera\u00e7\u00e3o Empresarial do Alto Minho (CEVAL).","breadcrumb":{"@id":"https:\/\/www.altominho.tv\/site\/2023\/10\/12\/associacoes-empresariais-do-alto-minho-e-galiza-querem-apresentar-economia-da-euro-regiao-como-mercado-unico\/#breadcrumb"},"inLanguage":"pt-PT","potentialAction":[{"@type":"ReadAction","target":["https:\/\/www.altominho.tv\/site\/2023\/10\/12\/associacoes-empresariais-do-alto-minho-e-galiza-querem-apresentar-economia-da-euro-regiao-como-mercado-unico\/"]}]},{"@type":"ImageObject","inLanguage":"pt-PT","@id":"https:\/\/www.altominho.tv\/site\/2023\/10\/12\/associacoes-empresariais-do-alto-minho-e-galiza-querem-apresentar-economia-da-euro-regiao-como-mercado-unico\/#primaryimage","url":"https:\/\/www.altominho.tv\/site\/wp-content\/uploads\/2023\/10\/cooperacao.jpeg","contentUrl":"https:\/\/www.altominho.tv\/site\/wp-content\/uploads\/2023\/10\/cooperacao.jpeg","width":1280,"height":664},{"@type":"BreadcrumbList","@id":"https:\/\/www.altominho.tv\/site\/2023\/10\/12\/associacoes-empresariais-do-alto-minho-e-galiza-querem-apresentar-economia-da-euro-regiao-como-mercado-unico\/#breadcrumb","itemListElement":[{"@type":"ListItem","position":1,"name":"In\u00edcio","item":"https:\/\/www.altominho.tv\/site\/"},{"@type":"ListItem","position":2,"name":"Associa\u00e7\u00f5es empresariais do Alto Minho e Galiza querem apresentar economia da Euro-Regi\u00e3o\u00a0como &#8220;mercado \u00fanico&#8221;"}]},{"@type":"WebSite","@id":"https:\/\/www.altominho.tv\/site\/#website","url":"https:\/\/www.altominho.tv\/site\/","name":"Altominho.tv","description":"A sua regi\u00e3o \u00e0 dist\u00e2ncia de um clique...","potentialAction":[{"@type":"SearchAction","target":{"@type":"EntryPoint","urlTemplate":"https:\/\/www.altominho.tv\/site\/?s={search_term_string}"},"query-input":{"@type":"PropertyValueSpecification","valueRequired":true,"valueName":"search_term_string"}}],"inLanguage":"pt-PT"},{"@type":"Person","@id":"https:\/\/www.altominho.tv\/site\/#\/schema\/person\/63f693da3e1899361cbe955c46f3232e","name":"Lusa","image":{"@type":"ImageObject","inLanguage":"pt-PT","@id":"https:\/\/www.altominho.tv\/site\/wp-content\/uploads\/2019\/08\/LUSA_Logo.gif","url":"https:\/\/www.altominho.tv\/site\/wp-content\/uploads\/2019\/08\/LUSA_Logo.gif","contentUrl":"https:\/\/www.altominho.tv\/site\/wp-content\/uploads\/2019\/08\/LUSA_Logo.gif","caption":"Lusa"},"sameAs":["http:\/\/\/\/www.altominho.tv\/site"],"url":"https:\/\/www.altominho.tv\/site\/author\/lusa\/"}]}},"_links":{"self":[{"href":"https:\/\/www.altominho.tv\/site\/wp-json\/wp\/v2\/posts\/97534","targetHints":{"allow":["GET"]}}],"collection":[{"href":"https:\/\/www.altominho.tv\/site\/wp-json\/wp\/v2\/posts"}],"about":[{"href":"https:\/\/www.altominho.tv\/site\/wp-json\/wp\/v2\/types\/post"}],"author":[{"embeddable":true,"href":"https:\/\/www.altominho.tv\/site\/wp-json\/wp\/v2\/users\/13"}],"replies":[{"embeddable":true,"href":"https:\/\/www.altominho.tv\/site\/wp-json\/wp\/v2\/comments?post=97534"}],"version-history":[{"count":1,"href":"https:\/\/www.altominho.tv\/site\/wp-json\/wp\/v2\/posts\/97534\/revisions"}],"predecessor-version":[{"id":97537,"href":"https:\/\/www.altominho.tv\/site\/wp-json\/wp\/v2\/posts\/97534\/revisions\/97537"}],"wp:featuredmedia":[{"embeddable":true,"href":"https:\/\/www.altominho.tv\/site\/wp-json\/wp\/v2\/media\/97535"}],"wp:attachment":[{"href":"https:\/\/www.altominho.tv\/site\/wp-json\/wp\/v2\/media?parent=97534"}],"wp:term":[{"taxonomy":"category","embeddable":true,"href":"https:\/\/www.altominho.tv\/site\/wp-json\/wp\/v2\/categories?post=97534"},{"taxonomy":"post_tag","embeddable":true,"href":"https:\/\/www.altominho.tv\/site\/wp-json\/wp\/v2\/tags?post=97534"}],"curies":[{"name":"wp","href":"https:\/\/api.w.org\/{rel}","templated":true}]}}