{"id":97511,"date":"2023-10-12T11:35:00","date_gmt":"2023-10-12T10:35:00","guid":{"rendered":"https:\/\/www.altominho.tv\/site\/?p=97511"},"modified":"2023-10-12T11:35:04","modified_gmt":"2023-10-12T10:35:04","slug":"caminha-dinamiza-i-semana-senior-em-outubro","status":"publish","type":"post","link":"https:\/\/www.altominho.tv\/site\/2023\/10\/12\/caminha-dinamiza-i-semana-senior-em-outubro\/","title":{"rendered":"Caminha dinamiza I Semana S\u00e9nior em outubro"},"content":{"rendered":"<p class=\"p1\">O Munic\u00edpio de Caminha vai promover a I Semana S\u00e9nior do Concelho de 23 a 27 de outubro, com um leque de iniciativas dirigidas para a comunidade s\u00e9nior, mas tamb\u00e9m para a comunidade em geral.<\/p>\n<p class=\"p1\">Destaque para inaugura\u00e7\u00e3o da exposi\u00e7\u00e3o \u201cTra\u00e7os\u201d e confer\u00eancia \u201cA Realidade do Envelhecimento, as suas Grandezas e Fragilidades\u201d com o orador Sobrinho Sim\u00f5es.<\/p>\n<p class=\"p1\">O Munic\u00edpio est\u00e1 a designar o m\u00eas de outubro como o \u201cM\u00eas S\u00e9nior\u201d, tendo para isso organizado um conjunto de atividades para os mais idosos, entre as quais a I Semana S\u00e9nior.<\/p>\n<p class=\"p1\">Sobre esta semana dedicada \u00e0 popula\u00e7\u00e3o s\u00e9nior, a vereadora Sandra Fernandes sublinha que \u201cestamos empenhados em construir uma sociedade cada vez mais justa, coesa, inclusiva e segura para todos e reconhecendo a import\u00e2ncia das quest\u00f5es da longevidade \u00e9 priorit\u00e1ria para este executivo a Promo\u00e7\u00e3o do Envelhecimento Ativo\u201d.<\/p>\n<p class=\"p1\">Nesse sentido e em parceria com todas as IPSS do concelho na \u00e1rea da terceira idade, a C\u00e2mara Municipal de Caminha \u201corgulha-se de organizar a I Semana S\u00e9nior do Concelho. Oferecemos aos nossos seniores um programa diversificado, onde inclu\u00edmos a sa\u00fade e bem-estar, a seguran\u00e7a, a cultura e o lazer.\u00a0 \u00c9 tamb\u00e9m um momento de agradecimento, e reconhecimento p\u00fablico, pelo conhecimento, pelo saber e pelo trabalho desenvolvido pelas pessoas em idade maior do nosso concelho\u201d, salienta ainda a autarca.<\/p>\n<p class=\"p1\">A semana arranca no dia 23 de outubro com a sess\u00e3o de abertura &#8220;\u00c0 Conversa: O que \u00e9 ser idoso hoje e amanh\u00e3\u201d, seguido de um momento musical pela Academia de M\u00fasica Fernandes F\u00e3o, no Teatro Municipal de Caminha.<\/p>\n<p class=\"p1\">\u00c9 inaugurada a exposi\u00e7\u00e3o de fotografia \u201cTra\u00e7os\u201d, \u00e0s 11h30, onde est\u00e3o expostas cerca de duas centenas de imagens de idosos enquadrados nas diferentes respostas do concelho, sejam centros de dias como centros de conv\u00edvio, entre outros.<\/p>\n<p>Para dia 24, est\u00e1 marcada a a\u00e7\u00e3o de sensibiliza\u00e7\u00e3o \u201cPreven\u00e7\u00e3o de Burlas\u201d, no audit\u00f3rio do Museu Municiapl de Caminha, pelas 14h30. Neste dia, h\u00e1 ainda desporto s\u00e9nior no Pavilh\u00e3o Municipal de Caminha, \u00e0s 10h00 e, por fim, o ateli\u00ea &#8220;Yoga do riso&#8221; na Sociedade de Instru\u00e7\u00e3o e Recreio Ancorense, em Vila Praia de \u00c2ncora, pelas 19H00.<\/p>\n<p class=\"p1\">O dia 25 \u00e9 preenchido com os Workshops Art\u00edsticos de dan\u00e7a, dinamizados pelo Etnogr\u00e1fico de Vila Praia de \u00c2ncora e de m\u00fasica, pela Academia de M\u00fasica Fernandes F\u00e3o. Para al\u00e9m disso, existem ainda workshops de pintura, pela artista Isabel Lima. Estes momentos decorrer\u00e3o nas IPSS\u2019S.<\/p>\n<p class=\"p1\">Da parte da tarde, o audit\u00f3rio do Centro Social e Cultural de Vila Praia de \u00c2ncora vai receber mais uma edi\u00e7\u00e3o das Olimp\u00edadas do Conhecimento.<\/p>\n<p class=\"p1\">No dia 26 de outubro, de manh\u00e3, as IPSS\u2019S acolhem novamente os workshops art\u00edsticos de dan\u00e7a, m\u00fasica, e de pintura. Da parte da tarde, ter\u00e1 lugar a confer\u00eancia \u201cA Realidade do Envelhecimento, as suas Grandezas e Fragilidades\u201d com o orador Sobrinho Sim\u00f5es e a moderadora Carla Faria. A confer\u00eancia \u00e9 aberta \u00e0 comunidade, ter\u00e1 lugar pela 16H00, no Audit\u00f3rio Dr. Ramos Pereira, em Vila Praia de Ancora mas carece de inscri\u00e7\u00e3o.<\/p>\n<p class=\"p1\">\u00c0 noite, pelas 21H00, o Pavilh\u00e3o Municipal de Caminha acolher\u00e1 mais um ateli\u00ea do yoga do riso, para cuidadores formais e informais. No dia 27 de outubro, as IPSS\u2019S voltar\u00e3o a receber os workshops art\u00edsticos de dan\u00e7a, m\u00fasica, e de pintura.<\/p>\n<p class=\"p1\">A I Semana S\u00e9nior vai encerrar com o espet\u00e1culo musical \u201cSiga a Farra\u201d, a partir das 14H30, no Pavilh\u00e3o Municipal de Caminha \u2013 Fernando Lima. A entrada \u00e9 livre e \u00e9 aberto \u00e0 comunidade.<\/p>\n","protected":false},"excerpt":{"rendered":"<p>O Munic\u00edpio de Caminha vai promover a I Semana S\u00e9nior do Concelho de 23 a 27 de outubro, com um leque de iniciativas dirigidas para a comunidade s\u00e9nior, mas tamb\u00e9m para a comunidade em geral. Destaque para inaugura\u00e7\u00e3o da exposi\u00e7\u00e3o \u201cTra\u00e7os\u201d e confer\u00eancia \u201cA Realidade do Envelhecimento, as suas Grandezas e Fragilidades\u201d com o orador [&hellip;]<\/p>\n","protected":false},"author":28,"featured_media":97512,"comment_status":"closed","ping_status":"closed","sticky":false,"template":"","format":"standard","meta":{"_exactmetrics_skip_tracking":false,"_exactmetrics_sitenote_active":false,"_exactmetrics_sitenote_note":"","_exactmetrics_sitenote_category":0,"footnotes":""},"categories":[7],"tags":[23,24,27],"class_list":["post-97511","post","type-post","status-publish","format-standard","has-post-thumbnail","hentry","category-caminha","tag-gente","tag-lazer","tag-sociedade"],"yoast_head":"<!-- This site is optimized with the Yoast SEO Premium plugin v27.5 (Yoast SEO v27.5) - https:\/\/yoast.com\/product\/yoast-seo-premium-wordpress\/ -->\n<title>Caminha dinamiza I Semana S\u00e9nior em outubro<\/title>\n<meta name=\"description\" content=\"O Munic\u00edpio de Caminha vai promover a I Semana S\u00e9nior do Concelho de 23 a 27 de outubro, com um leque de iniciativas dirigidas para a comunidade s\u00e9nior, mas tamb\u00e9m para a comunidade em geral\" \/>\n<meta name=\"robots\" content=\"index, follow, max-snippet:-1, max-image-preview:large, max-video-preview:-1\" \/>\n<link rel=\"canonical\" href=\"https:\/\/www.altominho.tv\/site\/2023\/10\/12\/caminha-dinamiza-i-semana-senior-em-outubro\/\" \/>\n<meta property=\"og:locale\" content=\"pt_PT\" \/>\n<meta property=\"og:type\" content=\"article\" \/>\n<meta property=\"og:title\" content=\"Caminha dinamiza I Semana S\u00e9nior em outubro\" \/>\n<meta property=\"og:description\" content=\"O Munic\u00edpio de Caminha vai promover a I Semana S\u00e9nior do Concelho de 23 a 27 de outubro, com um leque de iniciativas dirigidas para a comunidade s\u00e9nior, mas tamb\u00e9m para a comunidade em geral\" \/>\n<meta property=\"og:url\" content=\"https:\/\/www.altominho.tv\/site\/2023\/10\/12\/caminha-dinamiza-i-semana-senior-em-outubro\/\" \/>\n<meta property=\"og:site_name\" content=\"Altominho.tv\" \/>\n<meta property=\"article:publisher\" content=\"https:\/\/www.facebook.com\/altominhotv\" \/>\n<meta property=\"article:published_time\" content=\"2023-10-12T10:35:00+00:00\" \/>\n<meta property=\"article:modified_time\" content=\"2023-10-12T10:35:04+00:00\" \/>\n<meta property=\"og:image\" content=\"https:\/\/www.altominho.tv\/site\/wp-content\/uploads\/2023\/10\/maxresdefault.jpeg\" \/>\n\t<meta property=\"og:image:width\" content=\"1280\" \/>\n\t<meta property=\"og:image:height\" content=\"720\" \/>\n\t<meta property=\"og:image:type\" content=\"image\/jpeg\" \/>\n<meta name=\"author\" content=\"Beatriz Lira\" \/>\n<meta name=\"twitter:card\" content=\"summary_large_image\" \/>\n<meta name=\"twitter:creator\" content=\"@altominhoTV\" \/>\n<meta name=\"twitter:site\" content=\"@altominhoTV\" \/>\n<meta name=\"twitter:label1\" content=\"Escrito por\" \/>\n\t<meta name=\"twitter:data1\" content=\"Beatriz Lira\" \/>\n\t<meta name=\"twitter:label2\" content=\"Tempo estimado de leitura\" \/>\n\t<meta name=\"twitter:data2\" content=\"4 minutos\" \/>\n<script type=\"application\/ld+json\" class=\"yoast-schema-graph\">{\"@context\":\"https:\\\/\\\/schema.org\",\"@graph\":[{\"@type\":\"Article\",\"@id\":\"https:\\\/\\\/www.altominho.tv\\\/site\\\/2023\\\/10\\\/12\\\/caminha-dinamiza-i-semana-senior-em-outubro\\\/#article\",\"isPartOf\":{\"@id\":\"https:\\\/\\\/www.altominho.tv\\\/site\\\/2023\\\/10\\\/12\\\/caminha-dinamiza-i-semana-senior-em-outubro\\\/\"},\"author\":{\"name\":\"Beatriz Lira\",\"@id\":\"https:\\\/\\\/www.altominho.tv\\\/site\\\/#\\\/schema\\\/person\\\/f95a2097796cf4462fe1e476cddc40e4\"},\"headline\":\"Caminha dinamiza I Semana S\u00e9nior em outubro\",\"datePublished\":\"2023-10-12T10:35:00+00:00\",\"dateModified\":\"2023-10-12T10:35:04+00:00\",\"mainEntityOfPage\":{\"@id\":\"https:\\\/\\\/www.altominho.tv\\\/site\\\/2023\\\/10\\\/12\\\/caminha-dinamiza-i-semana-senior-em-outubro\\\/\"},\"wordCount\":620,\"image\":{\"@id\":\"https:\\\/\\\/www.altominho.tv\\\/site\\\/2023\\\/10\\\/12\\\/caminha-dinamiza-i-semana-senior-em-outubro\\\/#primaryimage\"},\"thumbnailUrl\":\"https:\\\/\\\/www.altominho.tv\\\/site\\\/wp-content\\\/uploads\\\/2023\\\/10\\\/maxresdefault.jpeg\",\"keywords\":[\"Gente\",\"Lazer\",\"Sociedade\"],\"articleSection\":[\"Caminha\"],\"inLanguage\":\"pt-PT\",\"copyrightYear\":\"2023\",\"copyrightHolder\":{\"@id\":\"https:\\\/\\\/www.altominho.tv\\\/site\\\/#organization\"}},{\"@type\":\"WebPage\",\"@id\":\"https:\\\/\\\/www.altominho.tv\\\/site\\\/2023\\\/10\\\/12\\\/caminha-dinamiza-i-semana-senior-em-outubro\\\/\",\"url\":\"https:\\\/\\\/www.altominho.tv\\\/site\\\/2023\\\/10\\\/12\\\/caminha-dinamiza-i-semana-senior-em-outubro\\\/\",\"name\":\"Caminha dinamiza I Semana S\u00e9nior em outubro\",\"isPartOf\":{\"@id\":\"https:\\\/\\\/www.altominho.tv\\\/site\\\/#website\"},\"primaryImageOfPage\":{\"@id\":\"https:\\\/\\\/www.altominho.tv\\\/site\\\/2023\\\/10\\\/12\\\/caminha-dinamiza-i-semana-senior-em-outubro\\\/#primaryimage\"},\"image\":{\"@id\":\"https:\\\/\\\/www.altominho.tv\\\/site\\\/2023\\\/10\\\/12\\\/caminha-dinamiza-i-semana-senior-em-outubro\\\/#primaryimage\"},\"thumbnailUrl\":\"https:\\\/\\\/www.altominho.tv\\\/site\\\/wp-content\\\/uploads\\\/2023\\\/10\\\/maxresdefault.jpeg\",\"datePublished\":\"2023-10-12T10:35:00+00:00\",\"dateModified\":\"2023-10-12T10:35:04+00:00\",\"author\":{\"@id\":\"https:\\\/\\\/www.altominho.tv\\\/site\\\/#\\\/schema\\\/person\\\/f95a2097796cf4462fe1e476cddc40e4\"},\"description\":\"O Munic\u00edpio de Caminha vai promover a I Semana S\u00e9nior do Concelho de 23 a 27 de outubro, com um leque de iniciativas dirigidas para a comunidade s\u00e9nior, mas tamb\u00e9m para a comunidade em geral\",\"breadcrumb\":{\"@id\":\"https:\\\/\\\/www.altominho.tv\\\/site\\\/2023\\\/10\\\/12\\\/caminha-dinamiza-i-semana-senior-em-outubro\\\/#breadcrumb\"},\"inLanguage\":\"pt-PT\",\"potentialAction\":[{\"@type\":\"ReadAction\",\"target\":[\"https:\\\/\\\/www.altominho.tv\\\/site\\\/2023\\\/10\\\/12\\\/caminha-dinamiza-i-semana-senior-em-outubro\\\/\"]}]},{\"@type\":\"ImageObject\",\"inLanguage\":\"pt-PT\",\"@id\":\"https:\\\/\\\/www.altominho.tv\\\/site\\\/2023\\\/10\\\/12\\\/caminha-dinamiza-i-semana-senior-em-outubro\\\/#primaryimage\",\"url\":\"https:\\\/\\\/www.altominho.tv\\\/site\\\/wp-content\\\/uploads\\\/2023\\\/10\\\/maxresdefault.jpeg\",\"contentUrl\":\"https:\\\/\\\/www.altominho.tv\\\/site\\\/wp-content\\\/uploads\\\/2023\\\/10\\\/maxresdefault.jpeg\",\"width\":1280,\"height\":720},{\"@type\":\"BreadcrumbList\",\"@id\":\"https:\\\/\\\/www.altominho.tv\\\/site\\\/2023\\\/10\\\/12\\\/caminha-dinamiza-i-semana-senior-em-outubro\\\/#breadcrumb\",\"itemListElement\":[{\"@type\":\"ListItem\",\"position\":1,\"name\":\"In\u00edcio\",\"item\":\"https:\\\/\\\/www.altominho.tv\\\/site\\\/\"},{\"@type\":\"ListItem\",\"position\":2,\"name\":\"Caminha dinamiza I Semana S\u00e9nior em outubro\"}]},{\"@type\":\"WebSite\",\"@id\":\"https:\\\/\\\/www.altominho.tv\\\/site\\\/#website\",\"url\":\"https:\\\/\\\/www.altominho.tv\\\/site\\\/\",\"name\":\"Altominho.tv\",\"description\":\"A sua regi\u00e3o \u00e0 dist\u00e2ncia de um clique...\",\"potentialAction\":[{\"@type\":\"SearchAction\",\"target\":{\"@type\":\"EntryPoint\",\"urlTemplate\":\"https:\\\/\\\/www.altominho.tv\\\/site\\\/?s={search_term_string}\"},\"query-input\":{\"@type\":\"PropertyValueSpecification\",\"valueRequired\":true,\"valueName\":\"search_term_string\"}}],\"inLanguage\":\"pt-PT\"},{\"@type\":\"Person\",\"@id\":\"https:\\\/\\\/www.altominho.tv\\\/site\\\/#\\\/schema\\\/person\\\/f95a2097796cf4462fe1e476cddc40e4\",\"name\":\"Beatriz Lira\",\"image\":{\"@type\":\"ImageObject\",\"inLanguage\":\"pt-PT\",\"@id\":\"https:\\\/\\\/www.altominho.tv\\\/site\\\/wp-content\\\/uploads\\\/2023\\\/03\\\/Screenshot_20230306-141220_Photos-150x150.jpg\",\"url\":\"https:\\\/\\\/www.altominho.tv\\\/site\\\/wp-content\\\/uploads\\\/2023\\\/03\\\/Screenshot_20230306-141220_Photos-150x150.jpg\",\"contentUrl\":\"https:\\\/\\\/www.altominho.tv\\\/site\\\/wp-content\\\/uploads\\\/2023\\\/03\\\/Screenshot_20230306-141220_Photos-150x150.jpg\",\"caption\":\"Beatriz Lira\"},\"url\":\"https:\\\/\\\/www.altominho.tv\\\/site\\\/author\\\/beatriz\\\/\"}]}<\/script>\n<!-- \/ Yoast SEO Premium plugin. -->","yoast_head_json":{"title":"Caminha dinamiza I Semana S\u00e9nior em outubro","description":"O Munic\u00edpio de Caminha vai promover a I Semana S\u00e9nior do Concelho de 23 a 27 de outubro, com um leque de iniciativas dirigidas para a comunidade s\u00e9nior, mas tamb\u00e9m para a comunidade em geral","robots":{"index":"index","follow":"follow","max-snippet":"max-snippet:-1","max-image-preview":"max-image-preview:large","max-video-preview":"max-video-preview:-1"},"canonical":"https:\/\/www.altominho.tv\/site\/2023\/10\/12\/caminha-dinamiza-i-semana-senior-em-outubro\/","og_locale":"pt_PT","og_type":"article","og_title":"Caminha dinamiza I Semana S\u00e9nior em outubro","og_description":"O Munic\u00edpio de Caminha vai promover a I Semana S\u00e9nior do Concelho de 23 a 27 de outubro, com um leque de iniciativas dirigidas para a comunidade s\u00e9nior, mas tamb\u00e9m para a comunidade em geral","og_url":"https:\/\/www.altominho.tv\/site\/2023\/10\/12\/caminha-dinamiza-i-semana-senior-em-outubro\/","og_site_name":"Altominho.tv","article_publisher":"https:\/\/www.facebook.com\/altominhotv","article_published_time":"2023-10-12T10:35:00+00:00","article_modified_time":"2023-10-12T10:35:04+00:00","og_image":[{"width":1280,"height":720,"url":"https:\/\/www.altominho.tv\/site\/wp-content\/uploads\/2023\/10\/maxresdefault.jpeg","type":"image\/jpeg"}],"author":"Beatriz Lira","twitter_card":"summary_large_image","twitter_creator":"@altominhoTV","twitter_site":"@altominhoTV","twitter_misc":{"Escrito por":"Beatriz Lira","Tempo estimado de leitura":"4 minutos"},"schema":{"@context":"https:\/\/schema.org","@graph":[{"@type":"Article","@id":"https:\/\/www.altominho.tv\/site\/2023\/10\/12\/caminha-dinamiza-i-semana-senior-em-outubro\/#article","isPartOf":{"@id":"https:\/\/www.altominho.tv\/site\/2023\/10\/12\/caminha-dinamiza-i-semana-senior-em-outubro\/"},"author":{"name":"Beatriz Lira","@id":"https:\/\/www.altominho.tv\/site\/#\/schema\/person\/f95a2097796cf4462fe1e476cddc40e4"},"headline":"Caminha dinamiza I Semana S\u00e9nior em outubro","datePublished":"2023-10-12T10:35:00+00:00","dateModified":"2023-10-12T10:35:04+00:00","mainEntityOfPage":{"@id":"https:\/\/www.altominho.tv\/site\/2023\/10\/12\/caminha-dinamiza-i-semana-senior-em-outubro\/"},"wordCount":620,"image":{"@id":"https:\/\/www.altominho.tv\/site\/2023\/10\/12\/caminha-dinamiza-i-semana-senior-em-outubro\/#primaryimage"},"thumbnailUrl":"https:\/\/www.altominho.tv\/site\/wp-content\/uploads\/2023\/10\/maxresdefault.jpeg","keywords":["Gente","Lazer","Sociedade"],"articleSection":["Caminha"],"inLanguage":"pt-PT","copyrightYear":"2023","copyrightHolder":{"@id":"https:\/\/www.altominho.tv\/site\/#organization"}},{"@type":"WebPage","@id":"https:\/\/www.altominho.tv\/site\/2023\/10\/12\/caminha-dinamiza-i-semana-senior-em-outubro\/","url":"https:\/\/www.altominho.tv\/site\/2023\/10\/12\/caminha-dinamiza-i-semana-senior-em-outubro\/","name":"Caminha dinamiza I Semana S\u00e9nior em outubro","isPartOf":{"@id":"https:\/\/www.altominho.tv\/site\/#website"},"primaryImageOfPage":{"@id":"https:\/\/www.altominho.tv\/site\/2023\/10\/12\/caminha-dinamiza-i-semana-senior-em-outubro\/#primaryimage"},"image":{"@id":"https:\/\/www.altominho.tv\/site\/2023\/10\/12\/caminha-dinamiza-i-semana-senior-em-outubro\/#primaryimage"},"thumbnailUrl":"https:\/\/www.altominho.tv\/site\/wp-content\/uploads\/2023\/10\/maxresdefault.jpeg","datePublished":"2023-10-12T10:35:00+00:00","dateModified":"2023-10-12T10:35:04+00:00","author":{"@id":"https:\/\/www.altominho.tv\/site\/#\/schema\/person\/f95a2097796cf4462fe1e476cddc40e4"},"description":"O Munic\u00edpio de Caminha vai promover a I Semana S\u00e9nior do Concelho de 23 a 27 de outubro, com um leque de iniciativas dirigidas para a comunidade s\u00e9nior, mas tamb\u00e9m para a comunidade em geral","breadcrumb":{"@id":"https:\/\/www.altominho.tv\/site\/2023\/10\/12\/caminha-dinamiza-i-semana-senior-em-outubro\/#breadcrumb"},"inLanguage":"pt-PT","potentialAction":[{"@type":"ReadAction","target":["https:\/\/www.altominho.tv\/site\/2023\/10\/12\/caminha-dinamiza-i-semana-senior-em-outubro\/"]}]},{"@type":"ImageObject","inLanguage":"pt-PT","@id":"https:\/\/www.altominho.tv\/site\/2023\/10\/12\/caminha-dinamiza-i-semana-senior-em-outubro\/#primaryimage","url":"https:\/\/www.altominho.tv\/site\/wp-content\/uploads\/2023\/10\/maxresdefault.jpeg","contentUrl":"https:\/\/www.altominho.tv\/site\/wp-content\/uploads\/2023\/10\/maxresdefault.jpeg","width":1280,"height":720},{"@type":"BreadcrumbList","@id":"https:\/\/www.altominho.tv\/site\/2023\/10\/12\/caminha-dinamiza-i-semana-senior-em-outubro\/#breadcrumb","itemListElement":[{"@type":"ListItem","position":1,"name":"In\u00edcio","item":"https:\/\/www.altominho.tv\/site\/"},{"@type":"ListItem","position":2,"name":"Caminha dinamiza I Semana S\u00e9nior em outubro"}]},{"@type":"WebSite","@id":"https:\/\/www.altominho.tv\/site\/#website","url":"https:\/\/www.altominho.tv\/site\/","name":"Altominho.tv","description":"A sua regi\u00e3o \u00e0 dist\u00e2ncia de um clique...","potentialAction":[{"@type":"SearchAction","target":{"@type":"EntryPoint","urlTemplate":"https:\/\/www.altominho.tv\/site\/?s={search_term_string}"},"query-input":{"@type":"PropertyValueSpecification","valueRequired":true,"valueName":"search_term_string"}}],"inLanguage":"pt-PT"},{"@type":"Person","@id":"https:\/\/www.altominho.tv\/site\/#\/schema\/person\/f95a2097796cf4462fe1e476cddc40e4","name":"Beatriz Lira","image":{"@type":"ImageObject","inLanguage":"pt-PT","@id":"https:\/\/www.altominho.tv\/site\/wp-content\/uploads\/2023\/03\/Screenshot_20230306-141220_Photos-150x150.jpg","url":"https:\/\/www.altominho.tv\/site\/wp-content\/uploads\/2023\/03\/Screenshot_20230306-141220_Photos-150x150.jpg","contentUrl":"https:\/\/www.altominho.tv\/site\/wp-content\/uploads\/2023\/03\/Screenshot_20230306-141220_Photos-150x150.jpg","caption":"Beatriz Lira"},"url":"https:\/\/www.altominho.tv\/site\/author\/beatriz\/"}]}},"_links":{"self":[{"href":"https:\/\/www.altominho.tv\/site\/wp-json\/wp\/v2\/posts\/97511","targetHints":{"allow":["GET"]}}],"collection":[{"href":"https:\/\/www.altominho.tv\/site\/wp-json\/wp\/v2\/posts"}],"about":[{"href":"https:\/\/www.altominho.tv\/site\/wp-json\/wp\/v2\/types\/post"}],"author":[{"embeddable":true,"href":"https:\/\/www.altominho.tv\/site\/wp-json\/wp\/v2\/users\/28"}],"replies":[{"embeddable":true,"href":"https:\/\/www.altominho.tv\/site\/wp-json\/wp\/v2\/comments?post=97511"}],"version-history":[{"count":2,"href":"https:\/\/www.altominho.tv\/site\/wp-json\/wp\/v2\/posts\/97511\/revisions"}],"predecessor-version":[{"id":97514,"href":"https:\/\/www.altominho.tv\/site\/wp-json\/wp\/v2\/posts\/97511\/revisions\/97514"}],"wp:featuredmedia":[{"embeddable":true,"href":"https:\/\/www.altominho.tv\/site\/wp-json\/wp\/v2\/media\/97512"}],"wp:attachment":[{"href":"https:\/\/www.altominho.tv\/site\/wp-json\/wp\/v2\/media?parent=97511"}],"wp:term":[{"taxonomy":"category","embeddable":true,"href":"https:\/\/www.altominho.tv\/site\/wp-json\/wp\/v2\/categories?post=97511"},{"taxonomy":"post_tag","embeddable":true,"href":"https:\/\/www.altominho.tv\/site\/wp-json\/wp\/v2\/tags?post=97511"}],"curies":[{"name":"wp","href":"https:\/\/api.w.org\/{rel}","templated":true}]}}