{"id":97338,"date":"2023-10-07T09:29:59","date_gmt":"2023-10-07T08:29:59","guid":{"rendered":"https:\/\/www.altominho.tv\/site\/?p=97338"},"modified":"2023-10-07T09:30:05","modified_gmt":"2023-10-07T08:30:05","slug":"bombeiros-de-ponte-da-barca-surpreenderam-socia-que-celebrou-100-anos","status":"publish","type":"post","link":"https:\/\/www.altominho.tv\/site\/2023\/10\/07\/bombeiros-de-ponte-da-barca-surpreenderam-socia-que-celebrou-100-anos\/","title":{"rendered":"Bombeiros de Ponte da Barca surpreenderam s\u00f3cia que celebrou 100 anos"},"content":{"rendered":"<p>Alguns elementos dos Bombeiros Volunt\u00e1rios de Ponte da Barca participaram, esta semana, numa &#8220;miss\u00e3o especial&#8221;: fizeram uma visita surpresa a uma s\u00f3cia da corpora\u00e7\u00e3o barquense, que completou 100 anos de vida e, este &#8220;feito&#8221;, foi anunciado pelos bombeiros nas suas redes sociais.<\/p>\n<p>&#8220;S\u00f3cia h\u00e1 v\u00e1rios anos da nossa Associa\u00e7\u00e3o, a senhora Ana de Jesus Cerqueira, no anivers\u00e1rio dos seus 100 anos recebeu a nossa visita surpresa para a podermos parabenizar&#8221;, escreveram os bombeiros na publica\u00e7\u00e3o feita na rede social Facebook.<\/p>\n<p>Os Bombeiros Volunt\u00e1rios de Ponte da Barca deslocaram-se a casa de Ana Cerqueira, que fica situada no lugar da Prova, em Pa\u00e7\u00f4, Arcos de Valdevez e, desta forma, &#8220;marcaram&#8221; o dia do seu cent\u00e9simo anivers\u00e1rio.<\/p>\n","protected":false},"excerpt":{"rendered":"<p>Alguns elementos dos Bombeiros Volunt\u00e1rios de Ponte da Barca participaram, esta semana, numa &#8220;miss\u00e3o especial&#8221;: fizeram uma visita surpresa a uma s\u00f3cia da corpora\u00e7\u00e3o barquense, que completou 100 anos de vida e, este &#8220;feito&#8221;, foi anunciado pelos bombeiros nas suas redes sociais. &#8220;S\u00f3cia h\u00e1 v\u00e1rios anos da nossa Associa\u00e7\u00e3o, a senhora Ana de Jesus Cerqueira, [&hellip;]<\/p>\n","protected":false},"author":1,"featured_media":97339,"comment_status":"closed","ping_status":"closed","sticky":false,"template":"","format":"standard","meta":{"_exactmetrics_skip_tracking":false,"_exactmetrics_sitenote_active":false,"_exactmetrics_sitenote_note":"","_exactmetrics_sitenote_category":0,"footnotes":""},"categories":[11],"tags":[23,27],"class_list":["post-97338","post","type-post","status-publish","format-standard","has-post-thumbnail","hentry","category-ponte-da-barca","tag-gente","tag-sociedade"],"yoast_head":"<!-- This site is optimized with the Yoast SEO Premium plugin v27.5 (Yoast SEO v27.5) - https:\/\/yoast.com\/product\/yoast-seo-premium-wordpress\/ -->\n<title>Bombeiros de Ponte da Barca surpreenderam s\u00f3cia que celebrou 100 anos<\/title>\n<meta name=\"description\" content=\"Alguns elementos dos Bombeiros Volunt\u00e1rios de Ponte da Barca participaram, esta semana, numa &quot;miss\u00e3o especial&quot;: fizeram uma visita surpresa a uma s\u00f3cia da corpora\u00e7\u00e3o barquense, que completou 100 anos de vida e, este &quot;feito&quot;, foi anunciado pelos bombeiros nas suas redes sociais.\" \/>\n<meta name=\"robots\" content=\"index, follow, max-snippet:-1, max-image-preview:large, max-video-preview:-1\" \/>\n<link rel=\"canonical\" href=\"https:\/\/www.altominho.tv\/site\/2023\/10\/07\/bombeiros-de-ponte-da-barca-surpreenderam-socia-que-celebrou-100-anos\/\" \/>\n<meta property=\"og:locale\" content=\"pt_PT\" \/>\n<meta property=\"og:type\" content=\"article\" \/>\n<meta property=\"og:title\" content=\"Bombeiros de Ponte da Barca surpreenderam s\u00f3cia que celebrou 100 anos\" \/>\n<meta property=\"og:description\" content=\"Alguns elementos dos Bombeiros Volunt\u00e1rios de Ponte da Barca participaram, esta semana, numa &quot;miss\u00e3o especial&quot;: fizeram uma visita surpresa a uma s\u00f3cia da corpora\u00e7\u00e3o barquense, que completou 100 anos de vida e, este &quot;feito&quot;, foi anunciado pelos bombeiros nas suas redes sociais.\" \/>\n<meta property=\"og:url\" content=\"https:\/\/www.altominho.tv\/site\/2023\/10\/07\/bombeiros-de-ponte-da-barca-surpreenderam-socia-que-celebrou-100-anos\/\" \/>\n<meta property=\"og:site_name\" content=\"Altominho.tv\" \/>\n<meta property=\"article:publisher\" content=\"https:\/\/www.facebook.com\/altominhotv\" \/>\n<meta property=\"article:published_time\" content=\"2023-10-07T08:29:59+00:00\" \/>\n<meta property=\"article:modified_time\" content=\"2023-10-07T08:30:05+00:00\" \/>\n<meta property=\"og:image\" content=\"https:\/\/www.altominho.tv\/site\/wp-content\/uploads\/2023\/10\/bombeiros-barca-e1696667391145.jpg\" \/>\n\t<meta property=\"og:image:width\" content=\"900\" \/>\n\t<meta property=\"og:image:height\" content=\"462\" \/>\n\t<meta property=\"og:image:type\" content=\"image\/jpeg\" \/>\n<meta name=\"author\" content=\"Altominho.tv\" \/>\n<meta name=\"twitter:card\" content=\"summary_large_image\" \/>\n<meta name=\"twitter:creator\" content=\"@altominhoTV\" \/>\n<meta name=\"twitter:site\" content=\"@altominhoTV\" \/>\n<meta name=\"twitter:label1\" content=\"Escrito por\" \/>\n\t<meta name=\"twitter:data1\" content=\"Altominho.tv\" \/>\n\t<meta name=\"twitter:label2\" content=\"Tempo estimado de leitura\" \/>\n\t<meta name=\"twitter:data2\" content=\"1 minuto\" \/>\n<script type=\"application\/ld+json\" class=\"yoast-schema-graph\">{\"@context\":\"https:\\\/\\\/schema.org\",\"@graph\":[{\"@type\":\"Article\",\"@id\":\"https:\\\/\\\/www.altominho.tv\\\/site\\\/2023\\\/10\\\/07\\\/bombeiros-de-ponte-da-barca-surpreenderam-socia-que-celebrou-100-anos\\\/#article\",\"isPartOf\":{\"@id\":\"https:\\\/\\\/www.altominho.tv\\\/site\\\/2023\\\/10\\\/07\\\/bombeiros-de-ponte-da-barca-surpreenderam-socia-que-celebrou-100-anos\\\/\"},\"author\":{\"name\":\"Altominho.tv\",\"@id\":\"https:\\\/\\\/www.altominho.tv\\\/site\\\/#\\\/schema\\\/person\\\/4e536851627d7914baf3dac752b6af22\"},\"headline\":\"Bombeiros de Ponte da Barca surpreenderam s\u00f3cia que celebrou 100 anos\",\"datePublished\":\"2023-10-07T08:29:59+00:00\",\"dateModified\":\"2023-10-07T08:30:05+00:00\",\"mainEntityOfPage\":{\"@id\":\"https:\\\/\\\/www.altominho.tv\\\/site\\\/2023\\\/10\\\/07\\\/bombeiros-de-ponte-da-barca-surpreenderam-socia-que-celebrou-100-anos\\\/\"},\"wordCount\":136,\"image\":{\"@id\":\"https:\\\/\\\/www.altominho.tv\\\/site\\\/2023\\\/10\\\/07\\\/bombeiros-de-ponte-da-barca-surpreenderam-socia-que-celebrou-100-anos\\\/#primaryimage\"},\"thumbnailUrl\":\"https:\\\/\\\/www.altominho.tv\\\/site\\\/wp-content\\\/uploads\\\/2023\\\/10\\\/bombeiros-barca-e1696667391145.jpg\",\"keywords\":[\"Gente\",\"Sociedade\"],\"articleSection\":[\"Ponte da Barca\"],\"inLanguage\":\"pt-PT\",\"copyrightYear\":\"2023\",\"copyrightHolder\":{\"@id\":\"https:\\\/\\\/www.altominho.tv\\\/site\\\/#organization\"}},{\"@type\":\"WebPage\",\"@id\":\"https:\\\/\\\/www.altominho.tv\\\/site\\\/2023\\\/10\\\/07\\\/bombeiros-de-ponte-da-barca-surpreenderam-socia-que-celebrou-100-anos\\\/\",\"url\":\"https:\\\/\\\/www.altominho.tv\\\/site\\\/2023\\\/10\\\/07\\\/bombeiros-de-ponte-da-barca-surpreenderam-socia-que-celebrou-100-anos\\\/\",\"name\":\"Bombeiros de Ponte da Barca surpreenderam s\u00f3cia que celebrou 100 anos\",\"isPartOf\":{\"@id\":\"https:\\\/\\\/www.altominho.tv\\\/site\\\/#website\"},\"primaryImageOfPage\":{\"@id\":\"https:\\\/\\\/www.altominho.tv\\\/site\\\/2023\\\/10\\\/07\\\/bombeiros-de-ponte-da-barca-surpreenderam-socia-que-celebrou-100-anos\\\/#primaryimage\"},\"image\":{\"@id\":\"https:\\\/\\\/www.altominho.tv\\\/site\\\/2023\\\/10\\\/07\\\/bombeiros-de-ponte-da-barca-surpreenderam-socia-que-celebrou-100-anos\\\/#primaryimage\"},\"thumbnailUrl\":\"https:\\\/\\\/www.altominho.tv\\\/site\\\/wp-content\\\/uploads\\\/2023\\\/10\\\/bombeiros-barca-e1696667391145.jpg\",\"datePublished\":\"2023-10-07T08:29:59+00:00\",\"dateModified\":\"2023-10-07T08:30:05+00:00\",\"author\":{\"@id\":\"https:\\\/\\\/www.altominho.tv\\\/site\\\/#\\\/schema\\\/person\\\/4e536851627d7914baf3dac752b6af22\"},\"description\":\"Alguns elementos dos Bombeiros Volunt\u00e1rios de Ponte da Barca participaram, esta semana, numa \\\"miss\u00e3o especial\\\": fizeram uma visita surpresa a uma s\u00f3cia da corpora\u00e7\u00e3o barquense, que completou 100 anos de vida e, este \\\"feito\\\", foi anunciado pelos bombeiros nas suas redes sociais.\",\"breadcrumb\":{\"@id\":\"https:\\\/\\\/www.altominho.tv\\\/site\\\/2023\\\/10\\\/07\\\/bombeiros-de-ponte-da-barca-surpreenderam-socia-que-celebrou-100-anos\\\/#breadcrumb\"},\"inLanguage\":\"pt-PT\",\"potentialAction\":[{\"@type\":\"ReadAction\",\"target\":[\"https:\\\/\\\/www.altominho.tv\\\/site\\\/2023\\\/10\\\/07\\\/bombeiros-de-ponte-da-barca-surpreenderam-socia-que-celebrou-100-anos\\\/\"]}]},{\"@type\":\"ImageObject\",\"inLanguage\":\"pt-PT\",\"@id\":\"https:\\\/\\\/www.altominho.tv\\\/site\\\/2023\\\/10\\\/07\\\/bombeiros-de-ponte-da-barca-surpreenderam-socia-que-celebrou-100-anos\\\/#primaryimage\",\"url\":\"https:\\\/\\\/www.altominho.tv\\\/site\\\/wp-content\\\/uploads\\\/2023\\\/10\\\/bombeiros-barca-e1696667391145.jpg\",\"contentUrl\":\"https:\\\/\\\/www.altominho.tv\\\/site\\\/wp-content\\\/uploads\\\/2023\\\/10\\\/bombeiros-barca-e1696667391145.jpg\",\"width\":900,\"height\":462},{\"@type\":\"BreadcrumbList\",\"@id\":\"https:\\\/\\\/www.altominho.tv\\\/site\\\/2023\\\/10\\\/07\\\/bombeiros-de-ponte-da-barca-surpreenderam-socia-que-celebrou-100-anos\\\/#breadcrumb\",\"itemListElement\":[{\"@type\":\"ListItem\",\"position\":1,\"name\":\"In\u00edcio\",\"item\":\"https:\\\/\\\/www.altominho.tv\\\/site\\\/\"},{\"@type\":\"ListItem\",\"position\":2,\"name\":\"Bombeiros de Ponte da Barca surpreenderam s\u00f3cia que celebrou 100 anos\"}]},{\"@type\":\"WebSite\",\"@id\":\"https:\\\/\\\/www.altominho.tv\\\/site\\\/#website\",\"url\":\"https:\\\/\\\/www.altominho.tv\\\/site\\\/\",\"name\":\"Altominho.tv\",\"description\":\"A sua regi\u00e3o \u00e0 dist\u00e2ncia de um clique...\",\"potentialAction\":[{\"@type\":\"SearchAction\",\"target\":{\"@type\":\"EntryPoint\",\"urlTemplate\":\"https:\\\/\\\/www.altominho.tv\\\/site\\\/?s={search_term_string}\"},\"query-input\":{\"@type\":\"PropertyValueSpecification\",\"valueRequired\":true,\"valueName\":\"search_term_string\"}}],\"inLanguage\":\"pt-PT\"},{\"@type\":\"Person\",\"@id\":\"https:\\\/\\\/www.altominho.tv\\\/site\\\/#\\\/schema\\\/person\\\/4e536851627d7914baf3dac752b6af22\",\"name\":\"Altominho.tv\",\"image\":{\"@type\":\"ImageObject\",\"inLanguage\":\"pt-PT\",\"@id\":\"https:\\\/\\\/www.altominho.tv\\\/site\\\/wp-content\\\/uploads\\\/2019\\\/11\\\/Logo_Avatar_2-150x150.jpg\",\"url\":\"https:\\\/\\\/www.altominho.tv\\\/site\\\/wp-content\\\/uploads\\\/2019\\\/11\\\/Logo_Avatar_2-150x150.jpg\",\"contentUrl\":\"https:\\\/\\\/www.altominho.tv\\\/site\\\/wp-content\\\/uploads\\\/2019\\\/11\\\/Logo_Avatar_2-150x150.jpg\",\"caption\":\"Altominho.tv\"},\"url\":\"https:\\\/\\\/www.altominho.tv\\\/site\\\/author\\\/altominhotv-tecnico\\\/\"}]}<\/script>\n<!-- \/ Yoast SEO Premium plugin. -->","yoast_head_json":{"title":"Bombeiros de Ponte da Barca surpreenderam s\u00f3cia que celebrou 100 anos","description":"Alguns elementos dos Bombeiros Volunt\u00e1rios de Ponte da Barca participaram, esta semana, numa \"miss\u00e3o especial\": fizeram uma visita surpresa a uma s\u00f3cia da corpora\u00e7\u00e3o barquense, que completou 100 anos de vida e, este \"feito\", foi anunciado pelos bombeiros nas suas redes sociais.","robots":{"index":"index","follow":"follow","max-snippet":"max-snippet:-1","max-image-preview":"max-image-preview:large","max-video-preview":"max-video-preview:-1"},"canonical":"https:\/\/www.altominho.tv\/site\/2023\/10\/07\/bombeiros-de-ponte-da-barca-surpreenderam-socia-que-celebrou-100-anos\/","og_locale":"pt_PT","og_type":"article","og_title":"Bombeiros de Ponte da Barca surpreenderam s\u00f3cia que celebrou 100 anos","og_description":"Alguns elementos dos Bombeiros Volunt\u00e1rios de Ponte da Barca participaram, esta semana, numa \"miss\u00e3o especial\": fizeram uma visita surpresa a uma s\u00f3cia da corpora\u00e7\u00e3o barquense, que completou 100 anos de vida e, este \"feito\", foi anunciado pelos bombeiros nas suas redes sociais.","og_url":"https:\/\/www.altominho.tv\/site\/2023\/10\/07\/bombeiros-de-ponte-da-barca-surpreenderam-socia-que-celebrou-100-anos\/","og_site_name":"Altominho.tv","article_publisher":"https:\/\/www.facebook.com\/altominhotv","article_published_time":"2023-10-07T08:29:59+00:00","article_modified_time":"2023-10-07T08:30:05+00:00","og_image":[{"width":900,"height":462,"url":"https:\/\/www.altominho.tv\/site\/wp-content\/uploads\/2023\/10\/bombeiros-barca-e1696667391145.jpg","type":"image\/jpeg"}],"author":"Altominho.tv","twitter_card":"summary_large_image","twitter_creator":"@altominhoTV","twitter_site":"@altominhoTV","twitter_misc":{"Escrito por":"Altominho.tv","Tempo estimado de leitura":"1 minuto"},"schema":{"@context":"https:\/\/schema.org","@graph":[{"@type":"Article","@id":"https:\/\/www.altominho.tv\/site\/2023\/10\/07\/bombeiros-de-ponte-da-barca-surpreenderam-socia-que-celebrou-100-anos\/#article","isPartOf":{"@id":"https:\/\/www.altominho.tv\/site\/2023\/10\/07\/bombeiros-de-ponte-da-barca-surpreenderam-socia-que-celebrou-100-anos\/"},"author":{"name":"Altominho.tv","@id":"https:\/\/www.altominho.tv\/site\/#\/schema\/person\/4e536851627d7914baf3dac752b6af22"},"headline":"Bombeiros de Ponte da Barca surpreenderam s\u00f3cia que celebrou 100 anos","datePublished":"2023-10-07T08:29:59+00:00","dateModified":"2023-10-07T08:30:05+00:00","mainEntityOfPage":{"@id":"https:\/\/www.altominho.tv\/site\/2023\/10\/07\/bombeiros-de-ponte-da-barca-surpreenderam-socia-que-celebrou-100-anos\/"},"wordCount":136,"image":{"@id":"https:\/\/www.altominho.tv\/site\/2023\/10\/07\/bombeiros-de-ponte-da-barca-surpreenderam-socia-que-celebrou-100-anos\/#primaryimage"},"thumbnailUrl":"https:\/\/www.altominho.tv\/site\/wp-content\/uploads\/2023\/10\/bombeiros-barca-e1696667391145.jpg","keywords":["Gente","Sociedade"],"articleSection":["Ponte da Barca"],"inLanguage":"pt-PT","copyrightYear":"2023","copyrightHolder":{"@id":"https:\/\/www.altominho.tv\/site\/#organization"}},{"@type":"WebPage","@id":"https:\/\/www.altominho.tv\/site\/2023\/10\/07\/bombeiros-de-ponte-da-barca-surpreenderam-socia-que-celebrou-100-anos\/","url":"https:\/\/www.altominho.tv\/site\/2023\/10\/07\/bombeiros-de-ponte-da-barca-surpreenderam-socia-que-celebrou-100-anos\/","name":"Bombeiros de Ponte da Barca surpreenderam s\u00f3cia que celebrou 100 anos","isPartOf":{"@id":"https:\/\/www.altominho.tv\/site\/#website"},"primaryImageOfPage":{"@id":"https:\/\/www.altominho.tv\/site\/2023\/10\/07\/bombeiros-de-ponte-da-barca-surpreenderam-socia-que-celebrou-100-anos\/#primaryimage"},"image":{"@id":"https:\/\/www.altominho.tv\/site\/2023\/10\/07\/bombeiros-de-ponte-da-barca-surpreenderam-socia-que-celebrou-100-anos\/#primaryimage"},"thumbnailUrl":"https:\/\/www.altominho.tv\/site\/wp-content\/uploads\/2023\/10\/bombeiros-barca-e1696667391145.jpg","datePublished":"2023-10-07T08:29:59+00:00","dateModified":"2023-10-07T08:30:05+00:00","author":{"@id":"https:\/\/www.altominho.tv\/site\/#\/schema\/person\/4e536851627d7914baf3dac752b6af22"},"description":"Alguns elementos dos Bombeiros Volunt\u00e1rios de Ponte da Barca participaram, esta semana, numa \"miss\u00e3o especial\": fizeram uma visita surpresa a uma s\u00f3cia da corpora\u00e7\u00e3o barquense, que completou 100 anos de vida e, este \"feito\", foi anunciado pelos bombeiros nas suas redes sociais.","breadcrumb":{"@id":"https:\/\/www.altominho.tv\/site\/2023\/10\/07\/bombeiros-de-ponte-da-barca-surpreenderam-socia-que-celebrou-100-anos\/#breadcrumb"},"inLanguage":"pt-PT","potentialAction":[{"@type":"ReadAction","target":["https:\/\/www.altominho.tv\/site\/2023\/10\/07\/bombeiros-de-ponte-da-barca-surpreenderam-socia-que-celebrou-100-anos\/"]}]},{"@type":"ImageObject","inLanguage":"pt-PT","@id":"https:\/\/www.altominho.tv\/site\/2023\/10\/07\/bombeiros-de-ponte-da-barca-surpreenderam-socia-que-celebrou-100-anos\/#primaryimage","url":"https:\/\/www.altominho.tv\/site\/wp-content\/uploads\/2023\/10\/bombeiros-barca-e1696667391145.jpg","contentUrl":"https:\/\/www.altominho.tv\/site\/wp-content\/uploads\/2023\/10\/bombeiros-barca-e1696667391145.jpg","width":900,"height":462},{"@type":"BreadcrumbList","@id":"https:\/\/www.altominho.tv\/site\/2023\/10\/07\/bombeiros-de-ponte-da-barca-surpreenderam-socia-que-celebrou-100-anos\/#breadcrumb","itemListElement":[{"@type":"ListItem","position":1,"name":"In\u00edcio","item":"https:\/\/www.altominho.tv\/site\/"},{"@type":"ListItem","position":2,"name":"Bombeiros de Ponte da Barca surpreenderam s\u00f3cia que celebrou 100 anos"}]},{"@type":"WebSite","@id":"https:\/\/www.altominho.tv\/site\/#website","url":"https:\/\/www.altominho.tv\/site\/","name":"Altominho.tv","description":"A sua regi\u00e3o \u00e0 dist\u00e2ncia de um clique...","potentialAction":[{"@type":"SearchAction","target":{"@type":"EntryPoint","urlTemplate":"https:\/\/www.altominho.tv\/site\/?s={search_term_string}"},"query-input":{"@type":"PropertyValueSpecification","valueRequired":true,"valueName":"search_term_string"}}],"inLanguage":"pt-PT"},{"@type":"Person","@id":"https:\/\/www.altominho.tv\/site\/#\/schema\/person\/4e536851627d7914baf3dac752b6af22","name":"Altominho.tv","image":{"@type":"ImageObject","inLanguage":"pt-PT","@id":"https:\/\/www.altominho.tv\/site\/wp-content\/uploads\/2019\/11\/Logo_Avatar_2-150x150.jpg","url":"https:\/\/www.altominho.tv\/site\/wp-content\/uploads\/2019\/11\/Logo_Avatar_2-150x150.jpg","contentUrl":"https:\/\/www.altominho.tv\/site\/wp-content\/uploads\/2019\/11\/Logo_Avatar_2-150x150.jpg","caption":"Altominho.tv"},"url":"https:\/\/www.altominho.tv\/site\/author\/altominhotv-tecnico\/"}]}},"_links":{"self":[{"href":"https:\/\/www.altominho.tv\/site\/wp-json\/wp\/v2\/posts\/97338","targetHints":{"allow":["GET"]}}],"collection":[{"href":"https:\/\/www.altominho.tv\/site\/wp-json\/wp\/v2\/posts"}],"about":[{"href":"https:\/\/www.altominho.tv\/site\/wp-json\/wp\/v2\/types\/post"}],"author":[{"embeddable":true,"href":"https:\/\/www.altominho.tv\/site\/wp-json\/wp\/v2\/users\/1"}],"replies":[{"embeddable":true,"href":"https:\/\/www.altominho.tv\/site\/wp-json\/wp\/v2\/comments?post=97338"}],"version-history":[{"count":1,"href":"https:\/\/www.altominho.tv\/site\/wp-json\/wp\/v2\/posts\/97338\/revisions"}],"predecessor-version":[{"id":97340,"href":"https:\/\/www.altominho.tv\/site\/wp-json\/wp\/v2\/posts\/97338\/revisions\/97340"}],"wp:featuredmedia":[{"embeddable":true,"href":"https:\/\/www.altominho.tv\/site\/wp-json\/wp\/v2\/media\/97339"}],"wp:attachment":[{"href":"https:\/\/www.altominho.tv\/site\/wp-json\/wp\/v2\/media?parent=97338"}],"wp:term":[{"taxonomy":"category","embeddable":true,"href":"https:\/\/www.altominho.tv\/site\/wp-json\/wp\/v2\/categories?post=97338"},{"taxonomy":"post_tag","embeddable":true,"href":"https:\/\/www.altominho.tv\/site\/wp-json\/wp\/v2\/tags?post=97338"}],"curies":[{"name":"wp","href":"https:\/\/api.w.org\/{rel}","templated":true}]}}