{"id":97289,"date":"2023-10-06T09:05:27","date_gmt":"2023-10-06T08:05:27","guid":{"rendered":"https:\/\/www.altominho.tv\/site\/?p=97289"},"modified":"2023-10-06T09:05:31","modified_gmt":"2023-10-06T08:05:31","slug":"jovem-florista-de-vila-nova-de-cerveira-decora-palco-de-festival-meo-kalorama","status":"publish","type":"post","link":"https:\/\/www.altominho.tv\/site\/2023\/10\/06\/jovem-florista-de-vila-nova-de-cerveira-decora-palco-de-festival-meo-kalorama\/","title":{"rendered":"Jovem florista de Vila Nova de Cerveira decora palco de festival Meo Kalorama"},"content":{"rendered":"<p class=\"p1\">Um jovem florista de Vila Nova de Cerveira foi convidado a realizar a decora\u00e7\u00e3o do palco de um dos maiores festivais de Ver\u00e3o realizado em Portugal, o Festival Meo Kalorama.<\/p>\n<p class=\"p1\">Este festival realizou nos dias 31 de agosto, 1 e 2 de setembro e contou com milhares de participantes.<\/p>\n<p class=\"p1\">Hugo Santos, o florista, diz &#8220;que foi um enorme gosto fazer a decora\u00e7\u00e3o&#8221; . Conta ainda que foi uma &#8220;enorme responsabilidade e uma corrida contra o tempo, mas que foi uma grande oportunidade para mostrar o seu trabalho&#8221;.<\/p>\n<p class=\"p1\">&#8220;Durante toda a montagem da decora\u00e7\u00e3o havia centenas de pessoas a assistir. Durante o concerto a decora\u00e7\u00e3o foi vista por milhares de pessoas.\u201d<\/p>\n<p class=\"p1\">O jovem profissional foi bastante aplaudido e a banda em quest\u00e3o agradeceu de imediato ao jovem e partilhou um agradecimento nas suas redes sociais.<\/p>\n","protected":false},"excerpt":{"rendered":"<p>Um jovem florista de Vila Nova de Cerveira foi convidado a realizar a decora\u00e7\u00e3o do palco de um dos maiores festivais de Ver\u00e3o realizado em Portugal, o Festival Meo Kalorama. Este festival realizou nos dias 31 de agosto, 1 e 2 de setembro e contou com milhares de participantes. Hugo Santos, o florista, diz &#8220;que [&hellip;]<\/p>\n","protected":false},"author":28,"featured_media":97292,"comment_status":"closed","ping_status":"closed","sticky":false,"template":"","format":"standard","meta":{"_exactmetrics_skip_tracking":false,"_exactmetrics_sitenote_active":false,"_exactmetrics_sitenote_note":"","_exactmetrics_sitenote_category":0,"footnotes":""},"categories":[15],"tags":[19,23,27],"class_list":["post-97289","post","type-post","status-publish","format-standard","has-post-thumbnail","hentry","category-vila-nova-de-cerveira","tag-cultura","tag-gente","tag-sociedade"],"yoast_head":"<!-- This site is optimized with the Yoast SEO Premium plugin v27.5 (Yoast SEO v27.5) - https:\/\/yoast.com\/product\/yoast-seo-premium-wordpress\/ -->\n<title>Jovem florista de Vila Nova de Cerveira decora palco de festival Meo Kalorama<\/title>\n<meta name=\"description\" content=\"Um jovem florista de Vila Nova de Cerveira foi convidado a realizar a decora\u00e7\u00e3o do palco de um dos maiores festivais de Ver\u00e3o realizado em Portugal, o Festival Meo Kalorama\" \/>\n<meta name=\"robots\" content=\"index, follow, max-snippet:-1, max-image-preview:large, max-video-preview:-1\" \/>\n<link rel=\"canonical\" href=\"https:\/\/www.altominho.tv\/site\/2023\/10\/06\/jovem-florista-de-vila-nova-de-cerveira-decora-palco-de-festival-meo-kalorama\/\" \/>\n<meta property=\"og:locale\" content=\"pt_PT\" \/>\n<meta property=\"og:type\" content=\"article\" \/>\n<meta property=\"og:title\" content=\"Jovem florista de Vila Nova de Cerveira decora palco de festival Meo Kalorama\" \/>\n<meta property=\"og:description\" content=\"Um jovem florista de Vila Nova de Cerveira foi convidado a realizar a decora\u00e7\u00e3o do palco de um dos maiores festivais de Ver\u00e3o realizado em Portugal, o Festival Meo Kalorama\" \/>\n<meta property=\"og:url\" content=\"https:\/\/www.altominho.tv\/site\/2023\/10\/06\/jovem-florista-de-vila-nova-de-cerveira-decora-palco-de-festival-meo-kalorama\/\" \/>\n<meta property=\"og:site_name\" content=\"Altominho.tv\" \/>\n<meta property=\"article:publisher\" content=\"https:\/\/www.facebook.com\/altominhotv\" \/>\n<meta property=\"article:published_time\" content=\"2023-10-06T08:05:27+00:00\" \/>\n<meta property=\"article:modified_time\" content=\"2023-10-06T08:05:31+00:00\" \/>\n<meta property=\"og:image\" content=\"https:\/\/www.altominho.tv\/site\/wp-content\/uploads\/2023\/10\/image-e1696579499286.jpg\" \/>\n\t<meta property=\"og:image:width\" content=\"1200\" \/>\n\t<meta property=\"og:image:height\" content=\"1024\" \/>\n\t<meta property=\"og:image:type\" content=\"image\/jpeg\" \/>\n<meta name=\"author\" content=\"Beatriz Lira\" \/>\n<meta name=\"twitter:card\" content=\"summary_large_image\" \/>\n<meta name=\"twitter:creator\" content=\"@altominhoTV\" \/>\n<meta name=\"twitter:site\" content=\"@altominhoTV\" \/>\n<meta name=\"twitter:label1\" content=\"Escrito por\" \/>\n\t<meta name=\"twitter:data1\" content=\"Beatriz Lira\" \/>\n\t<meta name=\"twitter:label2\" content=\"Tempo estimado de leitura\" \/>\n\t<meta name=\"twitter:data2\" content=\"1 minuto\" \/>\n<script type=\"application\/ld+json\" class=\"yoast-schema-graph\">{\"@context\":\"https:\\\/\\\/schema.org\",\"@graph\":[{\"@type\":\"Article\",\"@id\":\"https:\\\/\\\/www.altominho.tv\\\/site\\\/2023\\\/10\\\/06\\\/jovem-florista-de-vila-nova-de-cerveira-decora-palco-de-festival-meo-kalorama\\\/#article\",\"isPartOf\":{\"@id\":\"https:\\\/\\\/www.altominho.tv\\\/site\\\/2023\\\/10\\\/06\\\/jovem-florista-de-vila-nova-de-cerveira-decora-palco-de-festival-meo-kalorama\\\/\"},\"author\":{\"name\":\"Beatriz Lira\",\"@id\":\"https:\\\/\\\/www.altominho.tv\\\/site\\\/#\\\/schema\\\/person\\\/f95a2097796cf4462fe1e476cddc40e4\"},\"headline\":\"Jovem florista de Vila Nova de Cerveira decora palco de festival Meo Kalorama\",\"datePublished\":\"2023-10-06T08:05:27+00:00\",\"dateModified\":\"2023-10-06T08:05:31+00:00\",\"mainEntityOfPage\":{\"@id\":\"https:\\\/\\\/www.altominho.tv\\\/site\\\/2023\\\/10\\\/06\\\/jovem-florista-de-vila-nova-de-cerveira-decora-palco-de-festival-meo-kalorama\\\/\"},\"wordCount\":149,\"image\":{\"@id\":\"https:\\\/\\\/www.altominho.tv\\\/site\\\/2023\\\/10\\\/06\\\/jovem-florista-de-vila-nova-de-cerveira-decora-palco-de-festival-meo-kalorama\\\/#primaryimage\"},\"thumbnailUrl\":\"https:\\\/\\\/www.altominho.tv\\\/site\\\/wp-content\\\/uploads\\\/2023\\\/10\\\/image-e1696579499286.jpg\",\"keywords\":[\"Cultura\",\"Gente\",\"Sociedade\"],\"articleSection\":[\"Vila Nova de Cerveira\"],\"inLanguage\":\"pt-PT\",\"copyrightYear\":\"2023\",\"copyrightHolder\":{\"@id\":\"https:\\\/\\\/www.altominho.tv\\\/site\\\/#organization\"}},{\"@type\":\"WebPage\",\"@id\":\"https:\\\/\\\/www.altominho.tv\\\/site\\\/2023\\\/10\\\/06\\\/jovem-florista-de-vila-nova-de-cerveira-decora-palco-de-festival-meo-kalorama\\\/\",\"url\":\"https:\\\/\\\/www.altominho.tv\\\/site\\\/2023\\\/10\\\/06\\\/jovem-florista-de-vila-nova-de-cerveira-decora-palco-de-festival-meo-kalorama\\\/\",\"name\":\"Jovem florista de Vila Nova de Cerveira decora palco de festival Meo Kalorama\",\"isPartOf\":{\"@id\":\"https:\\\/\\\/www.altominho.tv\\\/site\\\/#website\"},\"primaryImageOfPage\":{\"@id\":\"https:\\\/\\\/www.altominho.tv\\\/site\\\/2023\\\/10\\\/06\\\/jovem-florista-de-vila-nova-de-cerveira-decora-palco-de-festival-meo-kalorama\\\/#primaryimage\"},\"image\":{\"@id\":\"https:\\\/\\\/www.altominho.tv\\\/site\\\/2023\\\/10\\\/06\\\/jovem-florista-de-vila-nova-de-cerveira-decora-palco-de-festival-meo-kalorama\\\/#primaryimage\"},\"thumbnailUrl\":\"https:\\\/\\\/www.altominho.tv\\\/site\\\/wp-content\\\/uploads\\\/2023\\\/10\\\/image-e1696579499286.jpg\",\"datePublished\":\"2023-10-06T08:05:27+00:00\",\"dateModified\":\"2023-10-06T08:05:31+00:00\",\"author\":{\"@id\":\"https:\\\/\\\/www.altominho.tv\\\/site\\\/#\\\/schema\\\/person\\\/f95a2097796cf4462fe1e476cddc40e4\"},\"description\":\"Um jovem florista de Vila Nova de Cerveira foi convidado a realizar a decora\u00e7\u00e3o do palco de um dos maiores festivais de Ver\u00e3o realizado em Portugal, o Festival Meo Kalorama\",\"breadcrumb\":{\"@id\":\"https:\\\/\\\/www.altominho.tv\\\/site\\\/2023\\\/10\\\/06\\\/jovem-florista-de-vila-nova-de-cerveira-decora-palco-de-festival-meo-kalorama\\\/#breadcrumb\"},\"inLanguage\":\"pt-PT\",\"potentialAction\":[{\"@type\":\"ReadAction\",\"target\":[\"https:\\\/\\\/www.altominho.tv\\\/site\\\/2023\\\/10\\\/06\\\/jovem-florista-de-vila-nova-de-cerveira-decora-palco-de-festival-meo-kalorama\\\/\"]}]},{\"@type\":\"ImageObject\",\"inLanguage\":\"pt-PT\",\"@id\":\"https:\\\/\\\/www.altominho.tv\\\/site\\\/2023\\\/10\\\/06\\\/jovem-florista-de-vila-nova-de-cerveira-decora-palco-de-festival-meo-kalorama\\\/#primaryimage\",\"url\":\"https:\\\/\\\/www.altominho.tv\\\/site\\\/wp-content\\\/uploads\\\/2023\\\/10\\\/image-e1696579499286.jpg\",\"contentUrl\":\"https:\\\/\\\/www.altominho.tv\\\/site\\\/wp-content\\\/uploads\\\/2023\\\/10\\\/image-e1696579499286.jpg\",\"width\":1200,\"height\":1024},{\"@type\":\"BreadcrumbList\",\"@id\":\"https:\\\/\\\/www.altominho.tv\\\/site\\\/2023\\\/10\\\/06\\\/jovem-florista-de-vila-nova-de-cerveira-decora-palco-de-festival-meo-kalorama\\\/#breadcrumb\",\"itemListElement\":[{\"@type\":\"ListItem\",\"position\":1,\"name\":\"In\u00edcio\",\"item\":\"https:\\\/\\\/www.altominho.tv\\\/site\\\/\"},{\"@type\":\"ListItem\",\"position\":2,\"name\":\"Jovem florista de Vila Nova de Cerveira decora palco de festival Meo Kalorama\"}]},{\"@type\":\"WebSite\",\"@id\":\"https:\\\/\\\/www.altominho.tv\\\/site\\\/#website\",\"url\":\"https:\\\/\\\/www.altominho.tv\\\/site\\\/\",\"name\":\"Altominho.tv\",\"description\":\"A sua regi\u00e3o \u00e0 dist\u00e2ncia de um clique...\",\"potentialAction\":[{\"@type\":\"SearchAction\",\"target\":{\"@type\":\"EntryPoint\",\"urlTemplate\":\"https:\\\/\\\/www.altominho.tv\\\/site\\\/?s={search_term_string}\"},\"query-input\":{\"@type\":\"PropertyValueSpecification\",\"valueRequired\":true,\"valueName\":\"search_term_string\"}}],\"inLanguage\":\"pt-PT\"},{\"@type\":\"Person\",\"@id\":\"https:\\\/\\\/www.altominho.tv\\\/site\\\/#\\\/schema\\\/person\\\/f95a2097796cf4462fe1e476cddc40e4\",\"name\":\"Beatriz Lira\",\"image\":{\"@type\":\"ImageObject\",\"inLanguage\":\"pt-PT\",\"@id\":\"https:\\\/\\\/www.altominho.tv\\\/site\\\/wp-content\\\/uploads\\\/2023\\\/03\\\/Screenshot_20230306-141220_Photos-150x150.jpg\",\"url\":\"https:\\\/\\\/www.altominho.tv\\\/site\\\/wp-content\\\/uploads\\\/2023\\\/03\\\/Screenshot_20230306-141220_Photos-150x150.jpg\",\"contentUrl\":\"https:\\\/\\\/www.altominho.tv\\\/site\\\/wp-content\\\/uploads\\\/2023\\\/03\\\/Screenshot_20230306-141220_Photos-150x150.jpg\",\"caption\":\"Beatriz Lira\"},\"url\":\"https:\\\/\\\/www.altominho.tv\\\/site\\\/author\\\/beatriz\\\/\"}]}<\/script>\n<!-- \/ Yoast SEO Premium plugin. -->","yoast_head_json":{"title":"Jovem florista de Vila Nova de Cerveira decora palco de festival Meo Kalorama","description":"Um jovem florista de Vila Nova de Cerveira foi convidado a realizar a decora\u00e7\u00e3o do palco de um dos maiores festivais de Ver\u00e3o realizado em Portugal, o Festival Meo Kalorama","robots":{"index":"index","follow":"follow","max-snippet":"max-snippet:-1","max-image-preview":"max-image-preview:large","max-video-preview":"max-video-preview:-1"},"canonical":"https:\/\/www.altominho.tv\/site\/2023\/10\/06\/jovem-florista-de-vila-nova-de-cerveira-decora-palco-de-festival-meo-kalorama\/","og_locale":"pt_PT","og_type":"article","og_title":"Jovem florista de Vila Nova de Cerveira decora palco de festival Meo Kalorama","og_description":"Um jovem florista de Vila Nova de Cerveira foi convidado a realizar a decora\u00e7\u00e3o do palco de um dos maiores festivais de Ver\u00e3o realizado em Portugal, o Festival Meo Kalorama","og_url":"https:\/\/www.altominho.tv\/site\/2023\/10\/06\/jovem-florista-de-vila-nova-de-cerveira-decora-palco-de-festival-meo-kalorama\/","og_site_name":"Altominho.tv","article_publisher":"https:\/\/www.facebook.com\/altominhotv","article_published_time":"2023-10-06T08:05:27+00:00","article_modified_time":"2023-10-06T08:05:31+00:00","og_image":[{"width":1200,"height":1024,"url":"https:\/\/www.altominho.tv\/site\/wp-content\/uploads\/2023\/10\/image-e1696579499286.jpg","type":"image\/jpeg"}],"author":"Beatriz Lira","twitter_card":"summary_large_image","twitter_creator":"@altominhoTV","twitter_site":"@altominhoTV","twitter_misc":{"Escrito por":"Beatriz Lira","Tempo estimado de leitura":"1 minuto"},"schema":{"@context":"https:\/\/schema.org","@graph":[{"@type":"Article","@id":"https:\/\/www.altominho.tv\/site\/2023\/10\/06\/jovem-florista-de-vila-nova-de-cerveira-decora-palco-de-festival-meo-kalorama\/#article","isPartOf":{"@id":"https:\/\/www.altominho.tv\/site\/2023\/10\/06\/jovem-florista-de-vila-nova-de-cerveira-decora-palco-de-festival-meo-kalorama\/"},"author":{"name":"Beatriz Lira","@id":"https:\/\/www.altominho.tv\/site\/#\/schema\/person\/f95a2097796cf4462fe1e476cddc40e4"},"headline":"Jovem florista de Vila Nova de Cerveira decora palco de festival Meo Kalorama","datePublished":"2023-10-06T08:05:27+00:00","dateModified":"2023-10-06T08:05:31+00:00","mainEntityOfPage":{"@id":"https:\/\/www.altominho.tv\/site\/2023\/10\/06\/jovem-florista-de-vila-nova-de-cerveira-decora-palco-de-festival-meo-kalorama\/"},"wordCount":149,"image":{"@id":"https:\/\/www.altominho.tv\/site\/2023\/10\/06\/jovem-florista-de-vila-nova-de-cerveira-decora-palco-de-festival-meo-kalorama\/#primaryimage"},"thumbnailUrl":"https:\/\/www.altominho.tv\/site\/wp-content\/uploads\/2023\/10\/image-e1696579499286.jpg","keywords":["Cultura","Gente","Sociedade"],"articleSection":["Vila Nova de Cerveira"],"inLanguage":"pt-PT","copyrightYear":"2023","copyrightHolder":{"@id":"https:\/\/www.altominho.tv\/site\/#organization"}},{"@type":"WebPage","@id":"https:\/\/www.altominho.tv\/site\/2023\/10\/06\/jovem-florista-de-vila-nova-de-cerveira-decora-palco-de-festival-meo-kalorama\/","url":"https:\/\/www.altominho.tv\/site\/2023\/10\/06\/jovem-florista-de-vila-nova-de-cerveira-decora-palco-de-festival-meo-kalorama\/","name":"Jovem florista de Vila Nova de Cerveira decora palco de festival Meo Kalorama","isPartOf":{"@id":"https:\/\/www.altominho.tv\/site\/#website"},"primaryImageOfPage":{"@id":"https:\/\/www.altominho.tv\/site\/2023\/10\/06\/jovem-florista-de-vila-nova-de-cerveira-decora-palco-de-festival-meo-kalorama\/#primaryimage"},"image":{"@id":"https:\/\/www.altominho.tv\/site\/2023\/10\/06\/jovem-florista-de-vila-nova-de-cerveira-decora-palco-de-festival-meo-kalorama\/#primaryimage"},"thumbnailUrl":"https:\/\/www.altominho.tv\/site\/wp-content\/uploads\/2023\/10\/image-e1696579499286.jpg","datePublished":"2023-10-06T08:05:27+00:00","dateModified":"2023-10-06T08:05:31+00:00","author":{"@id":"https:\/\/www.altominho.tv\/site\/#\/schema\/person\/f95a2097796cf4462fe1e476cddc40e4"},"description":"Um jovem florista de Vila Nova de Cerveira foi convidado a realizar a decora\u00e7\u00e3o do palco de um dos maiores festivais de Ver\u00e3o realizado em Portugal, o Festival Meo Kalorama","breadcrumb":{"@id":"https:\/\/www.altominho.tv\/site\/2023\/10\/06\/jovem-florista-de-vila-nova-de-cerveira-decora-palco-de-festival-meo-kalorama\/#breadcrumb"},"inLanguage":"pt-PT","potentialAction":[{"@type":"ReadAction","target":["https:\/\/www.altominho.tv\/site\/2023\/10\/06\/jovem-florista-de-vila-nova-de-cerveira-decora-palco-de-festival-meo-kalorama\/"]}]},{"@type":"ImageObject","inLanguage":"pt-PT","@id":"https:\/\/www.altominho.tv\/site\/2023\/10\/06\/jovem-florista-de-vila-nova-de-cerveira-decora-palco-de-festival-meo-kalorama\/#primaryimage","url":"https:\/\/www.altominho.tv\/site\/wp-content\/uploads\/2023\/10\/image-e1696579499286.jpg","contentUrl":"https:\/\/www.altominho.tv\/site\/wp-content\/uploads\/2023\/10\/image-e1696579499286.jpg","width":1200,"height":1024},{"@type":"BreadcrumbList","@id":"https:\/\/www.altominho.tv\/site\/2023\/10\/06\/jovem-florista-de-vila-nova-de-cerveira-decora-palco-de-festival-meo-kalorama\/#breadcrumb","itemListElement":[{"@type":"ListItem","position":1,"name":"In\u00edcio","item":"https:\/\/www.altominho.tv\/site\/"},{"@type":"ListItem","position":2,"name":"Jovem florista de Vila Nova de Cerveira decora palco de festival Meo Kalorama"}]},{"@type":"WebSite","@id":"https:\/\/www.altominho.tv\/site\/#website","url":"https:\/\/www.altominho.tv\/site\/","name":"Altominho.tv","description":"A sua regi\u00e3o \u00e0 dist\u00e2ncia de um clique...","potentialAction":[{"@type":"SearchAction","target":{"@type":"EntryPoint","urlTemplate":"https:\/\/www.altominho.tv\/site\/?s={search_term_string}"},"query-input":{"@type":"PropertyValueSpecification","valueRequired":true,"valueName":"search_term_string"}}],"inLanguage":"pt-PT"},{"@type":"Person","@id":"https:\/\/www.altominho.tv\/site\/#\/schema\/person\/f95a2097796cf4462fe1e476cddc40e4","name":"Beatriz Lira","image":{"@type":"ImageObject","inLanguage":"pt-PT","@id":"https:\/\/www.altominho.tv\/site\/wp-content\/uploads\/2023\/03\/Screenshot_20230306-141220_Photos-150x150.jpg","url":"https:\/\/www.altominho.tv\/site\/wp-content\/uploads\/2023\/03\/Screenshot_20230306-141220_Photos-150x150.jpg","contentUrl":"https:\/\/www.altominho.tv\/site\/wp-content\/uploads\/2023\/03\/Screenshot_20230306-141220_Photos-150x150.jpg","caption":"Beatriz Lira"},"url":"https:\/\/www.altominho.tv\/site\/author\/beatriz\/"}]}},"_links":{"self":[{"href":"https:\/\/www.altominho.tv\/site\/wp-json\/wp\/v2\/posts\/97289","targetHints":{"allow":["GET"]}}],"collection":[{"href":"https:\/\/www.altominho.tv\/site\/wp-json\/wp\/v2\/posts"}],"about":[{"href":"https:\/\/www.altominho.tv\/site\/wp-json\/wp\/v2\/types\/post"}],"author":[{"embeddable":true,"href":"https:\/\/www.altominho.tv\/site\/wp-json\/wp\/v2\/users\/28"}],"replies":[{"embeddable":true,"href":"https:\/\/www.altominho.tv\/site\/wp-json\/wp\/v2\/comments?post=97289"}],"version-history":[{"count":1,"href":"https:\/\/www.altominho.tv\/site\/wp-json\/wp\/v2\/posts\/97289\/revisions"}],"predecessor-version":[{"id":97291,"href":"https:\/\/www.altominho.tv\/site\/wp-json\/wp\/v2\/posts\/97289\/revisions\/97291"}],"wp:featuredmedia":[{"embeddable":true,"href":"https:\/\/www.altominho.tv\/site\/wp-json\/wp\/v2\/media\/97292"}],"wp:attachment":[{"href":"https:\/\/www.altominho.tv\/site\/wp-json\/wp\/v2\/media?parent=97289"}],"wp:term":[{"taxonomy":"category","embeddable":true,"href":"https:\/\/www.altominho.tv\/site\/wp-json\/wp\/v2\/categories?post=97289"},{"taxonomy":"post_tag","embeddable":true,"href":"https:\/\/www.altominho.tv\/site\/wp-json\/wp\/v2\/tags?post=97289"}],"curies":[{"name":"wp","href":"https:\/\/api.w.org\/{rel}","templated":true}]}}