{"id":97286,"date":"2023-10-05T21:50:12","date_gmt":"2023-10-05T20:50:12","guid":{"rendered":"https:\/\/www.altominho.tv\/site\/?p=97286"},"modified":"2023-10-05T21:50:17","modified_gmt":"2023-10-05T20:50:17","slug":"moncao-apela-a-votacao-massiva-ao-filme-moncao-deixa-marca","status":"publish","type":"post","link":"https:\/\/www.altominho.tv\/site\/2023\/10\/05\/moncao-apela-a-votacao-massiva-ao-filme-moncao-deixa-marca\/","title":{"rendered":"Mon\u00e7\u00e3o apela a vota\u00e7\u00e3o massiva ao filme \u201cMon\u00e7\u00e3o Deixa Marca\u201d"},"content":{"rendered":"<p>O filme \u201cMon\u00e7\u00e3o Deixa Marca\u201d, realizado e produzido pelo cineasta Leonel Vieira, foi selecionado num conjunto de 56 filmes de todo o mundo que, entre os dias 2 e 20 de outubro, est\u00e3o abertos \u00e0 vota\u00e7\u00e3o do p\u00fablico.<\/p>\n<p>De acordo com os dados verificados a momentos pela AltominhoTV, o filme conta j\u00e1 com 5750 votos, mas necessita aumentar o n\u00edvel de vota\u00e7\u00e3o para alcan\u00e7ar o objetivo proposto pelo munic\u00edpio mon\u00e7anense, que tem multiplicado o apelo a vota\u00e7\u00e3o massiva nas redes sociais, relembrando que cada participante pode repetir a vota\u00e7\u00e3o diariamente, &#8220;\u00c9 simples e gratuito. Pode faz\u00ea-lo todos os dias, atrav\u00e9s do computador e do telem\u00f3vel. A sua participa\u00e7\u00e3o \u00e9 importante para alcan\u00e7armos um objetivo comum: Mon\u00e7\u00e3o mais vis\u00edvel, atrativo e visit\u00e1vel&#8221;, pode ler-se nas publica\u00e7\u00f5es da rede social\u00a0 Facebook.<\/p>\n\n\n<iframe loading=\"lazy\" src=\"https:\/\/www.facebook.com\/plugins\/post.php?href=https%3A%2F%2Fwww.facebook.com%2Fmunicipiodemoncao%2Fposts%2Fpfbid0g6S8Qgj6QjJ9Y7BhRMTTArBtasKevMZnQYJnFvxCw6pFtNBpRS9sb1kCoFcAHDZCl&#038;show_text=true&#038;width=500\" width=\"500\" height=\"635\" style=\"border:none;overflow:hidden\" scrolling=\"no\" frameborder=\"0\" allowfullscreen=\"true\" allow=\"autoplay; clipboard-write; encrypted-media; picture-in-picture; web-share\"><\/iframe>\n\n\n<p>Apresentado no dia 24 de mar\u00e7o de 2022 em Mon\u00e7\u00e3o e no dia 31 de mar\u00e7o em Lisboa, o filme \u201cMon\u00e7\u00e3o Deixa Marca\u201d, realizado e produzido pelo cineasta Leonel Vieira, em parceria com a ag\u00eancia criativa MarkaBranka, recebeu em ano e meio, v\u00e1rios pr\u00e9mios nacionais e internacionais.<\/p>\n<p>Destaque para o <a href=\"\/\/www.altominho.tv\/site\/2023\/03\/16\/moncao-deixa-marca-vence-premio-internacional-de-cinema-no-japao\/\">melhor filme de turismo do mundo no prestigiado\u00a0Japan World\u2019s Tourism Film Festival, em Kyoto<\/a>, na categoria \u201cTourism Destination City\u201d, no dia 16 de mar\u00e7o de 2023 e para a medalha de prata, no conceituado US International Awards, em Los Angeles, na mesma categoria, no dia 29 de junho de 2023.<\/p>\n<p>A vota\u00e7\u00e3o do filme &#8220;Mon\u00e7\u00e3o Deixa Marca&#8221; no festival internacional CIFFT \u00e9 simples e gratuita, <strong>pode ser repetida todos os dias<\/strong> at\u00e9 \u00e0 data limite de 20 de outubro,<strong> mas cada utilizador s\u00f3 pode votar 1 vez por dia<\/strong>.<\/p>\n<p>Para votar, basta aceder ao link: <a href=\"_wp_link_placeholder\" data-wplink-edit=\"true\">https:\/\/www.cifft.com\/film\/moncao-deixa-marca\/<\/a><\/p>","protected":false},"excerpt":{"rendered":"<p>O filme \u201cMon\u00e7\u00e3o Deixa Marca\u201d, realizado e produzido pelo cineasta Leonel Vieira, foi selecionado num conjunto de 56 filmes de todo o mundo que, entre os dias 2 e 20 de outubro, est\u00e3o abertos \u00e0 vota\u00e7\u00e3o do p\u00fablico. De acordo com os dados verificados a momentos pela AltominhoTV, o filme conta j\u00e1 com 5750 votos, [&hellip;]<\/p>\n","protected":false},"author":1,"featured_media":97287,"comment_status":"closed","ping_status":"closed","sticky":false,"template":"","format":"standard","meta":{"_exactmetrics_skip_tracking":false,"_exactmetrics_sitenote_active":false,"_exactmetrics_sitenote_note":"","_exactmetrics_sitenote_category":0,"footnotes":""},"categories":[9],"tags":[19],"class_list":["post-97286","post","type-post","status-publish","format-standard","has-post-thumbnail","hentry","category-moncao","tag-cultura"],"yoast_head":"<!-- This site is optimized with the Yoast SEO Premium plugin v27.5 (Yoast SEO v27.5) - https:\/\/yoast.com\/product\/yoast-seo-premium-wordpress\/ -->\n<title>Mon\u00e7\u00e3o apela a vota\u00e7\u00e3o massiva ao filme \u201cMon\u00e7\u00e3o Deixa Marca\u201d<\/title>\n<meta name=\"description\" content=\"O filme \u201cMon\u00e7\u00e3o Deixa Marca\u201d, realizado e produzido pelo cineasta Leonel Vieira, foi selecionado num conjunto de 56 filmes de todo o mundo.\" \/>\n<meta name=\"robots\" content=\"index, follow, max-snippet:-1, max-image-preview:large, max-video-preview:-1\" \/>\n<link rel=\"canonical\" href=\"https:\/\/www.altominho.tv\/site\/2023\/10\/05\/moncao-apela-a-votacao-massiva-ao-filme-moncao-deixa-marca\/\" \/>\n<meta property=\"og:locale\" content=\"pt_PT\" \/>\n<meta property=\"og:type\" content=\"article\" \/>\n<meta property=\"og:title\" content=\"Mon\u00e7\u00e3o apela a vota\u00e7\u00e3o massiva ao filme \u201cMon\u00e7\u00e3o Deixa Marca\u201d\" \/>\n<meta property=\"og:description\" content=\"O filme \u201cMon\u00e7\u00e3o Deixa Marca\u201d, realizado e produzido pelo cineasta Leonel Vieira, foi selecionado num conjunto de 56 filmes de todo o mundo.\" \/>\n<meta property=\"og:url\" content=\"https:\/\/www.altominho.tv\/site\/2023\/10\/05\/moncao-apela-a-votacao-massiva-ao-filme-moncao-deixa-marca\/\" \/>\n<meta property=\"og:site_name\" content=\"Altominho.tv\" \/>\n<meta property=\"article:publisher\" content=\"https:\/\/www.facebook.com\/altominhotv\" \/>\n<meta property=\"article:published_time\" content=\"2023-10-05T20:50:12+00:00\" \/>\n<meta property=\"article:modified_time\" content=\"2023-10-05T20:50:17+00:00\" \/>\n<meta property=\"og:image\" content=\"https:\/\/www.altominho.tv\/site\/wp-content\/uploads\/2023\/10\/Filme_MoncaoDeixaMarca.jpg\" \/>\n\t<meta property=\"og:image:width\" content=\"2000\" \/>\n\t<meta property=\"og:image:height\" content=\"1293\" \/>\n\t<meta property=\"og:image:type\" content=\"image\/jpeg\" \/>\n<meta name=\"author\" content=\"Altominho.tv\" \/>\n<meta name=\"twitter:card\" content=\"summary_large_image\" \/>\n<meta name=\"twitter:creator\" content=\"@altominhoTV\" \/>\n<meta name=\"twitter:site\" content=\"@altominhoTV\" \/>\n<meta name=\"twitter:label1\" content=\"Escrito por\" \/>\n\t<meta name=\"twitter:data1\" content=\"Altominho.tv\" \/>\n\t<meta name=\"twitter:label2\" content=\"Tempo estimado de leitura\" \/>\n\t<meta name=\"twitter:data2\" content=\"2 minutos\" \/>\n<script type=\"application\/ld+json\" class=\"yoast-schema-graph\">{\"@context\":\"https:\\\/\\\/schema.org\",\"@graph\":[{\"@type\":\"Article\",\"@id\":\"https:\\\/\\\/www.altominho.tv\\\/site\\\/2023\\\/10\\\/05\\\/moncao-apela-a-votacao-massiva-ao-filme-moncao-deixa-marca\\\/#article\",\"isPartOf\":{\"@id\":\"https:\\\/\\\/www.altominho.tv\\\/site\\\/2023\\\/10\\\/05\\\/moncao-apela-a-votacao-massiva-ao-filme-moncao-deixa-marca\\\/\"},\"author\":{\"name\":\"Altominho.tv\",\"@id\":\"https:\\\/\\\/www.altominho.tv\\\/site\\\/#\\\/schema\\\/person\\\/4e536851627d7914baf3dac752b6af22\"},\"headline\":\"Mon\u00e7\u00e3o apela a vota\u00e7\u00e3o massiva ao filme \u201cMon\u00e7\u00e3o Deixa Marca\u201d\",\"datePublished\":\"2023-10-05T20:50:12+00:00\",\"dateModified\":\"2023-10-05T20:50:17+00:00\",\"mainEntityOfPage\":{\"@id\":\"https:\\\/\\\/www.altominho.tv\\\/site\\\/2023\\\/10\\\/05\\\/moncao-apela-a-votacao-massiva-ao-filme-moncao-deixa-marca\\\/\"},\"wordCount\":307,\"image\":{\"@id\":\"https:\\\/\\\/www.altominho.tv\\\/site\\\/2023\\\/10\\\/05\\\/moncao-apela-a-votacao-massiva-ao-filme-moncao-deixa-marca\\\/#primaryimage\"},\"thumbnailUrl\":\"https:\\\/\\\/www.altominho.tv\\\/site\\\/wp-content\\\/uploads\\\/2023\\\/10\\\/Filme_MoncaoDeixaMarca.jpg\",\"keywords\":[\"Cultura\"],\"articleSection\":[\"Mon\u00e7\u00e3o\"],\"inLanguage\":\"pt-PT\",\"copyrightYear\":\"2023\",\"copyrightHolder\":{\"@id\":\"https:\\\/\\\/www.altominho.tv\\\/site\\\/#organization\"}},{\"@type\":\"WebPage\",\"@id\":\"https:\\\/\\\/www.altominho.tv\\\/site\\\/2023\\\/10\\\/05\\\/moncao-apela-a-votacao-massiva-ao-filme-moncao-deixa-marca\\\/\",\"url\":\"https:\\\/\\\/www.altominho.tv\\\/site\\\/2023\\\/10\\\/05\\\/moncao-apela-a-votacao-massiva-ao-filme-moncao-deixa-marca\\\/\",\"name\":\"Mon\u00e7\u00e3o apela a vota\u00e7\u00e3o massiva ao filme \u201cMon\u00e7\u00e3o Deixa Marca\u201d\",\"isPartOf\":{\"@id\":\"https:\\\/\\\/www.altominho.tv\\\/site\\\/#website\"},\"primaryImageOfPage\":{\"@id\":\"https:\\\/\\\/www.altominho.tv\\\/site\\\/2023\\\/10\\\/05\\\/moncao-apela-a-votacao-massiva-ao-filme-moncao-deixa-marca\\\/#primaryimage\"},\"image\":{\"@id\":\"https:\\\/\\\/www.altominho.tv\\\/site\\\/2023\\\/10\\\/05\\\/moncao-apela-a-votacao-massiva-ao-filme-moncao-deixa-marca\\\/#primaryimage\"},\"thumbnailUrl\":\"https:\\\/\\\/www.altominho.tv\\\/site\\\/wp-content\\\/uploads\\\/2023\\\/10\\\/Filme_MoncaoDeixaMarca.jpg\",\"datePublished\":\"2023-10-05T20:50:12+00:00\",\"dateModified\":\"2023-10-05T20:50:17+00:00\",\"author\":{\"@id\":\"https:\\\/\\\/www.altominho.tv\\\/site\\\/#\\\/schema\\\/person\\\/4e536851627d7914baf3dac752b6af22\"},\"description\":\"O filme \u201cMon\u00e7\u00e3o Deixa Marca\u201d, realizado e produzido pelo cineasta Leonel Vieira, foi selecionado num conjunto de 56 filmes de todo o mundo.\",\"breadcrumb\":{\"@id\":\"https:\\\/\\\/www.altominho.tv\\\/site\\\/2023\\\/10\\\/05\\\/moncao-apela-a-votacao-massiva-ao-filme-moncao-deixa-marca\\\/#breadcrumb\"},\"inLanguage\":\"pt-PT\",\"potentialAction\":[{\"@type\":\"ReadAction\",\"target\":[\"https:\\\/\\\/www.altominho.tv\\\/site\\\/2023\\\/10\\\/05\\\/moncao-apela-a-votacao-massiva-ao-filme-moncao-deixa-marca\\\/\"]}]},{\"@type\":\"ImageObject\",\"inLanguage\":\"pt-PT\",\"@id\":\"https:\\\/\\\/www.altominho.tv\\\/site\\\/2023\\\/10\\\/05\\\/moncao-apela-a-votacao-massiva-ao-filme-moncao-deixa-marca\\\/#primaryimage\",\"url\":\"https:\\\/\\\/www.altominho.tv\\\/site\\\/wp-content\\\/uploads\\\/2023\\\/10\\\/Filme_MoncaoDeixaMarca.jpg\",\"contentUrl\":\"https:\\\/\\\/www.altominho.tv\\\/site\\\/wp-content\\\/uploads\\\/2023\\\/10\\\/Filme_MoncaoDeixaMarca.jpg\",\"width\":2000,\"height\":1293},{\"@type\":\"BreadcrumbList\",\"@id\":\"https:\\\/\\\/www.altominho.tv\\\/site\\\/2023\\\/10\\\/05\\\/moncao-apela-a-votacao-massiva-ao-filme-moncao-deixa-marca\\\/#breadcrumb\",\"itemListElement\":[{\"@type\":\"ListItem\",\"position\":1,\"name\":\"In\u00edcio\",\"item\":\"https:\\\/\\\/www.altominho.tv\\\/site\\\/\"},{\"@type\":\"ListItem\",\"position\":2,\"name\":\"Mon\u00e7\u00e3o apela a vota\u00e7\u00e3o massiva ao filme \u201cMon\u00e7\u00e3o Deixa Marca\u201d\"}]},{\"@type\":\"WebSite\",\"@id\":\"https:\\\/\\\/www.altominho.tv\\\/site\\\/#website\",\"url\":\"https:\\\/\\\/www.altominho.tv\\\/site\\\/\",\"name\":\"Altominho.tv\",\"description\":\"A sua regi\u00e3o \u00e0 dist\u00e2ncia de um clique...\",\"potentialAction\":[{\"@type\":\"SearchAction\",\"target\":{\"@type\":\"EntryPoint\",\"urlTemplate\":\"https:\\\/\\\/www.altominho.tv\\\/site\\\/?s={search_term_string}\"},\"query-input\":{\"@type\":\"PropertyValueSpecification\",\"valueRequired\":true,\"valueName\":\"search_term_string\"}}],\"inLanguage\":\"pt-PT\"},{\"@type\":\"Person\",\"@id\":\"https:\\\/\\\/www.altominho.tv\\\/site\\\/#\\\/schema\\\/person\\\/4e536851627d7914baf3dac752b6af22\",\"name\":\"Altominho.tv\",\"image\":{\"@type\":\"ImageObject\",\"inLanguage\":\"pt-PT\",\"@id\":\"https:\\\/\\\/www.altominho.tv\\\/site\\\/wp-content\\\/uploads\\\/2019\\\/11\\\/Logo_Avatar_2-150x150.jpg\",\"url\":\"https:\\\/\\\/www.altominho.tv\\\/site\\\/wp-content\\\/uploads\\\/2019\\\/11\\\/Logo_Avatar_2-150x150.jpg\",\"contentUrl\":\"https:\\\/\\\/www.altominho.tv\\\/site\\\/wp-content\\\/uploads\\\/2019\\\/11\\\/Logo_Avatar_2-150x150.jpg\",\"caption\":\"Altominho.tv\"},\"url\":\"https:\\\/\\\/www.altominho.tv\\\/site\\\/author\\\/altominhotv-tecnico\\\/\"}]}<\/script>\n<!-- \/ Yoast SEO Premium plugin. -->","yoast_head_json":{"title":"Mon\u00e7\u00e3o apela a vota\u00e7\u00e3o massiva ao filme \u201cMon\u00e7\u00e3o Deixa Marca\u201d","description":"O filme \u201cMon\u00e7\u00e3o Deixa Marca\u201d, realizado e produzido pelo cineasta Leonel Vieira, foi selecionado num conjunto de 56 filmes de todo o mundo.","robots":{"index":"index","follow":"follow","max-snippet":"max-snippet:-1","max-image-preview":"max-image-preview:large","max-video-preview":"max-video-preview:-1"},"canonical":"https:\/\/www.altominho.tv\/site\/2023\/10\/05\/moncao-apela-a-votacao-massiva-ao-filme-moncao-deixa-marca\/","og_locale":"pt_PT","og_type":"article","og_title":"Mon\u00e7\u00e3o apela a vota\u00e7\u00e3o massiva ao filme \u201cMon\u00e7\u00e3o Deixa Marca\u201d","og_description":"O filme \u201cMon\u00e7\u00e3o Deixa Marca\u201d, realizado e produzido pelo cineasta Leonel Vieira, foi selecionado num conjunto de 56 filmes de todo o mundo.","og_url":"https:\/\/www.altominho.tv\/site\/2023\/10\/05\/moncao-apela-a-votacao-massiva-ao-filme-moncao-deixa-marca\/","og_site_name":"Altominho.tv","article_publisher":"https:\/\/www.facebook.com\/altominhotv","article_published_time":"2023-10-05T20:50:12+00:00","article_modified_time":"2023-10-05T20:50:17+00:00","og_image":[{"width":2000,"height":1293,"url":"https:\/\/www.altominho.tv\/site\/wp-content\/uploads\/2023\/10\/Filme_MoncaoDeixaMarca.jpg","type":"image\/jpeg"}],"author":"Altominho.tv","twitter_card":"summary_large_image","twitter_creator":"@altominhoTV","twitter_site":"@altominhoTV","twitter_misc":{"Escrito por":"Altominho.tv","Tempo estimado de leitura":"2 minutos"},"schema":{"@context":"https:\/\/schema.org","@graph":[{"@type":"Article","@id":"https:\/\/www.altominho.tv\/site\/2023\/10\/05\/moncao-apela-a-votacao-massiva-ao-filme-moncao-deixa-marca\/#article","isPartOf":{"@id":"https:\/\/www.altominho.tv\/site\/2023\/10\/05\/moncao-apela-a-votacao-massiva-ao-filme-moncao-deixa-marca\/"},"author":{"name":"Altominho.tv","@id":"https:\/\/www.altominho.tv\/site\/#\/schema\/person\/4e536851627d7914baf3dac752b6af22"},"headline":"Mon\u00e7\u00e3o apela a vota\u00e7\u00e3o massiva ao filme \u201cMon\u00e7\u00e3o Deixa Marca\u201d","datePublished":"2023-10-05T20:50:12+00:00","dateModified":"2023-10-05T20:50:17+00:00","mainEntityOfPage":{"@id":"https:\/\/www.altominho.tv\/site\/2023\/10\/05\/moncao-apela-a-votacao-massiva-ao-filme-moncao-deixa-marca\/"},"wordCount":307,"image":{"@id":"https:\/\/www.altominho.tv\/site\/2023\/10\/05\/moncao-apela-a-votacao-massiva-ao-filme-moncao-deixa-marca\/#primaryimage"},"thumbnailUrl":"https:\/\/www.altominho.tv\/site\/wp-content\/uploads\/2023\/10\/Filme_MoncaoDeixaMarca.jpg","keywords":["Cultura"],"articleSection":["Mon\u00e7\u00e3o"],"inLanguage":"pt-PT","copyrightYear":"2023","copyrightHolder":{"@id":"https:\/\/www.altominho.tv\/site\/#organization"}},{"@type":"WebPage","@id":"https:\/\/www.altominho.tv\/site\/2023\/10\/05\/moncao-apela-a-votacao-massiva-ao-filme-moncao-deixa-marca\/","url":"https:\/\/www.altominho.tv\/site\/2023\/10\/05\/moncao-apela-a-votacao-massiva-ao-filme-moncao-deixa-marca\/","name":"Mon\u00e7\u00e3o apela a vota\u00e7\u00e3o massiva ao filme \u201cMon\u00e7\u00e3o Deixa Marca\u201d","isPartOf":{"@id":"https:\/\/www.altominho.tv\/site\/#website"},"primaryImageOfPage":{"@id":"https:\/\/www.altominho.tv\/site\/2023\/10\/05\/moncao-apela-a-votacao-massiva-ao-filme-moncao-deixa-marca\/#primaryimage"},"image":{"@id":"https:\/\/www.altominho.tv\/site\/2023\/10\/05\/moncao-apela-a-votacao-massiva-ao-filme-moncao-deixa-marca\/#primaryimage"},"thumbnailUrl":"https:\/\/www.altominho.tv\/site\/wp-content\/uploads\/2023\/10\/Filme_MoncaoDeixaMarca.jpg","datePublished":"2023-10-05T20:50:12+00:00","dateModified":"2023-10-05T20:50:17+00:00","author":{"@id":"https:\/\/www.altominho.tv\/site\/#\/schema\/person\/4e536851627d7914baf3dac752b6af22"},"description":"O filme \u201cMon\u00e7\u00e3o Deixa Marca\u201d, realizado e produzido pelo cineasta Leonel Vieira, foi selecionado num conjunto de 56 filmes de todo o mundo.","breadcrumb":{"@id":"https:\/\/www.altominho.tv\/site\/2023\/10\/05\/moncao-apela-a-votacao-massiva-ao-filme-moncao-deixa-marca\/#breadcrumb"},"inLanguage":"pt-PT","potentialAction":[{"@type":"ReadAction","target":["https:\/\/www.altominho.tv\/site\/2023\/10\/05\/moncao-apela-a-votacao-massiva-ao-filme-moncao-deixa-marca\/"]}]},{"@type":"ImageObject","inLanguage":"pt-PT","@id":"https:\/\/www.altominho.tv\/site\/2023\/10\/05\/moncao-apela-a-votacao-massiva-ao-filme-moncao-deixa-marca\/#primaryimage","url":"https:\/\/www.altominho.tv\/site\/wp-content\/uploads\/2023\/10\/Filme_MoncaoDeixaMarca.jpg","contentUrl":"https:\/\/www.altominho.tv\/site\/wp-content\/uploads\/2023\/10\/Filme_MoncaoDeixaMarca.jpg","width":2000,"height":1293},{"@type":"BreadcrumbList","@id":"https:\/\/www.altominho.tv\/site\/2023\/10\/05\/moncao-apela-a-votacao-massiva-ao-filme-moncao-deixa-marca\/#breadcrumb","itemListElement":[{"@type":"ListItem","position":1,"name":"In\u00edcio","item":"https:\/\/www.altominho.tv\/site\/"},{"@type":"ListItem","position":2,"name":"Mon\u00e7\u00e3o apela a vota\u00e7\u00e3o massiva ao filme \u201cMon\u00e7\u00e3o Deixa Marca\u201d"}]},{"@type":"WebSite","@id":"https:\/\/www.altominho.tv\/site\/#website","url":"https:\/\/www.altominho.tv\/site\/","name":"Altominho.tv","description":"A sua regi\u00e3o \u00e0 dist\u00e2ncia de um clique...","potentialAction":[{"@type":"SearchAction","target":{"@type":"EntryPoint","urlTemplate":"https:\/\/www.altominho.tv\/site\/?s={search_term_string}"},"query-input":{"@type":"PropertyValueSpecification","valueRequired":true,"valueName":"search_term_string"}}],"inLanguage":"pt-PT"},{"@type":"Person","@id":"https:\/\/www.altominho.tv\/site\/#\/schema\/person\/4e536851627d7914baf3dac752b6af22","name":"Altominho.tv","image":{"@type":"ImageObject","inLanguage":"pt-PT","@id":"https:\/\/www.altominho.tv\/site\/wp-content\/uploads\/2019\/11\/Logo_Avatar_2-150x150.jpg","url":"https:\/\/www.altominho.tv\/site\/wp-content\/uploads\/2019\/11\/Logo_Avatar_2-150x150.jpg","contentUrl":"https:\/\/www.altominho.tv\/site\/wp-content\/uploads\/2019\/11\/Logo_Avatar_2-150x150.jpg","caption":"Altominho.tv"},"url":"https:\/\/www.altominho.tv\/site\/author\/altominhotv-tecnico\/"}]}},"_links":{"self":[{"href":"https:\/\/www.altominho.tv\/site\/wp-json\/wp\/v2\/posts\/97286","targetHints":{"allow":["GET"]}}],"collection":[{"href":"https:\/\/www.altominho.tv\/site\/wp-json\/wp\/v2\/posts"}],"about":[{"href":"https:\/\/www.altominho.tv\/site\/wp-json\/wp\/v2\/types\/post"}],"author":[{"embeddable":true,"href":"https:\/\/www.altominho.tv\/site\/wp-json\/wp\/v2\/users\/1"}],"replies":[{"embeddable":true,"href":"https:\/\/www.altominho.tv\/site\/wp-json\/wp\/v2\/comments?post=97286"}],"version-history":[{"count":1,"href":"https:\/\/www.altominho.tv\/site\/wp-json\/wp\/v2\/posts\/97286\/revisions"}],"predecessor-version":[{"id":97288,"href":"https:\/\/www.altominho.tv\/site\/wp-json\/wp\/v2\/posts\/97286\/revisions\/97288"}],"wp:featuredmedia":[{"embeddable":true,"href":"https:\/\/www.altominho.tv\/site\/wp-json\/wp\/v2\/media\/97287"}],"wp:attachment":[{"href":"https:\/\/www.altominho.tv\/site\/wp-json\/wp\/v2\/media?parent=97286"}],"wp:term":[{"taxonomy":"category","embeddable":true,"href":"https:\/\/www.altominho.tv\/site\/wp-json\/wp\/v2\/categories?post=97286"},{"taxonomy":"post_tag","embeddable":true,"href":"https:\/\/www.altominho.tv\/site\/wp-json\/wp\/v2\/tags?post=97286"}],"curies":[{"name":"wp","href":"https:\/\/api.w.org\/{rel}","templated":true}]}}