{"id":97273,"date":"2023-10-04T18:32:08","date_gmt":"2023-10-04T17:32:08","guid":{"rendered":"https:\/\/www.altominho.tv\/site\/?p=97273"},"modified":"2023-10-04T18:32:12","modified_gmt":"2023-10-04T17:32:12","slug":"moncao-investe-na-beneficiacao-da-rede-viaria-em-quatro-freguesias","status":"publish","type":"post","link":"https:\/\/www.altominho.tv\/site\/2023\/10\/04\/moncao-investe-na-beneficiacao-da-rede-viaria-em-quatro-freguesias\/","title":{"rendered":"Mon\u00e7\u00e3o investe na beneficia\u00e7\u00e3o da rede vi\u00e1ria em quatro freguesias"},"content":{"rendered":"<p class=\"p1\">O Munic\u00edpio de Mon\u00e7\u00e3o investe 259.020,86 euros em tr\u00eas empreitadas que pretendem valorizar as acessibilidades em quatro freguesias.<\/p>\n<p>Nesta ordem de trabalhos, consta a requalifica\u00e7\u00e3o de, nomeadamente, a EM 1120 entre Barbeita e Segude (Estrada das Poldras), a Estrada de Vila Martins, em Segude, e a Rua de Santo Ant\u00f3nio, na Bela e Longos Vales.<\/p>\n<p class=\"p1\">Com responsabilidade da empresa \u201cHabimon\u00e7\u00e3o, Constru\u00e7\u00f5es, Lda\u201d,\u00a0 as tr\u00eas interven\u00e7\u00f5es projetadas valorizam a seguran\u00e7a e mobilidade autom\u00f3vel nas quatro freguesias.<\/p>\n<p class=\"p1\">As tr\u00eas estradas encontram-se deterioradas em determinadas zonas, devido \u00e0 a\u00e7\u00e3o das \u00e1guas pluviais e \u00e0s ra\u00edzes das \u00e1rvores, sendo necess\u00e1rio intervir ao n\u00edvel da drenagem, bermas e pavimenta\u00e7\u00e3o. Prevista, tamb\u00e9m, a constru\u00e7\u00e3o de serventias em bet\u00e3o e sinaliza\u00e7\u00e3o rodovi\u00e1ria.<\/p>\n<p class=\"p1\">Segundo a autarquia, a requalifica\u00e7\u00e3o da rede vi\u00e1ria municipal tem sinal priorit\u00e1rio para o executivo mon\u00e7anense. Assim, o Munic\u00edpio de Mon\u00e7\u00e3o inicia, em breve prazo, v\u00e1rias empreitadas em 18 freguesias do concelho, num investimento global que ascende a 1.8 milh\u00f5es de euros.<\/p>\n","protected":false},"excerpt":{"rendered":"<p>O Munic\u00edpio de Mon\u00e7\u00e3o investe 259.020,86 euros em tr\u00eas empreitadas que pretendem valorizar as acessibilidades em quatro freguesias. Nesta ordem de trabalhos, consta a requalifica\u00e7\u00e3o de, nomeadamente, a EM 1120 entre Barbeita e Segude (Estrada das Poldras), a Estrada de Vila Martins, em Segude, e a Rua de Santo Ant\u00f3nio, na Bela e Longos Vales. [&hellip;]<\/p>\n","protected":false},"author":28,"featured_media":97274,"comment_status":"closed","ping_status":"closed","sticky":false,"template":"","format":"standard","meta":{"_exactmetrics_skip_tracking":false,"_exactmetrics_sitenote_active":false,"_exactmetrics_sitenote_note":"","_exactmetrics_sitenote_category":0,"footnotes":""},"categories":[9],"tags":[21,27],"class_list":["post-97273","post","type-post","status-publish","format-standard","has-post-thumbnail","hentry","category-moncao","tag-economia","tag-sociedade"],"yoast_head":"<!-- This site is optimized with the Yoast SEO Premium plugin v27.5 (Yoast SEO v27.5) - https:\/\/yoast.com\/product\/yoast-seo-premium-wordpress\/ -->\n<title>Mon\u00e7\u00e3o investe na beneficia\u00e7\u00e3o da rede vi\u00e1ria em quatro freguesias<\/title>\n<meta name=\"description\" content=\"Nesta ordem de trabalhos, consta a requalifica\u00e7\u00e3o de, nomeadamente, a EM 1120 entre Barbeita e Segude (Estrada das Poldras), a Estrada de Vila Martins, em Segude, e a Rua de Santo Ant\u00f3nio, na Bela e Longos Vales.\" \/>\n<meta name=\"robots\" content=\"index, follow, max-snippet:-1, max-image-preview:large, max-video-preview:-1\" \/>\n<link rel=\"canonical\" href=\"https:\/\/www.altominho.tv\/site\/2023\/10\/04\/moncao-investe-na-beneficiacao-da-rede-viaria-em-quatro-freguesias\/\" \/>\n<meta property=\"og:locale\" content=\"pt_PT\" \/>\n<meta property=\"og:type\" content=\"article\" \/>\n<meta property=\"og:title\" content=\"Mon\u00e7\u00e3o investe na beneficia\u00e7\u00e3o da rede vi\u00e1ria em quatro freguesias\" \/>\n<meta property=\"og:description\" content=\"Nesta ordem de trabalhos, consta a requalifica\u00e7\u00e3o de, nomeadamente, a EM 1120 entre Barbeita e Segude (Estrada das Poldras), a Estrada de Vila Martins, em Segude, e a Rua de Santo Ant\u00f3nio, na Bela e Longos Vales.\" \/>\n<meta property=\"og:url\" content=\"https:\/\/www.altominho.tv\/site\/2023\/10\/04\/moncao-investe-na-beneficiacao-da-rede-viaria-em-quatro-freguesias\/\" \/>\n<meta property=\"og:site_name\" content=\"Altominho.tv\" \/>\n<meta property=\"article:publisher\" content=\"https:\/\/www.facebook.com\/altominhotv\" \/>\n<meta property=\"article:published_time\" content=\"2023-10-04T17:32:08+00:00\" \/>\n<meta property=\"article:modified_time\" content=\"2023-10-04T17:32:12+00:00\" \/>\n<meta property=\"og:image\" content=\"https:\/\/www.altominho.tv\/site\/wp-content\/uploads\/2023\/10\/Moncao.jpeg\" \/>\n\t<meta property=\"og:image:width\" content=\"1700\" \/>\n\t<meta property=\"og:image:height\" content=\"1047\" \/>\n\t<meta property=\"og:image:type\" content=\"image\/jpeg\" \/>\n<meta name=\"author\" content=\"Beatriz Lira\" \/>\n<meta name=\"twitter:card\" content=\"summary_large_image\" \/>\n<meta name=\"twitter:creator\" content=\"@altominhoTV\" \/>\n<meta name=\"twitter:site\" content=\"@altominhoTV\" \/>\n<meta name=\"twitter:label1\" content=\"Escrito por\" \/>\n\t<meta name=\"twitter:data1\" content=\"Beatriz Lira\" \/>\n\t<meta name=\"twitter:label2\" content=\"Tempo estimado de leitura\" \/>\n\t<meta name=\"twitter:data2\" content=\"1 minuto\" \/>\n<script type=\"application\/ld+json\" class=\"yoast-schema-graph\">{\"@context\":\"https:\\\/\\\/schema.org\",\"@graph\":[{\"@type\":\"Article\",\"@id\":\"https:\\\/\\\/www.altominho.tv\\\/site\\\/2023\\\/10\\\/04\\\/moncao-investe-na-beneficiacao-da-rede-viaria-em-quatro-freguesias\\\/#article\",\"isPartOf\":{\"@id\":\"https:\\\/\\\/www.altominho.tv\\\/site\\\/2023\\\/10\\\/04\\\/moncao-investe-na-beneficiacao-da-rede-viaria-em-quatro-freguesias\\\/\"},\"author\":{\"name\":\"Beatriz Lira\",\"@id\":\"https:\\\/\\\/www.altominho.tv\\\/site\\\/#\\\/schema\\\/person\\\/f95a2097796cf4462fe1e476cddc40e4\"},\"headline\":\"Mon\u00e7\u00e3o investe na beneficia\u00e7\u00e3o da rede vi\u00e1ria em quatro freguesias\",\"datePublished\":\"2023-10-04T17:32:08+00:00\",\"dateModified\":\"2023-10-04T17:32:12+00:00\",\"mainEntityOfPage\":{\"@id\":\"https:\\\/\\\/www.altominho.tv\\\/site\\\/2023\\\/10\\\/04\\\/moncao-investe-na-beneficiacao-da-rede-viaria-em-quatro-freguesias\\\/\"},\"wordCount\":195,\"image\":{\"@id\":\"https:\\\/\\\/www.altominho.tv\\\/site\\\/2023\\\/10\\\/04\\\/moncao-investe-na-beneficiacao-da-rede-viaria-em-quatro-freguesias\\\/#primaryimage\"},\"thumbnailUrl\":\"https:\\\/\\\/www.altominho.tv\\\/site\\\/wp-content\\\/uploads\\\/2023\\\/10\\\/Moncao.jpeg\",\"keywords\":[\"Economia\",\"Sociedade\"],\"articleSection\":[\"Mon\u00e7\u00e3o\"],\"inLanguage\":\"pt-PT\",\"copyrightYear\":\"2023\",\"copyrightHolder\":{\"@id\":\"https:\\\/\\\/www.altominho.tv\\\/site\\\/#organization\"}},{\"@type\":\"WebPage\",\"@id\":\"https:\\\/\\\/www.altominho.tv\\\/site\\\/2023\\\/10\\\/04\\\/moncao-investe-na-beneficiacao-da-rede-viaria-em-quatro-freguesias\\\/\",\"url\":\"https:\\\/\\\/www.altominho.tv\\\/site\\\/2023\\\/10\\\/04\\\/moncao-investe-na-beneficiacao-da-rede-viaria-em-quatro-freguesias\\\/\",\"name\":\"Mon\u00e7\u00e3o investe na beneficia\u00e7\u00e3o da rede vi\u00e1ria em quatro freguesias\",\"isPartOf\":{\"@id\":\"https:\\\/\\\/www.altominho.tv\\\/site\\\/#website\"},\"primaryImageOfPage\":{\"@id\":\"https:\\\/\\\/www.altominho.tv\\\/site\\\/2023\\\/10\\\/04\\\/moncao-investe-na-beneficiacao-da-rede-viaria-em-quatro-freguesias\\\/#primaryimage\"},\"image\":{\"@id\":\"https:\\\/\\\/www.altominho.tv\\\/site\\\/2023\\\/10\\\/04\\\/moncao-investe-na-beneficiacao-da-rede-viaria-em-quatro-freguesias\\\/#primaryimage\"},\"thumbnailUrl\":\"https:\\\/\\\/www.altominho.tv\\\/site\\\/wp-content\\\/uploads\\\/2023\\\/10\\\/Moncao.jpeg\",\"datePublished\":\"2023-10-04T17:32:08+00:00\",\"dateModified\":\"2023-10-04T17:32:12+00:00\",\"author\":{\"@id\":\"https:\\\/\\\/www.altominho.tv\\\/site\\\/#\\\/schema\\\/person\\\/f95a2097796cf4462fe1e476cddc40e4\"},\"description\":\"Nesta ordem de trabalhos, consta a requalifica\u00e7\u00e3o de, nomeadamente, a EM 1120 entre Barbeita e Segude (Estrada das Poldras), a Estrada de Vila Martins, em Segude, e a Rua de Santo Ant\u00f3nio, na Bela e Longos Vales.\",\"breadcrumb\":{\"@id\":\"https:\\\/\\\/www.altominho.tv\\\/site\\\/2023\\\/10\\\/04\\\/moncao-investe-na-beneficiacao-da-rede-viaria-em-quatro-freguesias\\\/#breadcrumb\"},\"inLanguage\":\"pt-PT\",\"potentialAction\":[{\"@type\":\"ReadAction\",\"target\":[\"https:\\\/\\\/www.altominho.tv\\\/site\\\/2023\\\/10\\\/04\\\/moncao-investe-na-beneficiacao-da-rede-viaria-em-quatro-freguesias\\\/\"]}]},{\"@type\":\"ImageObject\",\"inLanguage\":\"pt-PT\",\"@id\":\"https:\\\/\\\/www.altominho.tv\\\/site\\\/2023\\\/10\\\/04\\\/moncao-investe-na-beneficiacao-da-rede-viaria-em-quatro-freguesias\\\/#primaryimage\",\"url\":\"https:\\\/\\\/www.altominho.tv\\\/site\\\/wp-content\\\/uploads\\\/2023\\\/10\\\/Moncao.jpeg\",\"contentUrl\":\"https:\\\/\\\/www.altominho.tv\\\/site\\\/wp-content\\\/uploads\\\/2023\\\/10\\\/Moncao.jpeg\",\"width\":1700,\"height\":1047},{\"@type\":\"BreadcrumbList\",\"@id\":\"https:\\\/\\\/www.altominho.tv\\\/site\\\/2023\\\/10\\\/04\\\/moncao-investe-na-beneficiacao-da-rede-viaria-em-quatro-freguesias\\\/#breadcrumb\",\"itemListElement\":[{\"@type\":\"ListItem\",\"position\":1,\"name\":\"In\u00edcio\",\"item\":\"https:\\\/\\\/www.altominho.tv\\\/site\\\/\"},{\"@type\":\"ListItem\",\"position\":2,\"name\":\"Mon\u00e7\u00e3o investe na beneficia\u00e7\u00e3o da rede vi\u00e1ria em quatro freguesias\"}]},{\"@type\":\"WebSite\",\"@id\":\"https:\\\/\\\/www.altominho.tv\\\/site\\\/#website\",\"url\":\"https:\\\/\\\/www.altominho.tv\\\/site\\\/\",\"name\":\"Altominho.tv\",\"description\":\"A sua regi\u00e3o \u00e0 dist\u00e2ncia de um clique...\",\"potentialAction\":[{\"@type\":\"SearchAction\",\"target\":{\"@type\":\"EntryPoint\",\"urlTemplate\":\"https:\\\/\\\/www.altominho.tv\\\/site\\\/?s={search_term_string}\"},\"query-input\":{\"@type\":\"PropertyValueSpecification\",\"valueRequired\":true,\"valueName\":\"search_term_string\"}}],\"inLanguage\":\"pt-PT\"},{\"@type\":\"Person\",\"@id\":\"https:\\\/\\\/www.altominho.tv\\\/site\\\/#\\\/schema\\\/person\\\/f95a2097796cf4462fe1e476cddc40e4\",\"name\":\"Beatriz Lira\",\"image\":{\"@type\":\"ImageObject\",\"inLanguage\":\"pt-PT\",\"@id\":\"https:\\\/\\\/www.altominho.tv\\\/site\\\/wp-content\\\/uploads\\\/2023\\\/03\\\/Screenshot_20230306-141220_Photos-150x150.jpg\",\"url\":\"https:\\\/\\\/www.altominho.tv\\\/site\\\/wp-content\\\/uploads\\\/2023\\\/03\\\/Screenshot_20230306-141220_Photos-150x150.jpg\",\"contentUrl\":\"https:\\\/\\\/www.altominho.tv\\\/site\\\/wp-content\\\/uploads\\\/2023\\\/03\\\/Screenshot_20230306-141220_Photos-150x150.jpg\",\"caption\":\"Beatriz Lira\"},\"url\":\"https:\\\/\\\/www.altominho.tv\\\/site\\\/author\\\/beatriz\\\/\"}]}<\/script>\n<!-- \/ Yoast SEO Premium plugin. -->","yoast_head_json":{"title":"Mon\u00e7\u00e3o investe na beneficia\u00e7\u00e3o da rede vi\u00e1ria em quatro freguesias","description":"Nesta ordem de trabalhos, consta a requalifica\u00e7\u00e3o de, nomeadamente, a EM 1120 entre Barbeita e Segude (Estrada das Poldras), a Estrada de Vila Martins, em Segude, e a Rua de Santo Ant\u00f3nio, na Bela e Longos Vales.","robots":{"index":"index","follow":"follow","max-snippet":"max-snippet:-1","max-image-preview":"max-image-preview:large","max-video-preview":"max-video-preview:-1"},"canonical":"https:\/\/www.altominho.tv\/site\/2023\/10\/04\/moncao-investe-na-beneficiacao-da-rede-viaria-em-quatro-freguesias\/","og_locale":"pt_PT","og_type":"article","og_title":"Mon\u00e7\u00e3o investe na beneficia\u00e7\u00e3o da rede vi\u00e1ria em quatro freguesias","og_description":"Nesta ordem de trabalhos, consta a requalifica\u00e7\u00e3o de, nomeadamente, a EM 1120 entre Barbeita e Segude (Estrada das Poldras), a Estrada de Vila Martins, em Segude, e a Rua de Santo Ant\u00f3nio, na Bela e Longos Vales.","og_url":"https:\/\/www.altominho.tv\/site\/2023\/10\/04\/moncao-investe-na-beneficiacao-da-rede-viaria-em-quatro-freguesias\/","og_site_name":"Altominho.tv","article_publisher":"https:\/\/www.facebook.com\/altominhotv","article_published_time":"2023-10-04T17:32:08+00:00","article_modified_time":"2023-10-04T17:32:12+00:00","og_image":[{"width":1700,"height":1047,"url":"https:\/\/www.altominho.tv\/site\/wp-content\/uploads\/2023\/10\/Moncao.jpeg","type":"image\/jpeg"}],"author":"Beatriz Lira","twitter_card":"summary_large_image","twitter_creator":"@altominhoTV","twitter_site":"@altominhoTV","twitter_misc":{"Escrito por":"Beatriz Lira","Tempo estimado de leitura":"1 minuto"},"schema":{"@context":"https:\/\/schema.org","@graph":[{"@type":"Article","@id":"https:\/\/www.altominho.tv\/site\/2023\/10\/04\/moncao-investe-na-beneficiacao-da-rede-viaria-em-quatro-freguesias\/#article","isPartOf":{"@id":"https:\/\/www.altominho.tv\/site\/2023\/10\/04\/moncao-investe-na-beneficiacao-da-rede-viaria-em-quatro-freguesias\/"},"author":{"name":"Beatriz Lira","@id":"https:\/\/www.altominho.tv\/site\/#\/schema\/person\/f95a2097796cf4462fe1e476cddc40e4"},"headline":"Mon\u00e7\u00e3o investe na beneficia\u00e7\u00e3o da rede vi\u00e1ria em quatro freguesias","datePublished":"2023-10-04T17:32:08+00:00","dateModified":"2023-10-04T17:32:12+00:00","mainEntityOfPage":{"@id":"https:\/\/www.altominho.tv\/site\/2023\/10\/04\/moncao-investe-na-beneficiacao-da-rede-viaria-em-quatro-freguesias\/"},"wordCount":195,"image":{"@id":"https:\/\/www.altominho.tv\/site\/2023\/10\/04\/moncao-investe-na-beneficiacao-da-rede-viaria-em-quatro-freguesias\/#primaryimage"},"thumbnailUrl":"https:\/\/www.altominho.tv\/site\/wp-content\/uploads\/2023\/10\/Moncao.jpeg","keywords":["Economia","Sociedade"],"articleSection":["Mon\u00e7\u00e3o"],"inLanguage":"pt-PT","copyrightYear":"2023","copyrightHolder":{"@id":"https:\/\/www.altominho.tv\/site\/#organization"}},{"@type":"WebPage","@id":"https:\/\/www.altominho.tv\/site\/2023\/10\/04\/moncao-investe-na-beneficiacao-da-rede-viaria-em-quatro-freguesias\/","url":"https:\/\/www.altominho.tv\/site\/2023\/10\/04\/moncao-investe-na-beneficiacao-da-rede-viaria-em-quatro-freguesias\/","name":"Mon\u00e7\u00e3o investe na beneficia\u00e7\u00e3o da rede vi\u00e1ria em quatro freguesias","isPartOf":{"@id":"https:\/\/www.altominho.tv\/site\/#website"},"primaryImageOfPage":{"@id":"https:\/\/www.altominho.tv\/site\/2023\/10\/04\/moncao-investe-na-beneficiacao-da-rede-viaria-em-quatro-freguesias\/#primaryimage"},"image":{"@id":"https:\/\/www.altominho.tv\/site\/2023\/10\/04\/moncao-investe-na-beneficiacao-da-rede-viaria-em-quatro-freguesias\/#primaryimage"},"thumbnailUrl":"https:\/\/www.altominho.tv\/site\/wp-content\/uploads\/2023\/10\/Moncao.jpeg","datePublished":"2023-10-04T17:32:08+00:00","dateModified":"2023-10-04T17:32:12+00:00","author":{"@id":"https:\/\/www.altominho.tv\/site\/#\/schema\/person\/f95a2097796cf4462fe1e476cddc40e4"},"description":"Nesta ordem de trabalhos, consta a requalifica\u00e7\u00e3o de, nomeadamente, a EM 1120 entre Barbeita e Segude (Estrada das Poldras), a Estrada de Vila Martins, em Segude, e a Rua de Santo Ant\u00f3nio, na Bela e Longos Vales.","breadcrumb":{"@id":"https:\/\/www.altominho.tv\/site\/2023\/10\/04\/moncao-investe-na-beneficiacao-da-rede-viaria-em-quatro-freguesias\/#breadcrumb"},"inLanguage":"pt-PT","potentialAction":[{"@type":"ReadAction","target":["https:\/\/www.altominho.tv\/site\/2023\/10\/04\/moncao-investe-na-beneficiacao-da-rede-viaria-em-quatro-freguesias\/"]}]},{"@type":"ImageObject","inLanguage":"pt-PT","@id":"https:\/\/www.altominho.tv\/site\/2023\/10\/04\/moncao-investe-na-beneficiacao-da-rede-viaria-em-quatro-freguesias\/#primaryimage","url":"https:\/\/www.altominho.tv\/site\/wp-content\/uploads\/2023\/10\/Moncao.jpeg","contentUrl":"https:\/\/www.altominho.tv\/site\/wp-content\/uploads\/2023\/10\/Moncao.jpeg","width":1700,"height":1047},{"@type":"BreadcrumbList","@id":"https:\/\/www.altominho.tv\/site\/2023\/10\/04\/moncao-investe-na-beneficiacao-da-rede-viaria-em-quatro-freguesias\/#breadcrumb","itemListElement":[{"@type":"ListItem","position":1,"name":"In\u00edcio","item":"https:\/\/www.altominho.tv\/site\/"},{"@type":"ListItem","position":2,"name":"Mon\u00e7\u00e3o investe na beneficia\u00e7\u00e3o da rede vi\u00e1ria em quatro freguesias"}]},{"@type":"WebSite","@id":"https:\/\/www.altominho.tv\/site\/#website","url":"https:\/\/www.altominho.tv\/site\/","name":"Altominho.tv","description":"A sua regi\u00e3o \u00e0 dist\u00e2ncia de um clique...","potentialAction":[{"@type":"SearchAction","target":{"@type":"EntryPoint","urlTemplate":"https:\/\/www.altominho.tv\/site\/?s={search_term_string}"},"query-input":{"@type":"PropertyValueSpecification","valueRequired":true,"valueName":"search_term_string"}}],"inLanguage":"pt-PT"},{"@type":"Person","@id":"https:\/\/www.altominho.tv\/site\/#\/schema\/person\/f95a2097796cf4462fe1e476cddc40e4","name":"Beatriz Lira","image":{"@type":"ImageObject","inLanguage":"pt-PT","@id":"https:\/\/www.altominho.tv\/site\/wp-content\/uploads\/2023\/03\/Screenshot_20230306-141220_Photos-150x150.jpg","url":"https:\/\/www.altominho.tv\/site\/wp-content\/uploads\/2023\/03\/Screenshot_20230306-141220_Photos-150x150.jpg","contentUrl":"https:\/\/www.altominho.tv\/site\/wp-content\/uploads\/2023\/03\/Screenshot_20230306-141220_Photos-150x150.jpg","caption":"Beatriz Lira"},"url":"https:\/\/www.altominho.tv\/site\/author\/beatriz\/"}]}},"_links":{"self":[{"href":"https:\/\/www.altominho.tv\/site\/wp-json\/wp\/v2\/posts\/97273","targetHints":{"allow":["GET"]}}],"collection":[{"href":"https:\/\/www.altominho.tv\/site\/wp-json\/wp\/v2\/posts"}],"about":[{"href":"https:\/\/www.altominho.tv\/site\/wp-json\/wp\/v2\/types\/post"}],"author":[{"embeddable":true,"href":"https:\/\/www.altominho.tv\/site\/wp-json\/wp\/v2\/users\/28"}],"replies":[{"embeddable":true,"href":"https:\/\/www.altominho.tv\/site\/wp-json\/wp\/v2\/comments?post=97273"}],"version-history":[{"count":1,"href":"https:\/\/www.altominho.tv\/site\/wp-json\/wp\/v2\/posts\/97273\/revisions"}],"predecessor-version":[{"id":97275,"href":"https:\/\/www.altominho.tv\/site\/wp-json\/wp\/v2\/posts\/97273\/revisions\/97275"}],"wp:featuredmedia":[{"embeddable":true,"href":"https:\/\/www.altominho.tv\/site\/wp-json\/wp\/v2\/media\/97274"}],"wp:attachment":[{"href":"https:\/\/www.altominho.tv\/site\/wp-json\/wp\/v2\/media?parent=97273"}],"wp:term":[{"taxonomy":"category","embeddable":true,"href":"https:\/\/www.altominho.tv\/site\/wp-json\/wp\/v2\/categories?post=97273"},{"taxonomy":"post_tag","embeddable":true,"href":"https:\/\/www.altominho.tv\/site\/wp-json\/wp\/v2\/tags?post=97273"}],"curies":[{"name":"wp","href":"https:\/\/api.w.org\/{rel}","templated":true}]}}