{"id":97261,"date":"2023-10-04T16:46:06","date_gmt":"2023-10-04T15:46:06","guid":{"rendered":"https:\/\/www.altominho.tv\/site\/?p=97261"},"modified":"2023-10-04T17:17:35","modified_gmt":"2023-10-04T16:17:35","slug":"mundial-2030-sera-organizado-por-portugal-espanha-e-marrocos-mas-comeca-na-america-do-sul","status":"publish","type":"post","link":"https:\/\/www.altominho.tv\/site\/2023\/10\/04\/mundial-2030-sera-organizado-por-portugal-espanha-e-marrocos-mas-comeca-na-america-do-sul\/","title":{"rendered":"Mundial 2030 ser\u00e1 organizado por Portugal, Espanha e Marrocos mas come\u00e7a na Am\u00e9rica do Sul"},"content":{"rendered":"<p>O Mundial 2030 vai ser organizado por Portugal, Espanha e Marrocos, contudo o campeonato vai decorrer, inicialmente, na Am\u00e9rica do Sul, anunciou hoje o presidente da Federa\u00e7\u00e3o Sul-Americana de Futebol, Alejandro Dom\u00ednguez.<\/p>\n<p>Atrav\u00e9s das redes sociais, Alejandro Dom\u00ednguez (da Federa\u00e7\u00e3o Sul Americana de Futebol &#8211; CONMEBOL), revelou que os primeiros jogos do Mundial 2030 v\u00e3o ser disputados no Uruguai, Argentina e Paraguai.<\/p>\n<p>Posto isto, o campeonato vai passar para Portugal, Espanha e Marrocos, que s\u00e3o os pa\u00edses que v\u00e3o receber os restantes jogos.<\/p>\n<p>Numa publica\u00e7\u00e3o feita na rede social X, antigo Twitter, Alejandro Dom\u00ednguez, referiu o seguinte: &#8220;Apont\u00e1mos alto e sonh\u00e1mos em grande. O Mundial 2030 inicia-se onde tudo come\u00e7ou. Os anfitri\u00f5es dos jogos inaugurais do Mundial ser\u00e3o Uruguai, Paraguai e Argentina&#8221;.<\/p>\n<p>&#8220;V\u00e3o existir tr\u00eas aberturas no Uruguai, na Argentina e no Paraguai. Ser\u00e3o tr\u00eas jogos inaugurais e tudo ir\u00e1 come\u00e7ar no Uruguai. A FIFA providenciar\u00e1 mais detalhes acerca daquilo que ir\u00e1 acontecer na Argentina e no Paraguai&#8221;, l\u00ea-se tamb\u00e9m no X de Alejandro Dom\u00ednguez.<\/p>\n<p>Desta forma, pela primeira vez, o Mundial2030 ser\u00e1 disputado em seis pa\u00edses de tr\u00eas continentes.<\/p>\n<aside class=\"has-placement placement-centered embeddedcontent\">\n<div class=\"ET ET-twitter-post\"><\/div>\n<\/aside>\n","protected":false},"excerpt":{"rendered":"<p>O Mundial 2030 vai ser organizado por Portugal, Espanha e Marrocos, contudo o campeonato vai decorrer, inicialmente, na Am\u00e9rica do Sul, anunciou hoje o presidente da Federa\u00e7\u00e3o Sul-Americana de Futebol, Alejandro Dom\u00ednguez. Atrav\u00e9s das redes sociais, Alejandro Dom\u00ednguez (da Federa\u00e7\u00e3o Sul Americana de Futebol &#8211; CONMEBOL), revelou que os primeiros jogos do Mundial 2030 v\u00e3o [&hellip;]<\/p>\n","protected":false},"author":1,"featured_media":97265,"comment_status":"closed","ping_status":"closed","sticky":false,"template":"","format":"standard","meta":{"_exactmetrics_skip_tracking":false,"_exactmetrics_sitenote_active":false,"_exactmetrics_sitenote_note":"","_exactmetrics_sitenote_category":0,"footnotes":""},"categories":[56325],"tags":[20,27],"class_list":["post-97261","post","type-post","status-publish","format-standard","has-post-thumbnail","hentry","category-pais","tag-desporto","tag-sociedade"],"yoast_head":"<!-- This site is optimized with the Yoast SEO Premium plugin v27.5 (Yoast SEO v27.5) - https:\/\/yoast.com\/product\/yoast-seo-premium-wordpress\/ -->\n<title>Mundial 2030 ser\u00e1 organizado por Portugal, Espanha e Marrocos mas come\u00e7a na Am\u00e9rica do Sul<\/title>\n<meta name=\"description\" content=\"O Mundial 2030 vai ser organizado por Portugal, Espanha e Marrocos, contudo o campeonato vai decorrer, inicialmente, na Am\u00e9rica do Sul.\" \/>\n<meta name=\"robots\" content=\"index, follow, max-snippet:-1, max-image-preview:large, max-video-preview:-1\" \/>\n<link rel=\"canonical\" href=\"https:\/\/www.altominho.tv\/site\/2023\/10\/04\/mundial-2030-sera-organizado-por-portugal-espanha-e-marrocos-mas-comeca-na-america-do-sul\/\" \/>\n<meta property=\"og:locale\" content=\"pt_PT\" \/>\n<meta property=\"og:type\" content=\"article\" \/>\n<meta property=\"og:title\" content=\"Mundial 2030 ser\u00e1 organizado por Portugal, Espanha e Marrocos mas come\u00e7a na Am\u00e9rica do Sul\" \/>\n<meta property=\"og:description\" content=\"O Mundial 2030 vai ser organizado por Portugal, Espanha e Marrocos, contudo o campeonato vai decorrer, inicialmente, na Am\u00e9rica do Sul.\" \/>\n<meta property=\"og:url\" content=\"https:\/\/www.altominho.tv\/site\/2023\/10\/04\/mundial-2030-sera-organizado-por-portugal-espanha-e-marrocos-mas-comeca-na-america-do-sul\/\" \/>\n<meta property=\"og:site_name\" content=\"Altominho.tv\" \/>\n<meta property=\"article:publisher\" content=\"https:\/\/www.facebook.com\/altominhotv\" \/>\n<meta property=\"article:published_time\" content=\"2023-10-04T15:46:06+00:00\" \/>\n<meta property=\"article:modified_time\" content=\"2023-10-04T16:17:35+00:00\" \/>\n<meta property=\"og:image\" content=\"https:\/\/www.altominho.tv\/site\/wp-content\/uploads\/2023\/10\/mundial-.jpeg\" \/>\n\t<meta property=\"og:image:width\" content=\"1024\" \/>\n\t<meta property=\"og:image:height\" content=\"576\" \/>\n\t<meta property=\"og:image:type\" content=\"image\/jpeg\" \/>\n<meta name=\"author\" content=\"Altominho.tv\" \/>\n<meta name=\"twitter:card\" content=\"summary_large_image\" \/>\n<meta name=\"twitter:creator\" content=\"@altominhoTV\" \/>\n<meta name=\"twitter:site\" content=\"@altominhoTV\" \/>\n<meta name=\"twitter:label1\" content=\"Escrito por\" \/>\n\t<meta name=\"twitter:data1\" content=\"Altominho.tv\" \/>\n\t<meta name=\"twitter:label2\" content=\"Tempo estimado de leitura\" \/>\n\t<meta name=\"twitter:data2\" content=\"1 minuto\" \/>\n<script type=\"application\/ld+json\" class=\"yoast-schema-graph\">{\"@context\":\"https:\\\/\\\/schema.org\",\"@graph\":[{\"@type\":\"Article\",\"@id\":\"https:\\\/\\\/www.altominho.tv\\\/site\\\/2023\\\/10\\\/04\\\/mundial-2030-sera-organizado-por-portugal-espanha-e-marrocos-mas-comeca-na-america-do-sul\\\/#article\",\"isPartOf\":{\"@id\":\"https:\\\/\\\/www.altominho.tv\\\/site\\\/2023\\\/10\\\/04\\\/mundial-2030-sera-organizado-por-portugal-espanha-e-marrocos-mas-comeca-na-america-do-sul\\\/\"},\"author\":{\"name\":\"Altominho.tv\",\"@id\":\"https:\\\/\\\/www.altominho.tv\\\/site\\\/#\\\/schema\\\/person\\\/4e536851627d7914baf3dac752b6af22\"},\"headline\":\"Mundial 2030 ser\u00e1 organizado por Portugal, Espanha e Marrocos mas come\u00e7a na Am\u00e9rica do Sul\",\"datePublished\":\"2023-10-04T15:46:06+00:00\",\"dateModified\":\"2023-10-04T16:17:35+00:00\",\"mainEntityOfPage\":{\"@id\":\"https:\\\/\\\/www.altominho.tv\\\/site\\\/2023\\\/10\\\/04\\\/mundial-2030-sera-organizado-por-portugal-espanha-e-marrocos-mas-comeca-na-america-do-sul\\\/\"},\"wordCount\":220,\"image\":{\"@id\":\"https:\\\/\\\/www.altominho.tv\\\/site\\\/2023\\\/10\\\/04\\\/mundial-2030-sera-organizado-por-portugal-espanha-e-marrocos-mas-comeca-na-america-do-sul\\\/#primaryimage\"},\"thumbnailUrl\":\"https:\\\/\\\/www.altominho.tv\\\/site\\\/wp-content\\\/uploads\\\/2023\\\/10\\\/mundial-.jpeg\",\"keywords\":[\"Desporto\",\"Sociedade\"],\"articleSection\":[\"Pa\u00eds\"],\"inLanguage\":\"pt-PT\",\"copyrightYear\":\"2023\",\"copyrightHolder\":{\"@id\":\"https:\\\/\\\/www.altominho.tv\\\/site\\\/#organization\"}},{\"@type\":\"WebPage\",\"@id\":\"https:\\\/\\\/www.altominho.tv\\\/site\\\/2023\\\/10\\\/04\\\/mundial-2030-sera-organizado-por-portugal-espanha-e-marrocos-mas-comeca-na-america-do-sul\\\/\",\"url\":\"https:\\\/\\\/www.altominho.tv\\\/site\\\/2023\\\/10\\\/04\\\/mundial-2030-sera-organizado-por-portugal-espanha-e-marrocos-mas-comeca-na-america-do-sul\\\/\",\"name\":\"Mundial 2030 ser\u00e1 organizado por Portugal, Espanha e Marrocos mas come\u00e7a na Am\u00e9rica do Sul\",\"isPartOf\":{\"@id\":\"https:\\\/\\\/www.altominho.tv\\\/site\\\/#website\"},\"primaryImageOfPage\":{\"@id\":\"https:\\\/\\\/www.altominho.tv\\\/site\\\/2023\\\/10\\\/04\\\/mundial-2030-sera-organizado-por-portugal-espanha-e-marrocos-mas-comeca-na-america-do-sul\\\/#primaryimage\"},\"image\":{\"@id\":\"https:\\\/\\\/www.altominho.tv\\\/site\\\/2023\\\/10\\\/04\\\/mundial-2030-sera-organizado-por-portugal-espanha-e-marrocos-mas-comeca-na-america-do-sul\\\/#primaryimage\"},\"thumbnailUrl\":\"https:\\\/\\\/www.altominho.tv\\\/site\\\/wp-content\\\/uploads\\\/2023\\\/10\\\/mundial-.jpeg\",\"datePublished\":\"2023-10-04T15:46:06+00:00\",\"dateModified\":\"2023-10-04T16:17:35+00:00\",\"author\":{\"@id\":\"https:\\\/\\\/www.altominho.tv\\\/site\\\/#\\\/schema\\\/person\\\/4e536851627d7914baf3dac752b6af22\"},\"description\":\"O Mundial 2030 vai ser organizado por Portugal, Espanha e Marrocos, contudo o campeonato vai decorrer, inicialmente, na Am\u00e9rica do Sul.\",\"breadcrumb\":{\"@id\":\"https:\\\/\\\/www.altominho.tv\\\/site\\\/2023\\\/10\\\/04\\\/mundial-2030-sera-organizado-por-portugal-espanha-e-marrocos-mas-comeca-na-america-do-sul\\\/#breadcrumb\"},\"inLanguage\":\"pt-PT\",\"potentialAction\":[{\"@type\":\"ReadAction\",\"target\":[\"https:\\\/\\\/www.altominho.tv\\\/site\\\/2023\\\/10\\\/04\\\/mundial-2030-sera-organizado-por-portugal-espanha-e-marrocos-mas-comeca-na-america-do-sul\\\/\"]}]},{\"@type\":\"ImageObject\",\"inLanguage\":\"pt-PT\",\"@id\":\"https:\\\/\\\/www.altominho.tv\\\/site\\\/2023\\\/10\\\/04\\\/mundial-2030-sera-organizado-por-portugal-espanha-e-marrocos-mas-comeca-na-america-do-sul\\\/#primaryimage\",\"url\":\"https:\\\/\\\/www.altominho.tv\\\/site\\\/wp-content\\\/uploads\\\/2023\\\/10\\\/mundial-.jpeg\",\"contentUrl\":\"https:\\\/\\\/www.altominho.tv\\\/site\\\/wp-content\\\/uploads\\\/2023\\\/10\\\/mundial-.jpeg\",\"width\":1024,\"height\":576},{\"@type\":\"BreadcrumbList\",\"@id\":\"https:\\\/\\\/www.altominho.tv\\\/site\\\/2023\\\/10\\\/04\\\/mundial-2030-sera-organizado-por-portugal-espanha-e-marrocos-mas-comeca-na-america-do-sul\\\/#breadcrumb\",\"itemListElement\":[{\"@type\":\"ListItem\",\"position\":1,\"name\":\"In\u00edcio\",\"item\":\"https:\\\/\\\/www.altominho.tv\\\/site\\\/\"},{\"@type\":\"ListItem\",\"position\":2,\"name\":\"Mundial 2030 ser\u00e1 organizado por Portugal, Espanha e Marrocos mas come\u00e7a na Am\u00e9rica do Sul\"}]},{\"@type\":\"WebSite\",\"@id\":\"https:\\\/\\\/www.altominho.tv\\\/site\\\/#website\",\"url\":\"https:\\\/\\\/www.altominho.tv\\\/site\\\/\",\"name\":\"Altominho.tv\",\"description\":\"A sua regi\u00e3o \u00e0 dist\u00e2ncia de um clique...\",\"potentialAction\":[{\"@type\":\"SearchAction\",\"target\":{\"@type\":\"EntryPoint\",\"urlTemplate\":\"https:\\\/\\\/www.altominho.tv\\\/site\\\/?s={search_term_string}\"},\"query-input\":{\"@type\":\"PropertyValueSpecification\",\"valueRequired\":true,\"valueName\":\"search_term_string\"}}],\"inLanguage\":\"pt-PT\"},{\"@type\":\"Person\",\"@id\":\"https:\\\/\\\/www.altominho.tv\\\/site\\\/#\\\/schema\\\/person\\\/4e536851627d7914baf3dac752b6af22\",\"name\":\"Altominho.tv\",\"image\":{\"@type\":\"ImageObject\",\"inLanguage\":\"pt-PT\",\"@id\":\"https:\\\/\\\/www.altominho.tv\\\/site\\\/wp-content\\\/uploads\\\/2019\\\/11\\\/Logo_Avatar_2-150x150.jpg\",\"url\":\"https:\\\/\\\/www.altominho.tv\\\/site\\\/wp-content\\\/uploads\\\/2019\\\/11\\\/Logo_Avatar_2-150x150.jpg\",\"contentUrl\":\"https:\\\/\\\/www.altominho.tv\\\/site\\\/wp-content\\\/uploads\\\/2019\\\/11\\\/Logo_Avatar_2-150x150.jpg\",\"caption\":\"Altominho.tv\"},\"url\":\"https:\\\/\\\/www.altominho.tv\\\/site\\\/author\\\/altominhotv-tecnico\\\/\"}]}<\/script>\n<!-- \/ Yoast SEO Premium plugin. -->","yoast_head_json":{"title":"Mundial 2030 ser\u00e1 organizado por Portugal, Espanha e Marrocos mas come\u00e7a na Am\u00e9rica do Sul","description":"O Mundial 2030 vai ser organizado por Portugal, Espanha e Marrocos, contudo o campeonato vai decorrer, inicialmente, na Am\u00e9rica do Sul.","robots":{"index":"index","follow":"follow","max-snippet":"max-snippet:-1","max-image-preview":"max-image-preview:large","max-video-preview":"max-video-preview:-1"},"canonical":"https:\/\/www.altominho.tv\/site\/2023\/10\/04\/mundial-2030-sera-organizado-por-portugal-espanha-e-marrocos-mas-comeca-na-america-do-sul\/","og_locale":"pt_PT","og_type":"article","og_title":"Mundial 2030 ser\u00e1 organizado por Portugal, Espanha e Marrocos mas come\u00e7a na Am\u00e9rica do Sul","og_description":"O Mundial 2030 vai ser organizado por Portugal, Espanha e Marrocos, contudo o campeonato vai decorrer, inicialmente, na Am\u00e9rica do Sul.","og_url":"https:\/\/www.altominho.tv\/site\/2023\/10\/04\/mundial-2030-sera-organizado-por-portugal-espanha-e-marrocos-mas-comeca-na-america-do-sul\/","og_site_name":"Altominho.tv","article_publisher":"https:\/\/www.facebook.com\/altominhotv","article_published_time":"2023-10-04T15:46:06+00:00","article_modified_time":"2023-10-04T16:17:35+00:00","og_image":[{"width":1024,"height":576,"url":"https:\/\/www.altominho.tv\/site\/wp-content\/uploads\/2023\/10\/mundial-.jpeg","type":"image\/jpeg"}],"author":"Altominho.tv","twitter_card":"summary_large_image","twitter_creator":"@altominhoTV","twitter_site":"@altominhoTV","twitter_misc":{"Escrito por":"Altominho.tv","Tempo estimado de leitura":"1 minuto"},"schema":{"@context":"https:\/\/schema.org","@graph":[{"@type":"Article","@id":"https:\/\/www.altominho.tv\/site\/2023\/10\/04\/mundial-2030-sera-organizado-por-portugal-espanha-e-marrocos-mas-comeca-na-america-do-sul\/#article","isPartOf":{"@id":"https:\/\/www.altominho.tv\/site\/2023\/10\/04\/mundial-2030-sera-organizado-por-portugal-espanha-e-marrocos-mas-comeca-na-america-do-sul\/"},"author":{"name":"Altominho.tv","@id":"https:\/\/www.altominho.tv\/site\/#\/schema\/person\/4e536851627d7914baf3dac752b6af22"},"headline":"Mundial 2030 ser\u00e1 organizado por Portugal, Espanha e Marrocos mas come\u00e7a na Am\u00e9rica do Sul","datePublished":"2023-10-04T15:46:06+00:00","dateModified":"2023-10-04T16:17:35+00:00","mainEntityOfPage":{"@id":"https:\/\/www.altominho.tv\/site\/2023\/10\/04\/mundial-2030-sera-organizado-por-portugal-espanha-e-marrocos-mas-comeca-na-america-do-sul\/"},"wordCount":220,"image":{"@id":"https:\/\/www.altominho.tv\/site\/2023\/10\/04\/mundial-2030-sera-organizado-por-portugal-espanha-e-marrocos-mas-comeca-na-america-do-sul\/#primaryimage"},"thumbnailUrl":"https:\/\/www.altominho.tv\/site\/wp-content\/uploads\/2023\/10\/mundial-.jpeg","keywords":["Desporto","Sociedade"],"articleSection":["Pa\u00eds"],"inLanguage":"pt-PT","copyrightYear":"2023","copyrightHolder":{"@id":"https:\/\/www.altominho.tv\/site\/#organization"}},{"@type":"WebPage","@id":"https:\/\/www.altominho.tv\/site\/2023\/10\/04\/mundial-2030-sera-organizado-por-portugal-espanha-e-marrocos-mas-comeca-na-america-do-sul\/","url":"https:\/\/www.altominho.tv\/site\/2023\/10\/04\/mundial-2030-sera-organizado-por-portugal-espanha-e-marrocos-mas-comeca-na-america-do-sul\/","name":"Mundial 2030 ser\u00e1 organizado por Portugal, Espanha e Marrocos mas come\u00e7a na Am\u00e9rica do Sul","isPartOf":{"@id":"https:\/\/www.altominho.tv\/site\/#website"},"primaryImageOfPage":{"@id":"https:\/\/www.altominho.tv\/site\/2023\/10\/04\/mundial-2030-sera-organizado-por-portugal-espanha-e-marrocos-mas-comeca-na-america-do-sul\/#primaryimage"},"image":{"@id":"https:\/\/www.altominho.tv\/site\/2023\/10\/04\/mundial-2030-sera-organizado-por-portugal-espanha-e-marrocos-mas-comeca-na-america-do-sul\/#primaryimage"},"thumbnailUrl":"https:\/\/www.altominho.tv\/site\/wp-content\/uploads\/2023\/10\/mundial-.jpeg","datePublished":"2023-10-04T15:46:06+00:00","dateModified":"2023-10-04T16:17:35+00:00","author":{"@id":"https:\/\/www.altominho.tv\/site\/#\/schema\/person\/4e536851627d7914baf3dac752b6af22"},"description":"O Mundial 2030 vai ser organizado por Portugal, Espanha e Marrocos, contudo o campeonato vai decorrer, inicialmente, na Am\u00e9rica do Sul.","breadcrumb":{"@id":"https:\/\/www.altominho.tv\/site\/2023\/10\/04\/mundial-2030-sera-organizado-por-portugal-espanha-e-marrocos-mas-comeca-na-america-do-sul\/#breadcrumb"},"inLanguage":"pt-PT","potentialAction":[{"@type":"ReadAction","target":["https:\/\/www.altominho.tv\/site\/2023\/10\/04\/mundial-2030-sera-organizado-por-portugal-espanha-e-marrocos-mas-comeca-na-america-do-sul\/"]}]},{"@type":"ImageObject","inLanguage":"pt-PT","@id":"https:\/\/www.altominho.tv\/site\/2023\/10\/04\/mundial-2030-sera-organizado-por-portugal-espanha-e-marrocos-mas-comeca-na-america-do-sul\/#primaryimage","url":"https:\/\/www.altominho.tv\/site\/wp-content\/uploads\/2023\/10\/mundial-.jpeg","contentUrl":"https:\/\/www.altominho.tv\/site\/wp-content\/uploads\/2023\/10\/mundial-.jpeg","width":1024,"height":576},{"@type":"BreadcrumbList","@id":"https:\/\/www.altominho.tv\/site\/2023\/10\/04\/mundial-2030-sera-organizado-por-portugal-espanha-e-marrocos-mas-comeca-na-america-do-sul\/#breadcrumb","itemListElement":[{"@type":"ListItem","position":1,"name":"In\u00edcio","item":"https:\/\/www.altominho.tv\/site\/"},{"@type":"ListItem","position":2,"name":"Mundial 2030 ser\u00e1 organizado por Portugal, Espanha e Marrocos mas come\u00e7a na Am\u00e9rica do Sul"}]},{"@type":"WebSite","@id":"https:\/\/www.altominho.tv\/site\/#website","url":"https:\/\/www.altominho.tv\/site\/","name":"Altominho.tv","description":"A sua regi\u00e3o \u00e0 dist\u00e2ncia de um clique...","potentialAction":[{"@type":"SearchAction","target":{"@type":"EntryPoint","urlTemplate":"https:\/\/www.altominho.tv\/site\/?s={search_term_string}"},"query-input":{"@type":"PropertyValueSpecification","valueRequired":true,"valueName":"search_term_string"}}],"inLanguage":"pt-PT"},{"@type":"Person","@id":"https:\/\/www.altominho.tv\/site\/#\/schema\/person\/4e536851627d7914baf3dac752b6af22","name":"Altominho.tv","image":{"@type":"ImageObject","inLanguage":"pt-PT","@id":"https:\/\/www.altominho.tv\/site\/wp-content\/uploads\/2019\/11\/Logo_Avatar_2-150x150.jpg","url":"https:\/\/www.altominho.tv\/site\/wp-content\/uploads\/2019\/11\/Logo_Avatar_2-150x150.jpg","contentUrl":"https:\/\/www.altominho.tv\/site\/wp-content\/uploads\/2019\/11\/Logo_Avatar_2-150x150.jpg","caption":"Altominho.tv"},"url":"https:\/\/www.altominho.tv\/site\/author\/altominhotv-tecnico\/"}]}},"_links":{"self":[{"href":"https:\/\/www.altominho.tv\/site\/wp-json\/wp\/v2\/posts\/97261","targetHints":{"allow":["GET"]}}],"collection":[{"href":"https:\/\/www.altominho.tv\/site\/wp-json\/wp\/v2\/posts"}],"about":[{"href":"https:\/\/www.altominho.tv\/site\/wp-json\/wp\/v2\/types\/post"}],"author":[{"embeddable":true,"href":"https:\/\/www.altominho.tv\/site\/wp-json\/wp\/v2\/users\/1"}],"replies":[{"embeddable":true,"href":"https:\/\/www.altominho.tv\/site\/wp-json\/wp\/v2\/comments?post=97261"}],"version-history":[{"count":1,"href":"https:\/\/www.altominho.tv\/site\/wp-json\/wp\/v2\/posts\/97261\/revisions"}],"predecessor-version":[{"id":97263,"href":"https:\/\/www.altominho.tv\/site\/wp-json\/wp\/v2\/posts\/97261\/revisions\/97263"}],"wp:featuredmedia":[{"embeddable":true,"href":"https:\/\/www.altominho.tv\/site\/wp-json\/wp\/v2\/media\/97265"}],"wp:attachment":[{"href":"https:\/\/www.altominho.tv\/site\/wp-json\/wp\/v2\/media?parent=97261"}],"wp:term":[{"taxonomy":"category","embeddable":true,"href":"https:\/\/www.altominho.tv\/site\/wp-json\/wp\/v2\/categories?post=97261"},{"taxonomy":"post_tag","embeddable":true,"href":"https:\/\/www.altominho.tv\/site\/wp-json\/wp\/v2\/tags?post=97261"}],"curies":[{"name":"wp","href":"https:\/\/api.w.org\/{rel}","templated":true}]}}