{"id":97236,"date":"2023-10-04T10:58:41","date_gmt":"2023-10-04T09:58:41","guid":{"rendered":"https:\/\/www.altominho.tv\/site\/?p=97236"},"modified":"2023-10-04T11:41:18","modified_gmt":"2023-10-04T10:41:18","slug":"federacao-nacional-dos-medicos-diz-que-seis-hospitais-ja-enfrentam-fechos-de-urgencia","status":"publish","type":"post","link":"https:\/\/www.altominho.tv\/site\/2023\/10\/04\/federacao-nacional-dos-medicos-diz-que-seis-hospitais-ja-enfrentam-fechos-de-urgencia\/","title":{"rendered":"Federa\u00e7\u00e3o Nacional dos M\u00e9dicos diz que seis hospitais j\u00e1 enfrentaram fechos de urg\u00eancia"},"content":{"rendered":"<p>Os servi\u00e7os de urg\u00eancia dos hospitais de Barcelos, Caldas da Rainha, Chaves, Guarda, Santar\u00e9m e Tomar j\u00e1 enfrentaram encerramentos devido \u00e0 indisponibilidade dos m\u00e9dicos para fazer horas extraordin\u00e1rias al\u00e9m das obrigat\u00f3rias, anunciou hoje a Federa\u00e7\u00e3o Nacional dos M\u00e9dicos (FNAM).<\/p>\n<p>Num levantamento feito sobre os impactos da entrega de minutas de recusa por parte dos m\u00e9dicos, a FNAM afirma em comunicado que o retrato \u00e9 grave, traduzindo-se em encerramentos e constrangimentos nos servi\u00e7os de urg\u00eancias, mas tamb\u00e9m nas escalas de outros servi\u00e7os hospitalares.<\/p>\n<p>Segundo a FNAM, os servi\u00e7os de urg\u00eancia est\u00e3o \u201cfortemente condicionados e com equipas insuficientes\u201d nos hospitais de Almada, Amadora, Aveiro, Barcelos, Barreiro, Braga, Bragan\u00e7a, Caldas da Rainha, Famalic\u00e3o, Figueira da Foz, Lamego, Leiria, Lisboa, Matosinhos, Penafiel, Ponte de Lima, Porto, P\u00f3voa de Varzim, Portalegre, Portim\u00e3o, Santa Maria da Feira, Tomar, Torres Vedras, Viana do Castelo, Vila Nova de Gaia, Vila Real e Viseu al\u00e9m de Barcelos, Caldas da Rainha, Chaves, Guarda, Santar\u00e9m e Tomar.<\/p>\n<p>Al\u00e9m dos servi\u00e7os de urg\u00eancia, h\u00e1 efeitos conexos, fruto da desloca\u00e7\u00e3o dos m\u00e9dicos de outros servi\u00e7os para as escalas dos servi\u00e7os de urg\u00eancia, nos servi\u00e7os de Anestesia, Cardiologia, Cirurgia, Ginecologia-Obstetr\u00edcia, Medicina Interna, Medicina Intensiva, Ortopedia e Pediatria.<\/p>\n<p>A federa\u00e7\u00e3o adverte que, a este cen\u00e1rio, acrescem as dificuldades nas maternidades: \u201cCom as urg\u00eancias do Hospital de Santa Maria e do Hospital das Caldas da Rainha encerradas para obras, h\u00e1 condicionamentos graves em Almada, Amadora, Aveiro, Barreiro, Caldas, Leiria, Loures, Santar\u00e9m, Set\u00fabal, Vila Franca de Xira\u201d.<\/p>\n<p>Alerta ainda que situa\u00e7\u00e3o vai ficar ainda mais dif\u00edcil em novembro, uma vez que parte significativa dos m\u00e9dicos entregou as suas declara\u00e7\u00f5es em outubro, nomeadamente em hospitais de refer\u00eancia como o Hospital Santa Maria, em Lisboa, os Hospitais de Santo Ant\u00f3nio e de S\u00e3o Jo\u00e3o, no Porto, e o Centro Hospitalar da Universidade de Coimbra.<\/p>\n<p>A FNAM refere que as unidades de sa\u00fade e os hospitais mais perif\u00e9ricos foram os primeiros a sentir os efeitos da falta de m\u00e9dicos, uma situa\u00e7\u00e3o que \u201cagora se tornou indisfar\u00e7\u00e1vel sem a possibilidade de o esconder com o abuso do recurso \u00e0s horas suplementares\u201d.<\/p>\n<p>\u201cConforme se pode verificar, praticamente n\u00e3o sobra SNS ao Minist\u00e9rio da Sa\u00fade de Manuel Pizarro e ao Governo de Ant\u00f3nio Costa, que devem ser responsabilizados por todas as consequ\u00eancias da sua irresponsabilidade e incompet\u00eancia\u201d, critica.<\/p>\n<p>A FNAM lamenta que o tempo das negocia\u00e7\u00f5es n\u00e3o tenha produzido nada, afirmando que \u201cfoi uma encena\u00e7\u00e3o infrut\u00edfera, por decis\u00e3o pol\u00edtica do minist\u00e9rio de Manuel Pizarro e do Governo de Ant\u00f3nio Costa, onde a \u00fanica coisa que deixaram aos utentes e aos m\u00e9dicos foi o aprofundamento, unilateral, das raz\u00f5es que conduziram \u00e0 atual situa\u00e7\u00e3o\u201d.<\/p>\n<p>Manifestou ainda a sua solidariedade com os m\u00e9dicos de Santar\u00e9m, do servi\u00e7o de Medicina Interna, cujos especialistas e internos da especialidade entregaram em conjunto as declara\u00e7\u00f5es de indisponibilidade para fazer mais do que 150 horas suplementares por ano, \u201c\u00e0 qual somaram um \u2018Manifesto de Protesto\u2019 corajoso\u201d, enviado ao Conselho de Administra\u00e7\u00e3o, sobre as raz\u00f5es da luta.<\/p>\n<p>A porta-voz do movimento M\u00e9dicos em Luta, Susana Costa, disse na ter\u00e7a-feira, que o Servi\u00e7o Nacional de Sa\u00fade (SNS) \u201cest\u00e1 a ruir\u201d e que os m\u00e9dicos j\u00e1 n\u00e3o conseguem travar essa &#8220;demoli\u00e7\u00e3o\u201d, registando-se constrangimentos em 27 hospitais do pa\u00eds, que, defendeu, \u201cj\u00e1 deveriam ser suficientes para sensibilizar o governo a tomar alguma medida\u201d.<\/p>\n","protected":false},"excerpt":{"rendered":"<p>Os servi\u00e7os de urg\u00eancia dos hospitais de Barcelos, Caldas da Rainha, Chaves, Guarda, Santar\u00e9m e Tomar j\u00e1 enfrentaram encerramentos devido \u00e0 indisponibilidade dos m\u00e9dicos para fazer horas extraordin\u00e1rias al\u00e9m das obrigat\u00f3rias, anunciou hoje a Federa\u00e7\u00e3o Nacional dos M\u00e9dicos (FNAM). Num levantamento feito sobre os impactos da entrega de minutas de recusa por parte dos m\u00e9dicos, [&hellip;]<\/p>\n","protected":false},"author":13,"featured_media":96535,"comment_status":"closed","ping_status":"closed","sticky":false,"template":"","format":"standard","meta":{"_exactmetrics_skip_tracking":false,"_exactmetrics_sitenote_active":false,"_exactmetrics_sitenote_note":"","_exactmetrics_sitenote_category":0,"footnotes":""},"categories":[56325],"tags":[26,27],"class_list":["post-97236","post","type-post","status-publish","format-standard","has-post-thumbnail","hentry","category-pais","tag-saude","tag-sociedade"],"yoast_head":"<!-- This site is optimized with the Yoast SEO Premium plugin v27.5 (Yoast SEO v27.5) - https:\/\/yoast.com\/product\/yoast-seo-premium-wordpress\/ -->\n<title>Federa\u00e7\u00e3o Nacional dos M\u00e9dicos diz que seis hospitais j\u00e1 enfrentaram fechos de urg\u00eancia<\/title>\n<meta name=\"description\" content=\"Os servi\u00e7os de urg\u00eancia dos hospitais de Barcelos, Caldas da Rainha, Chaves, Guarda, Santar\u00e9m e Tomar j\u00e1 enfrentaram encerramentos devido \u00e0 indisponibilidade dos m\u00e9dicos para fazer horas extraordin\u00e1rias al\u00e9m das obrigat\u00f3rias, anunciou hoje a Federa\u00e7\u00e3o Nacional dos M\u00e9dicos (FNAM).\" \/>\n<meta name=\"robots\" content=\"index, follow, max-snippet:-1, max-image-preview:large, max-video-preview:-1\" \/>\n<link rel=\"canonical\" href=\"https:\/\/www.altominho.tv\/site\/2023\/10\/04\/federacao-nacional-dos-medicos-diz-que-seis-hospitais-ja-enfrentam-fechos-de-urgencia\/\" \/>\n<meta property=\"og:locale\" content=\"pt_PT\" \/>\n<meta property=\"og:type\" content=\"article\" \/>\n<meta property=\"og:title\" content=\"Federa\u00e7\u00e3o Nacional dos M\u00e9dicos diz que seis hospitais j\u00e1 enfrentaram fechos de urg\u00eancia\" \/>\n<meta property=\"og:description\" content=\"Os servi\u00e7os de urg\u00eancia dos hospitais de Barcelos, Caldas da Rainha, Chaves, Guarda, Santar\u00e9m e Tomar j\u00e1 enfrentaram encerramentos devido \u00e0 indisponibilidade dos m\u00e9dicos para fazer horas extraordin\u00e1rias al\u00e9m das obrigat\u00f3rias, anunciou hoje a Federa\u00e7\u00e3o Nacional dos M\u00e9dicos (FNAM).\" \/>\n<meta property=\"og:url\" content=\"https:\/\/www.altominho.tv\/site\/2023\/10\/04\/federacao-nacional-dos-medicos-diz-que-seis-hospitais-ja-enfrentam-fechos-de-urgencia\/\" \/>\n<meta property=\"og:site_name\" content=\"Altominho.tv\" \/>\n<meta property=\"article:publisher\" content=\"https:\/\/www.facebook.com\/altominhotv\" \/>\n<meta property=\"article:published_time\" content=\"2023-10-04T09:58:41+00:00\" \/>\n<meta property=\"article:modified_time\" content=\"2023-10-04T10:41:18+00:00\" \/>\n<meta property=\"og:image\" content=\"https:\/\/www.altominho.tv\/site\/wp-content\/uploads\/2023\/09\/medicos.jpg\" \/>\n\t<meta property=\"og:image:width\" content=\"760\" \/>\n\t<meta property=\"og:image:height\" content=\"506\" \/>\n\t<meta property=\"og:image:type\" content=\"image\/jpeg\" \/>\n<meta name=\"author\" content=\"Lusa\" \/>\n<meta name=\"twitter:card\" content=\"summary_large_image\" \/>\n<meta name=\"twitter:creator\" content=\"@altominhoTV\" \/>\n<meta name=\"twitter:site\" content=\"@altominhoTV\" \/>\n<meta name=\"twitter:label1\" content=\"Escrito por\" \/>\n\t<meta name=\"twitter:data1\" content=\"Lusa\" \/>\n\t<meta name=\"twitter:label2\" content=\"Tempo estimado de leitura\" \/>\n\t<meta name=\"twitter:data2\" content=\"3 minutos\" \/>\n<script type=\"application\/ld+json\" class=\"yoast-schema-graph\">{\"@context\":\"https:\\\/\\\/schema.org\",\"@graph\":[{\"@type\":\"Article\",\"@id\":\"https:\\\/\\\/www.altominho.tv\\\/site\\\/2023\\\/10\\\/04\\\/federacao-nacional-dos-medicos-diz-que-seis-hospitais-ja-enfrentam-fechos-de-urgencia\\\/#article\",\"isPartOf\":{\"@id\":\"https:\\\/\\\/www.altominho.tv\\\/site\\\/2023\\\/10\\\/04\\\/federacao-nacional-dos-medicos-diz-que-seis-hospitais-ja-enfrentam-fechos-de-urgencia\\\/\"},\"author\":{\"name\":\"Lusa\",\"@id\":\"https:\\\/\\\/www.altominho.tv\\\/site\\\/#\\\/schema\\\/person\\\/63f693da3e1899361cbe955c46f3232e\"},\"headline\":\"Federa\u00e7\u00e3o Nacional dos M\u00e9dicos diz que seis hospitais j\u00e1 enfrentaram fechos de urg\u00eancia\",\"datePublished\":\"2023-10-04T09:58:41+00:00\",\"dateModified\":\"2023-10-04T10:41:18+00:00\",\"mainEntityOfPage\":{\"@id\":\"https:\\\/\\\/www.altominho.tv\\\/site\\\/2023\\\/10\\\/04\\\/federacao-nacional-dos-medicos-diz-que-seis-hospitais-ja-enfrentam-fechos-de-urgencia\\\/\"},\"wordCount\":630,\"image\":{\"@id\":\"https:\\\/\\\/www.altominho.tv\\\/site\\\/2023\\\/10\\\/04\\\/federacao-nacional-dos-medicos-diz-que-seis-hospitais-ja-enfrentam-fechos-de-urgencia\\\/#primaryimage\"},\"thumbnailUrl\":\"https:\\\/\\\/www.altominho.tv\\\/site\\\/wp-content\\\/uploads\\\/2023\\\/09\\\/medicos.jpg\",\"keywords\":[\"Sa\u00fade\",\"Sociedade\"],\"articleSection\":[\"Pa\u00eds\"],\"inLanguage\":\"pt-PT\",\"copyrightYear\":\"2023\",\"copyrightHolder\":{\"@id\":\"https:\\\/\\\/www.altominho.tv\\\/site\\\/#organization\"}},{\"@type\":\"WebPage\",\"@id\":\"https:\\\/\\\/www.altominho.tv\\\/site\\\/2023\\\/10\\\/04\\\/federacao-nacional-dos-medicos-diz-que-seis-hospitais-ja-enfrentam-fechos-de-urgencia\\\/\",\"url\":\"https:\\\/\\\/www.altominho.tv\\\/site\\\/2023\\\/10\\\/04\\\/federacao-nacional-dos-medicos-diz-que-seis-hospitais-ja-enfrentam-fechos-de-urgencia\\\/\",\"name\":\"Federa\u00e7\u00e3o Nacional dos M\u00e9dicos diz que seis hospitais j\u00e1 enfrentaram fechos de urg\u00eancia\",\"isPartOf\":{\"@id\":\"https:\\\/\\\/www.altominho.tv\\\/site\\\/#website\"},\"primaryImageOfPage\":{\"@id\":\"https:\\\/\\\/www.altominho.tv\\\/site\\\/2023\\\/10\\\/04\\\/federacao-nacional-dos-medicos-diz-que-seis-hospitais-ja-enfrentam-fechos-de-urgencia\\\/#primaryimage\"},\"image\":{\"@id\":\"https:\\\/\\\/www.altominho.tv\\\/site\\\/2023\\\/10\\\/04\\\/federacao-nacional-dos-medicos-diz-que-seis-hospitais-ja-enfrentam-fechos-de-urgencia\\\/#primaryimage\"},\"thumbnailUrl\":\"https:\\\/\\\/www.altominho.tv\\\/site\\\/wp-content\\\/uploads\\\/2023\\\/09\\\/medicos.jpg\",\"datePublished\":\"2023-10-04T09:58:41+00:00\",\"dateModified\":\"2023-10-04T10:41:18+00:00\",\"author\":{\"@id\":\"https:\\\/\\\/www.altominho.tv\\\/site\\\/#\\\/schema\\\/person\\\/63f693da3e1899361cbe955c46f3232e\"},\"description\":\"Os servi\u00e7os de urg\u00eancia dos hospitais de Barcelos, Caldas da Rainha, Chaves, Guarda, Santar\u00e9m e Tomar j\u00e1 enfrentaram encerramentos devido \u00e0 indisponibilidade dos m\u00e9dicos para fazer horas extraordin\u00e1rias al\u00e9m das obrigat\u00f3rias, anunciou hoje a Federa\u00e7\u00e3o Nacional dos M\u00e9dicos (FNAM).\",\"breadcrumb\":{\"@id\":\"https:\\\/\\\/www.altominho.tv\\\/site\\\/2023\\\/10\\\/04\\\/federacao-nacional-dos-medicos-diz-que-seis-hospitais-ja-enfrentam-fechos-de-urgencia\\\/#breadcrumb\"},\"inLanguage\":\"pt-PT\",\"potentialAction\":[{\"@type\":\"ReadAction\",\"target\":[\"https:\\\/\\\/www.altominho.tv\\\/site\\\/2023\\\/10\\\/04\\\/federacao-nacional-dos-medicos-diz-que-seis-hospitais-ja-enfrentam-fechos-de-urgencia\\\/\"]}]},{\"@type\":\"ImageObject\",\"inLanguage\":\"pt-PT\",\"@id\":\"https:\\\/\\\/www.altominho.tv\\\/site\\\/2023\\\/10\\\/04\\\/federacao-nacional-dos-medicos-diz-que-seis-hospitais-ja-enfrentam-fechos-de-urgencia\\\/#primaryimage\",\"url\":\"https:\\\/\\\/www.altominho.tv\\\/site\\\/wp-content\\\/uploads\\\/2023\\\/09\\\/medicos.jpg\",\"contentUrl\":\"https:\\\/\\\/www.altominho.tv\\\/site\\\/wp-content\\\/uploads\\\/2023\\\/09\\\/medicos.jpg\",\"width\":760,\"height\":506},{\"@type\":\"BreadcrumbList\",\"@id\":\"https:\\\/\\\/www.altominho.tv\\\/site\\\/2023\\\/10\\\/04\\\/federacao-nacional-dos-medicos-diz-que-seis-hospitais-ja-enfrentam-fechos-de-urgencia\\\/#breadcrumb\",\"itemListElement\":[{\"@type\":\"ListItem\",\"position\":1,\"name\":\"In\u00edcio\",\"item\":\"https:\\\/\\\/www.altominho.tv\\\/site\\\/\"},{\"@type\":\"ListItem\",\"position\":2,\"name\":\"Federa\u00e7\u00e3o Nacional dos M\u00e9dicos diz que seis hospitais j\u00e1 enfrentaram fechos de urg\u00eancia\"}]},{\"@type\":\"WebSite\",\"@id\":\"https:\\\/\\\/www.altominho.tv\\\/site\\\/#website\",\"url\":\"https:\\\/\\\/www.altominho.tv\\\/site\\\/\",\"name\":\"Altominho.tv\",\"description\":\"A sua regi\u00e3o \u00e0 dist\u00e2ncia de um clique...\",\"potentialAction\":[{\"@type\":\"SearchAction\",\"target\":{\"@type\":\"EntryPoint\",\"urlTemplate\":\"https:\\\/\\\/www.altominho.tv\\\/site\\\/?s={search_term_string}\"},\"query-input\":{\"@type\":\"PropertyValueSpecification\",\"valueRequired\":true,\"valueName\":\"search_term_string\"}}],\"inLanguage\":\"pt-PT\"},{\"@type\":\"Person\",\"@id\":\"https:\\\/\\\/www.altominho.tv\\\/site\\\/#\\\/schema\\\/person\\\/63f693da3e1899361cbe955c46f3232e\",\"name\":\"Lusa\",\"image\":{\"@type\":\"ImageObject\",\"inLanguage\":\"pt-PT\",\"@id\":\"https:\\\/\\\/www.altominho.tv\\\/site\\\/wp-content\\\/uploads\\\/2019\\\/08\\\/LUSA_Logo.gif\",\"url\":\"https:\\\/\\\/www.altominho.tv\\\/site\\\/wp-content\\\/uploads\\\/2019\\\/08\\\/LUSA_Logo.gif\",\"contentUrl\":\"https:\\\/\\\/www.altominho.tv\\\/site\\\/wp-content\\\/uploads\\\/2019\\\/08\\\/LUSA_Logo.gif\",\"caption\":\"Lusa\"},\"sameAs\":[\"http:\\\/\\\/\\\/\\\/www.altominho.tv\\\/site\"],\"url\":\"https:\\\/\\\/www.altominho.tv\\\/site\\\/author\\\/lusa\\\/\"}]}<\/script>\n<!-- \/ Yoast SEO Premium plugin. -->","yoast_head_json":{"title":"Federa\u00e7\u00e3o Nacional dos M\u00e9dicos diz que seis hospitais j\u00e1 enfrentaram fechos de urg\u00eancia","description":"Os servi\u00e7os de urg\u00eancia dos hospitais de Barcelos, Caldas da Rainha, Chaves, Guarda, Santar\u00e9m e Tomar j\u00e1 enfrentaram encerramentos devido \u00e0 indisponibilidade dos m\u00e9dicos para fazer horas extraordin\u00e1rias al\u00e9m das obrigat\u00f3rias, anunciou hoje a Federa\u00e7\u00e3o Nacional dos M\u00e9dicos (FNAM).","robots":{"index":"index","follow":"follow","max-snippet":"max-snippet:-1","max-image-preview":"max-image-preview:large","max-video-preview":"max-video-preview:-1"},"canonical":"https:\/\/www.altominho.tv\/site\/2023\/10\/04\/federacao-nacional-dos-medicos-diz-que-seis-hospitais-ja-enfrentam-fechos-de-urgencia\/","og_locale":"pt_PT","og_type":"article","og_title":"Federa\u00e7\u00e3o Nacional dos M\u00e9dicos diz que seis hospitais j\u00e1 enfrentaram fechos de urg\u00eancia","og_description":"Os servi\u00e7os de urg\u00eancia dos hospitais de Barcelos, Caldas da Rainha, Chaves, Guarda, Santar\u00e9m e Tomar j\u00e1 enfrentaram encerramentos devido \u00e0 indisponibilidade dos m\u00e9dicos para fazer horas extraordin\u00e1rias al\u00e9m das obrigat\u00f3rias, anunciou hoje a Federa\u00e7\u00e3o Nacional dos M\u00e9dicos (FNAM).","og_url":"https:\/\/www.altominho.tv\/site\/2023\/10\/04\/federacao-nacional-dos-medicos-diz-que-seis-hospitais-ja-enfrentam-fechos-de-urgencia\/","og_site_name":"Altominho.tv","article_publisher":"https:\/\/www.facebook.com\/altominhotv","article_published_time":"2023-10-04T09:58:41+00:00","article_modified_time":"2023-10-04T10:41:18+00:00","og_image":[{"width":760,"height":506,"url":"https:\/\/www.altominho.tv\/site\/wp-content\/uploads\/2023\/09\/medicos.jpg","type":"image\/jpeg"}],"author":"Lusa","twitter_card":"summary_large_image","twitter_creator":"@altominhoTV","twitter_site":"@altominhoTV","twitter_misc":{"Escrito por":"Lusa","Tempo estimado de leitura":"3 minutos"},"schema":{"@context":"https:\/\/schema.org","@graph":[{"@type":"Article","@id":"https:\/\/www.altominho.tv\/site\/2023\/10\/04\/federacao-nacional-dos-medicos-diz-que-seis-hospitais-ja-enfrentam-fechos-de-urgencia\/#article","isPartOf":{"@id":"https:\/\/www.altominho.tv\/site\/2023\/10\/04\/federacao-nacional-dos-medicos-diz-que-seis-hospitais-ja-enfrentam-fechos-de-urgencia\/"},"author":{"name":"Lusa","@id":"https:\/\/www.altominho.tv\/site\/#\/schema\/person\/63f693da3e1899361cbe955c46f3232e"},"headline":"Federa\u00e7\u00e3o Nacional dos M\u00e9dicos diz que seis hospitais j\u00e1 enfrentaram fechos de urg\u00eancia","datePublished":"2023-10-04T09:58:41+00:00","dateModified":"2023-10-04T10:41:18+00:00","mainEntityOfPage":{"@id":"https:\/\/www.altominho.tv\/site\/2023\/10\/04\/federacao-nacional-dos-medicos-diz-que-seis-hospitais-ja-enfrentam-fechos-de-urgencia\/"},"wordCount":630,"image":{"@id":"https:\/\/www.altominho.tv\/site\/2023\/10\/04\/federacao-nacional-dos-medicos-diz-que-seis-hospitais-ja-enfrentam-fechos-de-urgencia\/#primaryimage"},"thumbnailUrl":"https:\/\/www.altominho.tv\/site\/wp-content\/uploads\/2023\/09\/medicos.jpg","keywords":["Sa\u00fade","Sociedade"],"articleSection":["Pa\u00eds"],"inLanguage":"pt-PT","copyrightYear":"2023","copyrightHolder":{"@id":"https:\/\/www.altominho.tv\/site\/#organization"}},{"@type":"WebPage","@id":"https:\/\/www.altominho.tv\/site\/2023\/10\/04\/federacao-nacional-dos-medicos-diz-que-seis-hospitais-ja-enfrentam-fechos-de-urgencia\/","url":"https:\/\/www.altominho.tv\/site\/2023\/10\/04\/federacao-nacional-dos-medicos-diz-que-seis-hospitais-ja-enfrentam-fechos-de-urgencia\/","name":"Federa\u00e7\u00e3o Nacional dos M\u00e9dicos diz que seis hospitais j\u00e1 enfrentaram fechos de urg\u00eancia","isPartOf":{"@id":"https:\/\/www.altominho.tv\/site\/#website"},"primaryImageOfPage":{"@id":"https:\/\/www.altominho.tv\/site\/2023\/10\/04\/federacao-nacional-dos-medicos-diz-que-seis-hospitais-ja-enfrentam-fechos-de-urgencia\/#primaryimage"},"image":{"@id":"https:\/\/www.altominho.tv\/site\/2023\/10\/04\/federacao-nacional-dos-medicos-diz-que-seis-hospitais-ja-enfrentam-fechos-de-urgencia\/#primaryimage"},"thumbnailUrl":"https:\/\/www.altominho.tv\/site\/wp-content\/uploads\/2023\/09\/medicos.jpg","datePublished":"2023-10-04T09:58:41+00:00","dateModified":"2023-10-04T10:41:18+00:00","author":{"@id":"https:\/\/www.altominho.tv\/site\/#\/schema\/person\/63f693da3e1899361cbe955c46f3232e"},"description":"Os servi\u00e7os de urg\u00eancia dos hospitais de Barcelos, Caldas da Rainha, Chaves, Guarda, Santar\u00e9m e Tomar j\u00e1 enfrentaram encerramentos devido \u00e0 indisponibilidade dos m\u00e9dicos para fazer horas extraordin\u00e1rias al\u00e9m das obrigat\u00f3rias, anunciou hoje a Federa\u00e7\u00e3o Nacional dos M\u00e9dicos (FNAM).","breadcrumb":{"@id":"https:\/\/www.altominho.tv\/site\/2023\/10\/04\/federacao-nacional-dos-medicos-diz-que-seis-hospitais-ja-enfrentam-fechos-de-urgencia\/#breadcrumb"},"inLanguage":"pt-PT","potentialAction":[{"@type":"ReadAction","target":["https:\/\/www.altominho.tv\/site\/2023\/10\/04\/federacao-nacional-dos-medicos-diz-que-seis-hospitais-ja-enfrentam-fechos-de-urgencia\/"]}]},{"@type":"ImageObject","inLanguage":"pt-PT","@id":"https:\/\/www.altominho.tv\/site\/2023\/10\/04\/federacao-nacional-dos-medicos-diz-que-seis-hospitais-ja-enfrentam-fechos-de-urgencia\/#primaryimage","url":"https:\/\/www.altominho.tv\/site\/wp-content\/uploads\/2023\/09\/medicos.jpg","contentUrl":"https:\/\/www.altominho.tv\/site\/wp-content\/uploads\/2023\/09\/medicos.jpg","width":760,"height":506},{"@type":"BreadcrumbList","@id":"https:\/\/www.altominho.tv\/site\/2023\/10\/04\/federacao-nacional-dos-medicos-diz-que-seis-hospitais-ja-enfrentam-fechos-de-urgencia\/#breadcrumb","itemListElement":[{"@type":"ListItem","position":1,"name":"In\u00edcio","item":"https:\/\/www.altominho.tv\/site\/"},{"@type":"ListItem","position":2,"name":"Federa\u00e7\u00e3o Nacional dos M\u00e9dicos diz que seis hospitais j\u00e1 enfrentaram fechos de urg\u00eancia"}]},{"@type":"WebSite","@id":"https:\/\/www.altominho.tv\/site\/#website","url":"https:\/\/www.altominho.tv\/site\/","name":"Altominho.tv","description":"A sua regi\u00e3o \u00e0 dist\u00e2ncia de um clique...","potentialAction":[{"@type":"SearchAction","target":{"@type":"EntryPoint","urlTemplate":"https:\/\/www.altominho.tv\/site\/?s={search_term_string}"},"query-input":{"@type":"PropertyValueSpecification","valueRequired":true,"valueName":"search_term_string"}}],"inLanguage":"pt-PT"},{"@type":"Person","@id":"https:\/\/www.altominho.tv\/site\/#\/schema\/person\/63f693da3e1899361cbe955c46f3232e","name":"Lusa","image":{"@type":"ImageObject","inLanguage":"pt-PT","@id":"https:\/\/www.altominho.tv\/site\/wp-content\/uploads\/2019\/08\/LUSA_Logo.gif","url":"https:\/\/www.altominho.tv\/site\/wp-content\/uploads\/2019\/08\/LUSA_Logo.gif","contentUrl":"https:\/\/www.altominho.tv\/site\/wp-content\/uploads\/2019\/08\/LUSA_Logo.gif","caption":"Lusa"},"sameAs":["http:\/\/\/\/www.altominho.tv\/site"],"url":"https:\/\/www.altominho.tv\/site\/author\/lusa\/"}]}},"_links":{"self":[{"href":"https:\/\/www.altominho.tv\/site\/wp-json\/wp\/v2\/posts\/97236","targetHints":{"allow":["GET"]}}],"collection":[{"href":"https:\/\/www.altominho.tv\/site\/wp-json\/wp\/v2\/posts"}],"about":[{"href":"https:\/\/www.altominho.tv\/site\/wp-json\/wp\/v2\/types\/post"}],"author":[{"embeddable":true,"href":"https:\/\/www.altominho.tv\/site\/wp-json\/wp\/v2\/users\/13"}],"replies":[{"embeddable":true,"href":"https:\/\/www.altominho.tv\/site\/wp-json\/wp\/v2\/comments?post=97236"}],"version-history":[{"count":1,"href":"https:\/\/www.altominho.tv\/site\/wp-json\/wp\/v2\/posts\/97236\/revisions"}],"predecessor-version":[{"id":97238,"href":"https:\/\/www.altominho.tv\/site\/wp-json\/wp\/v2\/posts\/97236\/revisions\/97238"}],"wp:featuredmedia":[{"embeddable":true,"href":"https:\/\/www.altominho.tv\/site\/wp-json\/wp\/v2\/media\/96535"}],"wp:attachment":[{"href":"https:\/\/www.altominho.tv\/site\/wp-json\/wp\/v2\/media?parent=97236"}],"wp:term":[{"taxonomy":"category","embeddable":true,"href":"https:\/\/www.altominho.tv\/site\/wp-json\/wp\/v2\/categories?post=97236"},{"taxonomy":"post_tag","embeddable":true,"href":"https:\/\/www.altominho.tv\/site\/wp-json\/wp\/v2\/tags?post=97236"}],"curies":[{"name":"wp","href":"https:\/\/api.w.org\/{rel}","templated":true}]}}