{"id":97225,"date":"2023-10-04T10:25:43","date_gmt":"2023-10-04T09:25:43","guid":{"rendered":"https:\/\/www.altominho.tv\/site\/?p=97225"},"modified":"2023-10-04T10:25:47","modified_gmt":"2023-10-04T09:25:47","slug":"appacdm-de-viana-do-castelo-juntou-se-a-semana-europeia-do-desporto","status":"publish","type":"post","link":"https:\/\/www.altominho.tv\/site\/2023\/10\/04\/appacdm-de-viana-do-castelo-juntou-se-a-semana-europeia-do-desporto\/","title":{"rendered":"APPACDM de Viana do Castelo juntou-se \u00e0 Semana Europeia do Desporto"},"content":{"rendered":"<p class=\"p1\">A APPACDM de Viana do Castelo aliou-se mais uma vez \u00e0 Semana Europeia do Desporto, tendo realizado e participado em v\u00e1rias iniciativas desportivas.<\/p>\n<p class=\"p1\">A Semana Europeia do Desporto arrancou a 23 de setembro e, nesse dia, a Delega\u00e7\u00e3o de Mon\u00e7\u00e3o teve um grupo a realizar uma experi\u00eancia de voo numa iniciativa promovida pela C\u00e2mara Municipal de Mon\u00e7\u00e3o, com o apoio do Aeroclube do Alto Minho e do Aer\u00f3dromo de Cerval.<\/p>\n<p class=\"p1\">Tamb\u00e9m no dia 23, um grupo de Atletas da APPACDM de Viana do Castelo representou o Munic\u00edpio de Viana do Castelo, competindo no 1.\u00ba Torneio de Boccia DI do Eixo Atl\u00e2ntico, que se realizou em Famalic\u00e3o e que promoveu ainda a pr\u00e1tica de outras modalidades desportivas. A institui\u00e7\u00e3o esteve tamb\u00e9m presente na abertura oficial da semana europeia #Beactive, que se realizou em Viana do Castelo.<\/p>\n<p class=\"p1\">O dia do Desporto Inclusivo foi assinalado no dia 26 de setembro, em Viana do Castelo, com uma sess\u00e3o de Voleibol Adaptado e Boccia, com organiza\u00e7\u00e3o conjunta entre a APPACDM de Viana do Castelo e o grupo de seniores do projeto Olympics4All do Munic\u00edpio. J\u00e1 em Valen\u00e7a, decorreu uma atividade especial de Judo com o Clube Juvalen\u00e7a e a Delega\u00e7\u00e3o de Valen\u00e7a da institui\u00e7\u00e3o.<\/p>\n<p class=\"p1\">No dia 27 de setembro, em que tamb\u00e9m se assinala o dia Mundial dos Rios, a equipa de Desporto Para Todos da institui\u00e7\u00e3o realizou um dia especial de SUP para Todos na Praia Fluvial de Viana do Castelo. Nesse mesmo dia aconteceu tamb\u00e9m na zona de Lazer do Centro de Est\u00e1gio de Melga\u00e7o, uma Prova de Orienta\u00e7\u00e3o Adaptada, dinamizada pela Delega\u00e7\u00e3o de Melga\u00e7o.<\/p>\n<p class=\"p1\">No dia 28 de setembro, a APPACDM de Viana do Castelo participou diretamente na a\u00e7\u00e3o de forma\u00e7\u00e3o \u201cDesporto, Contexto Social para a Inclus\u00e3o\u201d realizada no Pavilh\u00e3o Multiusos de Paredes, com a presen\u00e7a do Prof. Pedro Fornelos na mesa redonda \u201cInternacionaliza\u00e7\u00e3o e alta competi\u00e7\u00e3o no Desporto Adaptado\u201d.<\/p>\n<p class=\"p1\">Decorreu, ainda, nesse mesmo dia, v\u00e1rios os t\u00e9cnicos da institui\u00e7\u00e3o que tiveram a oportunidade de assistir ao IV F\u00f3rum Nacional Desporto Para Todos realizado pelo IPDJ no Teatro S\u00e1 de Miranda em Viana do Castelo.<\/p>\n<p class=\"p1\">No final da semana, a APPACDM de Viana do Castelo participou ainda com um grupo de utentes e t\u00e9cnicos no Blue Surf Fest organizado pelo Surf Clube de Viana.<\/p>\n","protected":false},"excerpt":{"rendered":"<p>A APPACDM de Viana do Castelo aliou-se mais uma vez \u00e0 Semana Europeia do Desporto, tendo realizado e participado em v\u00e1rias iniciativas desportivas. A Semana Europeia do Desporto arrancou a 23 de setembro e, nesse dia, a Delega\u00e7\u00e3o de Mon\u00e7\u00e3o teve um grupo a realizar uma experi\u00eancia de voo numa iniciativa promovida pela C\u00e2mara Municipal [&hellip;]<\/p>\n","protected":false},"author":28,"featured_media":97227,"comment_status":"closed","ping_status":"closed","sticky":false,"template":"","format":"standard","meta":{"_exactmetrics_skip_tracking":false,"_exactmetrics_sitenote_active":false,"_exactmetrics_sitenote_note":"","_exactmetrics_sitenote_category":0,"footnotes":""},"categories":[73],"tags":[20],"class_list":["post-97225","post","type-post","status-publish","format-standard","has-post-thumbnail","hentry","category-alto-minho","tag-desporto"],"yoast_head":"<!-- This site is optimized with the Yoast SEO Premium plugin v27.5 (Yoast SEO v27.5) - https:\/\/yoast.com\/product\/yoast-seo-premium-wordpress\/ -->\n<title>APPACDM de Viana do Castelo juntou-se \u00e0 Semana Europeia do Desporto<\/title>\n<meta name=\"description\" content=\"Tamb\u00e9m no dia 23, um grupo de Atletas da APPACDM de Viana do Castelo representou o Munic\u00edpio de Viana do Castelo, competindo no 1.\u00ba Torneio de Boccia DI do Eixo Atl\u00e2ntico, que se realizou em Famalic\u00e3o e que promoveu ainda a pr\u00e1tica de outras modalidades desportivas. A institui\u00e7\u00e3o esteve tamb\u00e9m presente na abertura oficial da semana europeia #Beactive, que se realizou em Viana do Castelo.\u00a0\" \/>\n<meta name=\"robots\" content=\"index, follow, max-snippet:-1, max-image-preview:large, max-video-preview:-1\" \/>\n<link rel=\"canonical\" href=\"https:\/\/www.altominho.tv\/site\/2023\/10\/04\/appacdm-de-viana-do-castelo-juntou-se-a-semana-europeia-do-desporto\/\" \/>\n<meta property=\"og:locale\" content=\"pt_PT\" \/>\n<meta property=\"og:type\" content=\"article\" \/>\n<meta property=\"og:title\" content=\"APPACDM de Viana do Castelo juntou-se \u00e0 Semana Europeia do Desporto\" \/>\n<meta property=\"og:description\" content=\"Tamb\u00e9m no dia 23, um grupo de Atletas da APPACDM de Viana do Castelo representou o Munic\u00edpio de Viana do Castelo, competindo no 1.\u00ba Torneio de Boccia DI do Eixo Atl\u00e2ntico, que se realizou em Famalic\u00e3o e que promoveu ainda a pr\u00e1tica de outras modalidades desportivas. A institui\u00e7\u00e3o esteve tamb\u00e9m presente na abertura oficial da semana europeia #Beactive, que se realizou em Viana do Castelo.\u00a0\" \/>\n<meta property=\"og:url\" content=\"https:\/\/www.altominho.tv\/site\/2023\/10\/04\/appacdm-de-viana-do-castelo-juntou-se-a-semana-europeia-do-desporto\/\" \/>\n<meta property=\"og:site_name\" content=\"Altominho.tv\" \/>\n<meta property=\"article:publisher\" content=\"https:\/\/www.facebook.com\/altominhotv\" \/>\n<meta property=\"article:published_time\" content=\"2023-10-04T09:25:43+00:00\" \/>\n<meta property=\"article:modified_time\" content=\"2023-10-04T09:25:47+00:00\" \/>\n<meta property=\"og:image\" content=\"https:\/\/www.altominho.tv\/site\/wp-content\/uploads\/2023\/10\/380816268_810009791133229_382747141771969683_n.jpg\" \/>\n\t<meta property=\"og:image:width\" content=\"960\" \/>\n\t<meta property=\"og:image:height\" content=\"720\" \/>\n\t<meta property=\"og:image:type\" content=\"image\/jpeg\" \/>\n<meta name=\"author\" content=\"Beatriz Lira\" \/>\n<meta name=\"twitter:card\" content=\"summary_large_image\" \/>\n<meta name=\"twitter:creator\" content=\"@altominhoTV\" \/>\n<meta name=\"twitter:site\" content=\"@altominhoTV\" \/>\n<meta name=\"twitter:label1\" content=\"Escrito por\" \/>\n\t<meta name=\"twitter:data1\" content=\"Beatriz Lira\" \/>\n\t<meta name=\"twitter:label2\" content=\"Tempo estimado de leitura\" \/>\n\t<meta name=\"twitter:data2\" content=\"3 minutos\" \/>\n<script type=\"application\/ld+json\" class=\"yoast-schema-graph\">{\"@context\":\"https:\\\/\\\/schema.org\",\"@graph\":[{\"@type\":\"Article\",\"@id\":\"https:\\\/\\\/www.altominho.tv\\\/site\\\/2023\\\/10\\\/04\\\/appacdm-de-viana-do-castelo-juntou-se-a-semana-europeia-do-desporto\\\/#article\",\"isPartOf\":{\"@id\":\"https:\\\/\\\/www.altominho.tv\\\/site\\\/2023\\\/10\\\/04\\\/appacdm-de-viana-do-castelo-juntou-se-a-semana-europeia-do-desporto\\\/\"},\"author\":{\"name\":\"Beatriz Lira\",\"@id\":\"https:\\\/\\\/www.altominho.tv\\\/site\\\/#\\\/schema\\\/person\\\/f95a2097796cf4462fe1e476cddc40e4\"},\"headline\":\"APPACDM de Viana do Castelo juntou-se \u00e0 Semana Europeia do Desporto\",\"datePublished\":\"2023-10-04T09:25:43+00:00\",\"dateModified\":\"2023-10-04T09:25:47+00:00\",\"mainEntityOfPage\":{\"@id\":\"https:\\\/\\\/www.altominho.tv\\\/site\\\/2023\\\/10\\\/04\\\/appacdm-de-viana-do-castelo-juntou-se-a-semana-europeia-do-desporto\\\/\"},\"wordCount\":418,\"image\":{\"@id\":\"https:\\\/\\\/www.altominho.tv\\\/site\\\/2023\\\/10\\\/04\\\/appacdm-de-viana-do-castelo-juntou-se-a-semana-europeia-do-desporto\\\/#primaryimage\"},\"thumbnailUrl\":\"https:\\\/\\\/www.altominho.tv\\\/site\\\/wp-content\\\/uploads\\\/2023\\\/10\\\/380816268_810009791133229_382747141771969683_n.jpg\",\"keywords\":[\"Desporto\"],\"articleSection\":[\"Alto Minho\"],\"inLanguage\":\"pt-PT\",\"copyrightYear\":\"2023\",\"copyrightHolder\":{\"@id\":\"https:\\\/\\\/www.altominho.tv\\\/site\\\/#organization\"}},{\"@type\":\"WebPage\",\"@id\":\"https:\\\/\\\/www.altominho.tv\\\/site\\\/2023\\\/10\\\/04\\\/appacdm-de-viana-do-castelo-juntou-se-a-semana-europeia-do-desporto\\\/\",\"url\":\"https:\\\/\\\/www.altominho.tv\\\/site\\\/2023\\\/10\\\/04\\\/appacdm-de-viana-do-castelo-juntou-se-a-semana-europeia-do-desporto\\\/\",\"name\":\"APPACDM de Viana do Castelo juntou-se \u00e0 Semana Europeia do Desporto\",\"isPartOf\":{\"@id\":\"https:\\\/\\\/www.altominho.tv\\\/site\\\/#website\"},\"primaryImageOfPage\":{\"@id\":\"https:\\\/\\\/www.altominho.tv\\\/site\\\/2023\\\/10\\\/04\\\/appacdm-de-viana-do-castelo-juntou-se-a-semana-europeia-do-desporto\\\/#primaryimage\"},\"image\":{\"@id\":\"https:\\\/\\\/www.altominho.tv\\\/site\\\/2023\\\/10\\\/04\\\/appacdm-de-viana-do-castelo-juntou-se-a-semana-europeia-do-desporto\\\/#primaryimage\"},\"thumbnailUrl\":\"https:\\\/\\\/www.altominho.tv\\\/site\\\/wp-content\\\/uploads\\\/2023\\\/10\\\/380816268_810009791133229_382747141771969683_n.jpg\",\"datePublished\":\"2023-10-04T09:25:43+00:00\",\"dateModified\":\"2023-10-04T09:25:47+00:00\",\"author\":{\"@id\":\"https:\\\/\\\/www.altominho.tv\\\/site\\\/#\\\/schema\\\/person\\\/f95a2097796cf4462fe1e476cddc40e4\"},\"description\":\"Tamb\u00e9m no dia 23, um grupo de Atletas da APPACDM de Viana do Castelo representou o Munic\u00edpio de Viana do Castelo, competindo no 1.\u00ba Torneio de Boccia DI do Eixo Atl\u00e2ntico, que se realizou em Famalic\u00e3o e que promoveu ainda a pr\u00e1tica de outras modalidades desportivas. A institui\u00e7\u00e3o esteve tamb\u00e9m presente na abertura oficial da semana europeia #Beactive, que se realizou em Viana do Castelo.\u00a0\",\"breadcrumb\":{\"@id\":\"https:\\\/\\\/www.altominho.tv\\\/site\\\/2023\\\/10\\\/04\\\/appacdm-de-viana-do-castelo-juntou-se-a-semana-europeia-do-desporto\\\/#breadcrumb\"},\"inLanguage\":\"pt-PT\",\"potentialAction\":[{\"@type\":\"ReadAction\",\"target\":[\"https:\\\/\\\/www.altominho.tv\\\/site\\\/2023\\\/10\\\/04\\\/appacdm-de-viana-do-castelo-juntou-se-a-semana-europeia-do-desporto\\\/\"]}]},{\"@type\":\"ImageObject\",\"inLanguage\":\"pt-PT\",\"@id\":\"https:\\\/\\\/www.altominho.tv\\\/site\\\/2023\\\/10\\\/04\\\/appacdm-de-viana-do-castelo-juntou-se-a-semana-europeia-do-desporto\\\/#primaryimage\",\"url\":\"https:\\\/\\\/www.altominho.tv\\\/site\\\/wp-content\\\/uploads\\\/2023\\\/10\\\/380816268_810009791133229_382747141771969683_n.jpg\",\"contentUrl\":\"https:\\\/\\\/www.altominho.tv\\\/site\\\/wp-content\\\/uploads\\\/2023\\\/10\\\/380816268_810009791133229_382747141771969683_n.jpg\",\"width\":960,\"height\":720},{\"@type\":\"BreadcrumbList\",\"@id\":\"https:\\\/\\\/www.altominho.tv\\\/site\\\/2023\\\/10\\\/04\\\/appacdm-de-viana-do-castelo-juntou-se-a-semana-europeia-do-desporto\\\/#breadcrumb\",\"itemListElement\":[{\"@type\":\"ListItem\",\"position\":1,\"name\":\"In\u00edcio\",\"item\":\"https:\\\/\\\/www.altominho.tv\\\/site\\\/\"},{\"@type\":\"ListItem\",\"position\":2,\"name\":\"APPACDM de Viana do Castelo juntou-se \u00e0 Semana Europeia do Desporto\"}]},{\"@type\":\"WebSite\",\"@id\":\"https:\\\/\\\/www.altominho.tv\\\/site\\\/#website\",\"url\":\"https:\\\/\\\/www.altominho.tv\\\/site\\\/\",\"name\":\"Altominho.tv\",\"description\":\"A sua regi\u00e3o \u00e0 dist\u00e2ncia de um clique...\",\"potentialAction\":[{\"@type\":\"SearchAction\",\"target\":{\"@type\":\"EntryPoint\",\"urlTemplate\":\"https:\\\/\\\/www.altominho.tv\\\/site\\\/?s={search_term_string}\"},\"query-input\":{\"@type\":\"PropertyValueSpecification\",\"valueRequired\":true,\"valueName\":\"search_term_string\"}}],\"inLanguage\":\"pt-PT\"},{\"@type\":\"Person\",\"@id\":\"https:\\\/\\\/www.altominho.tv\\\/site\\\/#\\\/schema\\\/person\\\/f95a2097796cf4462fe1e476cddc40e4\",\"name\":\"Beatriz Lira\",\"image\":{\"@type\":\"ImageObject\",\"inLanguage\":\"pt-PT\",\"@id\":\"https:\\\/\\\/www.altominho.tv\\\/site\\\/wp-content\\\/uploads\\\/2023\\\/03\\\/Screenshot_20230306-141220_Photos-150x150.jpg\",\"url\":\"https:\\\/\\\/www.altominho.tv\\\/site\\\/wp-content\\\/uploads\\\/2023\\\/03\\\/Screenshot_20230306-141220_Photos-150x150.jpg\",\"contentUrl\":\"https:\\\/\\\/www.altominho.tv\\\/site\\\/wp-content\\\/uploads\\\/2023\\\/03\\\/Screenshot_20230306-141220_Photos-150x150.jpg\",\"caption\":\"Beatriz Lira\"},\"url\":\"https:\\\/\\\/www.altominho.tv\\\/site\\\/author\\\/beatriz\\\/\"}]}<\/script>\n<!-- \/ Yoast SEO Premium plugin. -->","yoast_head_json":{"title":"APPACDM de Viana do Castelo juntou-se \u00e0 Semana Europeia do Desporto","description":"Tamb\u00e9m no dia 23, um grupo de Atletas da APPACDM de Viana do Castelo representou o Munic\u00edpio de Viana do Castelo, competindo no 1.\u00ba Torneio de Boccia DI do Eixo Atl\u00e2ntico, que se realizou em Famalic\u00e3o e que promoveu ainda a pr\u00e1tica de outras modalidades desportivas. A institui\u00e7\u00e3o esteve tamb\u00e9m presente na abertura oficial da semana europeia #Beactive, que se realizou em Viana do Castelo.\u00a0","robots":{"index":"index","follow":"follow","max-snippet":"max-snippet:-1","max-image-preview":"max-image-preview:large","max-video-preview":"max-video-preview:-1"},"canonical":"https:\/\/www.altominho.tv\/site\/2023\/10\/04\/appacdm-de-viana-do-castelo-juntou-se-a-semana-europeia-do-desporto\/","og_locale":"pt_PT","og_type":"article","og_title":"APPACDM de Viana do Castelo juntou-se \u00e0 Semana Europeia do Desporto","og_description":"Tamb\u00e9m no dia 23, um grupo de Atletas da APPACDM de Viana do Castelo representou o Munic\u00edpio de Viana do Castelo, competindo no 1.\u00ba Torneio de Boccia DI do Eixo Atl\u00e2ntico, que se realizou em Famalic\u00e3o e que promoveu ainda a pr\u00e1tica de outras modalidades desportivas. A institui\u00e7\u00e3o esteve tamb\u00e9m presente na abertura oficial da semana europeia #Beactive, que se realizou em Viana do Castelo.\u00a0","og_url":"https:\/\/www.altominho.tv\/site\/2023\/10\/04\/appacdm-de-viana-do-castelo-juntou-se-a-semana-europeia-do-desporto\/","og_site_name":"Altominho.tv","article_publisher":"https:\/\/www.facebook.com\/altominhotv","article_published_time":"2023-10-04T09:25:43+00:00","article_modified_time":"2023-10-04T09:25:47+00:00","og_image":[{"width":960,"height":720,"url":"https:\/\/www.altominho.tv\/site\/wp-content\/uploads\/2023\/10\/380816268_810009791133229_382747141771969683_n.jpg","type":"image\/jpeg"}],"author":"Beatriz Lira","twitter_card":"summary_large_image","twitter_creator":"@altominhoTV","twitter_site":"@altominhoTV","twitter_misc":{"Escrito por":"Beatriz Lira","Tempo estimado de leitura":"3 minutos"},"schema":{"@context":"https:\/\/schema.org","@graph":[{"@type":"Article","@id":"https:\/\/www.altominho.tv\/site\/2023\/10\/04\/appacdm-de-viana-do-castelo-juntou-se-a-semana-europeia-do-desporto\/#article","isPartOf":{"@id":"https:\/\/www.altominho.tv\/site\/2023\/10\/04\/appacdm-de-viana-do-castelo-juntou-se-a-semana-europeia-do-desporto\/"},"author":{"name":"Beatriz Lira","@id":"https:\/\/www.altominho.tv\/site\/#\/schema\/person\/f95a2097796cf4462fe1e476cddc40e4"},"headline":"APPACDM de Viana do Castelo juntou-se \u00e0 Semana Europeia do Desporto","datePublished":"2023-10-04T09:25:43+00:00","dateModified":"2023-10-04T09:25:47+00:00","mainEntityOfPage":{"@id":"https:\/\/www.altominho.tv\/site\/2023\/10\/04\/appacdm-de-viana-do-castelo-juntou-se-a-semana-europeia-do-desporto\/"},"wordCount":418,"image":{"@id":"https:\/\/www.altominho.tv\/site\/2023\/10\/04\/appacdm-de-viana-do-castelo-juntou-se-a-semana-europeia-do-desporto\/#primaryimage"},"thumbnailUrl":"https:\/\/www.altominho.tv\/site\/wp-content\/uploads\/2023\/10\/380816268_810009791133229_382747141771969683_n.jpg","keywords":["Desporto"],"articleSection":["Alto Minho"],"inLanguage":"pt-PT","copyrightYear":"2023","copyrightHolder":{"@id":"https:\/\/www.altominho.tv\/site\/#organization"}},{"@type":"WebPage","@id":"https:\/\/www.altominho.tv\/site\/2023\/10\/04\/appacdm-de-viana-do-castelo-juntou-se-a-semana-europeia-do-desporto\/","url":"https:\/\/www.altominho.tv\/site\/2023\/10\/04\/appacdm-de-viana-do-castelo-juntou-se-a-semana-europeia-do-desporto\/","name":"APPACDM de Viana do Castelo juntou-se \u00e0 Semana Europeia do Desporto","isPartOf":{"@id":"https:\/\/www.altominho.tv\/site\/#website"},"primaryImageOfPage":{"@id":"https:\/\/www.altominho.tv\/site\/2023\/10\/04\/appacdm-de-viana-do-castelo-juntou-se-a-semana-europeia-do-desporto\/#primaryimage"},"image":{"@id":"https:\/\/www.altominho.tv\/site\/2023\/10\/04\/appacdm-de-viana-do-castelo-juntou-se-a-semana-europeia-do-desporto\/#primaryimage"},"thumbnailUrl":"https:\/\/www.altominho.tv\/site\/wp-content\/uploads\/2023\/10\/380816268_810009791133229_382747141771969683_n.jpg","datePublished":"2023-10-04T09:25:43+00:00","dateModified":"2023-10-04T09:25:47+00:00","author":{"@id":"https:\/\/www.altominho.tv\/site\/#\/schema\/person\/f95a2097796cf4462fe1e476cddc40e4"},"description":"Tamb\u00e9m no dia 23, um grupo de Atletas da APPACDM de Viana do Castelo representou o Munic\u00edpio de Viana do Castelo, competindo no 1.\u00ba Torneio de Boccia DI do Eixo Atl\u00e2ntico, que se realizou em Famalic\u00e3o e que promoveu ainda a pr\u00e1tica de outras modalidades desportivas. A institui\u00e7\u00e3o esteve tamb\u00e9m presente na abertura oficial da semana europeia #Beactive, que se realizou em Viana do Castelo.\u00a0","breadcrumb":{"@id":"https:\/\/www.altominho.tv\/site\/2023\/10\/04\/appacdm-de-viana-do-castelo-juntou-se-a-semana-europeia-do-desporto\/#breadcrumb"},"inLanguage":"pt-PT","potentialAction":[{"@type":"ReadAction","target":["https:\/\/www.altominho.tv\/site\/2023\/10\/04\/appacdm-de-viana-do-castelo-juntou-se-a-semana-europeia-do-desporto\/"]}]},{"@type":"ImageObject","inLanguage":"pt-PT","@id":"https:\/\/www.altominho.tv\/site\/2023\/10\/04\/appacdm-de-viana-do-castelo-juntou-se-a-semana-europeia-do-desporto\/#primaryimage","url":"https:\/\/www.altominho.tv\/site\/wp-content\/uploads\/2023\/10\/380816268_810009791133229_382747141771969683_n.jpg","contentUrl":"https:\/\/www.altominho.tv\/site\/wp-content\/uploads\/2023\/10\/380816268_810009791133229_382747141771969683_n.jpg","width":960,"height":720},{"@type":"BreadcrumbList","@id":"https:\/\/www.altominho.tv\/site\/2023\/10\/04\/appacdm-de-viana-do-castelo-juntou-se-a-semana-europeia-do-desporto\/#breadcrumb","itemListElement":[{"@type":"ListItem","position":1,"name":"In\u00edcio","item":"https:\/\/www.altominho.tv\/site\/"},{"@type":"ListItem","position":2,"name":"APPACDM de Viana do Castelo juntou-se \u00e0 Semana Europeia do Desporto"}]},{"@type":"WebSite","@id":"https:\/\/www.altominho.tv\/site\/#website","url":"https:\/\/www.altominho.tv\/site\/","name":"Altominho.tv","description":"A sua regi\u00e3o \u00e0 dist\u00e2ncia de um clique...","potentialAction":[{"@type":"SearchAction","target":{"@type":"EntryPoint","urlTemplate":"https:\/\/www.altominho.tv\/site\/?s={search_term_string}"},"query-input":{"@type":"PropertyValueSpecification","valueRequired":true,"valueName":"search_term_string"}}],"inLanguage":"pt-PT"},{"@type":"Person","@id":"https:\/\/www.altominho.tv\/site\/#\/schema\/person\/f95a2097796cf4462fe1e476cddc40e4","name":"Beatriz Lira","image":{"@type":"ImageObject","inLanguage":"pt-PT","@id":"https:\/\/www.altominho.tv\/site\/wp-content\/uploads\/2023\/03\/Screenshot_20230306-141220_Photos-150x150.jpg","url":"https:\/\/www.altominho.tv\/site\/wp-content\/uploads\/2023\/03\/Screenshot_20230306-141220_Photos-150x150.jpg","contentUrl":"https:\/\/www.altominho.tv\/site\/wp-content\/uploads\/2023\/03\/Screenshot_20230306-141220_Photos-150x150.jpg","caption":"Beatriz Lira"},"url":"https:\/\/www.altominho.tv\/site\/author\/beatriz\/"}]}},"_links":{"self":[{"href":"https:\/\/www.altominho.tv\/site\/wp-json\/wp\/v2\/posts\/97225","targetHints":{"allow":["GET"]}}],"collection":[{"href":"https:\/\/www.altominho.tv\/site\/wp-json\/wp\/v2\/posts"}],"about":[{"href":"https:\/\/www.altominho.tv\/site\/wp-json\/wp\/v2\/types\/post"}],"author":[{"embeddable":true,"href":"https:\/\/www.altominho.tv\/site\/wp-json\/wp\/v2\/users\/28"}],"replies":[{"embeddable":true,"href":"https:\/\/www.altominho.tv\/site\/wp-json\/wp\/v2\/comments?post=97225"}],"version-history":[{"count":3,"href":"https:\/\/www.altominho.tv\/site\/wp-json\/wp\/v2\/posts\/97225\/revisions"}],"predecessor-version":[{"id":97234,"href":"https:\/\/www.altominho.tv\/site\/wp-json\/wp\/v2\/posts\/97225\/revisions\/97234"}],"wp:featuredmedia":[{"embeddable":true,"href":"https:\/\/www.altominho.tv\/site\/wp-json\/wp\/v2\/media\/97227"}],"wp:attachment":[{"href":"https:\/\/www.altominho.tv\/site\/wp-json\/wp\/v2\/media?parent=97225"}],"wp:term":[{"taxonomy":"category","embeddable":true,"href":"https:\/\/www.altominho.tv\/site\/wp-json\/wp\/v2\/categories?post=97225"},{"taxonomy":"post_tag","embeddable":true,"href":"https:\/\/www.altominho.tv\/site\/wp-json\/wp\/v2\/tags?post=97225"}],"curies":[{"name":"wp","href":"https:\/\/api.w.org\/{rel}","templated":true}]}}