{"id":97206,"date":"2023-10-03T18:11:06","date_gmt":"2023-10-03T17:11:06","guid":{"rendered":"https:\/\/www.altominho.tv\/site\/?p=97206"},"modified":"2023-10-03T18:11:10","modified_gmt":"2023-10-03T17:11:10","slug":"administracao-da-ulsam-reduzida-apos-renuncia-de-duas-diretoras","status":"publish","type":"post","link":"https:\/\/www.altominho.tv\/site\/2023\/10\/03\/administracao-da-ulsam-reduzida-apos-renuncia-de-duas-diretoras\/","title":{"rendered":"Administra\u00e7\u00e3o da ULSAM reduzida ap\u00f3s ren\u00fancia de duas diretoras"},"content":{"rendered":"<p>O conselho de administra\u00e7\u00e3o da Unidade Local de Sa\u00fade do Alto Minho (ULSAM) vai ficar reduzido a dois elementos, ap\u00f3s a ren\u00fancia, com efeito a 01 de outubro, da diretora cl\u00ednica e, no final do m\u00eas, da enfermeira diretora, foi hoje divulgado.<\/p>\n<p>Contactada pela ag\u00eancia Lusa, fonte do Sindicato Independente dos M\u00e9dicos (SIM) disse que \u201ca diretora cl\u00ednica apresentou, em agosto, a ren\u00fancia ao cargo no conselho de administra\u00e7\u00e3o da ULSAM\u201d, tendo cessado fun\u00e7\u00f5es no s\u00e1bado.<\/p>\n<p>Aquela fonte acrescentou que \u201ca enfermeira diretora renunciou ao cargo no conselho de administra\u00e7\u00e3o no final de setembro e vai manter-se em fun\u00e7\u00f5es at\u00e9 final de outubro\u201d.<\/p>\n<p>Em resposta por escrito a um pedido de esclarecimento da Lusa, o presidente do conselho de administra\u00e7\u00e3o da ULSAM, Franklim Ramos, disse que \u201ca ren\u00fancia ao cargo \u00e9 uma decis\u00e3o pessoal pelo que s\u00f3 o pr\u00f3prio se dever\u00e1 manifestar caso entenda\u201d.<\/p>\n<p>\u201cComo presidente do conselho de administra\u00e7\u00e3o posso dizer que quer a diretora cl\u00ednica, quer a enfermeira diretora que ainda est\u00e1 em fun\u00e7\u00f5es tiveram um desempenho excelente e uma grande dedica\u00e7\u00e3o \u00e0 causa p\u00fablica, nomeadamente ao Servi\u00e7o Nacional de Sa\u00fade (SNS), o que deve ser relevado e lembrado\u201d, adiantou Franklim Ramos.<\/p>\n<p>Com a sa\u00edda da enfermeira diretora, no final do m\u00eas, o conselho de administra\u00e7\u00e3o da ULSAM ficar\u00e1 reduzido a dois elementos, o presidente, Franklim Ramos, e uma vogal.<\/p>\n<p>O conselho de administra\u00e7\u00e3o da ULSAM \u00e9 composto por cinco elementos, sendo que o lugar ocupado pelo representante dos 10 concelhos do distrito de Viana do Castelo est\u00e1 por ocupar desde as \u00faltimas elei\u00e7\u00f5es aut\u00e1rquicas de 2021.<\/p>\n","protected":false},"excerpt":{"rendered":"<p>O conselho de administra\u00e7\u00e3o da Unidade Local de Sa\u00fade do Alto Minho (ULSAM) vai ficar reduzido a dois elementos, ap\u00f3s a ren\u00fancia, com efeito a 01 de outubro, da diretora cl\u00ednica e, no final do m\u00eas, da enfermeira diretora, foi hoje divulgado. Contactada pela ag\u00eancia Lusa, fonte do Sindicato Independente dos M\u00e9dicos (SIM) disse que [&hellip;]<\/p>\n","protected":false},"author":13,"featured_media":97207,"comment_status":"closed","ping_status":"closed","sticky":false,"template":"","format":"standard","meta":{"_exactmetrics_skip_tracking":false,"_exactmetrics_sitenote_active":false,"_exactmetrics_sitenote_note":"","_exactmetrics_sitenote_category":0,"footnotes":""},"categories":[73],"tags":[26,27],"class_list":["post-97206","post","type-post","status-publish","format-standard","has-post-thumbnail","hentry","category-alto-minho","tag-saude","tag-sociedade"],"yoast_head":"<!-- This site is optimized with the Yoast SEO Premium plugin v27.5 (Yoast SEO v27.5) - https:\/\/yoast.com\/product\/yoast-seo-premium-wordpress\/ -->\n<title>Administra\u00e7\u00e3o da ULSAM reduzida ap\u00f3s ren\u00fancia de duas diretoras<\/title>\n<meta name=\"description\" content=\"O conselho de administra\u00e7\u00e3o da Unidade Local de Sa\u00fade do Alto Minho (ULSAM) vai ficar reduzido a dois elementos, ap\u00f3s a ren\u00fancia, com efeito a 01 de outubro, da diretora cl\u00ednica e, no final do m\u00eas, da enfermeira diretora, foi hoje divulgado.\" \/>\n<meta name=\"robots\" content=\"index, follow, max-snippet:-1, max-image-preview:large, max-video-preview:-1\" \/>\n<link rel=\"canonical\" href=\"https:\/\/www.altominho.tv\/site\/2023\/10\/03\/administracao-da-ulsam-reduzida-apos-renuncia-de-duas-diretoras\/\" \/>\n<meta property=\"og:locale\" content=\"pt_PT\" \/>\n<meta property=\"og:type\" content=\"article\" \/>\n<meta property=\"og:title\" content=\"Administra\u00e7\u00e3o da ULSAM reduzida ap\u00f3s ren\u00fancia de duas diretoras\" \/>\n<meta property=\"og:description\" content=\"O conselho de administra\u00e7\u00e3o da Unidade Local de Sa\u00fade do Alto Minho (ULSAM) vai ficar reduzido a dois elementos, ap\u00f3s a ren\u00fancia, com efeito a 01 de outubro, da diretora cl\u00ednica e, no final do m\u00eas, da enfermeira diretora, foi hoje divulgado.\" \/>\n<meta property=\"og:url\" content=\"https:\/\/www.altominho.tv\/site\/2023\/10\/03\/administracao-da-ulsam-reduzida-apos-renuncia-de-duas-diretoras\/\" \/>\n<meta property=\"og:site_name\" content=\"Altominho.tv\" \/>\n<meta property=\"article:publisher\" content=\"https:\/\/www.facebook.com\/altominhotv\" \/>\n<meta property=\"article:published_time\" content=\"2023-10-03T17:11:06+00:00\" \/>\n<meta property=\"article:modified_time\" content=\"2023-10-03T17:11:10+00:00\" \/>\n<meta property=\"og:image\" content=\"https:\/\/www.altominho.tv\/site\/wp-content\/uploads\/2023\/10\/Hospital-Viana.jpg\" \/>\n\t<meta property=\"og:image:width\" content=\"818\" \/>\n\t<meta property=\"og:image:height\" content=\"455\" \/>\n\t<meta property=\"og:image:type\" content=\"image\/jpeg\" \/>\n<meta name=\"author\" content=\"Lusa\" \/>\n<meta name=\"twitter:card\" content=\"summary_large_image\" \/>\n<meta name=\"twitter:creator\" content=\"@altominhoTV\" \/>\n<meta name=\"twitter:site\" content=\"@altominhoTV\" \/>\n<meta name=\"twitter:label1\" content=\"Escrito por\" \/>\n\t<meta name=\"twitter:data1\" content=\"Lusa\" \/>\n\t<meta name=\"twitter:label2\" content=\"Tempo estimado de leitura\" \/>\n\t<meta name=\"twitter:data2\" content=\"2 minutos\" \/>\n<script type=\"application\/ld+json\" class=\"yoast-schema-graph\">{\"@context\":\"https:\\\/\\\/schema.org\",\"@graph\":[{\"@type\":\"Article\",\"@id\":\"https:\\\/\\\/www.altominho.tv\\\/site\\\/2023\\\/10\\\/03\\\/administracao-da-ulsam-reduzida-apos-renuncia-de-duas-diretoras\\\/#article\",\"isPartOf\":{\"@id\":\"https:\\\/\\\/www.altominho.tv\\\/site\\\/2023\\\/10\\\/03\\\/administracao-da-ulsam-reduzida-apos-renuncia-de-duas-diretoras\\\/\"},\"author\":{\"name\":\"Lusa\",\"@id\":\"https:\\\/\\\/www.altominho.tv\\\/site\\\/#\\\/schema\\\/person\\\/63f693da3e1899361cbe955c46f3232e\"},\"headline\":\"Administra\u00e7\u00e3o da ULSAM reduzida ap\u00f3s ren\u00fancia de duas diretoras\",\"datePublished\":\"2023-10-03T17:11:06+00:00\",\"dateModified\":\"2023-10-03T17:11:10+00:00\",\"mainEntityOfPage\":{\"@id\":\"https:\\\/\\\/www.altominho.tv\\\/site\\\/2023\\\/10\\\/03\\\/administracao-da-ulsam-reduzida-apos-renuncia-de-duas-diretoras\\\/\"},\"wordCount\":297,\"image\":{\"@id\":\"https:\\\/\\\/www.altominho.tv\\\/site\\\/2023\\\/10\\\/03\\\/administracao-da-ulsam-reduzida-apos-renuncia-de-duas-diretoras\\\/#primaryimage\"},\"thumbnailUrl\":\"https:\\\/\\\/www.altominho.tv\\\/site\\\/wp-content\\\/uploads\\\/2023\\\/10\\\/Hospital-Viana.jpg\",\"keywords\":[\"Sa\u00fade\",\"Sociedade\"],\"articleSection\":[\"Alto Minho\"],\"inLanguage\":\"pt-PT\",\"copyrightYear\":\"2023\",\"copyrightHolder\":{\"@id\":\"https:\\\/\\\/www.altominho.tv\\\/site\\\/#organization\"}},{\"@type\":\"WebPage\",\"@id\":\"https:\\\/\\\/www.altominho.tv\\\/site\\\/2023\\\/10\\\/03\\\/administracao-da-ulsam-reduzida-apos-renuncia-de-duas-diretoras\\\/\",\"url\":\"https:\\\/\\\/www.altominho.tv\\\/site\\\/2023\\\/10\\\/03\\\/administracao-da-ulsam-reduzida-apos-renuncia-de-duas-diretoras\\\/\",\"name\":\"Administra\u00e7\u00e3o da ULSAM reduzida ap\u00f3s ren\u00fancia de duas diretoras\",\"isPartOf\":{\"@id\":\"https:\\\/\\\/www.altominho.tv\\\/site\\\/#website\"},\"primaryImageOfPage\":{\"@id\":\"https:\\\/\\\/www.altominho.tv\\\/site\\\/2023\\\/10\\\/03\\\/administracao-da-ulsam-reduzida-apos-renuncia-de-duas-diretoras\\\/#primaryimage\"},\"image\":{\"@id\":\"https:\\\/\\\/www.altominho.tv\\\/site\\\/2023\\\/10\\\/03\\\/administracao-da-ulsam-reduzida-apos-renuncia-de-duas-diretoras\\\/#primaryimage\"},\"thumbnailUrl\":\"https:\\\/\\\/www.altominho.tv\\\/site\\\/wp-content\\\/uploads\\\/2023\\\/10\\\/Hospital-Viana.jpg\",\"datePublished\":\"2023-10-03T17:11:06+00:00\",\"dateModified\":\"2023-10-03T17:11:10+00:00\",\"author\":{\"@id\":\"https:\\\/\\\/www.altominho.tv\\\/site\\\/#\\\/schema\\\/person\\\/63f693da3e1899361cbe955c46f3232e\"},\"description\":\"O conselho de administra\u00e7\u00e3o da Unidade Local de Sa\u00fade do Alto Minho (ULSAM) vai ficar reduzido a dois elementos, ap\u00f3s a ren\u00fancia, com efeito a 01 de outubro, da diretora cl\u00ednica e, no final do m\u00eas, da enfermeira diretora, foi hoje divulgado.\",\"breadcrumb\":{\"@id\":\"https:\\\/\\\/www.altominho.tv\\\/site\\\/2023\\\/10\\\/03\\\/administracao-da-ulsam-reduzida-apos-renuncia-de-duas-diretoras\\\/#breadcrumb\"},\"inLanguage\":\"pt-PT\",\"potentialAction\":[{\"@type\":\"ReadAction\",\"target\":[\"https:\\\/\\\/www.altominho.tv\\\/site\\\/2023\\\/10\\\/03\\\/administracao-da-ulsam-reduzida-apos-renuncia-de-duas-diretoras\\\/\"]}]},{\"@type\":\"ImageObject\",\"inLanguage\":\"pt-PT\",\"@id\":\"https:\\\/\\\/www.altominho.tv\\\/site\\\/2023\\\/10\\\/03\\\/administracao-da-ulsam-reduzida-apos-renuncia-de-duas-diretoras\\\/#primaryimage\",\"url\":\"https:\\\/\\\/www.altominho.tv\\\/site\\\/wp-content\\\/uploads\\\/2023\\\/10\\\/Hospital-Viana.jpg\",\"contentUrl\":\"https:\\\/\\\/www.altominho.tv\\\/site\\\/wp-content\\\/uploads\\\/2023\\\/10\\\/Hospital-Viana.jpg\",\"width\":818,\"height\":455},{\"@type\":\"BreadcrumbList\",\"@id\":\"https:\\\/\\\/www.altominho.tv\\\/site\\\/2023\\\/10\\\/03\\\/administracao-da-ulsam-reduzida-apos-renuncia-de-duas-diretoras\\\/#breadcrumb\",\"itemListElement\":[{\"@type\":\"ListItem\",\"position\":1,\"name\":\"In\u00edcio\",\"item\":\"https:\\\/\\\/www.altominho.tv\\\/site\\\/\"},{\"@type\":\"ListItem\",\"position\":2,\"name\":\"Administra\u00e7\u00e3o da ULSAM reduzida ap\u00f3s ren\u00fancia de duas diretoras\"}]},{\"@type\":\"WebSite\",\"@id\":\"https:\\\/\\\/www.altominho.tv\\\/site\\\/#website\",\"url\":\"https:\\\/\\\/www.altominho.tv\\\/site\\\/\",\"name\":\"Altominho.tv\",\"description\":\"A sua regi\u00e3o \u00e0 dist\u00e2ncia de um clique...\",\"potentialAction\":[{\"@type\":\"SearchAction\",\"target\":{\"@type\":\"EntryPoint\",\"urlTemplate\":\"https:\\\/\\\/www.altominho.tv\\\/site\\\/?s={search_term_string}\"},\"query-input\":{\"@type\":\"PropertyValueSpecification\",\"valueRequired\":true,\"valueName\":\"search_term_string\"}}],\"inLanguage\":\"pt-PT\"},{\"@type\":\"Person\",\"@id\":\"https:\\\/\\\/www.altominho.tv\\\/site\\\/#\\\/schema\\\/person\\\/63f693da3e1899361cbe955c46f3232e\",\"name\":\"Lusa\",\"image\":{\"@type\":\"ImageObject\",\"inLanguage\":\"pt-PT\",\"@id\":\"https:\\\/\\\/www.altominho.tv\\\/site\\\/wp-content\\\/uploads\\\/2019\\\/08\\\/LUSA_Logo.gif\",\"url\":\"https:\\\/\\\/www.altominho.tv\\\/site\\\/wp-content\\\/uploads\\\/2019\\\/08\\\/LUSA_Logo.gif\",\"contentUrl\":\"https:\\\/\\\/www.altominho.tv\\\/site\\\/wp-content\\\/uploads\\\/2019\\\/08\\\/LUSA_Logo.gif\",\"caption\":\"Lusa\"},\"sameAs\":[\"http:\\\/\\\/\\\/\\\/www.altominho.tv\\\/site\"],\"url\":\"https:\\\/\\\/www.altominho.tv\\\/site\\\/author\\\/lusa\\\/\"}]}<\/script>\n<!-- \/ Yoast SEO Premium plugin. -->","yoast_head_json":{"title":"Administra\u00e7\u00e3o da ULSAM reduzida ap\u00f3s ren\u00fancia de duas diretoras","description":"O conselho de administra\u00e7\u00e3o da Unidade Local de Sa\u00fade do Alto Minho (ULSAM) vai ficar reduzido a dois elementos, ap\u00f3s a ren\u00fancia, com efeito a 01 de outubro, da diretora cl\u00ednica e, no final do m\u00eas, da enfermeira diretora, foi hoje divulgado.","robots":{"index":"index","follow":"follow","max-snippet":"max-snippet:-1","max-image-preview":"max-image-preview:large","max-video-preview":"max-video-preview:-1"},"canonical":"https:\/\/www.altominho.tv\/site\/2023\/10\/03\/administracao-da-ulsam-reduzida-apos-renuncia-de-duas-diretoras\/","og_locale":"pt_PT","og_type":"article","og_title":"Administra\u00e7\u00e3o da ULSAM reduzida ap\u00f3s ren\u00fancia de duas diretoras","og_description":"O conselho de administra\u00e7\u00e3o da Unidade Local de Sa\u00fade do Alto Minho (ULSAM) vai ficar reduzido a dois elementos, ap\u00f3s a ren\u00fancia, com efeito a 01 de outubro, da diretora cl\u00ednica e, no final do m\u00eas, da enfermeira diretora, foi hoje divulgado.","og_url":"https:\/\/www.altominho.tv\/site\/2023\/10\/03\/administracao-da-ulsam-reduzida-apos-renuncia-de-duas-diretoras\/","og_site_name":"Altominho.tv","article_publisher":"https:\/\/www.facebook.com\/altominhotv","article_published_time":"2023-10-03T17:11:06+00:00","article_modified_time":"2023-10-03T17:11:10+00:00","og_image":[{"width":818,"height":455,"url":"https:\/\/www.altominho.tv\/site\/wp-content\/uploads\/2023\/10\/Hospital-Viana.jpg","type":"image\/jpeg"}],"author":"Lusa","twitter_card":"summary_large_image","twitter_creator":"@altominhoTV","twitter_site":"@altominhoTV","twitter_misc":{"Escrito por":"Lusa","Tempo estimado de leitura":"2 minutos"},"schema":{"@context":"https:\/\/schema.org","@graph":[{"@type":"Article","@id":"https:\/\/www.altominho.tv\/site\/2023\/10\/03\/administracao-da-ulsam-reduzida-apos-renuncia-de-duas-diretoras\/#article","isPartOf":{"@id":"https:\/\/www.altominho.tv\/site\/2023\/10\/03\/administracao-da-ulsam-reduzida-apos-renuncia-de-duas-diretoras\/"},"author":{"name":"Lusa","@id":"https:\/\/www.altominho.tv\/site\/#\/schema\/person\/63f693da3e1899361cbe955c46f3232e"},"headline":"Administra\u00e7\u00e3o da ULSAM reduzida ap\u00f3s ren\u00fancia de duas diretoras","datePublished":"2023-10-03T17:11:06+00:00","dateModified":"2023-10-03T17:11:10+00:00","mainEntityOfPage":{"@id":"https:\/\/www.altominho.tv\/site\/2023\/10\/03\/administracao-da-ulsam-reduzida-apos-renuncia-de-duas-diretoras\/"},"wordCount":297,"image":{"@id":"https:\/\/www.altominho.tv\/site\/2023\/10\/03\/administracao-da-ulsam-reduzida-apos-renuncia-de-duas-diretoras\/#primaryimage"},"thumbnailUrl":"https:\/\/www.altominho.tv\/site\/wp-content\/uploads\/2023\/10\/Hospital-Viana.jpg","keywords":["Sa\u00fade","Sociedade"],"articleSection":["Alto Minho"],"inLanguage":"pt-PT","copyrightYear":"2023","copyrightHolder":{"@id":"https:\/\/www.altominho.tv\/site\/#organization"}},{"@type":"WebPage","@id":"https:\/\/www.altominho.tv\/site\/2023\/10\/03\/administracao-da-ulsam-reduzida-apos-renuncia-de-duas-diretoras\/","url":"https:\/\/www.altominho.tv\/site\/2023\/10\/03\/administracao-da-ulsam-reduzida-apos-renuncia-de-duas-diretoras\/","name":"Administra\u00e7\u00e3o da ULSAM reduzida ap\u00f3s ren\u00fancia de duas diretoras","isPartOf":{"@id":"https:\/\/www.altominho.tv\/site\/#website"},"primaryImageOfPage":{"@id":"https:\/\/www.altominho.tv\/site\/2023\/10\/03\/administracao-da-ulsam-reduzida-apos-renuncia-de-duas-diretoras\/#primaryimage"},"image":{"@id":"https:\/\/www.altominho.tv\/site\/2023\/10\/03\/administracao-da-ulsam-reduzida-apos-renuncia-de-duas-diretoras\/#primaryimage"},"thumbnailUrl":"https:\/\/www.altominho.tv\/site\/wp-content\/uploads\/2023\/10\/Hospital-Viana.jpg","datePublished":"2023-10-03T17:11:06+00:00","dateModified":"2023-10-03T17:11:10+00:00","author":{"@id":"https:\/\/www.altominho.tv\/site\/#\/schema\/person\/63f693da3e1899361cbe955c46f3232e"},"description":"O conselho de administra\u00e7\u00e3o da Unidade Local de Sa\u00fade do Alto Minho (ULSAM) vai ficar reduzido a dois elementos, ap\u00f3s a ren\u00fancia, com efeito a 01 de outubro, da diretora cl\u00ednica e, no final do m\u00eas, da enfermeira diretora, foi hoje divulgado.","breadcrumb":{"@id":"https:\/\/www.altominho.tv\/site\/2023\/10\/03\/administracao-da-ulsam-reduzida-apos-renuncia-de-duas-diretoras\/#breadcrumb"},"inLanguage":"pt-PT","potentialAction":[{"@type":"ReadAction","target":["https:\/\/www.altominho.tv\/site\/2023\/10\/03\/administracao-da-ulsam-reduzida-apos-renuncia-de-duas-diretoras\/"]}]},{"@type":"ImageObject","inLanguage":"pt-PT","@id":"https:\/\/www.altominho.tv\/site\/2023\/10\/03\/administracao-da-ulsam-reduzida-apos-renuncia-de-duas-diretoras\/#primaryimage","url":"https:\/\/www.altominho.tv\/site\/wp-content\/uploads\/2023\/10\/Hospital-Viana.jpg","contentUrl":"https:\/\/www.altominho.tv\/site\/wp-content\/uploads\/2023\/10\/Hospital-Viana.jpg","width":818,"height":455},{"@type":"BreadcrumbList","@id":"https:\/\/www.altominho.tv\/site\/2023\/10\/03\/administracao-da-ulsam-reduzida-apos-renuncia-de-duas-diretoras\/#breadcrumb","itemListElement":[{"@type":"ListItem","position":1,"name":"In\u00edcio","item":"https:\/\/www.altominho.tv\/site\/"},{"@type":"ListItem","position":2,"name":"Administra\u00e7\u00e3o da ULSAM reduzida ap\u00f3s ren\u00fancia de duas diretoras"}]},{"@type":"WebSite","@id":"https:\/\/www.altominho.tv\/site\/#website","url":"https:\/\/www.altominho.tv\/site\/","name":"Altominho.tv","description":"A sua regi\u00e3o \u00e0 dist\u00e2ncia de um clique...","potentialAction":[{"@type":"SearchAction","target":{"@type":"EntryPoint","urlTemplate":"https:\/\/www.altominho.tv\/site\/?s={search_term_string}"},"query-input":{"@type":"PropertyValueSpecification","valueRequired":true,"valueName":"search_term_string"}}],"inLanguage":"pt-PT"},{"@type":"Person","@id":"https:\/\/www.altominho.tv\/site\/#\/schema\/person\/63f693da3e1899361cbe955c46f3232e","name":"Lusa","image":{"@type":"ImageObject","inLanguage":"pt-PT","@id":"https:\/\/www.altominho.tv\/site\/wp-content\/uploads\/2019\/08\/LUSA_Logo.gif","url":"https:\/\/www.altominho.tv\/site\/wp-content\/uploads\/2019\/08\/LUSA_Logo.gif","contentUrl":"https:\/\/www.altominho.tv\/site\/wp-content\/uploads\/2019\/08\/LUSA_Logo.gif","caption":"Lusa"},"sameAs":["http:\/\/\/\/www.altominho.tv\/site"],"url":"https:\/\/www.altominho.tv\/site\/author\/lusa\/"}]}},"_links":{"self":[{"href":"https:\/\/www.altominho.tv\/site\/wp-json\/wp\/v2\/posts\/97206","targetHints":{"allow":["GET"]}}],"collection":[{"href":"https:\/\/www.altominho.tv\/site\/wp-json\/wp\/v2\/posts"}],"about":[{"href":"https:\/\/www.altominho.tv\/site\/wp-json\/wp\/v2\/types\/post"}],"author":[{"embeddable":true,"href":"https:\/\/www.altominho.tv\/site\/wp-json\/wp\/v2\/users\/13"}],"replies":[{"embeddable":true,"href":"https:\/\/www.altominho.tv\/site\/wp-json\/wp\/v2\/comments?post=97206"}],"version-history":[{"count":1,"href":"https:\/\/www.altominho.tv\/site\/wp-json\/wp\/v2\/posts\/97206\/revisions"}],"predecessor-version":[{"id":97208,"href":"https:\/\/www.altominho.tv\/site\/wp-json\/wp\/v2\/posts\/97206\/revisions\/97208"}],"wp:featuredmedia":[{"embeddable":true,"href":"https:\/\/www.altominho.tv\/site\/wp-json\/wp\/v2\/media\/97207"}],"wp:attachment":[{"href":"https:\/\/www.altominho.tv\/site\/wp-json\/wp\/v2\/media?parent=97206"}],"wp:term":[{"taxonomy":"category","embeddable":true,"href":"https:\/\/www.altominho.tv\/site\/wp-json\/wp\/v2\/categories?post=97206"},{"taxonomy":"post_tag","embeddable":true,"href":"https:\/\/www.altominho.tv\/site\/wp-json\/wp\/v2\/tags?post=97206"}],"curies":[{"name":"wp","href":"https:\/\/api.w.org\/{rel}","templated":true}]}}