{"id":97132,"date":"2023-10-01T14:18:00","date_gmt":"2023-10-01T13:18:00","guid":{"rendered":"https:\/\/www.altominho.tv\/site\/?p=97132"},"modified":"2023-10-01T15:06:26","modified_gmt":"2023-10-01T14:06:26","slug":"ordem-dos-medicos-pede-reuniao-urgente-ao-ministro-da-saude","status":"publish","type":"post","link":"https:\/\/www.altominho.tv\/site\/2023\/10\/01\/ordem-dos-medicos-pede-reuniao-urgente-ao-ministro-da-saude\/","title":{"rendered":"Ordem dos M\u00e9dicos pede reuni\u00e3o urgente ao ministro da Sa\u00fade"},"content":{"rendered":"<p>A Ordem dos M\u00e9dicos pediu hoje uma reuni\u00e3o urgente ao ministro da Sa\u00fade para encontrar solu\u00e7\u00f5es imediatas que coloquem fim ao que classifica de &#8220;grave situa\u00e7\u00e3o que o Servi\u00e7o Nacional de Sa\u00fade (SNS)&#8221; atravessa.<\/p>\n<p>Segundo a Ordem dos M\u00e9dicos, a situa\u00e7\u00e3o vivida em v\u00e1rios hospitais de norte a sul do pa\u00eds \u00e9 grave e j\u00e1 na pr\u00f3xima semana haver\u00e1 doentes sem acesso a cuidados de sa\u00fade, sem que o Minist\u00e9rio da Sa\u00fade ou a Dire\u00e7\u00e3o Executiva do SNS apresentem solu\u00e7\u00f5es concretas.<\/p>\n<p>Em declara\u00e7\u00f5es \u00e0 ag\u00eancia Lusa o baston\u00e1rio da Ordem dos M\u00e9dicos, Carlos Cortes, disse que esta \u00e9 uma crise no Servi\u00e7o Nacional de Sa\u00fade sem precedentes e que existe &#8220;uma grande falta de sensibilidade e de bom senso do Governo&#8221; relativa \u00e0 necessidade de valoriza\u00e7\u00e3o e a dignifica\u00e7\u00e3o dos m\u00e9dicos.<\/p>\n<p>\u201cN\u00e3o tenho d\u00favidas nenhumas de que o que est\u00e1 a acontecer no momento pode tornar-se catastr\u00f3fico nos pr\u00f3ximos meses se nada for feito. \u00c9 uma crise sem precedentes\u201d, disse.<\/p>\n<p>Carlos Cortes adiantou que as informa\u00e7\u00f5es que chegam \u00e0 Ordem dos M\u00e9dicos \u00e9 que s\u00e3o \u00e0 volta de 25 hospitais a n\u00e3o conseguir assegurar \u00e1reas t\u00e3o sens\u00edveis como medicina interna, cirurgia, pediatria, cardiologia, cuidados intensivos e ginecologia e obstetr\u00edcia.<\/p>\n<p>\u201cSabemos que a Guarda n\u00e3o vai conseguir assegurar a medicina interna, que Chaves est\u00e1 com enormes dificuldades na pediatria, em Barcelos tamb\u00e9m n\u00e3o vai ter cirurgia, que Viana do Castelo tamb\u00e9m corre o risco de ter ruturas em v\u00e1rias \u00e1reas absolutamente fundamentais para a resposta do SNS\u201d, referiu.<\/p>\n<p>Na opini\u00e3o do baston\u00e1rio, \u201ctem havido uma distra\u00e7\u00e3o muito perigosa do Governo em rela\u00e7\u00e3o aos recursos humanos na sa\u00fade, aos profissionais de sa\u00fade, neste caso em concreto aos m\u00e9dicos\u201d.<\/p>\n<p>\u201cN\u00e3o se consegue reformar o SNS, n\u00e3o se consegue melhorar o SNS, se n\u00e3o se der aten\u00e7\u00e3o a estas quest\u00f5es. Sem m\u00e9dicos n\u00e3o h\u00e1 Servi\u00e7o Nacional de Sa\u00fade, sem valorizar os m\u00e9dicos n\u00e3o se consegue valorizar o Servi\u00e7o Nacional de Sa\u00fade\u201d, frisou.<\/p>\n","protected":false},"excerpt":{"rendered":"<p>A Ordem dos M\u00e9dicos pediu hoje uma reuni\u00e3o urgente ao ministro da Sa\u00fade para encontrar solu\u00e7\u00f5es imediatas que coloquem fim ao que classifica de &#8220;grave situa\u00e7\u00e3o que o Servi\u00e7o Nacional de Sa\u00fade (SNS)&#8221; atravessa. Segundo a Ordem dos M\u00e9dicos, a situa\u00e7\u00e3o vivida em v\u00e1rios hospitais de norte a sul do pa\u00eds \u00e9 grave e j\u00e1 [&hellip;]<\/p>\n","protected":false},"author":13,"featured_media":97136,"comment_status":"closed","ping_status":"closed","sticky":false,"template":"","format":"standard","meta":{"_exactmetrics_skip_tracking":false,"_exactmetrics_sitenote_active":false,"_exactmetrics_sitenote_note":"","_exactmetrics_sitenote_category":0,"footnotes":""},"categories":[56325],"tags":[26,27],"class_list":["post-97132","post","type-post","status-publish","format-standard","has-post-thumbnail","hentry","category-pais","tag-saude","tag-sociedade"],"yoast_head":"<!-- This site is optimized with the Yoast SEO Premium plugin v27.5 (Yoast SEO v27.5) - https:\/\/yoast.com\/product\/yoast-seo-premium-wordpress\/ -->\n<title>Ordem dos M\u00e9dicos pede reuni\u00e3o urgente ao ministro da Sa\u00fade<\/title>\n<meta name=\"description\" content=\"A Ordem dos M\u00e9dicos pediu hoje uma reuni\u00e3o urgente ao ministro da Sa\u00fade para encontrar solu\u00e7\u00f5es imediatas que coloquem fim ao que classifica de &quot;grave situa\u00e7\u00e3o que o Servi\u00e7o Nacional de Sa\u00fade (SNS)&quot; atravessa.\" \/>\n<meta name=\"robots\" content=\"index, follow, max-snippet:-1, max-image-preview:large, max-video-preview:-1\" \/>\n<link rel=\"canonical\" href=\"https:\/\/www.altominho.tv\/site\/2023\/10\/01\/ordem-dos-medicos-pede-reuniao-urgente-ao-ministro-da-saude\/\" \/>\n<meta property=\"og:locale\" content=\"pt_PT\" \/>\n<meta property=\"og:type\" content=\"article\" \/>\n<meta property=\"og:title\" content=\"Ordem dos M\u00e9dicos pede reuni\u00e3o urgente ao ministro da Sa\u00fade\" \/>\n<meta property=\"og:description\" content=\"A Ordem dos M\u00e9dicos pediu hoje uma reuni\u00e3o urgente ao ministro da Sa\u00fade para encontrar solu\u00e7\u00f5es imediatas que coloquem fim ao que classifica de &quot;grave situa\u00e7\u00e3o que o Servi\u00e7o Nacional de Sa\u00fade (SNS)&quot; atravessa.\" \/>\n<meta property=\"og:url\" content=\"https:\/\/www.altominho.tv\/site\/2023\/10\/01\/ordem-dos-medicos-pede-reuniao-urgente-ao-ministro-da-saude\/\" \/>\n<meta property=\"og:site_name\" content=\"Altominho.tv\" \/>\n<meta property=\"article:publisher\" content=\"https:\/\/www.facebook.com\/altominhotv\" \/>\n<meta property=\"article:published_time\" content=\"2023-10-01T13:18:00+00:00\" \/>\n<meta property=\"article:modified_time\" content=\"2023-10-01T14:06:26+00:00\" \/>\n<meta property=\"og:image\" content=\"https:\/\/www.altominho.tv\/site\/wp-content\/uploads\/2023\/10\/medicos-.jpeg\" \/>\n\t<meta property=\"og:image:width\" content=\"711\" \/>\n\t<meta property=\"og:image:height\" content=\"400\" \/>\n\t<meta property=\"og:image:type\" content=\"image\/jpeg\" \/>\n<meta name=\"author\" content=\"Lusa\" \/>\n<meta name=\"twitter:card\" content=\"summary_large_image\" \/>\n<meta name=\"twitter:creator\" content=\"@altominhoTV\" \/>\n<meta name=\"twitter:site\" content=\"@altominhoTV\" \/>\n<meta name=\"twitter:label1\" content=\"Escrito por\" \/>\n\t<meta name=\"twitter:data1\" content=\"Lusa\" \/>\n\t<meta name=\"twitter:label2\" content=\"Tempo estimado de leitura\" \/>\n\t<meta name=\"twitter:data2\" content=\"2 minutos\" \/>\n<script type=\"application\/ld+json\" class=\"yoast-schema-graph\">{\"@context\":\"https:\\\/\\\/schema.org\",\"@graph\":[{\"@type\":\"Article\",\"@id\":\"https:\\\/\\\/www.altominho.tv\\\/site\\\/2023\\\/10\\\/01\\\/ordem-dos-medicos-pede-reuniao-urgente-ao-ministro-da-saude\\\/#article\",\"isPartOf\":{\"@id\":\"https:\\\/\\\/www.altominho.tv\\\/site\\\/2023\\\/10\\\/01\\\/ordem-dos-medicos-pede-reuniao-urgente-ao-ministro-da-saude\\\/\"},\"author\":{\"name\":\"Lusa\",\"@id\":\"https:\\\/\\\/www.altominho.tv\\\/site\\\/#\\\/schema\\\/person\\\/63f693da3e1899361cbe955c46f3232e\"},\"headline\":\"Ordem dos M\u00e9dicos pede reuni\u00e3o urgente ao ministro da Sa\u00fade\",\"datePublished\":\"2023-10-01T13:18:00+00:00\",\"dateModified\":\"2023-10-01T14:06:26+00:00\",\"mainEntityOfPage\":{\"@id\":\"https:\\\/\\\/www.altominho.tv\\\/site\\\/2023\\\/10\\\/01\\\/ordem-dos-medicos-pede-reuniao-urgente-ao-ministro-da-saude\\\/\"},\"wordCount\":384,\"image\":{\"@id\":\"https:\\\/\\\/www.altominho.tv\\\/site\\\/2023\\\/10\\\/01\\\/ordem-dos-medicos-pede-reuniao-urgente-ao-ministro-da-saude\\\/#primaryimage\"},\"thumbnailUrl\":\"https:\\\/\\\/www.altominho.tv\\\/site\\\/wp-content\\\/uploads\\\/2023\\\/10\\\/medicos-.jpeg\",\"keywords\":[\"Sa\u00fade\",\"Sociedade\"],\"articleSection\":[\"Pa\u00eds\"],\"inLanguage\":\"pt-PT\",\"copyrightYear\":\"2023\",\"copyrightHolder\":{\"@id\":\"https:\\\/\\\/www.altominho.tv\\\/site\\\/#organization\"}},{\"@type\":\"WebPage\",\"@id\":\"https:\\\/\\\/www.altominho.tv\\\/site\\\/2023\\\/10\\\/01\\\/ordem-dos-medicos-pede-reuniao-urgente-ao-ministro-da-saude\\\/\",\"url\":\"https:\\\/\\\/www.altominho.tv\\\/site\\\/2023\\\/10\\\/01\\\/ordem-dos-medicos-pede-reuniao-urgente-ao-ministro-da-saude\\\/\",\"name\":\"Ordem dos M\u00e9dicos pede reuni\u00e3o urgente ao ministro da Sa\u00fade\",\"isPartOf\":{\"@id\":\"https:\\\/\\\/www.altominho.tv\\\/site\\\/#website\"},\"primaryImageOfPage\":{\"@id\":\"https:\\\/\\\/www.altominho.tv\\\/site\\\/2023\\\/10\\\/01\\\/ordem-dos-medicos-pede-reuniao-urgente-ao-ministro-da-saude\\\/#primaryimage\"},\"image\":{\"@id\":\"https:\\\/\\\/www.altominho.tv\\\/site\\\/2023\\\/10\\\/01\\\/ordem-dos-medicos-pede-reuniao-urgente-ao-ministro-da-saude\\\/#primaryimage\"},\"thumbnailUrl\":\"https:\\\/\\\/www.altominho.tv\\\/site\\\/wp-content\\\/uploads\\\/2023\\\/10\\\/medicos-.jpeg\",\"datePublished\":\"2023-10-01T13:18:00+00:00\",\"dateModified\":\"2023-10-01T14:06:26+00:00\",\"author\":{\"@id\":\"https:\\\/\\\/www.altominho.tv\\\/site\\\/#\\\/schema\\\/person\\\/63f693da3e1899361cbe955c46f3232e\"},\"description\":\"A Ordem dos M\u00e9dicos pediu hoje uma reuni\u00e3o urgente ao ministro da Sa\u00fade para encontrar solu\u00e7\u00f5es imediatas que coloquem fim ao que classifica de \\\"grave situa\u00e7\u00e3o que o Servi\u00e7o Nacional de Sa\u00fade (SNS)\\\" atravessa.\",\"breadcrumb\":{\"@id\":\"https:\\\/\\\/www.altominho.tv\\\/site\\\/2023\\\/10\\\/01\\\/ordem-dos-medicos-pede-reuniao-urgente-ao-ministro-da-saude\\\/#breadcrumb\"},\"inLanguage\":\"pt-PT\",\"potentialAction\":[{\"@type\":\"ReadAction\",\"target\":[\"https:\\\/\\\/www.altominho.tv\\\/site\\\/2023\\\/10\\\/01\\\/ordem-dos-medicos-pede-reuniao-urgente-ao-ministro-da-saude\\\/\"]}]},{\"@type\":\"ImageObject\",\"inLanguage\":\"pt-PT\",\"@id\":\"https:\\\/\\\/www.altominho.tv\\\/site\\\/2023\\\/10\\\/01\\\/ordem-dos-medicos-pede-reuniao-urgente-ao-ministro-da-saude\\\/#primaryimage\",\"url\":\"https:\\\/\\\/www.altominho.tv\\\/site\\\/wp-content\\\/uploads\\\/2023\\\/10\\\/medicos-.jpeg\",\"contentUrl\":\"https:\\\/\\\/www.altominho.tv\\\/site\\\/wp-content\\\/uploads\\\/2023\\\/10\\\/medicos-.jpeg\",\"width\":711,\"height\":400},{\"@type\":\"BreadcrumbList\",\"@id\":\"https:\\\/\\\/www.altominho.tv\\\/site\\\/2023\\\/10\\\/01\\\/ordem-dos-medicos-pede-reuniao-urgente-ao-ministro-da-saude\\\/#breadcrumb\",\"itemListElement\":[{\"@type\":\"ListItem\",\"position\":1,\"name\":\"In\u00edcio\",\"item\":\"https:\\\/\\\/www.altominho.tv\\\/site\\\/\"},{\"@type\":\"ListItem\",\"position\":2,\"name\":\"Ordem dos M\u00e9dicos pede reuni\u00e3o urgente ao ministro da Sa\u00fade\"}]},{\"@type\":\"WebSite\",\"@id\":\"https:\\\/\\\/www.altominho.tv\\\/site\\\/#website\",\"url\":\"https:\\\/\\\/www.altominho.tv\\\/site\\\/\",\"name\":\"Altominho.tv\",\"description\":\"A sua regi\u00e3o \u00e0 dist\u00e2ncia de um clique...\",\"potentialAction\":[{\"@type\":\"SearchAction\",\"target\":{\"@type\":\"EntryPoint\",\"urlTemplate\":\"https:\\\/\\\/www.altominho.tv\\\/site\\\/?s={search_term_string}\"},\"query-input\":{\"@type\":\"PropertyValueSpecification\",\"valueRequired\":true,\"valueName\":\"search_term_string\"}}],\"inLanguage\":\"pt-PT\"},{\"@type\":\"Person\",\"@id\":\"https:\\\/\\\/www.altominho.tv\\\/site\\\/#\\\/schema\\\/person\\\/63f693da3e1899361cbe955c46f3232e\",\"name\":\"Lusa\",\"image\":{\"@type\":\"ImageObject\",\"inLanguage\":\"pt-PT\",\"@id\":\"https:\\\/\\\/www.altominho.tv\\\/site\\\/wp-content\\\/uploads\\\/2019\\\/08\\\/LUSA_Logo.gif\",\"url\":\"https:\\\/\\\/www.altominho.tv\\\/site\\\/wp-content\\\/uploads\\\/2019\\\/08\\\/LUSA_Logo.gif\",\"contentUrl\":\"https:\\\/\\\/www.altominho.tv\\\/site\\\/wp-content\\\/uploads\\\/2019\\\/08\\\/LUSA_Logo.gif\",\"caption\":\"Lusa\"},\"sameAs\":[\"http:\\\/\\\/\\\/\\\/www.altominho.tv\\\/site\"],\"url\":\"https:\\\/\\\/www.altominho.tv\\\/site\\\/author\\\/lusa\\\/\"}]}<\/script>\n<!-- \/ Yoast SEO Premium plugin. -->","yoast_head_json":{"title":"Ordem dos M\u00e9dicos pede reuni\u00e3o urgente ao ministro da Sa\u00fade","description":"A Ordem dos M\u00e9dicos pediu hoje uma reuni\u00e3o urgente ao ministro da Sa\u00fade para encontrar solu\u00e7\u00f5es imediatas que coloquem fim ao que classifica de \"grave situa\u00e7\u00e3o que o Servi\u00e7o Nacional de Sa\u00fade (SNS)\" atravessa.","robots":{"index":"index","follow":"follow","max-snippet":"max-snippet:-1","max-image-preview":"max-image-preview:large","max-video-preview":"max-video-preview:-1"},"canonical":"https:\/\/www.altominho.tv\/site\/2023\/10\/01\/ordem-dos-medicos-pede-reuniao-urgente-ao-ministro-da-saude\/","og_locale":"pt_PT","og_type":"article","og_title":"Ordem dos M\u00e9dicos pede reuni\u00e3o urgente ao ministro da Sa\u00fade","og_description":"A Ordem dos M\u00e9dicos pediu hoje uma reuni\u00e3o urgente ao ministro da Sa\u00fade para encontrar solu\u00e7\u00f5es imediatas que coloquem fim ao que classifica de \"grave situa\u00e7\u00e3o que o Servi\u00e7o Nacional de Sa\u00fade (SNS)\" atravessa.","og_url":"https:\/\/www.altominho.tv\/site\/2023\/10\/01\/ordem-dos-medicos-pede-reuniao-urgente-ao-ministro-da-saude\/","og_site_name":"Altominho.tv","article_publisher":"https:\/\/www.facebook.com\/altominhotv","article_published_time":"2023-10-01T13:18:00+00:00","article_modified_time":"2023-10-01T14:06:26+00:00","og_image":[{"width":711,"height":400,"url":"https:\/\/www.altominho.tv\/site\/wp-content\/uploads\/2023\/10\/medicos-.jpeg","type":"image\/jpeg"}],"author":"Lusa","twitter_card":"summary_large_image","twitter_creator":"@altominhoTV","twitter_site":"@altominhoTV","twitter_misc":{"Escrito por":"Lusa","Tempo estimado de leitura":"2 minutos"},"schema":{"@context":"https:\/\/schema.org","@graph":[{"@type":"Article","@id":"https:\/\/www.altominho.tv\/site\/2023\/10\/01\/ordem-dos-medicos-pede-reuniao-urgente-ao-ministro-da-saude\/#article","isPartOf":{"@id":"https:\/\/www.altominho.tv\/site\/2023\/10\/01\/ordem-dos-medicos-pede-reuniao-urgente-ao-ministro-da-saude\/"},"author":{"name":"Lusa","@id":"https:\/\/www.altominho.tv\/site\/#\/schema\/person\/63f693da3e1899361cbe955c46f3232e"},"headline":"Ordem dos M\u00e9dicos pede reuni\u00e3o urgente ao ministro da Sa\u00fade","datePublished":"2023-10-01T13:18:00+00:00","dateModified":"2023-10-01T14:06:26+00:00","mainEntityOfPage":{"@id":"https:\/\/www.altominho.tv\/site\/2023\/10\/01\/ordem-dos-medicos-pede-reuniao-urgente-ao-ministro-da-saude\/"},"wordCount":384,"image":{"@id":"https:\/\/www.altominho.tv\/site\/2023\/10\/01\/ordem-dos-medicos-pede-reuniao-urgente-ao-ministro-da-saude\/#primaryimage"},"thumbnailUrl":"https:\/\/www.altominho.tv\/site\/wp-content\/uploads\/2023\/10\/medicos-.jpeg","keywords":["Sa\u00fade","Sociedade"],"articleSection":["Pa\u00eds"],"inLanguage":"pt-PT","copyrightYear":"2023","copyrightHolder":{"@id":"https:\/\/www.altominho.tv\/site\/#organization"}},{"@type":"WebPage","@id":"https:\/\/www.altominho.tv\/site\/2023\/10\/01\/ordem-dos-medicos-pede-reuniao-urgente-ao-ministro-da-saude\/","url":"https:\/\/www.altominho.tv\/site\/2023\/10\/01\/ordem-dos-medicos-pede-reuniao-urgente-ao-ministro-da-saude\/","name":"Ordem dos M\u00e9dicos pede reuni\u00e3o urgente ao ministro da Sa\u00fade","isPartOf":{"@id":"https:\/\/www.altominho.tv\/site\/#website"},"primaryImageOfPage":{"@id":"https:\/\/www.altominho.tv\/site\/2023\/10\/01\/ordem-dos-medicos-pede-reuniao-urgente-ao-ministro-da-saude\/#primaryimage"},"image":{"@id":"https:\/\/www.altominho.tv\/site\/2023\/10\/01\/ordem-dos-medicos-pede-reuniao-urgente-ao-ministro-da-saude\/#primaryimage"},"thumbnailUrl":"https:\/\/www.altominho.tv\/site\/wp-content\/uploads\/2023\/10\/medicos-.jpeg","datePublished":"2023-10-01T13:18:00+00:00","dateModified":"2023-10-01T14:06:26+00:00","author":{"@id":"https:\/\/www.altominho.tv\/site\/#\/schema\/person\/63f693da3e1899361cbe955c46f3232e"},"description":"A Ordem dos M\u00e9dicos pediu hoje uma reuni\u00e3o urgente ao ministro da Sa\u00fade para encontrar solu\u00e7\u00f5es imediatas que coloquem fim ao que classifica de \"grave situa\u00e7\u00e3o que o Servi\u00e7o Nacional de Sa\u00fade (SNS)\" atravessa.","breadcrumb":{"@id":"https:\/\/www.altominho.tv\/site\/2023\/10\/01\/ordem-dos-medicos-pede-reuniao-urgente-ao-ministro-da-saude\/#breadcrumb"},"inLanguage":"pt-PT","potentialAction":[{"@type":"ReadAction","target":["https:\/\/www.altominho.tv\/site\/2023\/10\/01\/ordem-dos-medicos-pede-reuniao-urgente-ao-ministro-da-saude\/"]}]},{"@type":"ImageObject","inLanguage":"pt-PT","@id":"https:\/\/www.altominho.tv\/site\/2023\/10\/01\/ordem-dos-medicos-pede-reuniao-urgente-ao-ministro-da-saude\/#primaryimage","url":"https:\/\/www.altominho.tv\/site\/wp-content\/uploads\/2023\/10\/medicos-.jpeg","contentUrl":"https:\/\/www.altominho.tv\/site\/wp-content\/uploads\/2023\/10\/medicos-.jpeg","width":711,"height":400},{"@type":"BreadcrumbList","@id":"https:\/\/www.altominho.tv\/site\/2023\/10\/01\/ordem-dos-medicos-pede-reuniao-urgente-ao-ministro-da-saude\/#breadcrumb","itemListElement":[{"@type":"ListItem","position":1,"name":"In\u00edcio","item":"https:\/\/www.altominho.tv\/site\/"},{"@type":"ListItem","position":2,"name":"Ordem dos M\u00e9dicos pede reuni\u00e3o urgente ao ministro da Sa\u00fade"}]},{"@type":"WebSite","@id":"https:\/\/www.altominho.tv\/site\/#website","url":"https:\/\/www.altominho.tv\/site\/","name":"Altominho.tv","description":"A sua regi\u00e3o \u00e0 dist\u00e2ncia de um clique...","potentialAction":[{"@type":"SearchAction","target":{"@type":"EntryPoint","urlTemplate":"https:\/\/www.altominho.tv\/site\/?s={search_term_string}"},"query-input":{"@type":"PropertyValueSpecification","valueRequired":true,"valueName":"search_term_string"}}],"inLanguage":"pt-PT"},{"@type":"Person","@id":"https:\/\/www.altominho.tv\/site\/#\/schema\/person\/63f693da3e1899361cbe955c46f3232e","name":"Lusa","image":{"@type":"ImageObject","inLanguage":"pt-PT","@id":"https:\/\/www.altominho.tv\/site\/wp-content\/uploads\/2019\/08\/LUSA_Logo.gif","url":"https:\/\/www.altominho.tv\/site\/wp-content\/uploads\/2019\/08\/LUSA_Logo.gif","contentUrl":"https:\/\/www.altominho.tv\/site\/wp-content\/uploads\/2019\/08\/LUSA_Logo.gif","caption":"Lusa"},"sameAs":["http:\/\/\/\/www.altominho.tv\/site"],"url":"https:\/\/www.altominho.tv\/site\/author\/lusa\/"}]}},"_links":{"self":[{"href":"https:\/\/www.altominho.tv\/site\/wp-json\/wp\/v2\/posts\/97132","targetHints":{"allow":["GET"]}}],"collection":[{"href":"https:\/\/www.altominho.tv\/site\/wp-json\/wp\/v2\/posts"}],"about":[{"href":"https:\/\/www.altominho.tv\/site\/wp-json\/wp\/v2\/types\/post"}],"author":[{"embeddable":true,"href":"https:\/\/www.altominho.tv\/site\/wp-json\/wp\/v2\/users\/13"}],"replies":[{"embeddable":true,"href":"https:\/\/www.altominho.tv\/site\/wp-json\/wp\/v2\/comments?post=97132"}],"version-history":[{"count":1,"href":"https:\/\/www.altominho.tv\/site\/wp-json\/wp\/v2\/posts\/97132\/revisions"}],"predecessor-version":[{"id":97134,"href":"https:\/\/www.altominho.tv\/site\/wp-json\/wp\/v2\/posts\/97132\/revisions\/97134"}],"wp:featuredmedia":[{"embeddable":true,"href":"https:\/\/www.altominho.tv\/site\/wp-json\/wp\/v2\/media\/97136"}],"wp:attachment":[{"href":"https:\/\/www.altominho.tv\/site\/wp-json\/wp\/v2\/media?parent=97132"}],"wp:term":[{"taxonomy":"category","embeddable":true,"href":"https:\/\/www.altominho.tv\/site\/wp-json\/wp\/v2\/categories?post=97132"},{"taxonomy":"post_tag","embeddable":true,"href":"https:\/\/www.altominho.tv\/site\/wp-json\/wp\/v2\/tags?post=97132"}],"curies":[{"name":"wp","href":"https:\/\/api.w.org\/{rel}","templated":true}]}}