{"id":97103,"date":"2023-09-30T09:00:21","date_gmt":"2023-09-30T08:00:21","guid":{"rendered":"https:\/\/www.altominho.tv\/site\/?p=97103"},"modified":"2023-09-30T09:00:25","modified_gmt":"2023-09-30T08:00:25","slug":"alto-minho-pede-reuniao-ao-governo-por-exclusao-de-a28-na-reducao-de-portagens","status":"publish","type":"post","link":"https:\/\/www.altominho.tv\/site\/2023\/09\/30\/alto-minho-pede-reuniao-ao-governo-por-exclusao-de-a28-na-reducao-de-portagens\/","title":{"rendered":"Alto Minho pede reuni\u00e3o ao Governo por exclus\u00e3o de A28 na redu\u00e7\u00e3o de portagens"},"content":{"rendered":"<p>A Comunidade Intermunicipal (CIM) do Alto Minho pediu uma reuni\u00e3o \u201curgente\u201d \u00e0 ministra da Coes\u00e3o Territorial face \u00e0 exclus\u00e3o da A28 da redu\u00e7\u00e3o de 30% nas portagens de v\u00e1rias ex-SCUT (Sem Custos para o Utilizador).<\/p>\n<p>\u201cReunido, em reuni\u00e3o extraordin\u00e1ria, o Conselho Intermunicipal da CIM do Alto Minho decidiu solicitar uma reuni\u00e3o, com car\u00e1ter de urg\u00eancia, \u00e0 ministra da Coes\u00e3o Territorial, face \u00e0 exclus\u00e3o da A28 da redu\u00e7\u00e3o de 30% nas portagens de v\u00e1rias ex-SCUT (Sem Custos para o Utilizador)\u201d, refere um comunicado enviado \u00e0s reda\u00e7\u00f5es.<\/p>\n<p>A CIM Alto Minho espera \u201cter o acolhimento por parte da ministra da Coes\u00e3o Territorial de reavalia\u00e7\u00e3o da situa\u00e7\u00e3o, com a aplica\u00e7\u00e3o do regime de redu\u00e7\u00f5es das portagens na A28\u201d.<\/p>\n<p>A CIM do Alto Minho argumenta que a \u201cA28 \u00e9 a autoestrada que liga o Alto Minho ao Porto, servindo um territ\u00f3rio de baixa densidade com caracter\u00edsticas de interioridade, e com car\u00e1cter transfronteiri\u00e7o que tamb\u00e9m faz a liga\u00e7\u00e3o \u00e0 vizinha Galiza\u201d.<\/p>\n<p>O Conselho Intermunicipal da CIM do Alto Minho, que integra os 10 munic\u00edpios do distrito de Viana do Castelo, \u201cn\u00e3o compreende as raz\u00f5es desta via estruturante para o territ\u00f3rio n\u00e3o ter tido o mesmo tratamento que outras infraestruturas rodovi\u00e1rias do pa\u00eds, pelo que pretende abordar a possibilidade de reverter a decis\u00e3o tomada pelo Governo, impedindo, assim, nova discrimina\u00e7\u00e3o negativa das popula\u00e7\u00f5es e empresas da regi\u00e3o\u201d.<\/p>\n<p>\u201cEm 2011, o Alto Minho foi duramente penalizado com a introdu\u00e7\u00e3o de portagens, situa\u00e7\u00e3o gravosa para as rela\u00e7\u00f5es econ\u00f3micas, comerciais e tur\u00edsticas do Alto Minho com a Galiza, que reduziu significativamente a atividade econ\u00f3mica nos sectores do com\u00e9rcio, restaura\u00e7\u00e3o e hotelaria\u201d, sustenta.<\/p>\n<p>O Governo anunciou, na quinta-feira,\u00a0 dia 28 de setembro, que os ve\u00edculos de classe 1 v\u00e3o beneficiar de uma redu\u00e7\u00e3o de 30% nas portagens em algumas ex-SCUT (Portagens Sem Custos para o Utilizador), entre as quais a A22, A23 e A24, a partir de janeiro.<\/p>\n<p>\u201cVamos ter uma redu\u00e7\u00e3o de 30% face aos pre\u00e7os atuais em vias como a A22 (Via do Infante\/Algarve), a A23 (Beira Interior), a A24 (Interior Norte), a A25 (Beiras Litoral e Alta), a A4 (T\u00fanel do Mar\u00e3o), a A13 e A13-1 (Pinhal Interior)\u201d, disse a ministra da Coes\u00e3o Territorial, Ana Abrunhosa.<\/p>\n<p>A governante destacou ainda que o Governo decidiu integrar nestes descontos a A4, a A13 e a A13-1, que nunca foram SCUT, para as colocar \u201cem p\u00e9 de igualdade com as outras vias\u201d porque, \u201cquando foi aprovado o desconto de 50%, essas vias ainda n\u00e3o existiam, portanto n\u00e3o tinham at\u00e9 agora o mesmo tratamento que as outras\u201d.<\/p>\n<p>Considerando os valores base de 2011, quando as ex-SCUT come\u00e7aram a ser portajadas, a ministra indicou que estes descontos representam uma redu\u00e7\u00e3o de 50% para 65%.<\/p>\n<p>A decis\u00e3o foi tomada em reuni\u00e3o do Conselho de Ministros e pretende repor \u201cjusti\u00e7a territorial\u201d no interior, explicou a governante, em confer\u00eancia de imprensa.<br \/>\nSegundo a ministra, os descontos v\u00e3o entrar em vigor em janeiro de 2024.<\/p>\n","protected":false},"excerpt":{"rendered":"<p>A Comunidade Intermunicipal (CIM) do Alto Minho pediu uma reuni\u00e3o \u201curgente\u201d \u00e0 ministra da Coes\u00e3o Territorial face \u00e0 exclus\u00e3o da A28 da redu\u00e7\u00e3o de 30% nas portagens de v\u00e1rias ex-SCUT (Sem Custos para o Utilizador). \u201cReunido, em reuni\u00e3o extraordin\u00e1ria, o Conselho Intermunicipal da CIM do Alto Minho decidiu solicitar uma reuni\u00e3o, com car\u00e1ter de urg\u00eancia, [&hellip;]<\/p>\n","protected":false},"author":13,"featured_media":97104,"comment_status":"closed","ping_status":"closed","sticky":false,"template":"","format":"standard","meta":{"_exactmetrics_skip_tracking":false,"_exactmetrics_sitenote_active":false,"_exactmetrics_sitenote_note":"","_exactmetrics_sitenote_category":0,"footnotes":""},"categories":[73],"tags":[27],"class_list":["post-97103","post","type-post","status-publish","format-standard","has-post-thumbnail","hentry","category-alto-minho","tag-sociedade"],"yoast_head":"<!-- This site is optimized with the Yoast SEO Premium plugin v27.5 (Yoast SEO v27.5) - https:\/\/yoast.com\/product\/yoast-seo-premium-wordpress\/ -->\n<title>Alto Minho pede reuni\u00e3o ao Governo por exclus\u00e3o de A28 na redu\u00e7\u00e3o de portagens<\/title>\n<meta name=\"description\" content=\"A Comunidade Intermunicipal (CIM) do Alto Minho pediu uma reuni\u00e3o \u201curgente\u201d \u00e0 ministra da Coes\u00e3o Territorial face \u00e0 exclus\u00e3o da A28 da redu\u00e7\u00e3o de 30% nas portagens de v\u00e1rias ex-SCUT (Sem Custos para o Utilizador).\" \/>\n<meta name=\"robots\" content=\"index, follow, max-snippet:-1, max-image-preview:large, max-video-preview:-1\" \/>\n<link rel=\"canonical\" href=\"https:\/\/www.altominho.tv\/site\/2023\/09\/30\/alto-minho-pede-reuniao-ao-governo-por-exclusao-de-a28-na-reducao-de-portagens\/\" \/>\n<meta property=\"og:locale\" content=\"pt_PT\" \/>\n<meta property=\"og:type\" content=\"article\" \/>\n<meta property=\"og:title\" content=\"Alto Minho pede reuni\u00e3o ao Governo por exclus\u00e3o de A28 na redu\u00e7\u00e3o de portagens\" \/>\n<meta property=\"og:description\" content=\"A Comunidade Intermunicipal (CIM) do Alto Minho pediu uma reuni\u00e3o \u201curgente\u201d \u00e0 ministra da Coes\u00e3o Territorial face \u00e0 exclus\u00e3o da A28 da redu\u00e7\u00e3o de 30% nas portagens de v\u00e1rias ex-SCUT (Sem Custos para o Utilizador).\" \/>\n<meta property=\"og:url\" content=\"https:\/\/www.altominho.tv\/site\/2023\/09\/30\/alto-minho-pede-reuniao-ao-governo-por-exclusao-de-a28-na-reducao-de-portagens\/\" \/>\n<meta property=\"og:site_name\" content=\"Altominho.tv\" \/>\n<meta property=\"article:publisher\" content=\"https:\/\/www.facebook.com\/altominhotv\" \/>\n<meta property=\"article:published_time\" content=\"2023-09-30T08:00:21+00:00\" \/>\n<meta property=\"article:modified_time\" content=\"2023-09-30T08:00:25+00:00\" \/>\n<meta property=\"og:image\" content=\"https:\/\/www.altominho.tv\/site\/wp-content\/uploads\/2023\/09\/cim-alto-minho-1.jpg\" \/>\n\t<meta property=\"og:image:width\" content=\"1896\" \/>\n\t<meta property=\"og:image:height\" content=\"1028\" \/>\n\t<meta property=\"og:image:type\" content=\"image\/jpeg\" \/>\n<meta name=\"author\" content=\"Lusa\" \/>\n<meta name=\"twitter:card\" content=\"summary_large_image\" \/>\n<meta name=\"twitter:creator\" content=\"@altominhoTV\" \/>\n<meta name=\"twitter:site\" content=\"@altominhoTV\" \/>\n<meta name=\"twitter:label1\" content=\"Escrito por\" \/>\n\t<meta name=\"twitter:data1\" content=\"Lusa\" \/>\n\t<meta name=\"twitter:label2\" content=\"Tempo estimado de leitura\" \/>\n\t<meta name=\"twitter:data2\" content=\"3 minutos\" \/>\n<script type=\"application\/ld+json\" class=\"yoast-schema-graph\">{\"@context\":\"https:\\\/\\\/schema.org\",\"@graph\":[{\"@type\":\"Article\",\"@id\":\"https:\\\/\\\/www.altominho.tv\\\/site\\\/2023\\\/09\\\/30\\\/alto-minho-pede-reuniao-ao-governo-por-exclusao-de-a28-na-reducao-de-portagens\\\/#article\",\"isPartOf\":{\"@id\":\"https:\\\/\\\/www.altominho.tv\\\/site\\\/2023\\\/09\\\/30\\\/alto-minho-pede-reuniao-ao-governo-por-exclusao-de-a28-na-reducao-de-portagens\\\/\"},\"author\":{\"name\":\"Lusa\",\"@id\":\"https:\\\/\\\/www.altominho.tv\\\/site\\\/#\\\/schema\\\/person\\\/63f693da3e1899361cbe955c46f3232e\"},\"headline\":\"Alto Minho pede reuni\u00e3o ao Governo por exclus\u00e3o de A28 na redu\u00e7\u00e3o de portagens\",\"datePublished\":\"2023-09-30T08:00:21+00:00\",\"dateModified\":\"2023-09-30T08:00:25+00:00\",\"mainEntityOfPage\":{\"@id\":\"https:\\\/\\\/www.altominho.tv\\\/site\\\/2023\\\/09\\\/30\\\/alto-minho-pede-reuniao-ao-governo-por-exclusao-de-a28-na-reducao-de-portagens\\\/\"},\"wordCount\":542,\"image\":{\"@id\":\"https:\\\/\\\/www.altominho.tv\\\/site\\\/2023\\\/09\\\/30\\\/alto-minho-pede-reuniao-ao-governo-por-exclusao-de-a28-na-reducao-de-portagens\\\/#primaryimage\"},\"thumbnailUrl\":\"https:\\\/\\\/www.altominho.tv\\\/site\\\/wp-content\\\/uploads\\\/2023\\\/09\\\/cim-alto-minho-1.jpg\",\"keywords\":[\"Sociedade\"],\"articleSection\":[\"Alto Minho\"],\"inLanguage\":\"pt-PT\",\"copyrightYear\":\"2023\",\"copyrightHolder\":{\"@id\":\"https:\\\/\\\/www.altominho.tv\\\/site\\\/#organization\"}},{\"@type\":\"WebPage\",\"@id\":\"https:\\\/\\\/www.altominho.tv\\\/site\\\/2023\\\/09\\\/30\\\/alto-minho-pede-reuniao-ao-governo-por-exclusao-de-a28-na-reducao-de-portagens\\\/\",\"url\":\"https:\\\/\\\/www.altominho.tv\\\/site\\\/2023\\\/09\\\/30\\\/alto-minho-pede-reuniao-ao-governo-por-exclusao-de-a28-na-reducao-de-portagens\\\/\",\"name\":\"Alto Minho pede reuni\u00e3o ao Governo por exclus\u00e3o de A28 na redu\u00e7\u00e3o de portagens\",\"isPartOf\":{\"@id\":\"https:\\\/\\\/www.altominho.tv\\\/site\\\/#website\"},\"primaryImageOfPage\":{\"@id\":\"https:\\\/\\\/www.altominho.tv\\\/site\\\/2023\\\/09\\\/30\\\/alto-minho-pede-reuniao-ao-governo-por-exclusao-de-a28-na-reducao-de-portagens\\\/#primaryimage\"},\"image\":{\"@id\":\"https:\\\/\\\/www.altominho.tv\\\/site\\\/2023\\\/09\\\/30\\\/alto-minho-pede-reuniao-ao-governo-por-exclusao-de-a28-na-reducao-de-portagens\\\/#primaryimage\"},\"thumbnailUrl\":\"https:\\\/\\\/www.altominho.tv\\\/site\\\/wp-content\\\/uploads\\\/2023\\\/09\\\/cim-alto-minho-1.jpg\",\"datePublished\":\"2023-09-30T08:00:21+00:00\",\"dateModified\":\"2023-09-30T08:00:25+00:00\",\"author\":{\"@id\":\"https:\\\/\\\/www.altominho.tv\\\/site\\\/#\\\/schema\\\/person\\\/63f693da3e1899361cbe955c46f3232e\"},\"description\":\"A Comunidade Intermunicipal (CIM) do Alto Minho pediu uma reuni\u00e3o \u201curgente\u201d \u00e0 ministra da Coes\u00e3o Territorial face \u00e0 exclus\u00e3o da A28 da redu\u00e7\u00e3o de 30% nas portagens de v\u00e1rias ex-SCUT (Sem Custos para o Utilizador).\",\"breadcrumb\":{\"@id\":\"https:\\\/\\\/www.altominho.tv\\\/site\\\/2023\\\/09\\\/30\\\/alto-minho-pede-reuniao-ao-governo-por-exclusao-de-a28-na-reducao-de-portagens\\\/#breadcrumb\"},\"inLanguage\":\"pt-PT\",\"potentialAction\":[{\"@type\":\"ReadAction\",\"target\":[\"https:\\\/\\\/www.altominho.tv\\\/site\\\/2023\\\/09\\\/30\\\/alto-minho-pede-reuniao-ao-governo-por-exclusao-de-a28-na-reducao-de-portagens\\\/\"]}]},{\"@type\":\"ImageObject\",\"inLanguage\":\"pt-PT\",\"@id\":\"https:\\\/\\\/www.altominho.tv\\\/site\\\/2023\\\/09\\\/30\\\/alto-minho-pede-reuniao-ao-governo-por-exclusao-de-a28-na-reducao-de-portagens\\\/#primaryimage\",\"url\":\"https:\\\/\\\/www.altominho.tv\\\/site\\\/wp-content\\\/uploads\\\/2023\\\/09\\\/cim-alto-minho-1.jpg\",\"contentUrl\":\"https:\\\/\\\/www.altominho.tv\\\/site\\\/wp-content\\\/uploads\\\/2023\\\/09\\\/cim-alto-minho-1.jpg\",\"width\":1896,\"height\":1028},{\"@type\":\"BreadcrumbList\",\"@id\":\"https:\\\/\\\/www.altominho.tv\\\/site\\\/2023\\\/09\\\/30\\\/alto-minho-pede-reuniao-ao-governo-por-exclusao-de-a28-na-reducao-de-portagens\\\/#breadcrumb\",\"itemListElement\":[{\"@type\":\"ListItem\",\"position\":1,\"name\":\"In\u00edcio\",\"item\":\"https:\\\/\\\/www.altominho.tv\\\/site\\\/\"},{\"@type\":\"ListItem\",\"position\":2,\"name\":\"Alto Minho pede reuni\u00e3o ao Governo por exclus\u00e3o de A28 na redu\u00e7\u00e3o de portagens\"}]},{\"@type\":\"WebSite\",\"@id\":\"https:\\\/\\\/www.altominho.tv\\\/site\\\/#website\",\"url\":\"https:\\\/\\\/www.altominho.tv\\\/site\\\/\",\"name\":\"Altominho.tv\",\"description\":\"A sua regi\u00e3o \u00e0 dist\u00e2ncia de um clique...\",\"potentialAction\":[{\"@type\":\"SearchAction\",\"target\":{\"@type\":\"EntryPoint\",\"urlTemplate\":\"https:\\\/\\\/www.altominho.tv\\\/site\\\/?s={search_term_string}\"},\"query-input\":{\"@type\":\"PropertyValueSpecification\",\"valueRequired\":true,\"valueName\":\"search_term_string\"}}],\"inLanguage\":\"pt-PT\"},{\"@type\":\"Person\",\"@id\":\"https:\\\/\\\/www.altominho.tv\\\/site\\\/#\\\/schema\\\/person\\\/63f693da3e1899361cbe955c46f3232e\",\"name\":\"Lusa\",\"image\":{\"@type\":\"ImageObject\",\"inLanguage\":\"pt-PT\",\"@id\":\"https:\\\/\\\/www.altominho.tv\\\/site\\\/wp-content\\\/uploads\\\/2019\\\/08\\\/LUSA_Logo.gif\",\"url\":\"https:\\\/\\\/www.altominho.tv\\\/site\\\/wp-content\\\/uploads\\\/2019\\\/08\\\/LUSA_Logo.gif\",\"contentUrl\":\"https:\\\/\\\/www.altominho.tv\\\/site\\\/wp-content\\\/uploads\\\/2019\\\/08\\\/LUSA_Logo.gif\",\"caption\":\"Lusa\"},\"sameAs\":[\"http:\\\/\\\/\\\/\\\/www.altominho.tv\\\/site\"],\"url\":\"https:\\\/\\\/www.altominho.tv\\\/site\\\/author\\\/lusa\\\/\"}]}<\/script>\n<!-- \/ Yoast SEO Premium plugin. -->","yoast_head_json":{"title":"Alto Minho pede reuni\u00e3o ao Governo por exclus\u00e3o de A28 na redu\u00e7\u00e3o de portagens","description":"A Comunidade Intermunicipal (CIM) do Alto Minho pediu uma reuni\u00e3o \u201curgente\u201d \u00e0 ministra da Coes\u00e3o Territorial face \u00e0 exclus\u00e3o da A28 da redu\u00e7\u00e3o de 30% nas portagens de v\u00e1rias ex-SCUT (Sem Custos para o Utilizador).","robots":{"index":"index","follow":"follow","max-snippet":"max-snippet:-1","max-image-preview":"max-image-preview:large","max-video-preview":"max-video-preview:-1"},"canonical":"https:\/\/www.altominho.tv\/site\/2023\/09\/30\/alto-minho-pede-reuniao-ao-governo-por-exclusao-de-a28-na-reducao-de-portagens\/","og_locale":"pt_PT","og_type":"article","og_title":"Alto Minho pede reuni\u00e3o ao Governo por exclus\u00e3o de A28 na redu\u00e7\u00e3o de portagens","og_description":"A Comunidade Intermunicipal (CIM) do Alto Minho pediu uma reuni\u00e3o \u201curgente\u201d \u00e0 ministra da Coes\u00e3o Territorial face \u00e0 exclus\u00e3o da A28 da redu\u00e7\u00e3o de 30% nas portagens de v\u00e1rias ex-SCUT (Sem Custos para o Utilizador).","og_url":"https:\/\/www.altominho.tv\/site\/2023\/09\/30\/alto-minho-pede-reuniao-ao-governo-por-exclusao-de-a28-na-reducao-de-portagens\/","og_site_name":"Altominho.tv","article_publisher":"https:\/\/www.facebook.com\/altominhotv","article_published_time":"2023-09-30T08:00:21+00:00","article_modified_time":"2023-09-30T08:00:25+00:00","og_image":[{"width":1896,"height":1028,"url":"https:\/\/www.altominho.tv\/site\/wp-content\/uploads\/2023\/09\/cim-alto-minho-1.jpg","type":"image\/jpeg"}],"author":"Lusa","twitter_card":"summary_large_image","twitter_creator":"@altominhoTV","twitter_site":"@altominhoTV","twitter_misc":{"Escrito por":"Lusa","Tempo estimado de leitura":"3 minutos"},"schema":{"@context":"https:\/\/schema.org","@graph":[{"@type":"Article","@id":"https:\/\/www.altominho.tv\/site\/2023\/09\/30\/alto-minho-pede-reuniao-ao-governo-por-exclusao-de-a28-na-reducao-de-portagens\/#article","isPartOf":{"@id":"https:\/\/www.altominho.tv\/site\/2023\/09\/30\/alto-minho-pede-reuniao-ao-governo-por-exclusao-de-a28-na-reducao-de-portagens\/"},"author":{"name":"Lusa","@id":"https:\/\/www.altominho.tv\/site\/#\/schema\/person\/63f693da3e1899361cbe955c46f3232e"},"headline":"Alto Minho pede reuni\u00e3o ao Governo por exclus\u00e3o de A28 na redu\u00e7\u00e3o de portagens","datePublished":"2023-09-30T08:00:21+00:00","dateModified":"2023-09-30T08:00:25+00:00","mainEntityOfPage":{"@id":"https:\/\/www.altominho.tv\/site\/2023\/09\/30\/alto-minho-pede-reuniao-ao-governo-por-exclusao-de-a28-na-reducao-de-portagens\/"},"wordCount":542,"image":{"@id":"https:\/\/www.altominho.tv\/site\/2023\/09\/30\/alto-minho-pede-reuniao-ao-governo-por-exclusao-de-a28-na-reducao-de-portagens\/#primaryimage"},"thumbnailUrl":"https:\/\/www.altominho.tv\/site\/wp-content\/uploads\/2023\/09\/cim-alto-minho-1.jpg","keywords":["Sociedade"],"articleSection":["Alto Minho"],"inLanguage":"pt-PT","copyrightYear":"2023","copyrightHolder":{"@id":"https:\/\/www.altominho.tv\/site\/#organization"}},{"@type":"WebPage","@id":"https:\/\/www.altominho.tv\/site\/2023\/09\/30\/alto-minho-pede-reuniao-ao-governo-por-exclusao-de-a28-na-reducao-de-portagens\/","url":"https:\/\/www.altominho.tv\/site\/2023\/09\/30\/alto-minho-pede-reuniao-ao-governo-por-exclusao-de-a28-na-reducao-de-portagens\/","name":"Alto Minho pede reuni\u00e3o ao Governo por exclus\u00e3o de A28 na redu\u00e7\u00e3o de portagens","isPartOf":{"@id":"https:\/\/www.altominho.tv\/site\/#website"},"primaryImageOfPage":{"@id":"https:\/\/www.altominho.tv\/site\/2023\/09\/30\/alto-minho-pede-reuniao-ao-governo-por-exclusao-de-a28-na-reducao-de-portagens\/#primaryimage"},"image":{"@id":"https:\/\/www.altominho.tv\/site\/2023\/09\/30\/alto-minho-pede-reuniao-ao-governo-por-exclusao-de-a28-na-reducao-de-portagens\/#primaryimage"},"thumbnailUrl":"https:\/\/www.altominho.tv\/site\/wp-content\/uploads\/2023\/09\/cim-alto-minho-1.jpg","datePublished":"2023-09-30T08:00:21+00:00","dateModified":"2023-09-30T08:00:25+00:00","author":{"@id":"https:\/\/www.altominho.tv\/site\/#\/schema\/person\/63f693da3e1899361cbe955c46f3232e"},"description":"A Comunidade Intermunicipal (CIM) do Alto Minho pediu uma reuni\u00e3o \u201curgente\u201d \u00e0 ministra da Coes\u00e3o Territorial face \u00e0 exclus\u00e3o da A28 da redu\u00e7\u00e3o de 30% nas portagens de v\u00e1rias ex-SCUT (Sem Custos para o Utilizador).","breadcrumb":{"@id":"https:\/\/www.altominho.tv\/site\/2023\/09\/30\/alto-minho-pede-reuniao-ao-governo-por-exclusao-de-a28-na-reducao-de-portagens\/#breadcrumb"},"inLanguage":"pt-PT","potentialAction":[{"@type":"ReadAction","target":["https:\/\/www.altominho.tv\/site\/2023\/09\/30\/alto-minho-pede-reuniao-ao-governo-por-exclusao-de-a28-na-reducao-de-portagens\/"]}]},{"@type":"ImageObject","inLanguage":"pt-PT","@id":"https:\/\/www.altominho.tv\/site\/2023\/09\/30\/alto-minho-pede-reuniao-ao-governo-por-exclusao-de-a28-na-reducao-de-portagens\/#primaryimage","url":"https:\/\/www.altominho.tv\/site\/wp-content\/uploads\/2023\/09\/cim-alto-minho-1.jpg","contentUrl":"https:\/\/www.altominho.tv\/site\/wp-content\/uploads\/2023\/09\/cim-alto-minho-1.jpg","width":1896,"height":1028},{"@type":"BreadcrumbList","@id":"https:\/\/www.altominho.tv\/site\/2023\/09\/30\/alto-minho-pede-reuniao-ao-governo-por-exclusao-de-a28-na-reducao-de-portagens\/#breadcrumb","itemListElement":[{"@type":"ListItem","position":1,"name":"In\u00edcio","item":"https:\/\/www.altominho.tv\/site\/"},{"@type":"ListItem","position":2,"name":"Alto Minho pede reuni\u00e3o ao Governo por exclus\u00e3o de A28 na redu\u00e7\u00e3o de portagens"}]},{"@type":"WebSite","@id":"https:\/\/www.altominho.tv\/site\/#website","url":"https:\/\/www.altominho.tv\/site\/","name":"Altominho.tv","description":"A sua regi\u00e3o \u00e0 dist\u00e2ncia de um clique...","potentialAction":[{"@type":"SearchAction","target":{"@type":"EntryPoint","urlTemplate":"https:\/\/www.altominho.tv\/site\/?s={search_term_string}"},"query-input":{"@type":"PropertyValueSpecification","valueRequired":true,"valueName":"search_term_string"}}],"inLanguage":"pt-PT"},{"@type":"Person","@id":"https:\/\/www.altominho.tv\/site\/#\/schema\/person\/63f693da3e1899361cbe955c46f3232e","name":"Lusa","image":{"@type":"ImageObject","inLanguage":"pt-PT","@id":"https:\/\/www.altominho.tv\/site\/wp-content\/uploads\/2019\/08\/LUSA_Logo.gif","url":"https:\/\/www.altominho.tv\/site\/wp-content\/uploads\/2019\/08\/LUSA_Logo.gif","contentUrl":"https:\/\/www.altominho.tv\/site\/wp-content\/uploads\/2019\/08\/LUSA_Logo.gif","caption":"Lusa"},"sameAs":["http:\/\/\/\/www.altominho.tv\/site"],"url":"https:\/\/www.altominho.tv\/site\/author\/lusa\/"}]}},"_links":{"self":[{"href":"https:\/\/www.altominho.tv\/site\/wp-json\/wp\/v2\/posts\/97103","targetHints":{"allow":["GET"]}}],"collection":[{"href":"https:\/\/www.altominho.tv\/site\/wp-json\/wp\/v2\/posts"}],"about":[{"href":"https:\/\/www.altominho.tv\/site\/wp-json\/wp\/v2\/types\/post"}],"author":[{"embeddable":true,"href":"https:\/\/www.altominho.tv\/site\/wp-json\/wp\/v2\/users\/13"}],"replies":[{"embeddable":true,"href":"https:\/\/www.altominho.tv\/site\/wp-json\/wp\/v2\/comments?post=97103"}],"version-history":[{"count":1,"href":"https:\/\/www.altominho.tv\/site\/wp-json\/wp\/v2\/posts\/97103\/revisions"}],"predecessor-version":[{"id":97105,"href":"https:\/\/www.altominho.tv\/site\/wp-json\/wp\/v2\/posts\/97103\/revisions\/97105"}],"wp:featuredmedia":[{"embeddable":true,"href":"https:\/\/www.altominho.tv\/site\/wp-json\/wp\/v2\/media\/97104"}],"wp:attachment":[{"href":"https:\/\/www.altominho.tv\/site\/wp-json\/wp\/v2\/media?parent=97103"}],"wp:term":[{"taxonomy":"category","embeddable":true,"href":"https:\/\/www.altominho.tv\/site\/wp-json\/wp\/v2\/categories?post=97103"},{"taxonomy":"post_tag","embeddable":true,"href":"https:\/\/www.altominho.tv\/site\/wp-json\/wp\/v2\/tags?post=97103"}],"curies":[{"name":"wp","href":"https:\/\/api.w.org\/{rel}","templated":true}]}}