{"id":97093,"date":"2023-09-29T13:42:08","date_gmt":"2023-09-29T12:42:08","guid":{"rendered":"https:\/\/www.altominho.tv\/site\/?p=97093"},"modified":"2023-09-29T13:42:12","modified_gmt":"2023-09-29T12:42:12","slug":"ministro-da-saude-admite-risco-de-fecho-de-algumas-urgencias","status":"publish","type":"post","link":"https:\/\/www.altominho.tv\/site\/2023\/09\/29\/ministro-da-saude-admite-risco-de-fecho-de-algumas-urgencias\/","title":{"rendered":"Ministro da Sa\u00fade admite risco de fecho de algumas urg\u00eancias\u00a0"},"content":{"rendered":"<p>O ministro da Sa\u00fade admitiu hoje que existe o risco de algumas urg\u00eancias fecharem devido \u00e0 recusa dos m\u00e9dicos fazerem horas extras al\u00e9m das obrigat\u00f3rias, mas assegurou estar a trabalhar para garantir o normal funcionamento destes servi\u00e7os.<\/p>\n<p>A Federa\u00e7\u00e3o Nacional dos M\u00e9dicos (Fnam) avisou hoje que se acumulam \u201cepis\u00f3dios dram\u00e1ticos, com mais de duas dezenas de hospitais em risco de ficarem sem servi\u00e7os de urg\u00eancia\u201d, sendo j\u00e1 mais de 1500 m\u00e9dicos que, em todo o pa\u00eds, entregaram as declara\u00e7\u00f5es manifestando indisponibilidade para fazer mais do que o limite legal de 150 horas suplementares por ano.<\/p>\n<p>\u201cO SNS n\u00e3o pode estar dependente das oito milh\u00f5es de horas extraordin\u00e1rias que os m\u00e9dicos realizam por ano\u201d, afirmou, salientando que \u201ca situa\u00e7\u00e3o \u00e9 mais desesperante\u201d em Viana do Castelo, Vila Real, Penafiel, Bragan\u00e7a, Guarda, Viseu, Aveiro, Leiria, Santar\u00e9m, Lisboa e Almada, refere a Fnam em comunicado.<\/p>\n<p>Questionado \u00e0 margem do Global Health F\u00f3rum, que decorre hoje e s\u00e1bado no Centro de Congressos do Estoril, se esta situa\u00e7\u00e3o pode fechar servi\u00e7os de urg\u00eancia, o ministro da Sa\u00fade, Manuel Pizarro, afirmou que n\u00e3o pode dizer que \u201cesse risco n\u00e3o existe\u201d, mas est\u00e3o \u201ca trabalhar em cada um desses locais em di\u00e1logo com os profissionais, procurando assegurar que as equipas continuam a funcionar, n\u00e3o ignorando as dificuldades\u201d.<\/p>\n<p>\u201cDesde sempre, o funcionamento dos servi\u00e7os esteve dependente, como est\u00e1 hoje da disponibilidade dos m\u00e9dicos para realizarem o trabalho extraordin\u00e1rio, esse risco evidentemente eu n\u00e3o posso dizer que n\u00e3o existe\u201d, disse Manuel Pizarro.<\/p>\n<p>Contudo, reafirmou: \u201cEstamos a trabalhar para garantir que os servi\u00e7os funcionem da forma poss\u00edvel, em cada local, com as adapta\u00e7\u00f5es e as conting\u00eancias que venham a ter que ser necess\u00e1rias em fun\u00e7\u00e3o das daquilo que aconteceu\u201d.<\/p>\n<p>Questionado sobre a hip\u00f3tese defendida pelo presidente da Associa\u00e7\u00e3o Portuguesa de Administradores Hospitalares, Xavier Barreto, da cria\u00e7\u00e3o de equipas dedicadas \u00e0s urg\u00eancias, com v\u00e1rias especialidades, em que a pessoa presta servi\u00e7o de urg\u00eancia em hor\u00e1rio normal, com um regime de incentivos pr\u00f3prios, o ministro disse que \u00e9 uma das medidas que est\u00e3o a preparar com a cria\u00e7\u00e3o dos Centros de Responsabilidade Integrados (CRI) nos hospitais.<\/p>\n<p>O ministro adiantou que j\u00e1 existem 45 CRI em v\u00e1rias especialidades e o que se pretende \u00e9 promover, sobretudo nas urg\u00eancias de grande volume de procura, a cria\u00e7\u00e3o de equipas dedicadas \u00e0 urg\u00eancia com esse modelo de organiza\u00e7\u00e3o, em que as pessoas realizam atividade sobretudo ou apenas no servi\u00e7o de urg\u00eancia, tendo uma componente remunerat\u00f3ria aumentada que compense a penosidade desse tipo de trabalho.<\/p>\n<p>\u201cEstamos a trabalhar para que isso seja poss\u00edvel, mas naturalmente isso n\u00e3o se faz de um dia para o outro. Isso n\u00e3o vai resolver os nossos problemas em outubro e em novembro, n\u00f3s precisamos, entretanto, de assegurar que as equipas continuam a trabalhar ainda com as adapta\u00e7\u00f5es que seja necess\u00e1rio introduzir\u201d, salientou.<\/p>\n<p>A Fnam alertou tamb\u00e9m que &#8220;decis\u00f5es irregulares de alguns Conselhos de Administra\u00e7\u00e3o poder\u00e3o afetar toda a restante atividade programada&#8221; dos hospitais, nomeadamente consultas, exames, cirurgia e internamento, exigindo &#8220;um ministro da Sa\u00fade que perceba de Sa\u00fade e que n\u00e3o desvalorize o risco de termos um SNS que n\u00e3o sobrevive sem um acordo que defenda a carreira m\u00e9dica&#8221;.<\/p>\n","protected":false},"excerpt":{"rendered":"<p>O ministro da Sa\u00fade admitiu hoje que existe o risco de algumas urg\u00eancias fecharem devido \u00e0 recusa dos m\u00e9dicos fazerem horas extras al\u00e9m das obrigat\u00f3rias, mas assegurou estar a trabalhar para garantir o normal funcionamento destes servi\u00e7os. A Federa\u00e7\u00e3o Nacional dos M\u00e9dicos (Fnam) avisou hoje que se acumulam \u201cepis\u00f3dios dram\u00e1ticos, com mais de duas dezenas [&hellip;]<\/p>\n","protected":false},"author":13,"featured_media":96535,"comment_status":"closed","ping_status":"closed","sticky":false,"template":"","format":"standard","meta":{"_exactmetrics_skip_tracking":false,"_exactmetrics_sitenote_active":false,"_exactmetrics_sitenote_note":"","_exactmetrics_sitenote_category":0,"footnotes":""},"categories":[56325],"tags":[26,27],"class_list":["post-97093","post","type-post","status-publish","format-standard","has-post-thumbnail","hentry","category-pais","tag-saude","tag-sociedade"],"yoast_head":"<!-- This site is optimized with the Yoast SEO Premium plugin v27.5 (Yoast SEO v27.5) - https:\/\/yoast.com\/product\/yoast-seo-premium-wordpress\/ -->\n<title>Ministro da Sa\u00fade admite risco de fecho de algumas urg\u00eancias\u00a0<\/title>\n<meta name=\"description\" content=\"O ministro da Sa\u00fade admitiu hoje que existe o risco de algumas urg\u00eancias fecharem devido \u00e0 recusa dos m\u00e9dicos fazerem horas extras al\u00e9m das obrigat\u00f3rias, mas assegurou estar a trabalhar para garantir o normal funcionamento destes servi\u00e7os.\" \/>\n<meta name=\"robots\" content=\"index, follow, max-snippet:-1, max-image-preview:large, max-video-preview:-1\" \/>\n<link rel=\"canonical\" href=\"https:\/\/www.altominho.tv\/site\/2023\/09\/29\/ministro-da-saude-admite-risco-de-fecho-de-algumas-urgencias\/\" \/>\n<meta property=\"og:locale\" content=\"pt_PT\" \/>\n<meta property=\"og:type\" content=\"article\" \/>\n<meta property=\"og:title\" content=\"Ministro da Sa\u00fade admite risco de fecho de algumas urg\u00eancias\u00a0\" \/>\n<meta property=\"og:description\" content=\"O ministro da Sa\u00fade admitiu hoje que existe o risco de algumas urg\u00eancias fecharem devido \u00e0 recusa dos m\u00e9dicos fazerem horas extras al\u00e9m das obrigat\u00f3rias, mas assegurou estar a trabalhar para garantir o normal funcionamento destes servi\u00e7os.\" \/>\n<meta property=\"og:url\" content=\"https:\/\/www.altominho.tv\/site\/2023\/09\/29\/ministro-da-saude-admite-risco-de-fecho-de-algumas-urgencias\/\" \/>\n<meta property=\"og:site_name\" content=\"Altominho.tv\" \/>\n<meta property=\"article:publisher\" content=\"https:\/\/www.facebook.com\/altominhotv\" \/>\n<meta property=\"article:published_time\" content=\"2023-09-29T12:42:08+00:00\" \/>\n<meta property=\"article:modified_time\" content=\"2023-09-29T12:42:12+00:00\" \/>\n<meta property=\"og:image\" content=\"https:\/\/www.altominho.tv\/site\/wp-content\/uploads\/2023\/09\/medicos.jpg\" \/>\n\t<meta property=\"og:image:width\" content=\"760\" \/>\n\t<meta property=\"og:image:height\" content=\"506\" \/>\n\t<meta property=\"og:image:type\" content=\"image\/jpeg\" \/>\n<meta name=\"author\" content=\"Lusa\" \/>\n<meta name=\"twitter:card\" content=\"summary_large_image\" \/>\n<meta name=\"twitter:creator\" content=\"@altominhoTV\" \/>\n<meta name=\"twitter:site\" content=\"@altominhoTV\" \/>\n<meta name=\"twitter:label1\" content=\"Escrito por\" \/>\n\t<meta name=\"twitter:data1\" content=\"Lusa\" \/>\n\t<meta name=\"twitter:label2\" content=\"Tempo estimado de leitura\" \/>\n\t<meta name=\"twitter:data2\" content=\"3 minutos\" \/>\n<script type=\"application\/ld+json\" class=\"yoast-schema-graph\">{\"@context\":\"https:\\\/\\\/schema.org\",\"@graph\":[{\"@type\":\"Article\",\"@id\":\"https:\\\/\\\/www.altominho.tv\\\/site\\\/2023\\\/09\\\/29\\\/ministro-da-saude-admite-risco-de-fecho-de-algumas-urgencias\\\/#article\",\"isPartOf\":{\"@id\":\"https:\\\/\\\/www.altominho.tv\\\/site\\\/2023\\\/09\\\/29\\\/ministro-da-saude-admite-risco-de-fecho-de-algumas-urgencias\\\/\"},\"author\":{\"name\":\"Lusa\",\"@id\":\"https:\\\/\\\/www.altominho.tv\\\/site\\\/#\\\/schema\\\/person\\\/63f693da3e1899361cbe955c46f3232e\"},\"headline\":\"Ministro da Sa\u00fade admite risco de fecho de algumas urg\u00eancias\u00a0\",\"datePublished\":\"2023-09-29T12:42:08+00:00\",\"dateModified\":\"2023-09-29T12:42:12+00:00\",\"mainEntityOfPage\":{\"@id\":\"https:\\\/\\\/www.altominho.tv\\\/site\\\/2023\\\/09\\\/29\\\/ministro-da-saude-admite-risco-de-fecho-de-algumas-urgencias\\\/\"},\"wordCount\":598,\"image\":{\"@id\":\"https:\\\/\\\/www.altominho.tv\\\/site\\\/2023\\\/09\\\/29\\\/ministro-da-saude-admite-risco-de-fecho-de-algumas-urgencias\\\/#primaryimage\"},\"thumbnailUrl\":\"https:\\\/\\\/www.altominho.tv\\\/site\\\/wp-content\\\/uploads\\\/2023\\\/09\\\/medicos.jpg\",\"keywords\":[\"Sa\u00fade\",\"Sociedade\"],\"articleSection\":[\"Pa\u00eds\"],\"inLanguage\":\"pt-PT\",\"copyrightYear\":\"2023\",\"copyrightHolder\":{\"@id\":\"https:\\\/\\\/www.altominho.tv\\\/site\\\/#organization\"}},{\"@type\":\"WebPage\",\"@id\":\"https:\\\/\\\/www.altominho.tv\\\/site\\\/2023\\\/09\\\/29\\\/ministro-da-saude-admite-risco-de-fecho-de-algumas-urgencias\\\/\",\"url\":\"https:\\\/\\\/www.altominho.tv\\\/site\\\/2023\\\/09\\\/29\\\/ministro-da-saude-admite-risco-de-fecho-de-algumas-urgencias\\\/\",\"name\":\"Ministro da Sa\u00fade admite risco de fecho de algumas urg\u00eancias\u00a0\",\"isPartOf\":{\"@id\":\"https:\\\/\\\/www.altominho.tv\\\/site\\\/#website\"},\"primaryImageOfPage\":{\"@id\":\"https:\\\/\\\/www.altominho.tv\\\/site\\\/2023\\\/09\\\/29\\\/ministro-da-saude-admite-risco-de-fecho-de-algumas-urgencias\\\/#primaryimage\"},\"image\":{\"@id\":\"https:\\\/\\\/www.altominho.tv\\\/site\\\/2023\\\/09\\\/29\\\/ministro-da-saude-admite-risco-de-fecho-de-algumas-urgencias\\\/#primaryimage\"},\"thumbnailUrl\":\"https:\\\/\\\/www.altominho.tv\\\/site\\\/wp-content\\\/uploads\\\/2023\\\/09\\\/medicos.jpg\",\"datePublished\":\"2023-09-29T12:42:08+00:00\",\"dateModified\":\"2023-09-29T12:42:12+00:00\",\"author\":{\"@id\":\"https:\\\/\\\/www.altominho.tv\\\/site\\\/#\\\/schema\\\/person\\\/63f693da3e1899361cbe955c46f3232e\"},\"description\":\"O ministro da Sa\u00fade admitiu hoje que existe o risco de algumas urg\u00eancias fecharem devido \u00e0 recusa dos m\u00e9dicos fazerem horas extras al\u00e9m das obrigat\u00f3rias, mas assegurou estar a trabalhar para garantir o normal funcionamento destes servi\u00e7os.\",\"breadcrumb\":{\"@id\":\"https:\\\/\\\/www.altominho.tv\\\/site\\\/2023\\\/09\\\/29\\\/ministro-da-saude-admite-risco-de-fecho-de-algumas-urgencias\\\/#breadcrumb\"},\"inLanguage\":\"pt-PT\",\"potentialAction\":[{\"@type\":\"ReadAction\",\"target\":[\"https:\\\/\\\/www.altominho.tv\\\/site\\\/2023\\\/09\\\/29\\\/ministro-da-saude-admite-risco-de-fecho-de-algumas-urgencias\\\/\"]}]},{\"@type\":\"ImageObject\",\"inLanguage\":\"pt-PT\",\"@id\":\"https:\\\/\\\/www.altominho.tv\\\/site\\\/2023\\\/09\\\/29\\\/ministro-da-saude-admite-risco-de-fecho-de-algumas-urgencias\\\/#primaryimage\",\"url\":\"https:\\\/\\\/www.altominho.tv\\\/site\\\/wp-content\\\/uploads\\\/2023\\\/09\\\/medicos.jpg\",\"contentUrl\":\"https:\\\/\\\/www.altominho.tv\\\/site\\\/wp-content\\\/uploads\\\/2023\\\/09\\\/medicos.jpg\",\"width\":760,\"height\":506},{\"@type\":\"BreadcrumbList\",\"@id\":\"https:\\\/\\\/www.altominho.tv\\\/site\\\/2023\\\/09\\\/29\\\/ministro-da-saude-admite-risco-de-fecho-de-algumas-urgencias\\\/#breadcrumb\",\"itemListElement\":[{\"@type\":\"ListItem\",\"position\":1,\"name\":\"In\u00edcio\",\"item\":\"https:\\\/\\\/www.altominho.tv\\\/site\\\/\"},{\"@type\":\"ListItem\",\"position\":2,\"name\":\"Ministro da Sa\u00fade admite risco de fecho de algumas urg\u00eancias\u00a0\"}]},{\"@type\":\"WebSite\",\"@id\":\"https:\\\/\\\/www.altominho.tv\\\/site\\\/#website\",\"url\":\"https:\\\/\\\/www.altominho.tv\\\/site\\\/\",\"name\":\"Altominho.tv\",\"description\":\"A sua regi\u00e3o \u00e0 dist\u00e2ncia de um clique...\",\"potentialAction\":[{\"@type\":\"SearchAction\",\"target\":{\"@type\":\"EntryPoint\",\"urlTemplate\":\"https:\\\/\\\/www.altominho.tv\\\/site\\\/?s={search_term_string}\"},\"query-input\":{\"@type\":\"PropertyValueSpecification\",\"valueRequired\":true,\"valueName\":\"search_term_string\"}}],\"inLanguage\":\"pt-PT\"},{\"@type\":\"Person\",\"@id\":\"https:\\\/\\\/www.altominho.tv\\\/site\\\/#\\\/schema\\\/person\\\/63f693da3e1899361cbe955c46f3232e\",\"name\":\"Lusa\",\"image\":{\"@type\":\"ImageObject\",\"inLanguage\":\"pt-PT\",\"@id\":\"https:\\\/\\\/www.altominho.tv\\\/site\\\/wp-content\\\/uploads\\\/2019\\\/08\\\/LUSA_Logo.gif\",\"url\":\"https:\\\/\\\/www.altominho.tv\\\/site\\\/wp-content\\\/uploads\\\/2019\\\/08\\\/LUSA_Logo.gif\",\"contentUrl\":\"https:\\\/\\\/www.altominho.tv\\\/site\\\/wp-content\\\/uploads\\\/2019\\\/08\\\/LUSA_Logo.gif\",\"caption\":\"Lusa\"},\"sameAs\":[\"http:\\\/\\\/\\\/\\\/www.altominho.tv\\\/site\"],\"url\":\"https:\\\/\\\/www.altominho.tv\\\/site\\\/author\\\/lusa\\\/\"}]}<\/script>\n<!-- \/ Yoast SEO Premium plugin. -->","yoast_head_json":{"title":"Ministro da Sa\u00fade admite risco de fecho de algumas urg\u00eancias\u00a0","description":"O ministro da Sa\u00fade admitiu hoje que existe o risco de algumas urg\u00eancias fecharem devido \u00e0 recusa dos m\u00e9dicos fazerem horas extras al\u00e9m das obrigat\u00f3rias, mas assegurou estar a trabalhar para garantir o normal funcionamento destes servi\u00e7os.","robots":{"index":"index","follow":"follow","max-snippet":"max-snippet:-1","max-image-preview":"max-image-preview:large","max-video-preview":"max-video-preview:-1"},"canonical":"https:\/\/www.altominho.tv\/site\/2023\/09\/29\/ministro-da-saude-admite-risco-de-fecho-de-algumas-urgencias\/","og_locale":"pt_PT","og_type":"article","og_title":"Ministro da Sa\u00fade admite risco de fecho de algumas urg\u00eancias\u00a0","og_description":"O ministro da Sa\u00fade admitiu hoje que existe o risco de algumas urg\u00eancias fecharem devido \u00e0 recusa dos m\u00e9dicos fazerem horas extras al\u00e9m das obrigat\u00f3rias, mas assegurou estar a trabalhar para garantir o normal funcionamento destes servi\u00e7os.","og_url":"https:\/\/www.altominho.tv\/site\/2023\/09\/29\/ministro-da-saude-admite-risco-de-fecho-de-algumas-urgencias\/","og_site_name":"Altominho.tv","article_publisher":"https:\/\/www.facebook.com\/altominhotv","article_published_time":"2023-09-29T12:42:08+00:00","article_modified_time":"2023-09-29T12:42:12+00:00","og_image":[{"width":760,"height":506,"url":"https:\/\/www.altominho.tv\/site\/wp-content\/uploads\/2023\/09\/medicos.jpg","type":"image\/jpeg"}],"author":"Lusa","twitter_card":"summary_large_image","twitter_creator":"@altominhoTV","twitter_site":"@altominhoTV","twitter_misc":{"Escrito por":"Lusa","Tempo estimado de leitura":"3 minutos"},"schema":{"@context":"https:\/\/schema.org","@graph":[{"@type":"Article","@id":"https:\/\/www.altominho.tv\/site\/2023\/09\/29\/ministro-da-saude-admite-risco-de-fecho-de-algumas-urgencias\/#article","isPartOf":{"@id":"https:\/\/www.altominho.tv\/site\/2023\/09\/29\/ministro-da-saude-admite-risco-de-fecho-de-algumas-urgencias\/"},"author":{"name":"Lusa","@id":"https:\/\/www.altominho.tv\/site\/#\/schema\/person\/63f693da3e1899361cbe955c46f3232e"},"headline":"Ministro da Sa\u00fade admite risco de fecho de algumas urg\u00eancias\u00a0","datePublished":"2023-09-29T12:42:08+00:00","dateModified":"2023-09-29T12:42:12+00:00","mainEntityOfPage":{"@id":"https:\/\/www.altominho.tv\/site\/2023\/09\/29\/ministro-da-saude-admite-risco-de-fecho-de-algumas-urgencias\/"},"wordCount":598,"image":{"@id":"https:\/\/www.altominho.tv\/site\/2023\/09\/29\/ministro-da-saude-admite-risco-de-fecho-de-algumas-urgencias\/#primaryimage"},"thumbnailUrl":"https:\/\/www.altominho.tv\/site\/wp-content\/uploads\/2023\/09\/medicos.jpg","keywords":["Sa\u00fade","Sociedade"],"articleSection":["Pa\u00eds"],"inLanguage":"pt-PT","copyrightYear":"2023","copyrightHolder":{"@id":"https:\/\/www.altominho.tv\/site\/#organization"}},{"@type":"WebPage","@id":"https:\/\/www.altominho.tv\/site\/2023\/09\/29\/ministro-da-saude-admite-risco-de-fecho-de-algumas-urgencias\/","url":"https:\/\/www.altominho.tv\/site\/2023\/09\/29\/ministro-da-saude-admite-risco-de-fecho-de-algumas-urgencias\/","name":"Ministro da Sa\u00fade admite risco de fecho de algumas urg\u00eancias\u00a0","isPartOf":{"@id":"https:\/\/www.altominho.tv\/site\/#website"},"primaryImageOfPage":{"@id":"https:\/\/www.altominho.tv\/site\/2023\/09\/29\/ministro-da-saude-admite-risco-de-fecho-de-algumas-urgencias\/#primaryimage"},"image":{"@id":"https:\/\/www.altominho.tv\/site\/2023\/09\/29\/ministro-da-saude-admite-risco-de-fecho-de-algumas-urgencias\/#primaryimage"},"thumbnailUrl":"https:\/\/www.altominho.tv\/site\/wp-content\/uploads\/2023\/09\/medicos.jpg","datePublished":"2023-09-29T12:42:08+00:00","dateModified":"2023-09-29T12:42:12+00:00","author":{"@id":"https:\/\/www.altominho.tv\/site\/#\/schema\/person\/63f693da3e1899361cbe955c46f3232e"},"description":"O ministro da Sa\u00fade admitiu hoje que existe o risco de algumas urg\u00eancias fecharem devido \u00e0 recusa dos m\u00e9dicos fazerem horas extras al\u00e9m das obrigat\u00f3rias, mas assegurou estar a trabalhar para garantir o normal funcionamento destes servi\u00e7os.","breadcrumb":{"@id":"https:\/\/www.altominho.tv\/site\/2023\/09\/29\/ministro-da-saude-admite-risco-de-fecho-de-algumas-urgencias\/#breadcrumb"},"inLanguage":"pt-PT","potentialAction":[{"@type":"ReadAction","target":["https:\/\/www.altominho.tv\/site\/2023\/09\/29\/ministro-da-saude-admite-risco-de-fecho-de-algumas-urgencias\/"]}]},{"@type":"ImageObject","inLanguage":"pt-PT","@id":"https:\/\/www.altominho.tv\/site\/2023\/09\/29\/ministro-da-saude-admite-risco-de-fecho-de-algumas-urgencias\/#primaryimage","url":"https:\/\/www.altominho.tv\/site\/wp-content\/uploads\/2023\/09\/medicos.jpg","contentUrl":"https:\/\/www.altominho.tv\/site\/wp-content\/uploads\/2023\/09\/medicos.jpg","width":760,"height":506},{"@type":"BreadcrumbList","@id":"https:\/\/www.altominho.tv\/site\/2023\/09\/29\/ministro-da-saude-admite-risco-de-fecho-de-algumas-urgencias\/#breadcrumb","itemListElement":[{"@type":"ListItem","position":1,"name":"In\u00edcio","item":"https:\/\/www.altominho.tv\/site\/"},{"@type":"ListItem","position":2,"name":"Ministro da Sa\u00fade admite risco de fecho de algumas urg\u00eancias\u00a0"}]},{"@type":"WebSite","@id":"https:\/\/www.altominho.tv\/site\/#website","url":"https:\/\/www.altominho.tv\/site\/","name":"Altominho.tv","description":"A sua regi\u00e3o \u00e0 dist\u00e2ncia de um clique...","potentialAction":[{"@type":"SearchAction","target":{"@type":"EntryPoint","urlTemplate":"https:\/\/www.altominho.tv\/site\/?s={search_term_string}"},"query-input":{"@type":"PropertyValueSpecification","valueRequired":true,"valueName":"search_term_string"}}],"inLanguage":"pt-PT"},{"@type":"Person","@id":"https:\/\/www.altominho.tv\/site\/#\/schema\/person\/63f693da3e1899361cbe955c46f3232e","name":"Lusa","image":{"@type":"ImageObject","inLanguage":"pt-PT","@id":"https:\/\/www.altominho.tv\/site\/wp-content\/uploads\/2019\/08\/LUSA_Logo.gif","url":"https:\/\/www.altominho.tv\/site\/wp-content\/uploads\/2019\/08\/LUSA_Logo.gif","contentUrl":"https:\/\/www.altominho.tv\/site\/wp-content\/uploads\/2019\/08\/LUSA_Logo.gif","caption":"Lusa"},"sameAs":["http:\/\/\/\/www.altominho.tv\/site"],"url":"https:\/\/www.altominho.tv\/site\/author\/lusa\/"}]}},"_links":{"self":[{"href":"https:\/\/www.altominho.tv\/site\/wp-json\/wp\/v2\/posts\/97093","targetHints":{"allow":["GET"]}}],"collection":[{"href":"https:\/\/www.altominho.tv\/site\/wp-json\/wp\/v2\/posts"}],"about":[{"href":"https:\/\/www.altominho.tv\/site\/wp-json\/wp\/v2\/types\/post"}],"author":[{"embeddable":true,"href":"https:\/\/www.altominho.tv\/site\/wp-json\/wp\/v2\/users\/13"}],"replies":[{"embeddable":true,"href":"https:\/\/www.altominho.tv\/site\/wp-json\/wp\/v2\/comments?post=97093"}],"version-history":[{"count":1,"href":"https:\/\/www.altominho.tv\/site\/wp-json\/wp\/v2\/posts\/97093\/revisions"}],"predecessor-version":[{"id":97094,"href":"https:\/\/www.altominho.tv\/site\/wp-json\/wp\/v2\/posts\/97093\/revisions\/97094"}],"wp:featuredmedia":[{"embeddable":true,"href":"https:\/\/www.altominho.tv\/site\/wp-json\/wp\/v2\/media\/96535"}],"wp:attachment":[{"href":"https:\/\/www.altominho.tv\/site\/wp-json\/wp\/v2\/media?parent=97093"}],"wp:term":[{"taxonomy":"category","embeddable":true,"href":"https:\/\/www.altominho.tv\/site\/wp-json\/wp\/v2\/categories?post=97093"},{"taxonomy":"post_tag","embeddable":true,"href":"https:\/\/www.altominho.tv\/site\/wp-json\/wp\/v2\/tags?post=97093"}],"curies":[{"name":"wp","href":"https:\/\/api.w.org\/{rel}","templated":true}]}}