{"id":97089,"date":"2023-09-29T12:08:08","date_gmt":"2023-09-29T11:08:08","guid":{"rendered":"https:\/\/www.altominho.tv\/site\/?p=97089"},"modified":"2023-09-29T12:08:12","modified_gmt":"2023-09-29T11:08:12","slug":"nove-distritos-e-arquipelago-da-madeira-sob-aviso-amarelo-devido-ao-calor","status":"publish","type":"post","link":"https:\/\/www.altominho.tv\/site\/2023\/09\/29\/nove-distritos-e-arquipelago-da-madeira-sob-aviso-amarelo-devido-ao-calor\/","title":{"rendered":"Nove distritos e arquip\u00e9lago da Madeira sob aviso amarelo devido ao calor"},"content":{"rendered":"<p>Nove distritos de Portugal continental e o arquip\u00e9lago da Madeira v\u00e3o estar at\u00e9 domingo sob aviso amarelo devido \u00e0 previs\u00e3o de tempo quente, segundo o Instituto Portugu\u00eas do Mar e da Atmosfera (IPMA).<\/p>\n<p>Os distritos do Porto, Set\u00fabal, Santar\u00e9m, Viana do Castelo, Lisboa, Leiria, Aveiro, Coimbra e Braga v\u00e3o estar sob aviso amarelo devido \u00e0 persist\u00eancia de valores elevados da temperatura m\u00e1xima at\u00e9 \u00e0s 23h00 de domingo.<\/p>\n<p>As costas Norte e Sul da ilha da Madeira e o Porto Santo est\u00e3o sob aviso amarelo desde quinta-feira, prolongando-se at\u00e9 \u00e0s 23h00 de domingo.<\/p>\n<p>O IPMA emite o aviso amarelo, o menos grave de uma escala de tr\u00eas, sempre que existe uma situa\u00e7\u00e3o de risco para determinadas atividades dependentes da situa\u00e7\u00e3o meteorol\u00f3gica.<\/p>\n<p>As temperaturas m\u00e1ximas no continente v\u00e3o estar a partir de hoje acima dos 30 graus Celsius, podendo atingir os 37 graus, cerca de 5 a 8 graus acima da m\u00e9dia para o m\u00eas de setembro, segundo o IPMA.<\/p>\n<p>O estado do tempo no continente ser\u00e1 a partir de hoje influenciado por uma \u201cintensa crista anticicl\u00f3nica localizada sobre a Europa Ocidental, associada ao transporte de uma massa de ar quente e seco, com origem no Norte de \u00c1frica\u201d.<\/p>\n<p>De acordo com o IPMA, est\u00e3o previstas temperaturas m\u00e1ximas que poder\u00e3o atingir valores entre 35 e 37 graus, em particular na regi\u00e3o sul e no Vale do Tejo.<br \/>\nAs temperaturas m\u00ednimas tamb\u00e9m v\u00e3o subir, podendo ser registadas noites com valores iguais ou superiores a 20 graus em alguns locais, em especial no litoral da regi\u00e3o do Algarve.<\/p>\n<p>Esta subida generalizada da temperatura acompanhada da diminui\u00e7\u00e3o da humidade relativa do ar vai contribuir para um agravamento do perigo de inc\u00eandio rural, em especial no Algarve nas regi\u00f5es do interior.<\/p>\n<p>O IPMA colocou os concelhos de Aljezur, Lagos, Monchique, Portim\u00e3o, Silves, Loul\u00e9, S\u00e3o Br\u00e1s de Alportel e Tavira, no distrito de Faro, em perigo m\u00e1ximo de inc\u00eandio rural no s\u00e1bado.<\/p>\n<p>Outros 20 concelhos dos distritos de Faro, Beja, Santar\u00e9m, Leiria, Portalegre e Castelo Branco v\u00e3o estar em perigo muito elevado de inc\u00eandio.<\/p>\n<p>Esta situa\u00e7\u00e3o de tempo quente dever\u00e1 persistir pelo menos at\u00e9 ter\u00e7a-feira.<\/p>\n","protected":false},"excerpt":{"rendered":"<p>Nove distritos de Portugal continental e o arquip\u00e9lago da Madeira v\u00e3o estar at\u00e9 domingo sob aviso amarelo devido \u00e0 previs\u00e3o de tempo quente, segundo o Instituto Portugu\u00eas do Mar e da Atmosfera (IPMA). Os distritos do Porto, Set\u00fabal, Santar\u00e9m, Viana do Castelo, Lisboa, Leiria, Aveiro, Coimbra e Braga v\u00e3o estar sob aviso amarelo devido \u00e0 [&hellip;]<\/p>\n","protected":false},"author":13,"featured_media":97091,"comment_status":"closed","ping_status":"closed","sticky":false,"template":"","format":"standard","meta":{"_exactmetrics_skip_tracking":false,"_exactmetrics_sitenote_active":false,"_exactmetrics_sitenote_note":"","_exactmetrics_sitenote_category":0,"footnotes":""},"categories":[56325],"tags":[27],"class_list":["post-97089","post","type-post","status-publish","format-standard","has-post-thumbnail","hentry","category-pais","tag-sociedade"],"yoast_head":"<!-- This site is optimized with the Yoast SEO Premium plugin v27.5 (Yoast SEO v27.5) - https:\/\/yoast.com\/product\/yoast-seo-premium-wordpress\/ -->\n<title>Nove distritos e arquip\u00e9lago da Madeira sob aviso amarelo devido ao calor<\/title>\n<meta name=\"description\" content=\"Nove distritos de Portugal continental e o arquip\u00e9lago da Madeira v\u00e3o estar at\u00e9 domingo sob aviso amarelo devido \u00e0 previs\u00e3o de tempo quente, segundo o Instituto Portugu\u00eas do Mar e da Atmosfera (IPMA).\" \/>\n<meta name=\"robots\" content=\"index, follow, max-snippet:-1, max-image-preview:large, max-video-preview:-1\" \/>\n<link rel=\"canonical\" href=\"https:\/\/www.altominho.tv\/site\/2023\/09\/29\/nove-distritos-e-arquipelago-da-madeira-sob-aviso-amarelo-devido-ao-calor\/\" \/>\n<meta property=\"og:locale\" content=\"pt_PT\" \/>\n<meta property=\"og:type\" content=\"article\" \/>\n<meta property=\"og:title\" content=\"Nove distritos e arquip\u00e9lago da Madeira sob aviso amarelo devido ao calor\" \/>\n<meta property=\"og:description\" content=\"Nove distritos de Portugal continental e o arquip\u00e9lago da Madeira v\u00e3o estar at\u00e9 domingo sob aviso amarelo devido \u00e0 previs\u00e3o de tempo quente, segundo o Instituto Portugu\u00eas do Mar e da Atmosfera (IPMA).\" \/>\n<meta property=\"og:url\" content=\"https:\/\/www.altominho.tv\/site\/2023\/09\/29\/nove-distritos-e-arquipelago-da-madeira-sob-aviso-amarelo-devido-ao-calor\/\" \/>\n<meta property=\"og:site_name\" content=\"Altominho.tv\" \/>\n<meta property=\"article:publisher\" content=\"https:\/\/www.facebook.com\/altominhotv\" \/>\n<meta property=\"article:published_time\" content=\"2023-09-29T11:08:08+00:00\" \/>\n<meta property=\"article:modified_time\" content=\"2023-09-29T11:08:12+00:00\" \/>\n<meta property=\"og:image\" content=\"https:\/\/www.altominho.tv\/site\/wp-content\/uploads\/2023\/09\/Calor.jpeg\" \/>\n\t<meta property=\"og:image:width\" content=\"1280\" \/>\n\t<meta property=\"og:image:height\" content=\"720\" \/>\n\t<meta property=\"og:image:type\" content=\"image\/jpeg\" \/>\n<meta name=\"author\" content=\"Lusa\" \/>\n<meta name=\"twitter:card\" content=\"summary_large_image\" \/>\n<meta name=\"twitter:creator\" content=\"@altominhoTV\" \/>\n<meta name=\"twitter:site\" content=\"@altominhoTV\" \/>\n<meta name=\"twitter:label1\" content=\"Escrito por\" \/>\n\t<meta name=\"twitter:data1\" content=\"Lusa\" \/>\n\t<meta name=\"twitter:label2\" content=\"Tempo estimado de leitura\" \/>\n\t<meta name=\"twitter:data2\" content=\"2 minutos\" \/>\n<script type=\"application\/ld+json\" class=\"yoast-schema-graph\">{\"@context\":\"https:\\\/\\\/schema.org\",\"@graph\":[{\"@type\":\"Article\",\"@id\":\"https:\\\/\\\/www.altominho.tv\\\/site\\\/2023\\\/09\\\/29\\\/nove-distritos-e-arquipelago-da-madeira-sob-aviso-amarelo-devido-ao-calor\\\/#article\",\"isPartOf\":{\"@id\":\"https:\\\/\\\/www.altominho.tv\\\/site\\\/2023\\\/09\\\/29\\\/nove-distritos-e-arquipelago-da-madeira-sob-aviso-amarelo-devido-ao-calor\\\/\"},\"author\":{\"name\":\"Lusa\",\"@id\":\"https:\\\/\\\/www.altominho.tv\\\/site\\\/#\\\/schema\\\/person\\\/63f693da3e1899361cbe955c46f3232e\"},\"headline\":\"Nove distritos e arquip\u00e9lago da Madeira sob aviso amarelo devido ao calor\",\"datePublished\":\"2023-09-29T11:08:08+00:00\",\"dateModified\":\"2023-09-29T11:08:12+00:00\",\"mainEntityOfPage\":{\"@id\":\"https:\\\/\\\/www.altominho.tv\\\/site\\\/2023\\\/09\\\/29\\\/nove-distritos-e-arquipelago-da-madeira-sob-aviso-amarelo-devido-ao-calor\\\/\"},\"wordCount\":392,\"image\":{\"@id\":\"https:\\\/\\\/www.altominho.tv\\\/site\\\/2023\\\/09\\\/29\\\/nove-distritos-e-arquipelago-da-madeira-sob-aviso-amarelo-devido-ao-calor\\\/#primaryimage\"},\"thumbnailUrl\":\"https:\\\/\\\/www.altominho.tv\\\/site\\\/wp-content\\\/uploads\\\/2023\\\/09\\\/Calor.jpeg\",\"keywords\":[\"Sociedade\"],\"articleSection\":[\"Pa\u00eds\"],\"inLanguage\":\"pt-PT\",\"copyrightYear\":\"2023\",\"copyrightHolder\":{\"@id\":\"https:\\\/\\\/www.altominho.tv\\\/site\\\/#organization\"}},{\"@type\":\"WebPage\",\"@id\":\"https:\\\/\\\/www.altominho.tv\\\/site\\\/2023\\\/09\\\/29\\\/nove-distritos-e-arquipelago-da-madeira-sob-aviso-amarelo-devido-ao-calor\\\/\",\"url\":\"https:\\\/\\\/www.altominho.tv\\\/site\\\/2023\\\/09\\\/29\\\/nove-distritos-e-arquipelago-da-madeira-sob-aviso-amarelo-devido-ao-calor\\\/\",\"name\":\"Nove distritos e arquip\u00e9lago da Madeira sob aviso amarelo devido ao calor\",\"isPartOf\":{\"@id\":\"https:\\\/\\\/www.altominho.tv\\\/site\\\/#website\"},\"primaryImageOfPage\":{\"@id\":\"https:\\\/\\\/www.altominho.tv\\\/site\\\/2023\\\/09\\\/29\\\/nove-distritos-e-arquipelago-da-madeira-sob-aviso-amarelo-devido-ao-calor\\\/#primaryimage\"},\"image\":{\"@id\":\"https:\\\/\\\/www.altominho.tv\\\/site\\\/2023\\\/09\\\/29\\\/nove-distritos-e-arquipelago-da-madeira-sob-aviso-amarelo-devido-ao-calor\\\/#primaryimage\"},\"thumbnailUrl\":\"https:\\\/\\\/www.altominho.tv\\\/site\\\/wp-content\\\/uploads\\\/2023\\\/09\\\/Calor.jpeg\",\"datePublished\":\"2023-09-29T11:08:08+00:00\",\"dateModified\":\"2023-09-29T11:08:12+00:00\",\"author\":{\"@id\":\"https:\\\/\\\/www.altominho.tv\\\/site\\\/#\\\/schema\\\/person\\\/63f693da3e1899361cbe955c46f3232e\"},\"description\":\"Nove distritos de Portugal continental e o arquip\u00e9lago da Madeira v\u00e3o estar at\u00e9 domingo sob aviso amarelo devido \u00e0 previs\u00e3o de tempo quente, segundo o Instituto Portugu\u00eas do Mar e da Atmosfera (IPMA).\",\"breadcrumb\":{\"@id\":\"https:\\\/\\\/www.altominho.tv\\\/site\\\/2023\\\/09\\\/29\\\/nove-distritos-e-arquipelago-da-madeira-sob-aviso-amarelo-devido-ao-calor\\\/#breadcrumb\"},\"inLanguage\":\"pt-PT\",\"potentialAction\":[{\"@type\":\"ReadAction\",\"target\":[\"https:\\\/\\\/www.altominho.tv\\\/site\\\/2023\\\/09\\\/29\\\/nove-distritos-e-arquipelago-da-madeira-sob-aviso-amarelo-devido-ao-calor\\\/\"]}]},{\"@type\":\"ImageObject\",\"inLanguage\":\"pt-PT\",\"@id\":\"https:\\\/\\\/www.altominho.tv\\\/site\\\/2023\\\/09\\\/29\\\/nove-distritos-e-arquipelago-da-madeira-sob-aviso-amarelo-devido-ao-calor\\\/#primaryimage\",\"url\":\"https:\\\/\\\/www.altominho.tv\\\/site\\\/wp-content\\\/uploads\\\/2023\\\/09\\\/Calor.jpeg\",\"contentUrl\":\"https:\\\/\\\/www.altominho.tv\\\/site\\\/wp-content\\\/uploads\\\/2023\\\/09\\\/Calor.jpeg\",\"width\":1280,\"height\":720,\"caption\":\"Deep blue sky at sunny day.\"},{\"@type\":\"BreadcrumbList\",\"@id\":\"https:\\\/\\\/www.altominho.tv\\\/site\\\/2023\\\/09\\\/29\\\/nove-distritos-e-arquipelago-da-madeira-sob-aviso-amarelo-devido-ao-calor\\\/#breadcrumb\",\"itemListElement\":[{\"@type\":\"ListItem\",\"position\":1,\"name\":\"In\u00edcio\",\"item\":\"https:\\\/\\\/www.altominho.tv\\\/site\\\/\"},{\"@type\":\"ListItem\",\"position\":2,\"name\":\"Nove distritos e arquip\u00e9lago da Madeira sob aviso amarelo devido ao calor\"}]},{\"@type\":\"WebSite\",\"@id\":\"https:\\\/\\\/www.altominho.tv\\\/site\\\/#website\",\"url\":\"https:\\\/\\\/www.altominho.tv\\\/site\\\/\",\"name\":\"Altominho.tv\",\"description\":\"A sua regi\u00e3o \u00e0 dist\u00e2ncia de um clique...\",\"potentialAction\":[{\"@type\":\"SearchAction\",\"target\":{\"@type\":\"EntryPoint\",\"urlTemplate\":\"https:\\\/\\\/www.altominho.tv\\\/site\\\/?s={search_term_string}\"},\"query-input\":{\"@type\":\"PropertyValueSpecification\",\"valueRequired\":true,\"valueName\":\"search_term_string\"}}],\"inLanguage\":\"pt-PT\"},{\"@type\":\"Person\",\"@id\":\"https:\\\/\\\/www.altominho.tv\\\/site\\\/#\\\/schema\\\/person\\\/63f693da3e1899361cbe955c46f3232e\",\"name\":\"Lusa\",\"image\":{\"@type\":\"ImageObject\",\"inLanguage\":\"pt-PT\",\"@id\":\"https:\\\/\\\/www.altominho.tv\\\/site\\\/wp-content\\\/uploads\\\/2019\\\/08\\\/LUSA_Logo.gif\",\"url\":\"https:\\\/\\\/www.altominho.tv\\\/site\\\/wp-content\\\/uploads\\\/2019\\\/08\\\/LUSA_Logo.gif\",\"contentUrl\":\"https:\\\/\\\/www.altominho.tv\\\/site\\\/wp-content\\\/uploads\\\/2019\\\/08\\\/LUSA_Logo.gif\",\"caption\":\"Lusa\"},\"sameAs\":[\"http:\\\/\\\/\\\/\\\/www.altominho.tv\\\/site\"],\"url\":\"https:\\\/\\\/www.altominho.tv\\\/site\\\/author\\\/lusa\\\/\"}]}<\/script>\n<!-- \/ Yoast SEO Premium plugin. -->","yoast_head_json":{"title":"Nove distritos e arquip\u00e9lago da Madeira sob aviso amarelo devido ao calor","description":"Nove distritos de Portugal continental e o arquip\u00e9lago da Madeira v\u00e3o estar at\u00e9 domingo sob aviso amarelo devido \u00e0 previs\u00e3o de tempo quente, segundo o Instituto Portugu\u00eas do Mar e da Atmosfera (IPMA).","robots":{"index":"index","follow":"follow","max-snippet":"max-snippet:-1","max-image-preview":"max-image-preview:large","max-video-preview":"max-video-preview:-1"},"canonical":"https:\/\/www.altominho.tv\/site\/2023\/09\/29\/nove-distritos-e-arquipelago-da-madeira-sob-aviso-amarelo-devido-ao-calor\/","og_locale":"pt_PT","og_type":"article","og_title":"Nove distritos e arquip\u00e9lago da Madeira sob aviso amarelo devido ao calor","og_description":"Nove distritos de Portugal continental e o arquip\u00e9lago da Madeira v\u00e3o estar at\u00e9 domingo sob aviso amarelo devido \u00e0 previs\u00e3o de tempo quente, segundo o Instituto Portugu\u00eas do Mar e da Atmosfera (IPMA).","og_url":"https:\/\/www.altominho.tv\/site\/2023\/09\/29\/nove-distritos-e-arquipelago-da-madeira-sob-aviso-amarelo-devido-ao-calor\/","og_site_name":"Altominho.tv","article_publisher":"https:\/\/www.facebook.com\/altominhotv","article_published_time":"2023-09-29T11:08:08+00:00","article_modified_time":"2023-09-29T11:08:12+00:00","og_image":[{"width":1280,"height":720,"url":"https:\/\/www.altominho.tv\/site\/wp-content\/uploads\/2023\/09\/Calor.jpeg","type":"image\/jpeg"}],"author":"Lusa","twitter_card":"summary_large_image","twitter_creator":"@altominhoTV","twitter_site":"@altominhoTV","twitter_misc":{"Escrito por":"Lusa","Tempo estimado de leitura":"2 minutos"},"schema":{"@context":"https:\/\/schema.org","@graph":[{"@type":"Article","@id":"https:\/\/www.altominho.tv\/site\/2023\/09\/29\/nove-distritos-e-arquipelago-da-madeira-sob-aviso-amarelo-devido-ao-calor\/#article","isPartOf":{"@id":"https:\/\/www.altominho.tv\/site\/2023\/09\/29\/nove-distritos-e-arquipelago-da-madeira-sob-aviso-amarelo-devido-ao-calor\/"},"author":{"name":"Lusa","@id":"https:\/\/www.altominho.tv\/site\/#\/schema\/person\/63f693da3e1899361cbe955c46f3232e"},"headline":"Nove distritos e arquip\u00e9lago da Madeira sob aviso amarelo devido ao calor","datePublished":"2023-09-29T11:08:08+00:00","dateModified":"2023-09-29T11:08:12+00:00","mainEntityOfPage":{"@id":"https:\/\/www.altominho.tv\/site\/2023\/09\/29\/nove-distritos-e-arquipelago-da-madeira-sob-aviso-amarelo-devido-ao-calor\/"},"wordCount":392,"image":{"@id":"https:\/\/www.altominho.tv\/site\/2023\/09\/29\/nove-distritos-e-arquipelago-da-madeira-sob-aviso-amarelo-devido-ao-calor\/#primaryimage"},"thumbnailUrl":"https:\/\/www.altominho.tv\/site\/wp-content\/uploads\/2023\/09\/Calor.jpeg","keywords":["Sociedade"],"articleSection":["Pa\u00eds"],"inLanguage":"pt-PT","copyrightYear":"2023","copyrightHolder":{"@id":"https:\/\/www.altominho.tv\/site\/#organization"}},{"@type":"WebPage","@id":"https:\/\/www.altominho.tv\/site\/2023\/09\/29\/nove-distritos-e-arquipelago-da-madeira-sob-aviso-amarelo-devido-ao-calor\/","url":"https:\/\/www.altominho.tv\/site\/2023\/09\/29\/nove-distritos-e-arquipelago-da-madeira-sob-aviso-amarelo-devido-ao-calor\/","name":"Nove distritos e arquip\u00e9lago da Madeira sob aviso amarelo devido ao calor","isPartOf":{"@id":"https:\/\/www.altominho.tv\/site\/#website"},"primaryImageOfPage":{"@id":"https:\/\/www.altominho.tv\/site\/2023\/09\/29\/nove-distritos-e-arquipelago-da-madeira-sob-aviso-amarelo-devido-ao-calor\/#primaryimage"},"image":{"@id":"https:\/\/www.altominho.tv\/site\/2023\/09\/29\/nove-distritos-e-arquipelago-da-madeira-sob-aviso-amarelo-devido-ao-calor\/#primaryimage"},"thumbnailUrl":"https:\/\/www.altominho.tv\/site\/wp-content\/uploads\/2023\/09\/Calor.jpeg","datePublished":"2023-09-29T11:08:08+00:00","dateModified":"2023-09-29T11:08:12+00:00","author":{"@id":"https:\/\/www.altominho.tv\/site\/#\/schema\/person\/63f693da3e1899361cbe955c46f3232e"},"description":"Nove distritos de Portugal continental e o arquip\u00e9lago da Madeira v\u00e3o estar at\u00e9 domingo sob aviso amarelo devido \u00e0 previs\u00e3o de tempo quente, segundo o Instituto Portugu\u00eas do Mar e da Atmosfera (IPMA).","breadcrumb":{"@id":"https:\/\/www.altominho.tv\/site\/2023\/09\/29\/nove-distritos-e-arquipelago-da-madeira-sob-aviso-amarelo-devido-ao-calor\/#breadcrumb"},"inLanguage":"pt-PT","potentialAction":[{"@type":"ReadAction","target":["https:\/\/www.altominho.tv\/site\/2023\/09\/29\/nove-distritos-e-arquipelago-da-madeira-sob-aviso-amarelo-devido-ao-calor\/"]}]},{"@type":"ImageObject","inLanguage":"pt-PT","@id":"https:\/\/www.altominho.tv\/site\/2023\/09\/29\/nove-distritos-e-arquipelago-da-madeira-sob-aviso-amarelo-devido-ao-calor\/#primaryimage","url":"https:\/\/www.altominho.tv\/site\/wp-content\/uploads\/2023\/09\/Calor.jpeg","contentUrl":"https:\/\/www.altominho.tv\/site\/wp-content\/uploads\/2023\/09\/Calor.jpeg","width":1280,"height":720,"caption":"Deep blue sky at sunny day."},{"@type":"BreadcrumbList","@id":"https:\/\/www.altominho.tv\/site\/2023\/09\/29\/nove-distritos-e-arquipelago-da-madeira-sob-aviso-amarelo-devido-ao-calor\/#breadcrumb","itemListElement":[{"@type":"ListItem","position":1,"name":"In\u00edcio","item":"https:\/\/www.altominho.tv\/site\/"},{"@type":"ListItem","position":2,"name":"Nove distritos e arquip\u00e9lago da Madeira sob aviso amarelo devido ao calor"}]},{"@type":"WebSite","@id":"https:\/\/www.altominho.tv\/site\/#website","url":"https:\/\/www.altominho.tv\/site\/","name":"Altominho.tv","description":"A sua regi\u00e3o \u00e0 dist\u00e2ncia de um clique...","potentialAction":[{"@type":"SearchAction","target":{"@type":"EntryPoint","urlTemplate":"https:\/\/www.altominho.tv\/site\/?s={search_term_string}"},"query-input":{"@type":"PropertyValueSpecification","valueRequired":true,"valueName":"search_term_string"}}],"inLanguage":"pt-PT"},{"@type":"Person","@id":"https:\/\/www.altominho.tv\/site\/#\/schema\/person\/63f693da3e1899361cbe955c46f3232e","name":"Lusa","image":{"@type":"ImageObject","inLanguage":"pt-PT","@id":"https:\/\/www.altominho.tv\/site\/wp-content\/uploads\/2019\/08\/LUSA_Logo.gif","url":"https:\/\/www.altominho.tv\/site\/wp-content\/uploads\/2019\/08\/LUSA_Logo.gif","contentUrl":"https:\/\/www.altominho.tv\/site\/wp-content\/uploads\/2019\/08\/LUSA_Logo.gif","caption":"Lusa"},"sameAs":["http:\/\/\/\/www.altominho.tv\/site"],"url":"https:\/\/www.altominho.tv\/site\/author\/lusa\/"}]}},"_links":{"self":[{"href":"https:\/\/www.altominho.tv\/site\/wp-json\/wp\/v2\/posts\/97089","targetHints":{"allow":["GET"]}}],"collection":[{"href":"https:\/\/www.altominho.tv\/site\/wp-json\/wp\/v2\/posts"}],"about":[{"href":"https:\/\/www.altominho.tv\/site\/wp-json\/wp\/v2\/types\/post"}],"author":[{"embeddable":true,"href":"https:\/\/www.altominho.tv\/site\/wp-json\/wp\/v2\/users\/13"}],"replies":[{"embeddable":true,"href":"https:\/\/www.altominho.tv\/site\/wp-json\/wp\/v2\/comments?post=97089"}],"version-history":[{"count":1,"href":"https:\/\/www.altominho.tv\/site\/wp-json\/wp\/v2\/posts\/97089\/revisions"}],"predecessor-version":[{"id":97092,"href":"https:\/\/www.altominho.tv\/site\/wp-json\/wp\/v2\/posts\/97089\/revisions\/97092"}],"wp:featuredmedia":[{"embeddable":true,"href":"https:\/\/www.altominho.tv\/site\/wp-json\/wp\/v2\/media\/97091"}],"wp:attachment":[{"href":"https:\/\/www.altominho.tv\/site\/wp-json\/wp\/v2\/media?parent=97089"}],"wp:term":[{"taxonomy":"category","embeddable":true,"href":"https:\/\/www.altominho.tv\/site\/wp-json\/wp\/v2\/categories?post=97089"},{"taxonomy":"post_tag","embeddable":true,"href":"https:\/\/www.altominho.tv\/site\/wp-json\/wp\/v2\/tags?post=97089"}],"curies":[{"name":"wp","href":"https:\/\/api.w.org\/{rel}","templated":true}]}}