{"id":97078,"date":"2023-09-29T09:02:46","date_gmt":"2023-09-29T08:02:46","guid":{"rendered":"https:\/\/www.altominho.tv\/site\/?p=97078"},"modified":"2023-09-29T09:02:50","modified_gmt":"2023-09-29T08:02:50","slug":"psd-acusa-governo-de-negligenciar-alto-minho-por-a28-ficar-sem-reducao-de-portagens","status":"publish","type":"post","link":"https:\/\/www.altominho.tv\/site\/2023\/09\/29\/psd-acusa-governo-de-negligenciar-alto-minho-por-a28-ficar-sem-reducao-de-portagens\/","title":{"rendered":"PSD acusa Governo de negligenciar Alto Minho por A28 ficar sem redu\u00e7\u00e3o de portagens"},"content":{"rendered":"<p>A distrital do PSD de Viana do Castelo acusou o Governo de \u201cnegligenciar, mais uma vez o territ\u00f3rio ao deixar de fora a A28 da redu\u00e7\u00e3o de 30% nas portagens de v\u00e1rias ex-SCUT (Sem Custos para o Utilizador).<\/p>\n<p>\u201cA A28 acabou por ficar de fora desta medida, mas esquece-se o Governo socialista que o Alto Minho tem estado a ser constantemente penalizado com a aplica\u00e7\u00e3o de portagens nesta via t\u00e3o importante para o desenvolvimento do distrito\u201d, adianta em comunicado a distrital do PSD, presidida por Oleg\u00e1rio Gon\u00e7alves.<\/p>\n<p>O PSD do distrito de Viana do Castelo destaca que \u201ch\u00e1 anos que as empresas e as pessoas reivindicam quer a descida do pre\u00e7o das portagens, quer a retirada do p\u00f3rtico do Neiva, situado junto \u00e0 zona industrial de Neiva\u201d.<\/p>\n<p>\u201c\u00c9 inadmiss\u00edvel que a A28 tenha ficado de fora desta medida. O Governo socialista esquece-se sempre dos territ\u00f3rios mais pobres, com mais dificuldades e aos quais, todos os dias, \u00e9 exigido um esfor\u00e7o extra para conseguirem alcan\u00e7ar um patamar de estabilidade semelhante ao de outras regi\u00f5es do pa\u00eds\u201d, sustenta a nota.<\/p>\n<p>Para o PSD, o Governo \u201ccontinua a atirar areia para os olhos dos portugueses com medidas paliativas, que s\u00f3 empurram o problema para a frente\u201d.<\/p>\n<p>\u201cVemos isso na educa\u00e7\u00e3o, vemos isso na justi\u00e7a, vemos isso na gest\u00e3o do processo da TAP e continuamos a ver isso nas solu\u00e7\u00f5es remendadas que encontram para fazer face ao valor absurdo que os portugueses deixam na estrada quando precisam circular nestas vias, at\u00e9 por falta de alternativas\u201d, referiu o presidente da comiss\u00e3o pol\u00edtica do PSD do Alto Minho, Oleg\u00e1rio Gon\u00e7alves, citado na nota.<\/p>\n<p>Segundo Oleg\u00e1rio Gon\u00e7alves, \u201cfica sempre muito bem atirar n\u00fameros vistosos, tentando iludir os portugueses com redu\u00e7\u00f5es que n\u00e3o resolvem nada e ainda por cima, nem sequer consideram o pa\u00eds todo por igual, ou pelo menos as regi\u00f5es mais desfavorecidas\u201d.<\/p>\n<p>\u201cMais uma vez, o Alto Minho fica de fora das decis\u00f5es do Governo de Ant\u00f3nio Costa. At\u00e9 quero ver o que v\u00e3o dizer os socialistas do distrito sobre esta decis\u00e3o de excluir da A28 desta medida\u201d, observou.<\/p>\n<p>O Governo anunciou tamb\u00e9m que os ve\u00edculos de classe 1 v\u00e3o beneficiar de uma redu\u00e7\u00e3o de 30% nas portagens em algumas ex-SCUT (Portagens Sem Custos para o Utilizador), entre as quais a A22, A23 e A24, a partir de janeiro.<\/p>\n<p>\u201cVamos ter uma redu\u00e7\u00e3o de 30% face aos pre\u00e7os atuais em vias como a A22 (Via do Infante\/Algarve), a A23 (Beira Interior), a A24 (Interior Norte), a A25 (Beiras Litoral e Alta), a A4 (T\u00fanel do Mar\u00e3o), a A13 e A13-1 (Pinhal Interior)\u201d, disse a ministra da Coes\u00e3o Territorial, Ana Abrunhosa.<\/p>\n<p>A governante destacou ainda que o Governo decidiu integrar nestes descontos a A4, a A13 e a A13-1, que nunca foram SCUT, para as colocar \u201cem p\u00e9 de igualdade com as outras vias\u201d porque, \u201cquando foi aprovado o desconto de 50%, essas vias ainda n\u00e3o existiam, portanto n\u00e3o tinham at\u00e9 agora o mesmo tratamento que as outras\u201d.<\/p>\n<p>Considerando os valores base de 2011, quando as ex-SCUT come\u00e7aram a ser portajadas, a ministra indicou que estes descontos representam uma redu\u00e7\u00e3o de 50% para 65%.<\/p>\n<p>A decis\u00e3o foi tomada hoje em reuni\u00e3o do Conselho de Ministros e pretende repor \u201cjusti\u00e7a territorial\u201d no interior, explicou a governante, em confer\u00eancia de imprensa.<br \/>\nSegundo a ministra, os descontos v\u00e3o entrar em vigor em janeiro de 2024.<\/p>\n","protected":false},"excerpt":{"rendered":"<p>A distrital do PSD de Viana do Castelo acusou o Governo de \u201cnegligenciar, mais uma vez o territ\u00f3rio ao deixar de fora a A28 da redu\u00e7\u00e3o de 30% nas portagens de v\u00e1rias ex-SCUT (Sem Custos para o Utilizador). \u201cA A28 acabou por ficar de fora desta medida, mas esquece-se o Governo socialista que o Alto [&hellip;]<\/p>\n","protected":false},"author":13,"featured_media":97079,"comment_status":"closed","ping_status":"closed","sticky":false,"template":"","format":"standard","meta":{"_exactmetrics_skip_tracking":false,"_exactmetrics_sitenote_active":false,"_exactmetrics_sitenote_note":"","_exactmetrics_sitenote_category":0,"footnotes":""},"categories":[73],"tags":[56326,27],"class_list":["post-97078","post","type-post","status-publish","format-standard","has-post-thumbnail","hentry","category-alto-minho","tag-politica","tag-sociedade"],"yoast_head":"<!-- This site is optimized with the Yoast SEO Premium plugin v27.5 (Yoast SEO v27.5) - https:\/\/yoast.com\/product\/yoast-seo-premium-wordpress\/ -->\n<title>PSD acusa Governo de negligenciar Alto Minho por A28 ficar sem redu\u00e7\u00e3o de portagens<\/title>\n<meta name=\"description\" content=\"A distrital do PSD de Viana do Castelo acusou o Governo de \u201cnegligenciar, mais uma vez o territ\u00f3rio ao deixar de fora a A28 da redu\u00e7\u00e3o de 30% nas portagens de v\u00e1rias ex-SCUT (Sem Custos para o Utilizador).\" \/>\n<meta name=\"robots\" content=\"index, follow, max-snippet:-1, max-image-preview:large, max-video-preview:-1\" \/>\n<link rel=\"canonical\" href=\"https:\/\/www.altominho.tv\/site\/2023\/09\/29\/psd-acusa-governo-de-negligenciar-alto-minho-por-a28-ficar-sem-reducao-de-portagens\/\" \/>\n<meta property=\"og:locale\" content=\"pt_PT\" \/>\n<meta property=\"og:type\" content=\"article\" \/>\n<meta property=\"og:title\" content=\"PSD acusa Governo de negligenciar Alto Minho por A28 ficar sem redu\u00e7\u00e3o de portagens\" \/>\n<meta property=\"og:description\" content=\"A distrital do PSD de Viana do Castelo acusou o Governo de \u201cnegligenciar, mais uma vez o territ\u00f3rio ao deixar de fora a A28 da redu\u00e7\u00e3o de 30% nas portagens de v\u00e1rias ex-SCUT (Sem Custos para o Utilizador).\" \/>\n<meta property=\"og:url\" content=\"https:\/\/www.altominho.tv\/site\/2023\/09\/29\/psd-acusa-governo-de-negligenciar-alto-minho-por-a28-ficar-sem-reducao-de-portagens\/\" \/>\n<meta property=\"og:site_name\" content=\"Altominho.tv\" \/>\n<meta property=\"article:publisher\" content=\"https:\/\/www.facebook.com\/altominhotv\" \/>\n<meta property=\"article:published_time\" content=\"2023-09-29T08:02:46+00:00\" \/>\n<meta property=\"article:modified_time\" content=\"2023-09-29T08:02:50+00:00\" \/>\n<meta property=\"og:image\" content=\"https:\/\/www.altominho.tv\/site\/wp-content\/uploads\/2023\/09\/a28.jpeg\" \/>\n\t<meta property=\"og:image:width\" content=\"650\" \/>\n\t<meta property=\"og:image:height\" content=\"250\" \/>\n\t<meta property=\"og:image:type\" content=\"image\/jpeg\" \/>\n<meta name=\"author\" content=\"Lusa\" \/>\n<meta name=\"twitter:card\" content=\"summary_large_image\" \/>\n<meta name=\"twitter:creator\" content=\"@altominhoTV\" \/>\n<meta name=\"twitter:site\" content=\"@altominhoTV\" \/>\n<meta name=\"twitter:label1\" content=\"Escrito por\" \/>\n\t<meta name=\"twitter:data1\" content=\"Lusa\" \/>\n\t<meta name=\"twitter:label2\" content=\"Tempo estimado de leitura\" \/>\n\t<meta name=\"twitter:data2\" content=\"4 minutos\" \/>\n<script type=\"application\/ld+json\" class=\"yoast-schema-graph\">{\"@context\":\"https:\\\/\\\/schema.org\",\"@graph\":[{\"@type\":\"Article\",\"@id\":\"https:\\\/\\\/www.altominho.tv\\\/site\\\/2023\\\/09\\\/29\\\/psd-acusa-governo-de-negligenciar-alto-minho-por-a28-ficar-sem-reducao-de-portagens\\\/#article\",\"isPartOf\":{\"@id\":\"https:\\\/\\\/www.altominho.tv\\\/site\\\/2023\\\/09\\\/29\\\/psd-acusa-governo-de-negligenciar-alto-minho-por-a28-ficar-sem-reducao-de-portagens\\\/\"},\"author\":{\"name\":\"Lusa\",\"@id\":\"https:\\\/\\\/www.altominho.tv\\\/site\\\/#\\\/schema\\\/person\\\/63f693da3e1899361cbe955c46f3232e\"},\"headline\":\"PSD acusa Governo de negligenciar Alto Minho por A28 ficar sem redu\u00e7\u00e3o de portagens\",\"datePublished\":\"2023-09-29T08:02:46+00:00\",\"dateModified\":\"2023-09-29T08:02:50+00:00\",\"mainEntityOfPage\":{\"@id\":\"https:\\\/\\\/www.altominho.tv\\\/site\\\/2023\\\/09\\\/29\\\/psd-acusa-governo-de-negligenciar-alto-minho-por-a28-ficar-sem-reducao-de-portagens\\\/\"},\"wordCount\":613,\"image\":{\"@id\":\"https:\\\/\\\/www.altominho.tv\\\/site\\\/2023\\\/09\\\/29\\\/psd-acusa-governo-de-negligenciar-alto-minho-por-a28-ficar-sem-reducao-de-portagens\\\/#primaryimage\"},\"thumbnailUrl\":\"https:\\\/\\\/www.altominho.tv\\\/site\\\/wp-content\\\/uploads\\\/2023\\\/09\\\/a28.jpeg\",\"keywords\":[\"Pol\u00edtica\",\"Sociedade\"],\"articleSection\":[\"Alto Minho\"],\"inLanguage\":\"pt-PT\",\"copyrightYear\":\"2023\",\"copyrightHolder\":{\"@id\":\"https:\\\/\\\/www.altominho.tv\\\/site\\\/#organization\"}},{\"@type\":\"WebPage\",\"@id\":\"https:\\\/\\\/www.altominho.tv\\\/site\\\/2023\\\/09\\\/29\\\/psd-acusa-governo-de-negligenciar-alto-minho-por-a28-ficar-sem-reducao-de-portagens\\\/\",\"url\":\"https:\\\/\\\/www.altominho.tv\\\/site\\\/2023\\\/09\\\/29\\\/psd-acusa-governo-de-negligenciar-alto-minho-por-a28-ficar-sem-reducao-de-portagens\\\/\",\"name\":\"PSD acusa Governo de negligenciar Alto Minho por A28 ficar sem redu\u00e7\u00e3o de portagens\",\"isPartOf\":{\"@id\":\"https:\\\/\\\/www.altominho.tv\\\/site\\\/#website\"},\"primaryImageOfPage\":{\"@id\":\"https:\\\/\\\/www.altominho.tv\\\/site\\\/2023\\\/09\\\/29\\\/psd-acusa-governo-de-negligenciar-alto-minho-por-a28-ficar-sem-reducao-de-portagens\\\/#primaryimage\"},\"image\":{\"@id\":\"https:\\\/\\\/www.altominho.tv\\\/site\\\/2023\\\/09\\\/29\\\/psd-acusa-governo-de-negligenciar-alto-minho-por-a28-ficar-sem-reducao-de-portagens\\\/#primaryimage\"},\"thumbnailUrl\":\"https:\\\/\\\/www.altominho.tv\\\/site\\\/wp-content\\\/uploads\\\/2023\\\/09\\\/a28.jpeg\",\"datePublished\":\"2023-09-29T08:02:46+00:00\",\"dateModified\":\"2023-09-29T08:02:50+00:00\",\"author\":{\"@id\":\"https:\\\/\\\/www.altominho.tv\\\/site\\\/#\\\/schema\\\/person\\\/63f693da3e1899361cbe955c46f3232e\"},\"description\":\"A distrital do PSD de Viana do Castelo acusou o Governo de \u201cnegligenciar, mais uma vez o territ\u00f3rio ao deixar de fora a A28 da redu\u00e7\u00e3o de 30% nas portagens de v\u00e1rias ex-SCUT (Sem Custos para o Utilizador).\",\"breadcrumb\":{\"@id\":\"https:\\\/\\\/www.altominho.tv\\\/site\\\/2023\\\/09\\\/29\\\/psd-acusa-governo-de-negligenciar-alto-minho-por-a28-ficar-sem-reducao-de-portagens\\\/#breadcrumb\"},\"inLanguage\":\"pt-PT\",\"potentialAction\":[{\"@type\":\"ReadAction\",\"target\":[\"https:\\\/\\\/www.altominho.tv\\\/site\\\/2023\\\/09\\\/29\\\/psd-acusa-governo-de-negligenciar-alto-minho-por-a28-ficar-sem-reducao-de-portagens\\\/\"]}]},{\"@type\":\"ImageObject\",\"inLanguage\":\"pt-PT\",\"@id\":\"https:\\\/\\\/www.altominho.tv\\\/site\\\/2023\\\/09\\\/29\\\/psd-acusa-governo-de-negligenciar-alto-minho-por-a28-ficar-sem-reducao-de-portagens\\\/#primaryimage\",\"url\":\"https:\\\/\\\/www.altominho.tv\\\/site\\\/wp-content\\\/uploads\\\/2023\\\/09\\\/a28.jpeg\",\"contentUrl\":\"https:\\\/\\\/www.altominho.tv\\\/site\\\/wp-content\\\/uploads\\\/2023\\\/09\\\/a28.jpeg\",\"width\":650,\"height\":250},{\"@type\":\"BreadcrumbList\",\"@id\":\"https:\\\/\\\/www.altominho.tv\\\/site\\\/2023\\\/09\\\/29\\\/psd-acusa-governo-de-negligenciar-alto-minho-por-a28-ficar-sem-reducao-de-portagens\\\/#breadcrumb\",\"itemListElement\":[{\"@type\":\"ListItem\",\"position\":1,\"name\":\"In\u00edcio\",\"item\":\"https:\\\/\\\/www.altominho.tv\\\/site\\\/\"},{\"@type\":\"ListItem\",\"position\":2,\"name\":\"PSD acusa Governo de negligenciar Alto Minho por A28 ficar sem redu\u00e7\u00e3o de portagens\"}]},{\"@type\":\"WebSite\",\"@id\":\"https:\\\/\\\/www.altominho.tv\\\/site\\\/#website\",\"url\":\"https:\\\/\\\/www.altominho.tv\\\/site\\\/\",\"name\":\"Altominho.tv\",\"description\":\"A sua regi\u00e3o \u00e0 dist\u00e2ncia de um clique...\",\"potentialAction\":[{\"@type\":\"SearchAction\",\"target\":{\"@type\":\"EntryPoint\",\"urlTemplate\":\"https:\\\/\\\/www.altominho.tv\\\/site\\\/?s={search_term_string}\"},\"query-input\":{\"@type\":\"PropertyValueSpecification\",\"valueRequired\":true,\"valueName\":\"search_term_string\"}}],\"inLanguage\":\"pt-PT\"},{\"@type\":\"Person\",\"@id\":\"https:\\\/\\\/www.altominho.tv\\\/site\\\/#\\\/schema\\\/person\\\/63f693da3e1899361cbe955c46f3232e\",\"name\":\"Lusa\",\"image\":{\"@type\":\"ImageObject\",\"inLanguage\":\"pt-PT\",\"@id\":\"https:\\\/\\\/www.altominho.tv\\\/site\\\/wp-content\\\/uploads\\\/2019\\\/08\\\/LUSA_Logo.gif\",\"url\":\"https:\\\/\\\/www.altominho.tv\\\/site\\\/wp-content\\\/uploads\\\/2019\\\/08\\\/LUSA_Logo.gif\",\"contentUrl\":\"https:\\\/\\\/www.altominho.tv\\\/site\\\/wp-content\\\/uploads\\\/2019\\\/08\\\/LUSA_Logo.gif\",\"caption\":\"Lusa\"},\"sameAs\":[\"http:\\\/\\\/\\\/\\\/www.altominho.tv\\\/site\"],\"url\":\"https:\\\/\\\/www.altominho.tv\\\/site\\\/author\\\/lusa\\\/\"}]}<\/script>\n<!-- \/ Yoast SEO Premium plugin. -->","yoast_head_json":{"title":"PSD acusa Governo de negligenciar Alto Minho por A28 ficar sem redu\u00e7\u00e3o de portagens","description":"A distrital do PSD de Viana do Castelo acusou o Governo de \u201cnegligenciar, mais uma vez o territ\u00f3rio ao deixar de fora a A28 da redu\u00e7\u00e3o de 30% nas portagens de v\u00e1rias ex-SCUT (Sem Custos para o Utilizador).","robots":{"index":"index","follow":"follow","max-snippet":"max-snippet:-1","max-image-preview":"max-image-preview:large","max-video-preview":"max-video-preview:-1"},"canonical":"https:\/\/www.altominho.tv\/site\/2023\/09\/29\/psd-acusa-governo-de-negligenciar-alto-minho-por-a28-ficar-sem-reducao-de-portagens\/","og_locale":"pt_PT","og_type":"article","og_title":"PSD acusa Governo de negligenciar Alto Minho por A28 ficar sem redu\u00e7\u00e3o de portagens","og_description":"A distrital do PSD de Viana do Castelo acusou o Governo de \u201cnegligenciar, mais uma vez o territ\u00f3rio ao deixar de fora a A28 da redu\u00e7\u00e3o de 30% nas portagens de v\u00e1rias ex-SCUT (Sem Custos para o Utilizador).","og_url":"https:\/\/www.altominho.tv\/site\/2023\/09\/29\/psd-acusa-governo-de-negligenciar-alto-minho-por-a28-ficar-sem-reducao-de-portagens\/","og_site_name":"Altominho.tv","article_publisher":"https:\/\/www.facebook.com\/altominhotv","article_published_time":"2023-09-29T08:02:46+00:00","article_modified_time":"2023-09-29T08:02:50+00:00","og_image":[{"width":650,"height":250,"url":"https:\/\/www.altominho.tv\/site\/wp-content\/uploads\/2023\/09\/a28.jpeg","type":"image\/jpeg"}],"author":"Lusa","twitter_card":"summary_large_image","twitter_creator":"@altominhoTV","twitter_site":"@altominhoTV","twitter_misc":{"Escrito por":"Lusa","Tempo estimado de leitura":"4 minutos"},"schema":{"@context":"https:\/\/schema.org","@graph":[{"@type":"Article","@id":"https:\/\/www.altominho.tv\/site\/2023\/09\/29\/psd-acusa-governo-de-negligenciar-alto-minho-por-a28-ficar-sem-reducao-de-portagens\/#article","isPartOf":{"@id":"https:\/\/www.altominho.tv\/site\/2023\/09\/29\/psd-acusa-governo-de-negligenciar-alto-minho-por-a28-ficar-sem-reducao-de-portagens\/"},"author":{"name":"Lusa","@id":"https:\/\/www.altominho.tv\/site\/#\/schema\/person\/63f693da3e1899361cbe955c46f3232e"},"headline":"PSD acusa Governo de negligenciar Alto Minho por A28 ficar sem redu\u00e7\u00e3o de portagens","datePublished":"2023-09-29T08:02:46+00:00","dateModified":"2023-09-29T08:02:50+00:00","mainEntityOfPage":{"@id":"https:\/\/www.altominho.tv\/site\/2023\/09\/29\/psd-acusa-governo-de-negligenciar-alto-minho-por-a28-ficar-sem-reducao-de-portagens\/"},"wordCount":613,"image":{"@id":"https:\/\/www.altominho.tv\/site\/2023\/09\/29\/psd-acusa-governo-de-negligenciar-alto-minho-por-a28-ficar-sem-reducao-de-portagens\/#primaryimage"},"thumbnailUrl":"https:\/\/www.altominho.tv\/site\/wp-content\/uploads\/2023\/09\/a28.jpeg","keywords":["Pol\u00edtica","Sociedade"],"articleSection":["Alto Minho"],"inLanguage":"pt-PT","copyrightYear":"2023","copyrightHolder":{"@id":"https:\/\/www.altominho.tv\/site\/#organization"}},{"@type":"WebPage","@id":"https:\/\/www.altominho.tv\/site\/2023\/09\/29\/psd-acusa-governo-de-negligenciar-alto-minho-por-a28-ficar-sem-reducao-de-portagens\/","url":"https:\/\/www.altominho.tv\/site\/2023\/09\/29\/psd-acusa-governo-de-negligenciar-alto-minho-por-a28-ficar-sem-reducao-de-portagens\/","name":"PSD acusa Governo de negligenciar Alto Minho por A28 ficar sem redu\u00e7\u00e3o de portagens","isPartOf":{"@id":"https:\/\/www.altominho.tv\/site\/#website"},"primaryImageOfPage":{"@id":"https:\/\/www.altominho.tv\/site\/2023\/09\/29\/psd-acusa-governo-de-negligenciar-alto-minho-por-a28-ficar-sem-reducao-de-portagens\/#primaryimage"},"image":{"@id":"https:\/\/www.altominho.tv\/site\/2023\/09\/29\/psd-acusa-governo-de-negligenciar-alto-minho-por-a28-ficar-sem-reducao-de-portagens\/#primaryimage"},"thumbnailUrl":"https:\/\/www.altominho.tv\/site\/wp-content\/uploads\/2023\/09\/a28.jpeg","datePublished":"2023-09-29T08:02:46+00:00","dateModified":"2023-09-29T08:02:50+00:00","author":{"@id":"https:\/\/www.altominho.tv\/site\/#\/schema\/person\/63f693da3e1899361cbe955c46f3232e"},"description":"A distrital do PSD de Viana do Castelo acusou o Governo de \u201cnegligenciar, mais uma vez o territ\u00f3rio ao deixar de fora a A28 da redu\u00e7\u00e3o de 30% nas portagens de v\u00e1rias ex-SCUT (Sem Custos para o Utilizador).","breadcrumb":{"@id":"https:\/\/www.altominho.tv\/site\/2023\/09\/29\/psd-acusa-governo-de-negligenciar-alto-minho-por-a28-ficar-sem-reducao-de-portagens\/#breadcrumb"},"inLanguage":"pt-PT","potentialAction":[{"@type":"ReadAction","target":["https:\/\/www.altominho.tv\/site\/2023\/09\/29\/psd-acusa-governo-de-negligenciar-alto-minho-por-a28-ficar-sem-reducao-de-portagens\/"]}]},{"@type":"ImageObject","inLanguage":"pt-PT","@id":"https:\/\/www.altominho.tv\/site\/2023\/09\/29\/psd-acusa-governo-de-negligenciar-alto-minho-por-a28-ficar-sem-reducao-de-portagens\/#primaryimage","url":"https:\/\/www.altominho.tv\/site\/wp-content\/uploads\/2023\/09\/a28.jpeg","contentUrl":"https:\/\/www.altominho.tv\/site\/wp-content\/uploads\/2023\/09\/a28.jpeg","width":650,"height":250},{"@type":"BreadcrumbList","@id":"https:\/\/www.altominho.tv\/site\/2023\/09\/29\/psd-acusa-governo-de-negligenciar-alto-minho-por-a28-ficar-sem-reducao-de-portagens\/#breadcrumb","itemListElement":[{"@type":"ListItem","position":1,"name":"In\u00edcio","item":"https:\/\/www.altominho.tv\/site\/"},{"@type":"ListItem","position":2,"name":"PSD acusa Governo de negligenciar Alto Minho por A28 ficar sem redu\u00e7\u00e3o de portagens"}]},{"@type":"WebSite","@id":"https:\/\/www.altominho.tv\/site\/#website","url":"https:\/\/www.altominho.tv\/site\/","name":"Altominho.tv","description":"A sua regi\u00e3o \u00e0 dist\u00e2ncia de um clique...","potentialAction":[{"@type":"SearchAction","target":{"@type":"EntryPoint","urlTemplate":"https:\/\/www.altominho.tv\/site\/?s={search_term_string}"},"query-input":{"@type":"PropertyValueSpecification","valueRequired":true,"valueName":"search_term_string"}}],"inLanguage":"pt-PT"},{"@type":"Person","@id":"https:\/\/www.altominho.tv\/site\/#\/schema\/person\/63f693da3e1899361cbe955c46f3232e","name":"Lusa","image":{"@type":"ImageObject","inLanguage":"pt-PT","@id":"https:\/\/www.altominho.tv\/site\/wp-content\/uploads\/2019\/08\/LUSA_Logo.gif","url":"https:\/\/www.altominho.tv\/site\/wp-content\/uploads\/2019\/08\/LUSA_Logo.gif","contentUrl":"https:\/\/www.altominho.tv\/site\/wp-content\/uploads\/2019\/08\/LUSA_Logo.gif","caption":"Lusa"},"sameAs":["http:\/\/\/\/www.altominho.tv\/site"],"url":"https:\/\/www.altominho.tv\/site\/author\/lusa\/"}]}},"_links":{"self":[{"href":"https:\/\/www.altominho.tv\/site\/wp-json\/wp\/v2\/posts\/97078","targetHints":{"allow":["GET"]}}],"collection":[{"href":"https:\/\/www.altominho.tv\/site\/wp-json\/wp\/v2\/posts"}],"about":[{"href":"https:\/\/www.altominho.tv\/site\/wp-json\/wp\/v2\/types\/post"}],"author":[{"embeddable":true,"href":"https:\/\/www.altominho.tv\/site\/wp-json\/wp\/v2\/users\/13"}],"replies":[{"embeddable":true,"href":"https:\/\/www.altominho.tv\/site\/wp-json\/wp\/v2\/comments?post=97078"}],"version-history":[{"count":1,"href":"https:\/\/www.altominho.tv\/site\/wp-json\/wp\/v2\/posts\/97078\/revisions"}],"predecessor-version":[{"id":97080,"href":"https:\/\/www.altominho.tv\/site\/wp-json\/wp\/v2\/posts\/97078\/revisions\/97080"}],"wp:featuredmedia":[{"embeddable":true,"href":"https:\/\/www.altominho.tv\/site\/wp-json\/wp\/v2\/media\/97079"}],"wp:attachment":[{"href":"https:\/\/www.altominho.tv\/site\/wp-json\/wp\/v2\/media?parent=97078"}],"wp:term":[{"taxonomy":"category","embeddable":true,"href":"https:\/\/www.altominho.tv\/site\/wp-json\/wp\/v2\/categories?post=97078"},{"taxonomy":"post_tag","embeddable":true,"href":"https:\/\/www.altominho.tv\/site\/wp-json\/wp\/v2\/tags?post=97078"}],"curies":[{"name":"wp","href":"https:\/\/api.w.org\/{rel}","templated":true}]}}