{"id":97062,"date":"2023-09-28T15:37:29","date_gmt":"2023-09-28T14:37:29","guid":{"rendered":"https:\/\/www.altominho.tv\/site\/?p=97062"},"modified":"2023-09-28T15:37:33","modified_gmt":"2023-09-28T14:37:33","slug":"caminhense-tania-esteves-sobe-ao-palco-no-the-voice-portugal","status":"publish","type":"post","link":"https:\/\/www.altominho.tv\/site\/2023\/09\/28\/caminhense-tania-esteves-sobe-ao-palco-no-the-voice-portugal\/","title":{"rendered":"Caminhense T\u00e2nia Esteves sobe ao palco no \u00b4The Voice Portugal`"},"content":{"rendered":"<p>T\u00e2nia Esteves, natural de Caminha, participa no pr\u00f3ximo domingo, 1 de outubro, no programa \u00b4The Voice Portugal\u00b4, da RTP, pelas 21h15.<\/p>\n<p>&#8220;A T\u00e2nia Esteves nunca hesita em colocar o seu saber e o seu carinho em projetos que envolvem a comunidade, colaborando em v\u00e1rios espet\u00e1culos com o Munic\u00edpio, como aconteceu com \u00b4S\u00e9rgio Godinho e o Coro das Velhas\u00b4, cujo sucesso se deve a ela em boa parte, \u00e0 sua entrega e ao seu entusiasmo&#8221;, pode ler-se nas redes sociais da autarquia caminhense.<\/p>\n<p>A cantora caminhense \u00e9 professora na Academia de M\u00fasica Fernandes F\u00e3o e &#8220;uma verdadeira apaixonada pela m\u00fasica&#8221;.<\/p>\n<p class=\"p1\">\u00b4The Voice Portugal` estreou a 29 de outubro de 2011 na RTP1. O conceito \u00e9 o de encontrar o melhor concorrente entre cantores amadores ou profissionais, selecionados em audi\u00e7\u00f5es com inscri\u00e7\u00f5es abertas ao p\u00fablico.<\/p>\n","protected":false},"excerpt":{"rendered":"<p>T\u00e2nia Esteves, natural de Caminha, participa no pr\u00f3ximo domingo, 1 de outubro, no programa \u00b4The Voice Portugal\u00b4, da RTP, pelas 21h15. &#8220;A T\u00e2nia Esteves nunca hesita em colocar o seu saber e o seu carinho em projetos que envolvem a comunidade, colaborando em v\u00e1rios espet\u00e1culos com o Munic\u00edpio, como aconteceu com \u00b4S\u00e9rgio Godinho e o [&hellip;]<\/p>\n","protected":false},"author":24,"featured_media":97063,"comment_status":"closed","ping_status":"closed","sticky":false,"template":"","format":"standard","meta":{"_exactmetrics_skip_tracking":false,"_exactmetrics_sitenote_active":false,"_exactmetrics_sitenote_note":"","_exactmetrics_sitenote_category":0,"footnotes":""},"categories":[7],"tags":[24],"class_list":["post-97062","post","type-post","status-publish","format-standard","has-post-thumbnail","hentry","category-caminha","tag-lazer"],"yoast_head":"<!-- This site is optimized with the Yoast SEO Premium plugin v27.5 (Yoast SEO v27.5) - https:\/\/yoast.com\/product\/yoast-seo-premium-wordpress\/ -->\n<title>Caminhense T\u00e2nia Esteves sobe ao palco no \u00b4The Voice Portugal`<\/title>\n<meta name=\"description\" content=\"T\u00e2nia Esteves, natural de Caminha, participa no pr\u00f3ximo domingo, 1 de outubro, no programa \u00b4The Voice Portugal\u00b4, da RTP, pelas 21h15.\" \/>\n<meta name=\"robots\" content=\"index, follow, max-snippet:-1, max-image-preview:large, max-video-preview:-1\" \/>\n<link rel=\"canonical\" href=\"https:\/\/www.altominho.tv\/site\/2023\/09\/28\/caminhense-tania-esteves-sobe-ao-palco-no-the-voice-portugal\/\" \/>\n<meta property=\"og:locale\" content=\"pt_PT\" \/>\n<meta property=\"og:type\" content=\"article\" \/>\n<meta property=\"og:title\" content=\"Caminhense T\u00e2nia Esteves sobe ao palco no \u00b4The Voice Portugal`\" \/>\n<meta property=\"og:description\" content=\"T\u00e2nia Esteves, natural de Caminha, participa no pr\u00f3ximo domingo, 1 de outubro, no programa \u00b4The Voice Portugal\u00b4, da RTP, pelas 21h15.\" \/>\n<meta property=\"og:url\" content=\"https:\/\/www.altominho.tv\/site\/2023\/09\/28\/caminhense-tania-esteves-sobe-ao-palco-no-the-voice-portugal\/\" \/>\n<meta property=\"og:site_name\" content=\"Altominho.tv\" \/>\n<meta property=\"article:publisher\" content=\"https:\/\/www.facebook.com\/altominhotv\" \/>\n<meta property=\"article:published_time\" content=\"2023-09-28T14:37:29+00:00\" \/>\n<meta property=\"article:modified_time\" content=\"2023-09-28T14:37:33+00:00\" \/>\n<meta property=\"og:image\" content=\"https:\/\/www.altominho.tv\/site\/wp-content\/uploads\/2023\/09\/Tania-Esteves.png\" \/>\n\t<meta property=\"og:image:width\" content=\"1306\" \/>\n\t<meta property=\"og:image:height\" content=\"762\" \/>\n\t<meta property=\"og:image:type\" content=\"image\/png\" \/>\n<meta name=\"author\" content=\"Cesar Lopes\" \/>\n<meta name=\"twitter:card\" content=\"summary_large_image\" \/>\n<meta name=\"twitter:creator\" content=\"@altominhoTV\" \/>\n<meta name=\"twitter:site\" content=\"@altominhoTV\" \/>\n<meta name=\"twitter:label1\" content=\"Escrito por\" \/>\n\t<meta name=\"twitter:data1\" content=\"Cesar Lopes\" \/>\n\t<meta name=\"twitter:label2\" content=\"Tempo estimado de leitura\" \/>\n\t<meta name=\"twitter:data2\" content=\"1 minuto\" \/>\n<script type=\"application\/ld+json\" class=\"yoast-schema-graph\">{\"@context\":\"https:\\\/\\\/schema.org\",\"@graph\":[{\"@type\":\"Article\",\"@id\":\"https:\\\/\\\/www.altominho.tv\\\/site\\\/2023\\\/09\\\/28\\\/caminhense-tania-esteves-sobe-ao-palco-no-the-voice-portugal\\\/#article\",\"isPartOf\":{\"@id\":\"https:\\\/\\\/www.altominho.tv\\\/site\\\/2023\\\/09\\\/28\\\/caminhense-tania-esteves-sobe-ao-palco-no-the-voice-portugal\\\/\"},\"author\":{\"name\":\"Cesar Lopes\",\"@id\":\"https:\\\/\\\/www.altominho.tv\\\/site\\\/#\\\/schema\\\/person\\\/c5570e5afb933b8d08c43373326ef1b1\"},\"headline\":\"Caminhense T\u00e2nia Esteves sobe ao palco no \u00b4The Voice Portugal`\",\"datePublished\":\"2023-09-28T14:37:29+00:00\",\"dateModified\":\"2023-09-28T14:37:33+00:00\",\"mainEntityOfPage\":{\"@id\":\"https:\\\/\\\/www.altominho.tv\\\/site\\\/2023\\\/09\\\/28\\\/caminhense-tania-esteves-sobe-ao-palco-no-the-voice-portugal\\\/\"},\"wordCount\":151,\"image\":{\"@id\":\"https:\\\/\\\/www.altominho.tv\\\/site\\\/2023\\\/09\\\/28\\\/caminhense-tania-esteves-sobe-ao-palco-no-the-voice-portugal\\\/#primaryimage\"},\"thumbnailUrl\":\"https:\\\/\\\/www.altominho.tv\\\/site\\\/wp-content\\\/uploads\\\/2023\\\/09\\\/Tania-Esteves.png\",\"keywords\":[\"Lazer\"],\"articleSection\":[\"Caminha\"],\"inLanguage\":\"pt-PT\",\"copyrightYear\":\"2023\",\"copyrightHolder\":{\"@id\":\"https:\\\/\\\/www.altominho.tv\\\/site\\\/#organization\"}},{\"@type\":\"WebPage\",\"@id\":\"https:\\\/\\\/www.altominho.tv\\\/site\\\/2023\\\/09\\\/28\\\/caminhense-tania-esteves-sobe-ao-palco-no-the-voice-portugal\\\/\",\"url\":\"https:\\\/\\\/www.altominho.tv\\\/site\\\/2023\\\/09\\\/28\\\/caminhense-tania-esteves-sobe-ao-palco-no-the-voice-portugal\\\/\",\"name\":\"Caminhense T\u00e2nia Esteves sobe ao palco no \u00b4The Voice Portugal`\",\"isPartOf\":{\"@id\":\"https:\\\/\\\/www.altominho.tv\\\/site\\\/#website\"},\"primaryImageOfPage\":{\"@id\":\"https:\\\/\\\/www.altominho.tv\\\/site\\\/2023\\\/09\\\/28\\\/caminhense-tania-esteves-sobe-ao-palco-no-the-voice-portugal\\\/#primaryimage\"},\"image\":{\"@id\":\"https:\\\/\\\/www.altominho.tv\\\/site\\\/2023\\\/09\\\/28\\\/caminhense-tania-esteves-sobe-ao-palco-no-the-voice-portugal\\\/#primaryimage\"},\"thumbnailUrl\":\"https:\\\/\\\/www.altominho.tv\\\/site\\\/wp-content\\\/uploads\\\/2023\\\/09\\\/Tania-Esteves.png\",\"datePublished\":\"2023-09-28T14:37:29+00:00\",\"dateModified\":\"2023-09-28T14:37:33+00:00\",\"author\":{\"@id\":\"https:\\\/\\\/www.altominho.tv\\\/site\\\/#\\\/schema\\\/person\\\/c5570e5afb933b8d08c43373326ef1b1\"},\"description\":\"T\u00e2nia Esteves, natural de Caminha, participa no pr\u00f3ximo domingo, 1 de outubro, no programa \u00b4The Voice Portugal\u00b4, da RTP, pelas 21h15.\",\"breadcrumb\":{\"@id\":\"https:\\\/\\\/www.altominho.tv\\\/site\\\/2023\\\/09\\\/28\\\/caminhense-tania-esteves-sobe-ao-palco-no-the-voice-portugal\\\/#breadcrumb\"},\"inLanguage\":\"pt-PT\",\"potentialAction\":[{\"@type\":\"ReadAction\",\"target\":[\"https:\\\/\\\/www.altominho.tv\\\/site\\\/2023\\\/09\\\/28\\\/caminhense-tania-esteves-sobe-ao-palco-no-the-voice-portugal\\\/\"]}]},{\"@type\":\"ImageObject\",\"inLanguage\":\"pt-PT\",\"@id\":\"https:\\\/\\\/www.altominho.tv\\\/site\\\/2023\\\/09\\\/28\\\/caminhense-tania-esteves-sobe-ao-palco-no-the-voice-portugal\\\/#primaryimage\",\"url\":\"https:\\\/\\\/www.altominho.tv\\\/site\\\/wp-content\\\/uploads\\\/2023\\\/09\\\/Tania-Esteves.png\",\"contentUrl\":\"https:\\\/\\\/www.altominho.tv\\\/site\\\/wp-content\\\/uploads\\\/2023\\\/09\\\/Tania-Esteves.png\",\"width\":1306,\"height\":762},{\"@type\":\"BreadcrumbList\",\"@id\":\"https:\\\/\\\/www.altominho.tv\\\/site\\\/2023\\\/09\\\/28\\\/caminhense-tania-esteves-sobe-ao-palco-no-the-voice-portugal\\\/#breadcrumb\",\"itemListElement\":[{\"@type\":\"ListItem\",\"position\":1,\"name\":\"In\u00edcio\",\"item\":\"https:\\\/\\\/www.altominho.tv\\\/site\\\/\"},{\"@type\":\"ListItem\",\"position\":2,\"name\":\"Caminhense T\u00e2nia Esteves sobe ao palco no \u00b4The Voice Portugal`\"}]},{\"@type\":\"WebSite\",\"@id\":\"https:\\\/\\\/www.altominho.tv\\\/site\\\/#website\",\"url\":\"https:\\\/\\\/www.altominho.tv\\\/site\\\/\",\"name\":\"Altominho.tv\",\"description\":\"A sua regi\u00e3o \u00e0 dist\u00e2ncia de um clique...\",\"potentialAction\":[{\"@type\":\"SearchAction\",\"target\":{\"@type\":\"EntryPoint\",\"urlTemplate\":\"https:\\\/\\\/www.altominho.tv\\\/site\\\/?s={search_term_string}\"},\"query-input\":{\"@type\":\"PropertyValueSpecification\",\"valueRequired\":true,\"valueName\":\"search_term_string\"}}],\"inLanguage\":\"pt-PT\"},{\"@type\":\"Person\",\"@id\":\"https:\\\/\\\/www.altominho.tv\\\/site\\\/#\\\/schema\\\/person\\\/c5570e5afb933b8d08c43373326ef1b1\",\"name\":\"Cesar Lopes\",\"image\":{\"@type\":\"ImageObject\",\"inLanguage\":\"pt-PT\",\"@id\":\"https:\\\/\\\/www.altominho.tv\\\/site\\\/wp-content\\\/uploads\\\/2022\\\/10\\\/Sem-Titulo-150x150.jpg\",\"url\":\"https:\\\/\\\/www.altominho.tv\\\/site\\\/wp-content\\\/uploads\\\/2022\\\/10\\\/Sem-Titulo-150x150.jpg\",\"contentUrl\":\"https:\\\/\\\/www.altominho.tv\\\/site\\\/wp-content\\\/uploads\\\/2022\\\/10\\\/Sem-Titulo-150x150.jpg\",\"caption\":\"Cesar Lopes\"},\"url\":\"https:\\\/\\\/www.altominho.tv\\\/site\\\/author\\\/cesarlopes\\\/\"}]}<\/script>\n<!-- \/ Yoast SEO Premium plugin. -->","yoast_head_json":{"title":"Caminhense T\u00e2nia Esteves sobe ao palco no \u00b4The Voice Portugal`","description":"T\u00e2nia Esteves, natural de Caminha, participa no pr\u00f3ximo domingo, 1 de outubro, no programa \u00b4The Voice Portugal\u00b4, da RTP, pelas 21h15.","robots":{"index":"index","follow":"follow","max-snippet":"max-snippet:-1","max-image-preview":"max-image-preview:large","max-video-preview":"max-video-preview:-1"},"canonical":"https:\/\/www.altominho.tv\/site\/2023\/09\/28\/caminhense-tania-esteves-sobe-ao-palco-no-the-voice-portugal\/","og_locale":"pt_PT","og_type":"article","og_title":"Caminhense T\u00e2nia Esteves sobe ao palco no \u00b4The Voice Portugal`","og_description":"T\u00e2nia Esteves, natural de Caminha, participa no pr\u00f3ximo domingo, 1 de outubro, no programa \u00b4The Voice Portugal\u00b4, da RTP, pelas 21h15.","og_url":"https:\/\/www.altominho.tv\/site\/2023\/09\/28\/caminhense-tania-esteves-sobe-ao-palco-no-the-voice-portugal\/","og_site_name":"Altominho.tv","article_publisher":"https:\/\/www.facebook.com\/altominhotv","article_published_time":"2023-09-28T14:37:29+00:00","article_modified_time":"2023-09-28T14:37:33+00:00","og_image":[{"width":1306,"height":762,"url":"https:\/\/www.altominho.tv\/site\/wp-content\/uploads\/2023\/09\/Tania-Esteves.png","type":"image\/png"}],"author":"Cesar Lopes","twitter_card":"summary_large_image","twitter_creator":"@altominhoTV","twitter_site":"@altominhoTV","twitter_misc":{"Escrito por":"Cesar Lopes","Tempo estimado de leitura":"1 minuto"},"schema":{"@context":"https:\/\/schema.org","@graph":[{"@type":"Article","@id":"https:\/\/www.altominho.tv\/site\/2023\/09\/28\/caminhense-tania-esteves-sobe-ao-palco-no-the-voice-portugal\/#article","isPartOf":{"@id":"https:\/\/www.altominho.tv\/site\/2023\/09\/28\/caminhense-tania-esteves-sobe-ao-palco-no-the-voice-portugal\/"},"author":{"name":"Cesar Lopes","@id":"https:\/\/www.altominho.tv\/site\/#\/schema\/person\/c5570e5afb933b8d08c43373326ef1b1"},"headline":"Caminhense T\u00e2nia Esteves sobe ao palco no \u00b4The Voice Portugal`","datePublished":"2023-09-28T14:37:29+00:00","dateModified":"2023-09-28T14:37:33+00:00","mainEntityOfPage":{"@id":"https:\/\/www.altominho.tv\/site\/2023\/09\/28\/caminhense-tania-esteves-sobe-ao-palco-no-the-voice-portugal\/"},"wordCount":151,"image":{"@id":"https:\/\/www.altominho.tv\/site\/2023\/09\/28\/caminhense-tania-esteves-sobe-ao-palco-no-the-voice-portugal\/#primaryimage"},"thumbnailUrl":"https:\/\/www.altominho.tv\/site\/wp-content\/uploads\/2023\/09\/Tania-Esteves.png","keywords":["Lazer"],"articleSection":["Caminha"],"inLanguage":"pt-PT","copyrightYear":"2023","copyrightHolder":{"@id":"https:\/\/www.altominho.tv\/site\/#organization"}},{"@type":"WebPage","@id":"https:\/\/www.altominho.tv\/site\/2023\/09\/28\/caminhense-tania-esteves-sobe-ao-palco-no-the-voice-portugal\/","url":"https:\/\/www.altominho.tv\/site\/2023\/09\/28\/caminhense-tania-esteves-sobe-ao-palco-no-the-voice-portugal\/","name":"Caminhense T\u00e2nia Esteves sobe ao palco no \u00b4The Voice Portugal`","isPartOf":{"@id":"https:\/\/www.altominho.tv\/site\/#website"},"primaryImageOfPage":{"@id":"https:\/\/www.altominho.tv\/site\/2023\/09\/28\/caminhense-tania-esteves-sobe-ao-palco-no-the-voice-portugal\/#primaryimage"},"image":{"@id":"https:\/\/www.altominho.tv\/site\/2023\/09\/28\/caminhense-tania-esteves-sobe-ao-palco-no-the-voice-portugal\/#primaryimage"},"thumbnailUrl":"https:\/\/www.altominho.tv\/site\/wp-content\/uploads\/2023\/09\/Tania-Esteves.png","datePublished":"2023-09-28T14:37:29+00:00","dateModified":"2023-09-28T14:37:33+00:00","author":{"@id":"https:\/\/www.altominho.tv\/site\/#\/schema\/person\/c5570e5afb933b8d08c43373326ef1b1"},"description":"T\u00e2nia Esteves, natural de Caminha, participa no pr\u00f3ximo domingo, 1 de outubro, no programa \u00b4The Voice Portugal\u00b4, da RTP, pelas 21h15.","breadcrumb":{"@id":"https:\/\/www.altominho.tv\/site\/2023\/09\/28\/caminhense-tania-esteves-sobe-ao-palco-no-the-voice-portugal\/#breadcrumb"},"inLanguage":"pt-PT","potentialAction":[{"@type":"ReadAction","target":["https:\/\/www.altominho.tv\/site\/2023\/09\/28\/caminhense-tania-esteves-sobe-ao-palco-no-the-voice-portugal\/"]}]},{"@type":"ImageObject","inLanguage":"pt-PT","@id":"https:\/\/www.altominho.tv\/site\/2023\/09\/28\/caminhense-tania-esteves-sobe-ao-palco-no-the-voice-portugal\/#primaryimage","url":"https:\/\/www.altominho.tv\/site\/wp-content\/uploads\/2023\/09\/Tania-Esteves.png","contentUrl":"https:\/\/www.altominho.tv\/site\/wp-content\/uploads\/2023\/09\/Tania-Esteves.png","width":1306,"height":762},{"@type":"BreadcrumbList","@id":"https:\/\/www.altominho.tv\/site\/2023\/09\/28\/caminhense-tania-esteves-sobe-ao-palco-no-the-voice-portugal\/#breadcrumb","itemListElement":[{"@type":"ListItem","position":1,"name":"In\u00edcio","item":"https:\/\/www.altominho.tv\/site\/"},{"@type":"ListItem","position":2,"name":"Caminhense T\u00e2nia Esteves sobe ao palco no \u00b4The Voice Portugal`"}]},{"@type":"WebSite","@id":"https:\/\/www.altominho.tv\/site\/#website","url":"https:\/\/www.altominho.tv\/site\/","name":"Altominho.tv","description":"A sua regi\u00e3o \u00e0 dist\u00e2ncia de um clique...","potentialAction":[{"@type":"SearchAction","target":{"@type":"EntryPoint","urlTemplate":"https:\/\/www.altominho.tv\/site\/?s={search_term_string}"},"query-input":{"@type":"PropertyValueSpecification","valueRequired":true,"valueName":"search_term_string"}}],"inLanguage":"pt-PT"},{"@type":"Person","@id":"https:\/\/www.altominho.tv\/site\/#\/schema\/person\/c5570e5afb933b8d08c43373326ef1b1","name":"Cesar Lopes","image":{"@type":"ImageObject","inLanguage":"pt-PT","@id":"https:\/\/www.altominho.tv\/site\/wp-content\/uploads\/2022\/10\/Sem-Titulo-150x150.jpg","url":"https:\/\/www.altominho.tv\/site\/wp-content\/uploads\/2022\/10\/Sem-Titulo-150x150.jpg","contentUrl":"https:\/\/www.altominho.tv\/site\/wp-content\/uploads\/2022\/10\/Sem-Titulo-150x150.jpg","caption":"Cesar Lopes"},"url":"https:\/\/www.altominho.tv\/site\/author\/cesarlopes\/"}]}},"_links":{"self":[{"href":"https:\/\/www.altominho.tv\/site\/wp-json\/wp\/v2\/posts\/97062","targetHints":{"allow":["GET"]}}],"collection":[{"href":"https:\/\/www.altominho.tv\/site\/wp-json\/wp\/v2\/posts"}],"about":[{"href":"https:\/\/www.altominho.tv\/site\/wp-json\/wp\/v2\/types\/post"}],"author":[{"embeddable":true,"href":"https:\/\/www.altominho.tv\/site\/wp-json\/wp\/v2\/users\/24"}],"replies":[{"embeddable":true,"href":"https:\/\/www.altominho.tv\/site\/wp-json\/wp\/v2\/comments?post=97062"}],"version-history":[{"count":1,"href":"https:\/\/www.altominho.tv\/site\/wp-json\/wp\/v2\/posts\/97062\/revisions"}],"predecessor-version":[{"id":97064,"href":"https:\/\/www.altominho.tv\/site\/wp-json\/wp\/v2\/posts\/97062\/revisions\/97064"}],"wp:featuredmedia":[{"embeddable":true,"href":"https:\/\/www.altominho.tv\/site\/wp-json\/wp\/v2\/media\/97063"}],"wp:attachment":[{"href":"https:\/\/www.altominho.tv\/site\/wp-json\/wp\/v2\/media?parent=97062"}],"wp:term":[{"taxonomy":"category","embeddable":true,"href":"https:\/\/www.altominho.tv\/site\/wp-json\/wp\/v2\/categories?post=97062"},{"taxonomy":"post_tag","embeddable":true,"href":"https:\/\/www.altominho.tv\/site\/wp-json\/wp\/v2\/tags?post=97062"}],"curies":[{"name":"wp","href":"https:\/\/api.w.org\/{rel}","templated":true}]}}