{"id":97042,"date":"2023-09-28T09:59:16","date_gmt":"2023-09-28T08:59:16","guid":{"rendered":"https:\/\/www.altominho.tv\/site\/?p=97042"},"modified":"2023-09-28T09:59:20","modified_gmt":"2023-09-28T08:59:20","slug":"portugal-continental-com-temperaturas-que-podem-chegar-aos-37-graus-a-partir-de-amanha","status":"publish","type":"post","link":"https:\/\/www.altominho.tv\/site\/2023\/09\/28\/portugal-continental-com-temperaturas-que-podem-chegar-aos-37-graus-a-partir-de-amanha\/","title":{"rendered":"Portugal Continental com temperaturas que podem chegar aos 37 graus a partir de amanh\u00e3"},"content":{"rendered":"<p>As temperaturas m\u00e1ximas no continente v\u00e3o estar a partir de amanh\u00e3, sexta-feira, dia 29 de setembro, acima dos 30 graus Celsius, podendo atingir os 37 graus, cerca de 5 a 8 graus acima da m\u00e9dia para o m\u00eas de setembro, segundo o IPMA.<\/p>\n<p>Esta subida generalizada da temperatura acompanhada da diminui\u00e7\u00e3o da humidade relativa do ar vai contribuir para um agravamento do perigo de inc\u00eandio rural, em especial no Algarve nas regi\u00f5es do interior, de acordo com a meteorologista \u00c2ngela Louren\u00e7o, do Instituto Portugu\u00eas do Mar e da Atmosfera (IPMA).<\/p>\n<p>A partir de sexta-feira, o estado do tempo no continente ser\u00e1 influenciado por uma &#8220;intensa crista anticicl\u00f3nica localizada sobre a Europa Ocidental, associada ao transporte de uma massa de ar quente e seco, com origem no Norte de \u00c1frica&#8221;.<\/p>\n<p>&#8220;Este epis\u00f3dio de tempo quente em Portugal continental vai-se fazer sentir principalmente a partir dos dias 29 e 30 [sexta-feira e s\u00e1bado]. At\u00e9 agora j\u00e1 foram registados valores de temperatura m\u00e1xima acima da m\u00e9dia pr\u00f3xima ou superiores a 30 graus em algumas regi\u00f5es do pa\u00eds&#8221;, disse.<\/p>\n<p>No entanto, sublinhou \u00c2ngela Louren\u00e7o, a partir de sexta-feira e s\u00e1bado vai-se registar uma subida significativa, o que tem como consequ\u00eancia que as temperaturas m\u00e1ximas, em particular na regi\u00e3o sul e no Vale do Tejo, poder\u00e3o atingir valores entre 35 e 37 graus.<\/p>\n<p>&#8220;Estes valores s\u00e3o acima dos valores normais para o m\u00eas de setembro. Ainda que n\u00e3o sejam expect\u00e1veis valores absolutos de temperatura m\u00e1xima compar\u00e1veis a epis\u00f3dios ocorridos durante os meses mais quentes, os valores previstos correspondem a anomalias de at\u00e9 cerca de 5 a 8 graus acima dos valores m\u00e9dios habituais para esta altura do ano&#8221;, destacou.<\/p>\n<p>No que diz respeito \u00e0s temperaturas m\u00ednimas, \u00c2ngela Louren\u00e7o adiantou que ir\u00e3o registar uma subida, podendo ser registadas noites com valores iguais ou superiores a 20 graus, que o IPMA caracteriza como noites tropicais, em alguns locais, em especial no litoral da regi\u00e3o do Algarve.<\/p>\n<p>&#8220;Esta situa\u00e7\u00e3o de tempo quente dever\u00e1 persistir at\u00e9 ao in\u00edcio da semana, at\u00e9 dia 3. A partir da\u00ed existe alguma incerteza se esta persist\u00eancia de temperaturas elevadas dever\u00e1 continuar ou n\u00e3o. Em todo o caso, mesmo que ocorra uma descida de temperatura, os valores ir\u00e3o manter-se acima da m\u00e9dia para a \u00e9poca do ano&#8221;, disse.<\/p>\n<p>Segundo \u00c2ngela Louren\u00e7o, se o cen\u00e1rio da influ\u00eancia da crista anticicl\u00f3nica persistir e o epis\u00f3dio de tempo quente se prolongar por mais dias, em especial na regi\u00e3o Sul, poder\u00e1 ocorrer uma onda de calor.<\/p>\n","protected":false},"excerpt":{"rendered":"<p>As temperaturas m\u00e1ximas no continente v\u00e3o estar a partir de amanh\u00e3, sexta-feira, dia 29 de setembro, acima dos 30 graus Celsius, podendo atingir os 37 graus, cerca de 5 a 8 graus acima da m\u00e9dia para o m\u00eas de setembro, segundo o IPMA. Esta subida generalizada da temperatura acompanhada da diminui\u00e7\u00e3o da humidade relativa do [&hellip;]<\/p>\n","protected":false},"author":13,"featured_media":97043,"comment_status":"closed","ping_status":"closed","sticky":false,"template":"","format":"standard","meta":{"_exactmetrics_skip_tracking":false,"_exactmetrics_sitenote_active":false,"_exactmetrics_sitenote_note":"","_exactmetrics_sitenote_category":0,"footnotes":""},"categories":[56325],"tags":[27],"class_list":["post-97042","post","type-post","status-publish","format-standard","has-post-thumbnail","hentry","category-pais","tag-sociedade"],"yoast_head":"<!-- This site is optimized with the Yoast SEO Premium plugin v27.5 (Yoast SEO v27.5) - https:\/\/yoast.com\/product\/yoast-seo-premium-wordpress\/ -->\n<title>Portugal Continental com temperaturas que podem chegar aos 37 graus a partir de amanh\u00e3<\/title>\n<meta name=\"description\" content=\"As temperaturas m\u00e1ximas no continente v\u00e3o estar a partir de amanh\u00e3, sexta-feira, dia 29 de setembro, acima dos 30 graus Celsius, podendo atingir os 37 graus, cerca de 5 a 8 graus acima da m\u00e9dia para o m\u00eas de setembro, segundo o IPMA.\" \/>\n<meta name=\"robots\" content=\"index, follow, max-snippet:-1, max-image-preview:large, max-video-preview:-1\" \/>\n<link rel=\"canonical\" href=\"https:\/\/www.altominho.tv\/site\/2023\/09\/28\/portugal-continental-com-temperaturas-que-podem-chegar-aos-37-graus-a-partir-de-amanha\/\" \/>\n<meta property=\"og:locale\" content=\"pt_PT\" \/>\n<meta property=\"og:type\" content=\"article\" \/>\n<meta property=\"og:title\" content=\"Portugal Continental com temperaturas que podem chegar aos 37 graus a partir de amanh\u00e3\" \/>\n<meta property=\"og:description\" content=\"As temperaturas m\u00e1ximas no continente v\u00e3o estar a partir de amanh\u00e3, sexta-feira, dia 29 de setembro, acima dos 30 graus Celsius, podendo atingir os 37 graus, cerca de 5 a 8 graus acima da m\u00e9dia para o m\u00eas de setembro, segundo o IPMA.\" \/>\n<meta property=\"og:url\" content=\"https:\/\/www.altominho.tv\/site\/2023\/09\/28\/portugal-continental-com-temperaturas-que-podem-chegar-aos-37-graus-a-partir-de-amanha\/\" \/>\n<meta property=\"og:site_name\" content=\"Altominho.tv\" \/>\n<meta property=\"article:publisher\" content=\"https:\/\/www.facebook.com\/altominhotv\" \/>\n<meta property=\"article:published_time\" content=\"2023-09-28T08:59:16+00:00\" \/>\n<meta property=\"article:modified_time\" content=\"2023-09-28T08:59:20+00:00\" \/>\n<meta property=\"og:image\" content=\"https:\/\/www.altominho.tv\/site\/wp-content\/uploads\/2023\/09\/Calor-Temperatura.jpg\" \/>\n\t<meta property=\"og:image:width\" content=\"740\" \/>\n\t<meta property=\"og:image:height\" content=\"493\" \/>\n\t<meta property=\"og:image:type\" content=\"image\/jpeg\" \/>\n<meta name=\"author\" content=\"Lusa\" \/>\n<meta name=\"twitter:card\" content=\"summary_large_image\" \/>\n<meta name=\"twitter:creator\" content=\"@altominhoTV\" \/>\n<meta name=\"twitter:site\" content=\"@altominhoTV\" \/>\n<meta name=\"twitter:label1\" content=\"Escrito por\" \/>\n\t<meta name=\"twitter:data1\" content=\"Lusa\" \/>\n\t<meta name=\"twitter:label2\" content=\"Tempo estimado de leitura\" \/>\n\t<meta name=\"twitter:data2\" content=\"3 minutos\" \/>\n<script type=\"application\/ld+json\" class=\"yoast-schema-graph\">{\"@context\":\"https:\\\/\\\/schema.org\",\"@graph\":[{\"@type\":\"Article\",\"@id\":\"https:\\\/\\\/www.altominho.tv\\\/site\\\/2023\\\/09\\\/28\\\/portugal-continental-com-temperaturas-que-podem-chegar-aos-37-graus-a-partir-de-amanha\\\/#article\",\"isPartOf\":{\"@id\":\"https:\\\/\\\/www.altominho.tv\\\/site\\\/2023\\\/09\\\/28\\\/portugal-continental-com-temperaturas-que-podem-chegar-aos-37-graus-a-partir-de-amanha\\\/\"},\"author\":{\"name\":\"Lusa\",\"@id\":\"https:\\\/\\\/www.altominho.tv\\\/site\\\/#\\\/schema\\\/person\\\/63f693da3e1899361cbe955c46f3232e\"},\"headline\":\"Portugal Continental com temperaturas que podem chegar aos 37 graus a partir de amanh\u00e3\",\"datePublished\":\"2023-09-28T08:59:16+00:00\",\"dateModified\":\"2023-09-28T08:59:20+00:00\",\"mainEntityOfPage\":{\"@id\":\"https:\\\/\\\/www.altominho.tv\\\/site\\\/2023\\\/09\\\/28\\\/portugal-continental-com-temperaturas-que-podem-chegar-aos-37-graus-a-partir-de-amanha\\\/\"},\"wordCount\":454,\"image\":{\"@id\":\"https:\\\/\\\/www.altominho.tv\\\/site\\\/2023\\\/09\\\/28\\\/portugal-continental-com-temperaturas-que-podem-chegar-aos-37-graus-a-partir-de-amanha\\\/#primaryimage\"},\"thumbnailUrl\":\"https:\\\/\\\/www.altominho.tv\\\/site\\\/wp-content\\\/uploads\\\/2023\\\/09\\\/Calor-Temperatura.jpg\",\"keywords\":[\"Sociedade\"],\"articleSection\":[\"Pa\u00eds\"],\"inLanguage\":\"pt-PT\",\"copyrightYear\":\"2023\",\"copyrightHolder\":{\"@id\":\"https:\\\/\\\/www.altominho.tv\\\/site\\\/#organization\"}},{\"@type\":\"WebPage\",\"@id\":\"https:\\\/\\\/www.altominho.tv\\\/site\\\/2023\\\/09\\\/28\\\/portugal-continental-com-temperaturas-que-podem-chegar-aos-37-graus-a-partir-de-amanha\\\/\",\"url\":\"https:\\\/\\\/www.altominho.tv\\\/site\\\/2023\\\/09\\\/28\\\/portugal-continental-com-temperaturas-que-podem-chegar-aos-37-graus-a-partir-de-amanha\\\/\",\"name\":\"Portugal Continental com temperaturas que podem chegar aos 37 graus a partir de amanh\u00e3\",\"isPartOf\":{\"@id\":\"https:\\\/\\\/www.altominho.tv\\\/site\\\/#website\"},\"primaryImageOfPage\":{\"@id\":\"https:\\\/\\\/www.altominho.tv\\\/site\\\/2023\\\/09\\\/28\\\/portugal-continental-com-temperaturas-que-podem-chegar-aos-37-graus-a-partir-de-amanha\\\/#primaryimage\"},\"image\":{\"@id\":\"https:\\\/\\\/www.altominho.tv\\\/site\\\/2023\\\/09\\\/28\\\/portugal-continental-com-temperaturas-que-podem-chegar-aos-37-graus-a-partir-de-amanha\\\/#primaryimage\"},\"thumbnailUrl\":\"https:\\\/\\\/www.altominho.tv\\\/site\\\/wp-content\\\/uploads\\\/2023\\\/09\\\/Calor-Temperatura.jpg\",\"datePublished\":\"2023-09-28T08:59:16+00:00\",\"dateModified\":\"2023-09-28T08:59:20+00:00\",\"author\":{\"@id\":\"https:\\\/\\\/www.altominho.tv\\\/site\\\/#\\\/schema\\\/person\\\/63f693da3e1899361cbe955c46f3232e\"},\"description\":\"As temperaturas m\u00e1ximas no continente v\u00e3o estar a partir de amanh\u00e3, sexta-feira, dia 29 de setembro, acima dos 30 graus Celsius, podendo atingir os 37 graus, cerca de 5 a 8 graus acima da m\u00e9dia para o m\u00eas de setembro, segundo o IPMA.\",\"breadcrumb\":{\"@id\":\"https:\\\/\\\/www.altominho.tv\\\/site\\\/2023\\\/09\\\/28\\\/portugal-continental-com-temperaturas-que-podem-chegar-aos-37-graus-a-partir-de-amanha\\\/#breadcrumb\"},\"inLanguage\":\"pt-PT\",\"potentialAction\":[{\"@type\":\"ReadAction\",\"target\":[\"https:\\\/\\\/www.altominho.tv\\\/site\\\/2023\\\/09\\\/28\\\/portugal-continental-com-temperaturas-que-podem-chegar-aos-37-graus-a-partir-de-amanha\\\/\"]}]},{\"@type\":\"ImageObject\",\"inLanguage\":\"pt-PT\",\"@id\":\"https:\\\/\\\/www.altominho.tv\\\/site\\\/2023\\\/09\\\/28\\\/portugal-continental-com-temperaturas-que-podem-chegar-aos-37-graus-a-partir-de-amanha\\\/#primaryimage\",\"url\":\"https:\\\/\\\/www.altominho.tv\\\/site\\\/wp-content\\\/uploads\\\/2023\\\/09\\\/Calor-Temperatura.jpg\",\"contentUrl\":\"https:\\\/\\\/www.altominho.tv\\\/site\\\/wp-content\\\/uploads\\\/2023\\\/09\\\/Calor-Temperatura.jpg\",\"width\":740,\"height\":493},{\"@type\":\"BreadcrumbList\",\"@id\":\"https:\\\/\\\/www.altominho.tv\\\/site\\\/2023\\\/09\\\/28\\\/portugal-continental-com-temperaturas-que-podem-chegar-aos-37-graus-a-partir-de-amanha\\\/#breadcrumb\",\"itemListElement\":[{\"@type\":\"ListItem\",\"position\":1,\"name\":\"In\u00edcio\",\"item\":\"https:\\\/\\\/www.altominho.tv\\\/site\\\/\"},{\"@type\":\"ListItem\",\"position\":2,\"name\":\"Portugal Continental com temperaturas que podem chegar aos 37 graus a partir de amanh\u00e3\"}]},{\"@type\":\"WebSite\",\"@id\":\"https:\\\/\\\/www.altominho.tv\\\/site\\\/#website\",\"url\":\"https:\\\/\\\/www.altominho.tv\\\/site\\\/\",\"name\":\"Altominho.tv\",\"description\":\"A sua regi\u00e3o \u00e0 dist\u00e2ncia de um clique...\",\"potentialAction\":[{\"@type\":\"SearchAction\",\"target\":{\"@type\":\"EntryPoint\",\"urlTemplate\":\"https:\\\/\\\/www.altominho.tv\\\/site\\\/?s={search_term_string}\"},\"query-input\":{\"@type\":\"PropertyValueSpecification\",\"valueRequired\":true,\"valueName\":\"search_term_string\"}}],\"inLanguage\":\"pt-PT\"},{\"@type\":\"Person\",\"@id\":\"https:\\\/\\\/www.altominho.tv\\\/site\\\/#\\\/schema\\\/person\\\/63f693da3e1899361cbe955c46f3232e\",\"name\":\"Lusa\",\"image\":{\"@type\":\"ImageObject\",\"inLanguage\":\"pt-PT\",\"@id\":\"https:\\\/\\\/www.altominho.tv\\\/site\\\/wp-content\\\/uploads\\\/2019\\\/08\\\/LUSA_Logo.gif\",\"url\":\"https:\\\/\\\/www.altominho.tv\\\/site\\\/wp-content\\\/uploads\\\/2019\\\/08\\\/LUSA_Logo.gif\",\"contentUrl\":\"https:\\\/\\\/www.altominho.tv\\\/site\\\/wp-content\\\/uploads\\\/2019\\\/08\\\/LUSA_Logo.gif\",\"caption\":\"Lusa\"},\"sameAs\":[\"http:\\\/\\\/\\\/\\\/www.altominho.tv\\\/site\"],\"url\":\"https:\\\/\\\/www.altominho.tv\\\/site\\\/author\\\/lusa\\\/\"}]}<\/script>\n<!-- \/ Yoast SEO Premium plugin. -->","yoast_head_json":{"title":"Portugal Continental com temperaturas que podem chegar aos 37 graus a partir de amanh\u00e3","description":"As temperaturas m\u00e1ximas no continente v\u00e3o estar a partir de amanh\u00e3, sexta-feira, dia 29 de setembro, acima dos 30 graus Celsius, podendo atingir os 37 graus, cerca de 5 a 8 graus acima da m\u00e9dia para o m\u00eas de setembro, segundo o IPMA.","robots":{"index":"index","follow":"follow","max-snippet":"max-snippet:-1","max-image-preview":"max-image-preview:large","max-video-preview":"max-video-preview:-1"},"canonical":"https:\/\/www.altominho.tv\/site\/2023\/09\/28\/portugal-continental-com-temperaturas-que-podem-chegar-aos-37-graus-a-partir-de-amanha\/","og_locale":"pt_PT","og_type":"article","og_title":"Portugal Continental com temperaturas que podem chegar aos 37 graus a partir de amanh\u00e3","og_description":"As temperaturas m\u00e1ximas no continente v\u00e3o estar a partir de amanh\u00e3, sexta-feira, dia 29 de setembro, acima dos 30 graus Celsius, podendo atingir os 37 graus, cerca de 5 a 8 graus acima da m\u00e9dia para o m\u00eas de setembro, segundo o IPMA.","og_url":"https:\/\/www.altominho.tv\/site\/2023\/09\/28\/portugal-continental-com-temperaturas-que-podem-chegar-aos-37-graus-a-partir-de-amanha\/","og_site_name":"Altominho.tv","article_publisher":"https:\/\/www.facebook.com\/altominhotv","article_published_time":"2023-09-28T08:59:16+00:00","article_modified_time":"2023-09-28T08:59:20+00:00","og_image":[{"width":740,"height":493,"url":"https:\/\/www.altominho.tv\/site\/wp-content\/uploads\/2023\/09\/Calor-Temperatura.jpg","type":"image\/jpeg"}],"author":"Lusa","twitter_card":"summary_large_image","twitter_creator":"@altominhoTV","twitter_site":"@altominhoTV","twitter_misc":{"Escrito por":"Lusa","Tempo estimado de leitura":"3 minutos"},"schema":{"@context":"https:\/\/schema.org","@graph":[{"@type":"Article","@id":"https:\/\/www.altominho.tv\/site\/2023\/09\/28\/portugal-continental-com-temperaturas-que-podem-chegar-aos-37-graus-a-partir-de-amanha\/#article","isPartOf":{"@id":"https:\/\/www.altominho.tv\/site\/2023\/09\/28\/portugal-continental-com-temperaturas-que-podem-chegar-aos-37-graus-a-partir-de-amanha\/"},"author":{"name":"Lusa","@id":"https:\/\/www.altominho.tv\/site\/#\/schema\/person\/63f693da3e1899361cbe955c46f3232e"},"headline":"Portugal Continental com temperaturas que podem chegar aos 37 graus a partir de amanh\u00e3","datePublished":"2023-09-28T08:59:16+00:00","dateModified":"2023-09-28T08:59:20+00:00","mainEntityOfPage":{"@id":"https:\/\/www.altominho.tv\/site\/2023\/09\/28\/portugal-continental-com-temperaturas-que-podem-chegar-aos-37-graus-a-partir-de-amanha\/"},"wordCount":454,"image":{"@id":"https:\/\/www.altominho.tv\/site\/2023\/09\/28\/portugal-continental-com-temperaturas-que-podem-chegar-aos-37-graus-a-partir-de-amanha\/#primaryimage"},"thumbnailUrl":"https:\/\/www.altominho.tv\/site\/wp-content\/uploads\/2023\/09\/Calor-Temperatura.jpg","keywords":["Sociedade"],"articleSection":["Pa\u00eds"],"inLanguage":"pt-PT","copyrightYear":"2023","copyrightHolder":{"@id":"https:\/\/www.altominho.tv\/site\/#organization"}},{"@type":"WebPage","@id":"https:\/\/www.altominho.tv\/site\/2023\/09\/28\/portugal-continental-com-temperaturas-que-podem-chegar-aos-37-graus-a-partir-de-amanha\/","url":"https:\/\/www.altominho.tv\/site\/2023\/09\/28\/portugal-continental-com-temperaturas-que-podem-chegar-aos-37-graus-a-partir-de-amanha\/","name":"Portugal Continental com temperaturas que podem chegar aos 37 graus a partir de amanh\u00e3","isPartOf":{"@id":"https:\/\/www.altominho.tv\/site\/#website"},"primaryImageOfPage":{"@id":"https:\/\/www.altominho.tv\/site\/2023\/09\/28\/portugal-continental-com-temperaturas-que-podem-chegar-aos-37-graus-a-partir-de-amanha\/#primaryimage"},"image":{"@id":"https:\/\/www.altominho.tv\/site\/2023\/09\/28\/portugal-continental-com-temperaturas-que-podem-chegar-aos-37-graus-a-partir-de-amanha\/#primaryimage"},"thumbnailUrl":"https:\/\/www.altominho.tv\/site\/wp-content\/uploads\/2023\/09\/Calor-Temperatura.jpg","datePublished":"2023-09-28T08:59:16+00:00","dateModified":"2023-09-28T08:59:20+00:00","author":{"@id":"https:\/\/www.altominho.tv\/site\/#\/schema\/person\/63f693da3e1899361cbe955c46f3232e"},"description":"As temperaturas m\u00e1ximas no continente v\u00e3o estar a partir de amanh\u00e3, sexta-feira, dia 29 de setembro, acima dos 30 graus Celsius, podendo atingir os 37 graus, cerca de 5 a 8 graus acima da m\u00e9dia para o m\u00eas de setembro, segundo o IPMA.","breadcrumb":{"@id":"https:\/\/www.altominho.tv\/site\/2023\/09\/28\/portugal-continental-com-temperaturas-que-podem-chegar-aos-37-graus-a-partir-de-amanha\/#breadcrumb"},"inLanguage":"pt-PT","potentialAction":[{"@type":"ReadAction","target":["https:\/\/www.altominho.tv\/site\/2023\/09\/28\/portugal-continental-com-temperaturas-que-podem-chegar-aos-37-graus-a-partir-de-amanha\/"]}]},{"@type":"ImageObject","inLanguage":"pt-PT","@id":"https:\/\/www.altominho.tv\/site\/2023\/09\/28\/portugal-continental-com-temperaturas-que-podem-chegar-aos-37-graus-a-partir-de-amanha\/#primaryimage","url":"https:\/\/www.altominho.tv\/site\/wp-content\/uploads\/2023\/09\/Calor-Temperatura.jpg","contentUrl":"https:\/\/www.altominho.tv\/site\/wp-content\/uploads\/2023\/09\/Calor-Temperatura.jpg","width":740,"height":493},{"@type":"BreadcrumbList","@id":"https:\/\/www.altominho.tv\/site\/2023\/09\/28\/portugal-continental-com-temperaturas-que-podem-chegar-aos-37-graus-a-partir-de-amanha\/#breadcrumb","itemListElement":[{"@type":"ListItem","position":1,"name":"In\u00edcio","item":"https:\/\/www.altominho.tv\/site\/"},{"@type":"ListItem","position":2,"name":"Portugal Continental com temperaturas que podem chegar aos 37 graus a partir de amanh\u00e3"}]},{"@type":"WebSite","@id":"https:\/\/www.altominho.tv\/site\/#website","url":"https:\/\/www.altominho.tv\/site\/","name":"Altominho.tv","description":"A sua regi\u00e3o \u00e0 dist\u00e2ncia de um clique...","potentialAction":[{"@type":"SearchAction","target":{"@type":"EntryPoint","urlTemplate":"https:\/\/www.altominho.tv\/site\/?s={search_term_string}"},"query-input":{"@type":"PropertyValueSpecification","valueRequired":true,"valueName":"search_term_string"}}],"inLanguage":"pt-PT"},{"@type":"Person","@id":"https:\/\/www.altominho.tv\/site\/#\/schema\/person\/63f693da3e1899361cbe955c46f3232e","name":"Lusa","image":{"@type":"ImageObject","inLanguage":"pt-PT","@id":"https:\/\/www.altominho.tv\/site\/wp-content\/uploads\/2019\/08\/LUSA_Logo.gif","url":"https:\/\/www.altominho.tv\/site\/wp-content\/uploads\/2019\/08\/LUSA_Logo.gif","contentUrl":"https:\/\/www.altominho.tv\/site\/wp-content\/uploads\/2019\/08\/LUSA_Logo.gif","caption":"Lusa"},"sameAs":["http:\/\/\/\/www.altominho.tv\/site"],"url":"https:\/\/www.altominho.tv\/site\/author\/lusa\/"}]}},"_links":{"self":[{"href":"https:\/\/www.altominho.tv\/site\/wp-json\/wp\/v2\/posts\/97042","targetHints":{"allow":["GET"]}}],"collection":[{"href":"https:\/\/www.altominho.tv\/site\/wp-json\/wp\/v2\/posts"}],"about":[{"href":"https:\/\/www.altominho.tv\/site\/wp-json\/wp\/v2\/types\/post"}],"author":[{"embeddable":true,"href":"https:\/\/www.altominho.tv\/site\/wp-json\/wp\/v2\/users\/13"}],"replies":[{"embeddable":true,"href":"https:\/\/www.altominho.tv\/site\/wp-json\/wp\/v2\/comments?post=97042"}],"version-history":[{"count":1,"href":"https:\/\/www.altominho.tv\/site\/wp-json\/wp\/v2\/posts\/97042\/revisions"}],"predecessor-version":[{"id":97044,"href":"https:\/\/www.altominho.tv\/site\/wp-json\/wp\/v2\/posts\/97042\/revisions\/97044"}],"wp:featuredmedia":[{"embeddable":true,"href":"https:\/\/www.altominho.tv\/site\/wp-json\/wp\/v2\/media\/97043"}],"wp:attachment":[{"href":"https:\/\/www.altominho.tv\/site\/wp-json\/wp\/v2\/media?parent=97042"}],"wp:term":[{"taxonomy":"category","embeddable":true,"href":"https:\/\/www.altominho.tv\/site\/wp-json\/wp\/v2\/categories?post=97042"},{"taxonomy":"post_tag","embeddable":true,"href":"https:\/\/www.altominho.tv\/site\/wp-json\/wp\/v2\/tags?post=97042"}],"curies":[{"name":"wp","href":"https:\/\/api.w.org\/{rel}","templated":true}]}}