{"id":97023,"date":"2023-09-27T17:00:07","date_gmt":"2023-09-27T16:00:07","guid":{"rendered":"https:\/\/www.altominho.tv\/site\/?p=97023"},"modified":"2023-09-27T17:00:11","modified_gmt":"2023-09-27T16:00:11","slug":"dia-mundial-do-turismo-com-atividades-em-arcos-de-valdevez","status":"publish","type":"post","link":"https:\/\/www.altominho.tv\/site\/2023\/09\/27\/dia-mundial-do-turismo-com-atividades-em-arcos-de-valdevez\/","title":{"rendered":"Dia Mundial do Turismo com atividades em Arcos de Valdevez"},"content":{"rendered":"<p>O Dia Mundial do Turismo \u00e9 assinalado anualmente no dia 27 de setembro, e, tal como habitual, a C\u00e2mara Municipal de Arcos de Valdevez volta a associar-se \u00e0s celebra\u00e7\u00f5es com um programa para o efeito.<\/p>\n<p>Assim, de 27 a 29 de setembro, os visitantes poder\u00e3o realizar em diversos pontos do concelho visitas guiadas aos diversos equipamentos culturais municipais e caminhadas tem\u00e1ticas.<\/p>\n<p>&#8220;O Turismo \u00e9 um forte dinamizador econ\u00f3mico do concelho, sendo Arcos de Valdevez muito procurado pelo seu Turismo de Natureza, Patrim\u00f3nio cultural e edificado, e excelente gastronomia e vinhos&#8221; considera a autarquia.<\/p>\n<p>Neste sentido, o Munic\u00edpio tem implementado um conjunto de iniciativas de forma a afirmar cada vez mais o concelho como um destino de elei\u00e7\u00e3o, com mais valias para a economia, a sociedade e cultura, estando atualmente em desenvolvimento um plano estrat\u00e9gico de desenvolvimento tur\u00edstico para o concelho.<\/p>\n<p>Todas as atividades previstas s\u00e3o gratuitas, estando limitados os lugares.<\/p>\n","protected":false},"excerpt":{"rendered":"<p>O Dia Mundial do Turismo \u00e9 assinalado anualmente no dia 27 de setembro, e, tal como habitual, a C\u00e2mara Municipal de Arcos de Valdevez volta a associar-se \u00e0s celebra\u00e7\u00f5es com um programa para o efeito. Assim, de 27 a 29 de setembro, os visitantes poder\u00e3o realizar em diversos pontos do concelho visitas guiadas aos diversos [&hellip;]<\/p>\n","protected":false},"author":28,"featured_media":97024,"comment_status":"closed","ping_status":"closed","sticky":false,"template":"","format":"standard","meta":{"_exactmetrics_skip_tracking":false,"footnotes":""},"categories":[2],"tags":[27],"class_list":["post-97023","post","type-post","status-publish","format-standard","has-post-thumbnail","hentry","category-arcos-de-valdevez","tag-sociedade"],"yoast_head":"<!-- This site is optimized with the Yoast SEO Premium plugin v28.3 (Yoast SEO v28.3) - https:\/\/yoast.com\/product\/yoast-seo-premium-wordpress\/ -->\n<title>Dia Mundial do Turismo com atividades em Arcos de Valdevez<\/title>\n<meta name=\"description\" content=\"O Dia Mundial do Turismo \u00e9 assinalado anualmente no dia 27 de setembro, e, tal como habitual, a C\u00e2mara Municipal de Arcos de Valdevez volta a associar-se \u00e0s celebra\u00e7\u00f5es com um programa para o efeito\" \/>\n<meta name=\"robots\" content=\"index, follow, max-snippet:-1, max-image-preview:large, max-video-preview:-1\" \/>\n<link rel=\"canonical\" href=\"https:\/\/www.altominho.tv\/site\/2023\/09\/27\/dia-mundial-do-turismo-com-atividades-em-arcos-de-valdevez\/\" \/>\n<meta property=\"og:locale\" content=\"pt_PT\" \/>\n<meta property=\"og:type\" content=\"article\" \/>\n<meta property=\"og:title\" content=\"Dia Mundial do Turismo com atividades em Arcos de Valdevez\" \/>\n<meta property=\"og:description\" content=\"O Dia Mundial do Turismo \u00e9 assinalado anualmente no dia 27 de setembro, e, tal como habitual, a C\u00e2mara Municipal de Arcos de Valdevez volta a associar-se \u00e0s celebra\u00e7\u00f5es com um programa para o efeito\" \/>\n<meta property=\"og:url\" content=\"https:\/\/www.altominho.tv\/site\/2023\/09\/27\/dia-mundial-do-turismo-com-atividades-em-arcos-de-valdevez\/\" \/>\n<meta property=\"og:site_name\" content=\"Altominho.tv\" \/>\n<meta property=\"article:publisher\" content=\"https:\/\/www.facebook.com\/altominhotv\" \/>\n<meta property=\"article:published_time\" content=\"2023-09-27T16:00:07+00:00\" \/>\n<meta property=\"article:modified_time\" content=\"2023-09-27T16:00:11+00:00\" \/>\n<meta property=\"og:image\" content=\"https:\/\/www.altominho.tv\/site\/wp-content\/uploads\/2023\/09\/arcos.jpg\" \/>\n\t<meta property=\"og:image:width\" content=\"980\" \/>\n\t<meta property=\"og:image:height\" content=\"653\" \/>\n\t<meta property=\"og:image:type\" content=\"image\/jpeg\" \/>\n<meta name=\"author\" content=\"Beatriz Lira\" \/>\n<meta name=\"twitter:card\" content=\"summary_large_image\" \/>\n<meta name=\"twitter:creator\" content=\"@altominhoTV\" \/>\n<meta name=\"twitter:site\" content=\"@altominhoTV\" \/>\n<meta name=\"twitter:label1\" content=\"Escrito por\" \/>\n\t<meta name=\"twitter:data1\" content=\"Beatriz Lira\" \/>\n\t<meta name=\"twitter:label2\" content=\"Tempo estimado de leitura\" \/>\n\t<meta name=\"twitter:data2\" content=\"1 minuto\" \/>\n<script type=\"application\/ld+json\" class=\"yoast-schema-graph\">{\"@context\":\"https:\\\/\\\/schema.org\",\"@graph\":[{\"@type\":\"Article\",\"@id\":\"https:\\\/\\\/www.altominho.tv\\\/site\\\/2023\\\/09\\\/27\\\/dia-mundial-do-turismo-com-atividades-em-arcos-de-valdevez\\\/#article\",\"isPartOf\":{\"@id\":\"https:\\\/\\\/www.altominho.tv\\\/site\\\/2023\\\/09\\\/27\\\/dia-mundial-do-turismo-com-atividades-em-arcos-de-valdevez\\\/\"},\"author\":{\"name\":\"Beatriz Lira\",\"@id\":\"https:\\\/\\\/www.altominho.tv\\\/site\\\/#\\\/schema\\\/person\\\/f95a2097796cf4462fe1e476cddc40e4\"},\"headline\":\"Dia Mundial do Turismo com atividades em Arcos de Valdevez\",\"datePublished\":\"2023-09-27T16:00:07+00:00\",\"dateModified\":\"2023-09-27T16:00:11+00:00\",\"mainEntityOfPage\":{\"@id\":\"https:\\\/\\\/www.altominho.tv\\\/site\\\/2023\\\/09\\\/27\\\/dia-mundial-do-turismo-com-atividades-em-arcos-de-valdevez\\\/\"},\"wordCount\":166,\"image\":{\"@id\":\"https:\\\/\\\/www.altominho.tv\\\/site\\\/2023\\\/09\\\/27\\\/dia-mundial-do-turismo-com-atividades-em-arcos-de-valdevez\\\/#primaryimage\"},\"thumbnailUrl\":\"https:\\\/\\\/www.altominho.tv\\\/site\\\/wp-content\\\/uploads\\\/2023\\\/09\\\/arcos.jpg\",\"keywords\":[\"Sociedade\"],\"articleSection\":[\"Arcos de Valdevez\"],\"inLanguage\":\"pt-PT\",\"copyrightYear\":\"2023\",\"copyrightHolder\":{\"@id\":\"https:\\\/\\\/www.altominho.tv\\\/site\\\/#organization\"}},{\"@type\":\"WebPage\",\"@id\":\"https:\\\/\\\/www.altominho.tv\\\/site\\\/2023\\\/09\\\/27\\\/dia-mundial-do-turismo-com-atividades-em-arcos-de-valdevez\\\/\",\"url\":\"https:\\\/\\\/www.altominho.tv\\\/site\\\/2023\\\/09\\\/27\\\/dia-mundial-do-turismo-com-atividades-em-arcos-de-valdevez\\\/\",\"name\":\"Dia Mundial do Turismo com atividades em Arcos de Valdevez\",\"isPartOf\":{\"@id\":\"https:\\\/\\\/www.altominho.tv\\\/site\\\/#website\"},\"primaryImageOfPage\":{\"@id\":\"https:\\\/\\\/www.altominho.tv\\\/site\\\/2023\\\/09\\\/27\\\/dia-mundial-do-turismo-com-atividades-em-arcos-de-valdevez\\\/#primaryimage\"},\"image\":{\"@id\":\"https:\\\/\\\/www.altominho.tv\\\/site\\\/2023\\\/09\\\/27\\\/dia-mundial-do-turismo-com-atividades-em-arcos-de-valdevez\\\/#primaryimage\"},\"thumbnailUrl\":\"https:\\\/\\\/www.altominho.tv\\\/site\\\/wp-content\\\/uploads\\\/2023\\\/09\\\/arcos.jpg\",\"datePublished\":\"2023-09-27T16:00:07+00:00\",\"dateModified\":\"2023-09-27T16:00:11+00:00\",\"author\":{\"@id\":\"https:\\\/\\\/www.altominho.tv\\\/site\\\/#\\\/schema\\\/person\\\/f95a2097796cf4462fe1e476cddc40e4\"},\"description\":\"O Dia Mundial do Turismo \u00e9 assinalado anualmente no dia 27 de setembro, e, tal como habitual, a C\u00e2mara Municipal de Arcos de Valdevez volta a associar-se \u00e0s celebra\u00e7\u00f5es com um programa para o efeito\",\"breadcrumb\":{\"@id\":\"https:\\\/\\\/www.altominho.tv\\\/site\\\/2023\\\/09\\\/27\\\/dia-mundial-do-turismo-com-atividades-em-arcos-de-valdevez\\\/#breadcrumb\"},\"inLanguage\":\"pt-PT\",\"potentialAction\":[{\"@type\":\"ReadAction\",\"target\":[\"https:\\\/\\\/www.altominho.tv\\\/site\\\/2023\\\/09\\\/27\\\/dia-mundial-do-turismo-com-atividades-em-arcos-de-valdevez\\\/\"]}]},{\"@type\":\"ImageObject\",\"inLanguage\":\"pt-PT\",\"@id\":\"https:\\\/\\\/www.altominho.tv\\\/site\\\/2023\\\/09\\\/27\\\/dia-mundial-do-turismo-com-atividades-em-arcos-de-valdevez\\\/#primaryimage\",\"url\":\"https:\\\/\\\/www.altominho.tv\\\/site\\\/wp-content\\\/uploads\\\/2023\\\/09\\\/arcos.jpg\",\"contentUrl\":\"https:\\\/\\\/www.altominho.tv\\\/site\\\/wp-content\\\/uploads\\\/2023\\\/09\\\/arcos.jpg\",\"width\":980,\"height\":653},{\"@type\":\"BreadcrumbList\",\"@id\":\"https:\\\/\\\/www.altominho.tv\\\/site\\\/2023\\\/09\\\/27\\\/dia-mundial-do-turismo-com-atividades-em-arcos-de-valdevez\\\/#breadcrumb\",\"itemListElement\":[{\"@type\":\"ListItem\",\"position\":1,\"name\":\"In\u00edcio\",\"item\":\"https:\\\/\\\/www.altominho.tv\\\/site\\\/\"},{\"@type\":\"ListItem\",\"position\":2,\"name\":\"Dia Mundial do Turismo com atividades em Arcos de Valdevez\"}]},{\"@type\":\"WebSite\",\"@id\":\"https:\\\/\\\/www.altominho.tv\\\/site\\\/#website\",\"url\":\"https:\\\/\\\/www.altominho.tv\\\/site\\\/\",\"name\":\"Altominho.tv\",\"description\":\"A sua regi\u00e3o \u00e0 dist\u00e2ncia de um clique...\",\"potentialAction\":[{\"@type\":\"SearchAction\",\"target\":{\"@type\":\"EntryPoint\",\"urlTemplate\":\"https:\\\/\\\/www.altominho.tv\\\/site\\\/?s={search_term_string}\"},\"query-input\":{\"@type\":\"PropertyValueSpecification\",\"valueRequired\":true,\"valueName\":\"search_term_string\"}}],\"inLanguage\":\"pt-PT\"},{\"@type\":\"Person\",\"@id\":\"https:\\\/\\\/www.altominho.tv\\\/site\\\/#\\\/schema\\\/person\\\/f95a2097796cf4462fe1e476cddc40e4\",\"name\":\"Beatriz Lira\",\"image\":{\"@type\":\"ImageObject\",\"inLanguage\":\"pt-PT\",\"@id\":\"https:\\\/\\\/www.altominho.tv\\\/site\\\/wp-content\\\/uploads\\\/2023\\\/03\\\/Screenshot_20230306-141220_Photos-150x150.jpg\",\"url\":\"https:\\\/\\\/www.altominho.tv\\\/site\\\/wp-content\\\/uploads\\\/2023\\\/03\\\/Screenshot_20230306-141220_Photos-150x150.jpg\",\"contentUrl\":\"https:\\\/\\\/www.altominho.tv\\\/site\\\/wp-content\\\/uploads\\\/2023\\\/03\\\/Screenshot_20230306-141220_Photos-150x150.jpg\",\"caption\":\"Beatriz Lira\"},\"url\":\"https:\\\/\\\/www.altominho.tv\\\/site\\\/author\\\/beatriz\\\/\"}]}<\/script>\n<!-- \/ Yoast SEO Premium plugin. -->","yoast_head_json":{"title":"Dia Mundial do Turismo com atividades em Arcos de Valdevez","description":"O Dia Mundial do Turismo \u00e9 assinalado anualmente no dia 27 de setembro, e, tal como habitual, a C\u00e2mara Municipal de Arcos de Valdevez volta a associar-se \u00e0s celebra\u00e7\u00f5es com um programa para o efeito","robots":{"index":"index","follow":"follow","max-snippet":"max-snippet:-1","max-image-preview":"max-image-preview:large","max-video-preview":"max-video-preview:-1"},"canonical":"https:\/\/www.altominho.tv\/site\/2023\/09\/27\/dia-mundial-do-turismo-com-atividades-em-arcos-de-valdevez\/","og_locale":"pt_PT","og_type":"article","og_title":"Dia Mundial do Turismo com atividades em Arcos de Valdevez","og_description":"O Dia Mundial do Turismo \u00e9 assinalado anualmente no dia 27 de setembro, e, tal como habitual, a C\u00e2mara Municipal de Arcos de Valdevez volta a associar-se \u00e0s celebra\u00e7\u00f5es com um programa para o efeito","og_url":"https:\/\/www.altominho.tv\/site\/2023\/09\/27\/dia-mundial-do-turismo-com-atividades-em-arcos-de-valdevez\/","og_site_name":"Altominho.tv","article_publisher":"https:\/\/www.facebook.com\/altominhotv","article_published_time":"2023-09-27T16:00:07+00:00","article_modified_time":"2023-09-27T16:00:11+00:00","og_image":[{"width":980,"height":653,"url":"https:\/\/www.altominho.tv\/site\/wp-content\/uploads\/2023\/09\/arcos.jpg","type":"image\/jpeg"}],"author":"Beatriz Lira","twitter_card":"summary_large_image","twitter_creator":"@altominhoTV","twitter_site":"@altominhoTV","twitter_misc":{"Escrito por":"Beatriz Lira","Tempo estimado de leitura":"1 minuto"},"schema":{"@context":"https:\/\/schema.org","@graph":[{"@type":"Article","@id":"https:\/\/www.altominho.tv\/site\/2023\/09\/27\/dia-mundial-do-turismo-com-atividades-em-arcos-de-valdevez\/#article","isPartOf":{"@id":"https:\/\/www.altominho.tv\/site\/2023\/09\/27\/dia-mundial-do-turismo-com-atividades-em-arcos-de-valdevez\/"},"author":{"name":"Beatriz Lira","@id":"https:\/\/www.altominho.tv\/site\/#\/schema\/person\/f95a2097796cf4462fe1e476cddc40e4"},"headline":"Dia Mundial do Turismo com atividades em Arcos de Valdevez","datePublished":"2023-09-27T16:00:07+00:00","dateModified":"2023-09-27T16:00:11+00:00","mainEntityOfPage":{"@id":"https:\/\/www.altominho.tv\/site\/2023\/09\/27\/dia-mundial-do-turismo-com-atividades-em-arcos-de-valdevez\/"},"wordCount":166,"image":{"@id":"https:\/\/www.altominho.tv\/site\/2023\/09\/27\/dia-mundial-do-turismo-com-atividades-em-arcos-de-valdevez\/#primaryimage"},"thumbnailUrl":"https:\/\/www.altominho.tv\/site\/wp-content\/uploads\/2023\/09\/arcos.jpg","keywords":["Sociedade"],"articleSection":["Arcos de Valdevez"],"inLanguage":"pt-PT","copyrightYear":"2023","copyrightHolder":{"@id":"https:\/\/www.altominho.tv\/site\/#organization"}},{"@type":"WebPage","@id":"https:\/\/www.altominho.tv\/site\/2023\/09\/27\/dia-mundial-do-turismo-com-atividades-em-arcos-de-valdevez\/","url":"https:\/\/www.altominho.tv\/site\/2023\/09\/27\/dia-mundial-do-turismo-com-atividades-em-arcos-de-valdevez\/","name":"Dia Mundial do Turismo com atividades em Arcos de Valdevez","isPartOf":{"@id":"https:\/\/www.altominho.tv\/site\/#website"},"primaryImageOfPage":{"@id":"https:\/\/www.altominho.tv\/site\/2023\/09\/27\/dia-mundial-do-turismo-com-atividades-em-arcos-de-valdevez\/#primaryimage"},"image":{"@id":"https:\/\/www.altominho.tv\/site\/2023\/09\/27\/dia-mundial-do-turismo-com-atividades-em-arcos-de-valdevez\/#primaryimage"},"thumbnailUrl":"https:\/\/www.altominho.tv\/site\/wp-content\/uploads\/2023\/09\/arcos.jpg","datePublished":"2023-09-27T16:00:07+00:00","dateModified":"2023-09-27T16:00:11+00:00","author":{"@id":"https:\/\/www.altominho.tv\/site\/#\/schema\/person\/f95a2097796cf4462fe1e476cddc40e4"},"description":"O Dia Mundial do Turismo \u00e9 assinalado anualmente no dia 27 de setembro, e, tal como habitual, a C\u00e2mara Municipal de Arcos de Valdevez volta a associar-se \u00e0s celebra\u00e7\u00f5es com um programa para o efeito","breadcrumb":{"@id":"https:\/\/www.altominho.tv\/site\/2023\/09\/27\/dia-mundial-do-turismo-com-atividades-em-arcos-de-valdevez\/#breadcrumb"},"inLanguage":"pt-PT","potentialAction":[{"@type":"ReadAction","target":["https:\/\/www.altominho.tv\/site\/2023\/09\/27\/dia-mundial-do-turismo-com-atividades-em-arcos-de-valdevez\/"]}]},{"@type":"ImageObject","inLanguage":"pt-PT","@id":"https:\/\/www.altominho.tv\/site\/2023\/09\/27\/dia-mundial-do-turismo-com-atividades-em-arcos-de-valdevez\/#primaryimage","url":"https:\/\/www.altominho.tv\/site\/wp-content\/uploads\/2023\/09\/arcos.jpg","contentUrl":"https:\/\/www.altominho.tv\/site\/wp-content\/uploads\/2023\/09\/arcos.jpg","width":980,"height":653},{"@type":"BreadcrumbList","@id":"https:\/\/www.altominho.tv\/site\/2023\/09\/27\/dia-mundial-do-turismo-com-atividades-em-arcos-de-valdevez\/#breadcrumb","itemListElement":[{"@type":"ListItem","position":1,"name":"In\u00edcio","item":"https:\/\/www.altominho.tv\/site\/"},{"@type":"ListItem","position":2,"name":"Dia Mundial do Turismo com atividades em Arcos de Valdevez"}]},{"@type":"WebSite","@id":"https:\/\/www.altominho.tv\/site\/#website","url":"https:\/\/www.altominho.tv\/site\/","name":"Altominho.tv","description":"A sua regi\u00e3o \u00e0 dist\u00e2ncia de um clique...","potentialAction":[{"@type":"SearchAction","target":{"@type":"EntryPoint","urlTemplate":"https:\/\/www.altominho.tv\/site\/?s={search_term_string}"},"query-input":{"@type":"PropertyValueSpecification","valueRequired":true,"valueName":"search_term_string"}}],"inLanguage":"pt-PT"},{"@type":"Person","@id":"https:\/\/www.altominho.tv\/site\/#\/schema\/person\/f95a2097796cf4462fe1e476cddc40e4","name":"Beatriz Lira","image":{"@type":"ImageObject","inLanguage":"pt-PT","@id":"https:\/\/www.altominho.tv\/site\/wp-content\/uploads\/2023\/03\/Screenshot_20230306-141220_Photos-150x150.jpg","url":"https:\/\/www.altominho.tv\/site\/wp-content\/uploads\/2023\/03\/Screenshot_20230306-141220_Photos-150x150.jpg","contentUrl":"https:\/\/www.altominho.tv\/site\/wp-content\/uploads\/2023\/03\/Screenshot_20230306-141220_Photos-150x150.jpg","caption":"Beatriz Lira"},"url":"https:\/\/www.altominho.tv\/site\/author\/beatriz\/"}]}},"_links":{"self":[{"href":"https:\/\/www.altominho.tv\/site\/wp-json\/wp\/v2\/posts\/97023","targetHints":{"allow":["GET"]}}],"collection":[{"href":"https:\/\/www.altominho.tv\/site\/wp-json\/wp\/v2\/posts"}],"about":[{"href":"https:\/\/www.altominho.tv\/site\/wp-json\/wp\/v2\/types\/post"}],"author":[{"embeddable":true,"href":"https:\/\/www.altominho.tv\/site\/wp-json\/wp\/v2\/users\/28"}],"replies":[{"embeddable":true,"href":"https:\/\/www.altominho.tv\/site\/wp-json\/wp\/v2\/comments?post=97023"}],"version-history":[{"count":1,"href":"https:\/\/www.altominho.tv\/site\/wp-json\/wp\/v2\/posts\/97023\/revisions"}],"predecessor-version":[{"id":97025,"href":"https:\/\/www.altominho.tv\/site\/wp-json\/wp\/v2\/posts\/97023\/revisions\/97025"}],"wp:featuredmedia":[{"embeddable":true,"href":"https:\/\/www.altominho.tv\/site\/wp-json\/wp\/v2\/media\/97024"}],"wp:attachment":[{"href":"https:\/\/www.altominho.tv\/site\/wp-json\/wp\/v2\/media?parent=97023"}],"wp:term":[{"taxonomy":"category","embeddable":true,"href":"https:\/\/www.altominho.tv\/site\/wp-json\/wp\/v2\/categories?post=97023"},{"taxonomy":"post_tag","embeddable":true,"href":"https:\/\/www.altominho.tv\/site\/wp-json\/wp\/v2\/tags?post=97023"}],"curies":[{"name":"wp","href":"https:\/\/api.w.org\/{rel}","templated":true}]}}