{"id":97000,"date":"2023-09-27T21:28:56","date_gmt":"2023-09-27T20:28:56","guid":{"rendered":"https:\/\/www.altominho.tv\/site\/?p=97000"},"modified":"2023-09-27T21:29:56","modified_gmt":"2023-09-27T20:29:56","slug":"arcos-de-valdevez-tem-uma-quinta-de-frutos-citricos-com-sete-variedades-de-limao-caviar","status":"publish","type":"post","link":"https:\/\/www.altominho.tv\/site\/2023\/09\/27\/arcos-de-valdevez-tem-uma-quinta-de-frutos-citricos-com-sete-variedades-de-limao-caviar\/","title":{"rendered":"Arcos de Valdevez tem uma quinta de frutos c\u00edtricos com sete variedades de lim\u00e3o caviar"},"content":{"rendered":"\n<p class=\"wp-block-paragraph\">Uma quinta de frutos c\u00edtricos deu uma nova vida a campos que se encontravam abandonados em \u00c1zere, Arcos de Valdevez. Tudo come\u00e7ou no ano de 2020, em plena pandemia covid-19, quando a fam\u00edlia Bemposta decidiu embarcar numa aventura.<\/p>\n\n\n\n<p class=\"wp-block-paragraph\">Atualmente, a Quinta Bemposta tem sete variedades da esp\u00e9cie australiana de lim\u00e3o caviar, desde lima kaffir, bergamota, yuzu, kalamanzi, m\u00e3o de buda, kumquat e limequat. S\u00e3o cerca de 500 \u00e1rvores de cada esp\u00e9cie e 2500 de lim\u00e3o caviar. Na quinta, que tem um total nove hectares, tamb\u00e9m se cultivam laranja-violeta, hortel\u00e3-chocolate, pera-mel\u00e3o, entre muitas outras esp\u00e9cies. A produ\u00e7\u00e3o da quinta \u00e9 transformada na f\u00e1brica que a fam\u00edlia Bemposta criou e est\u00e1 na origem de 70 produtos, todos com lim\u00e3o caviar. \u2018Citroo Foods\u2019 \u00e9 a marca dos produtos.<\/p>\n\n\n\n<p class=\"wp-block-paragraph\">Este projeto criou cerca de 10 postos de trabalho e o lim\u00e3o caviar de \u00c1zere j\u00e1 se vende em todo o pa\u00eds e tamb\u00e9m no estrangeiro. No futuro, a fam\u00edlia Bemposta vai preparar a quinta para turismo e apostar em mais produtos novos e diferentes para trazer para Portugal.<\/p>\n\n\n\n<figure class=\"wp-block-embed is-type-video is-provider-youtube wp-block-embed-youtube wp-embed-aspect-16-9 wp-has-aspect-ratio\"><div class=\"wp-block-embed__wrapper\">\n<iframe loading=\"lazy\" title=\"\u00c1zere tem uma quinta de frutos c\u00edtricos com sete variedades de lim\u00e3o caviar | Altominho TV\" width=\"770\" height=\"433\" src=\"https:\/\/www.youtube.com\/embed\/0qoGw3GDj_U?feature=oembed\" frameborder=\"0\" allow=\"accelerometer; autoplay; clipboard-write; encrypted-media; gyroscope; picture-in-picture; web-share\" allowfullscreen><\/iframe>\n<\/div><\/figure>\n","protected":false},"excerpt":{"rendered":"<p>Uma quinta de frutos c\u00edtricos deu uma nova vida a campos que se encontravam abandonados em \u00c1zere, Arcos de Valdevez. Tudo come\u00e7ou no ano de 2020, em plena pandemia covid-19, quando a fam\u00edlia Bemposta decidiu embarcar numa aventura. Atualmente, a Quinta Bemposta tem sete variedades da esp\u00e9cie australiana de lim\u00e3o caviar, desde lima kaffir, bergamota, [&hellip;]<\/p>\n","protected":false},"author":9,"featured_media":97001,"comment_status":"closed","ping_status":"closed","sticky":false,"template":"","format":"video","meta":{"_exactmetrics_skip_tracking":false,"footnotes":""},"categories":[2],"tags":[81,27],"class_list":["post-97000","post","type-post","status-publish","format-video","has-post-thumbnail","hentry","category-arcos-de-valdevez","tag-gastronomia","tag-sociedade","post_format-post-format-video"],"yoast_head":"<!-- This site is optimized with the Yoast SEO Premium plugin v28.3 (Yoast SEO v28.3) - https:\/\/yoast.com\/product\/yoast-seo-premium-wordpress\/ -->\n<title>Arcos de Valdevez tem uma quinta de frutos c\u00edtricos com sete variedades de lim\u00e3o caviar<\/title>\n<meta name=\"description\" content=\"Uma quinta de frutos c\u00edtricos deu uma nova vida a campos que se encontravam abandonados em \u00c1zere, Arcos de Valdevez\" \/>\n<meta name=\"robots\" content=\"index, follow, max-snippet:-1, max-image-preview:large, max-video-preview:-1\" \/>\n<link rel=\"canonical\" href=\"https:\/\/www.altominho.tv\/site\/2023\/09\/27\/arcos-de-valdevez-tem-uma-quinta-de-frutos-citricos-com-sete-variedades-de-limao-caviar\/\" \/>\n<meta property=\"og:locale\" content=\"pt_PT\" \/>\n<meta property=\"og:type\" content=\"article\" \/>\n<meta property=\"og:title\" content=\"Arcos de Valdevez tem uma quinta de frutos c\u00edtricos com sete variedades de lim\u00e3o caviar\" \/>\n<meta property=\"og:description\" content=\"Uma quinta de frutos c\u00edtricos deu uma nova vida a campos que se encontravam abandonados em \u00c1zere, Arcos de Valdevez\" \/>\n<meta property=\"og:url\" content=\"https:\/\/www.altominho.tv\/site\/2023\/09\/27\/arcos-de-valdevez-tem-uma-quinta-de-frutos-citricos-com-sete-variedades-de-limao-caviar\/\" \/>\n<meta property=\"og:site_name\" content=\"Altominho.tv\" \/>\n<meta property=\"article:publisher\" content=\"https:\/\/www.facebook.com\/altominhotv\" \/>\n<meta property=\"article:published_time\" content=\"2023-09-27T20:28:56+00:00\" \/>\n<meta property=\"article:modified_time\" content=\"2023-09-27T20:29:56+00:00\" \/>\n<meta property=\"og:image\" content=\"https:\/\/www.altominho.tv\/site\/wp-content\/uploads\/2023\/09\/citro-foods-.jpg\" \/>\n\t<meta property=\"og:image:width\" content=\"1920\" \/>\n\t<meta property=\"og:image:height\" content=\"1080\" \/>\n\t<meta property=\"og:image:type\" content=\"image\/jpeg\" \/>\n<meta name=\"author\" content=\"Rafael Pereira\" \/>\n<meta name=\"twitter:card\" content=\"summary_large_image\" \/>\n<meta name=\"twitter:creator\" content=\"@altominhoTV\" \/>\n<meta name=\"twitter:site\" content=\"@altominhoTV\" \/>\n<meta name=\"twitter:label1\" content=\"Escrito por\" \/>\n\t<meta name=\"twitter:data1\" content=\"Rafael Pereira\" \/>\n\t<meta name=\"twitter:label2\" content=\"Tempo estimado de leitura\" \/>\n\t<meta name=\"twitter:data2\" content=\"1 minuto\" \/>\n<script type=\"application\/ld+json\" class=\"yoast-schema-graph\">{\"@context\":\"https:\\\/\\\/schema.org\",\"@graph\":[{\"@type\":\"Article\",\"@id\":\"https:\\\/\\\/www.altominho.tv\\\/site\\\/2023\\\/09\\\/27\\\/arcos-de-valdevez-tem-uma-quinta-de-frutos-citricos-com-sete-variedades-de-limao-caviar\\\/#article\",\"isPartOf\":{\"@id\":\"https:\\\/\\\/www.altominho.tv\\\/site\\\/2023\\\/09\\\/27\\\/arcos-de-valdevez-tem-uma-quinta-de-frutos-citricos-com-sete-variedades-de-limao-caviar\\\/\"},\"author\":{\"name\":\"Rafael Pereira\",\"@id\":\"https:\\\/\\\/www.altominho.tv\\\/site\\\/#\\\/schema\\\/person\\\/2690abd4f0b3984514ce0607afbfced7\"},\"headline\":\"Arcos de Valdevez tem uma quinta de frutos c\u00edtricos com sete variedades de lim\u00e3o caviar\",\"datePublished\":\"2023-09-27T20:28:56+00:00\",\"dateModified\":\"2023-09-27T20:29:56+00:00\",\"mainEntityOfPage\":{\"@id\":\"https:\\\/\\\/www.altominho.tv\\\/site\\\/2023\\\/09\\\/27\\\/arcos-de-valdevez-tem-uma-quinta-de-frutos-citricos-com-sete-variedades-de-limao-caviar\\\/\"},\"wordCount\":211,\"image\":{\"@id\":\"https:\\\/\\\/www.altominho.tv\\\/site\\\/2023\\\/09\\\/27\\\/arcos-de-valdevez-tem-uma-quinta-de-frutos-citricos-com-sete-variedades-de-limao-caviar\\\/#primaryimage\"},\"thumbnailUrl\":\"https:\\\/\\\/www.altominho.tv\\\/site\\\/wp-content\\\/uploads\\\/2023\\\/09\\\/citro-foods-.jpg\",\"keywords\":[\"Gastronomia\",\"Sociedade\"],\"articleSection\":[\"Arcos de Valdevez\"],\"inLanguage\":\"pt-PT\",\"copyrightYear\":\"2023\",\"copyrightHolder\":{\"@id\":\"https:\\\/\\\/www.altominho.tv\\\/site\\\/#organization\"}},{\"@type\":\"WebPage\",\"@id\":\"https:\\\/\\\/www.altominho.tv\\\/site\\\/2023\\\/09\\\/27\\\/arcos-de-valdevez-tem-uma-quinta-de-frutos-citricos-com-sete-variedades-de-limao-caviar\\\/\",\"url\":\"https:\\\/\\\/www.altominho.tv\\\/site\\\/2023\\\/09\\\/27\\\/arcos-de-valdevez-tem-uma-quinta-de-frutos-citricos-com-sete-variedades-de-limao-caviar\\\/\",\"name\":\"Arcos de Valdevez tem uma quinta de frutos c\u00edtricos com sete variedades de lim\u00e3o caviar\",\"isPartOf\":{\"@id\":\"https:\\\/\\\/www.altominho.tv\\\/site\\\/#website\"},\"primaryImageOfPage\":{\"@id\":\"https:\\\/\\\/www.altominho.tv\\\/site\\\/2023\\\/09\\\/27\\\/arcos-de-valdevez-tem-uma-quinta-de-frutos-citricos-com-sete-variedades-de-limao-caviar\\\/#primaryimage\"},\"image\":{\"@id\":\"https:\\\/\\\/www.altominho.tv\\\/site\\\/2023\\\/09\\\/27\\\/arcos-de-valdevez-tem-uma-quinta-de-frutos-citricos-com-sete-variedades-de-limao-caviar\\\/#primaryimage\"},\"thumbnailUrl\":\"https:\\\/\\\/www.altominho.tv\\\/site\\\/wp-content\\\/uploads\\\/2023\\\/09\\\/citro-foods-.jpg\",\"datePublished\":\"2023-09-27T20:28:56+00:00\",\"dateModified\":\"2023-09-27T20:29:56+00:00\",\"author\":{\"@id\":\"https:\\\/\\\/www.altominho.tv\\\/site\\\/#\\\/schema\\\/person\\\/2690abd4f0b3984514ce0607afbfced7\"},\"description\":\"Uma quinta de frutos c\u00edtricos deu uma nova vida a campos que se encontravam abandonados em \u00c1zere, Arcos de Valdevez\",\"breadcrumb\":{\"@id\":\"https:\\\/\\\/www.altominho.tv\\\/site\\\/2023\\\/09\\\/27\\\/arcos-de-valdevez-tem-uma-quinta-de-frutos-citricos-com-sete-variedades-de-limao-caviar\\\/#breadcrumb\"},\"inLanguage\":\"pt-PT\",\"potentialAction\":[{\"@type\":\"ReadAction\",\"target\":[\"https:\\\/\\\/www.altominho.tv\\\/site\\\/2023\\\/09\\\/27\\\/arcos-de-valdevez-tem-uma-quinta-de-frutos-citricos-com-sete-variedades-de-limao-caviar\\\/\"]}]},{\"@type\":\"ImageObject\",\"inLanguage\":\"pt-PT\",\"@id\":\"https:\\\/\\\/www.altominho.tv\\\/site\\\/2023\\\/09\\\/27\\\/arcos-de-valdevez-tem-uma-quinta-de-frutos-citricos-com-sete-variedades-de-limao-caviar\\\/#primaryimage\",\"url\":\"https:\\\/\\\/www.altominho.tv\\\/site\\\/wp-content\\\/uploads\\\/2023\\\/09\\\/citro-foods-.jpg\",\"contentUrl\":\"https:\\\/\\\/www.altominho.tv\\\/site\\\/wp-content\\\/uploads\\\/2023\\\/09\\\/citro-foods-.jpg\",\"width\":1920,\"height\":1080},{\"@type\":\"BreadcrumbList\",\"@id\":\"https:\\\/\\\/www.altominho.tv\\\/site\\\/2023\\\/09\\\/27\\\/arcos-de-valdevez-tem-uma-quinta-de-frutos-citricos-com-sete-variedades-de-limao-caviar\\\/#breadcrumb\",\"itemListElement\":[{\"@type\":\"ListItem\",\"position\":1,\"name\":\"In\u00edcio\",\"item\":\"https:\\\/\\\/www.altominho.tv\\\/site\\\/\"},{\"@type\":\"ListItem\",\"position\":2,\"name\":\"Arcos de Valdevez tem uma quinta de frutos c\u00edtricos com sete variedades de lim\u00e3o caviar\"}]},{\"@type\":\"WebSite\",\"@id\":\"https:\\\/\\\/www.altominho.tv\\\/site\\\/#website\",\"url\":\"https:\\\/\\\/www.altominho.tv\\\/site\\\/\",\"name\":\"Altominho.tv\",\"description\":\"A sua regi\u00e3o \u00e0 dist\u00e2ncia de um clique...\",\"potentialAction\":[{\"@type\":\"SearchAction\",\"target\":{\"@type\":\"EntryPoint\",\"urlTemplate\":\"https:\\\/\\\/www.altominho.tv\\\/site\\\/?s={search_term_string}\"},\"query-input\":{\"@type\":\"PropertyValueSpecification\",\"valueRequired\":true,\"valueName\":\"search_term_string\"}}],\"inLanguage\":\"pt-PT\"},{\"@type\":\"Person\",\"@id\":\"https:\\\/\\\/www.altominho.tv\\\/site\\\/#\\\/schema\\\/person\\\/2690abd4f0b3984514ce0607afbfced7\",\"name\":\"Rafael Pereira\",\"image\":{\"@type\":\"ImageObject\",\"inLanguage\":\"pt-PT\",\"@id\":\"https:\\\/\\\/www.altominho.tv\\\/site\\\/wp-content\\\/uploads\\\/2021\\\/08\\\/42996867_1705603802900752_8292335788369117184_n-150x150.jpeg\",\"url\":\"https:\\\/\\\/www.altominho.tv\\\/site\\\/wp-content\\\/uploads\\\/2021\\\/08\\\/42996867_1705603802900752_8292335788369117184_n-150x150.jpeg\",\"contentUrl\":\"https:\\\/\\\/www.altominho.tv\\\/site\\\/wp-content\\\/uploads\\\/2021\\\/08\\\/42996867_1705603802900752_8292335788369117184_n-150x150.jpeg\",\"caption\":\"Rafael Pereira\"},\"url\":\"https:\\\/\\\/www.altominho.tv\\\/site\\\/author\\\/rafaelpereira\\\/\"}]}<\/script>\n<meta property=\"og:video\" content=\"https:\/\/www.youtube.com\/embed\/0qoGw3GDj_U\" \/>\n<meta property=\"og:video:type\" content=\"text\/html\" \/>\n<meta property=\"og:video:duration\" content=\"234\" \/>\n<meta property=\"og:video:width\" content=\"480\" \/>\n<meta property=\"og:video:height\" content=\"270\" \/>\n<meta property=\"ya:ovs:adult\" content=\"false\" \/>\n<meta property=\"ya:ovs:upload_date\" content=\"2023-09-27T20:28:56+00:00\" \/>\n<meta property=\"ya:ovs:allow_embed\" content=\"true\" \/>\n<!-- \/ Yoast SEO Premium plugin. -->","yoast_head_json":{"title":"Arcos de Valdevez tem uma quinta de frutos c\u00edtricos com sete variedades de lim\u00e3o caviar","description":"Uma quinta de frutos c\u00edtricos deu uma nova vida a campos que se encontravam abandonados em \u00c1zere, Arcos de Valdevez","robots":{"index":"index","follow":"follow","max-snippet":"max-snippet:-1","max-image-preview":"max-image-preview:large","max-video-preview":"max-video-preview:-1"},"canonical":"https:\/\/www.altominho.tv\/site\/2023\/09\/27\/arcos-de-valdevez-tem-uma-quinta-de-frutos-citricos-com-sete-variedades-de-limao-caviar\/","og_locale":"pt_PT","og_type":"article","og_title":"Arcos de Valdevez tem uma quinta de frutos c\u00edtricos com sete variedades de lim\u00e3o caviar","og_description":"Uma quinta de frutos c\u00edtricos deu uma nova vida a campos que se encontravam abandonados em \u00c1zere, Arcos de Valdevez","og_url":"https:\/\/www.altominho.tv\/site\/2023\/09\/27\/arcos-de-valdevez-tem-uma-quinta-de-frutos-citricos-com-sete-variedades-de-limao-caviar\/","og_site_name":"Altominho.tv","article_publisher":"https:\/\/www.facebook.com\/altominhotv","article_published_time":"2023-09-27T20:28:56+00:00","article_modified_time":"2023-09-27T20:29:56+00:00","og_image":[{"width":1920,"height":1080,"url":"https:\/\/www.altominho.tv\/site\/wp-content\/uploads\/2023\/09\/citro-foods-.jpg","type":"image\/jpeg"}],"author":"Rafael Pereira","twitter_card":"summary_large_image","twitter_creator":"@altominhoTV","twitter_site":"@altominhoTV","twitter_misc":{"Escrito por":"Rafael Pereira","Tempo estimado de leitura":"1 minuto"},"schema":{"@context":"https:\/\/schema.org","@graph":[{"@type":"Article","@id":"https:\/\/www.altominho.tv\/site\/2023\/09\/27\/arcos-de-valdevez-tem-uma-quinta-de-frutos-citricos-com-sete-variedades-de-limao-caviar\/#article","isPartOf":{"@id":"https:\/\/www.altominho.tv\/site\/2023\/09\/27\/arcos-de-valdevez-tem-uma-quinta-de-frutos-citricos-com-sete-variedades-de-limao-caviar\/"},"author":{"name":"Rafael Pereira","@id":"https:\/\/www.altominho.tv\/site\/#\/schema\/person\/2690abd4f0b3984514ce0607afbfced7"},"headline":"Arcos de Valdevez tem uma quinta de frutos c\u00edtricos com sete variedades de lim\u00e3o caviar","datePublished":"2023-09-27T20:28:56+00:00","dateModified":"2023-09-27T20:29:56+00:00","mainEntityOfPage":{"@id":"https:\/\/www.altominho.tv\/site\/2023\/09\/27\/arcos-de-valdevez-tem-uma-quinta-de-frutos-citricos-com-sete-variedades-de-limao-caviar\/"},"wordCount":211,"image":{"@id":"https:\/\/www.altominho.tv\/site\/2023\/09\/27\/arcos-de-valdevez-tem-uma-quinta-de-frutos-citricos-com-sete-variedades-de-limao-caviar\/#primaryimage"},"thumbnailUrl":"https:\/\/www.altominho.tv\/site\/wp-content\/uploads\/2023\/09\/citro-foods-.jpg","keywords":["Gastronomia","Sociedade"],"articleSection":["Arcos de Valdevez"],"inLanguage":"pt-PT","copyrightYear":"2023","copyrightHolder":{"@id":"https:\/\/www.altominho.tv\/site\/#organization"}},{"@type":"WebPage","@id":"https:\/\/www.altominho.tv\/site\/2023\/09\/27\/arcos-de-valdevez-tem-uma-quinta-de-frutos-citricos-com-sete-variedades-de-limao-caviar\/","url":"https:\/\/www.altominho.tv\/site\/2023\/09\/27\/arcos-de-valdevez-tem-uma-quinta-de-frutos-citricos-com-sete-variedades-de-limao-caviar\/","name":"Arcos de Valdevez tem uma quinta de frutos c\u00edtricos com sete variedades de lim\u00e3o caviar","isPartOf":{"@id":"https:\/\/www.altominho.tv\/site\/#website"},"primaryImageOfPage":{"@id":"https:\/\/www.altominho.tv\/site\/2023\/09\/27\/arcos-de-valdevez-tem-uma-quinta-de-frutos-citricos-com-sete-variedades-de-limao-caviar\/#primaryimage"},"image":{"@id":"https:\/\/www.altominho.tv\/site\/2023\/09\/27\/arcos-de-valdevez-tem-uma-quinta-de-frutos-citricos-com-sete-variedades-de-limao-caviar\/#primaryimage"},"thumbnailUrl":"https:\/\/www.altominho.tv\/site\/wp-content\/uploads\/2023\/09\/citro-foods-.jpg","datePublished":"2023-09-27T20:28:56+00:00","dateModified":"2023-09-27T20:29:56+00:00","author":{"@id":"https:\/\/www.altominho.tv\/site\/#\/schema\/person\/2690abd4f0b3984514ce0607afbfced7"},"description":"Uma quinta de frutos c\u00edtricos deu uma nova vida a campos que se encontravam abandonados em \u00c1zere, Arcos de Valdevez","breadcrumb":{"@id":"https:\/\/www.altominho.tv\/site\/2023\/09\/27\/arcos-de-valdevez-tem-uma-quinta-de-frutos-citricos-com-sete-variedades-de-limao-caviar\/#breadcrumb"},"inLanguage":"pt-PT","potentialAction":[{"@type":"ReadAction","target":["https:\/\/www.altominho.tv\/site\/2023\/09\/27\/arcos-de-valdevez-tem-uma-quinta-de-frutos-citricos-com-sete-variedades-de-limao-caviar\/"]}]},{"@type":"ImageObject","inLanguage":"pt-PT","@id":"https:\/\/www.altominho.tv\/site\/2023\/09\/27\/arcos-de-valdevez-tem-uma-quinta-de-frutos-citricos-com-sete-variedades-de-limao-caviar\/#primaryimage","url":"https:\/\/www.altominho.tv\/site\/wp-content\/uploads\/2023\/09\/citro-foods-.jpg","contentUrl":"https:\/\/www.altominho.tv\/site\/wp-content\/uploads\/2023\/09\/citro-foods-.jpg","width":1920,"height":1080},{"@type":"BreadcrumbList","@id":"https:\/\/www.altominho.tv\/site\/2023\/09\/27\/arcos-de-valdevez-tem-uma-quinta-de-frutos-citricos-com-sete-variedades-de-limao-caviar\/#breadcrumb","itemListElement":[{"@type":"ListItem","position":1,"name":"In\u00edcio","item":"https:\/\/www.altominho.tv\/site\/"},{"@type":"ListItem","position":2,"name":"Arcos de Valdevez tem uma quinta de frutos c\u00edtricos com sete variedades de lim\u00e3o caviar"}]},{"@type":"WebSite","@id":"https:\/\/www.altominho.tv\/site\/#website","url":"https:\/\/www.altominho.tv\/site\/","name":"Altominho.tv","description":"A sua regi\u00e3o \u00e0 dist\u00e2ncia de um clique...","potentialAction":[{"@type":"SearchAction","target":{"@type":"EntryPoint","urlTemplate":"https:\/\/www.altominho.tv\/site\/?s={search_term_string}"},"query-input":{"@type":"PropertyValueSpecification","valueRequired":true,"valueName":"search_term_string"}}],"inLanguage":"pt-PT"},{"@type":"Person","@id":"https:\/\/www.altominho.tv\/site\/#\/schema\/person\/2690abd4f0b3984514ce0607afbfced7","name":"Rafael Pereira","image":{"@type":"ImageObject","inLanguage":"pt-PT","@id":"https:\/\/www.altominho.tv\/site\/wp-content\/uploads\/2021\/08\/42996867_1705603802900752_8292335788369117184_n-150x150.jpeg","url":"https:\/\/www.altominho.tv\/site\/wp-content\/uploads\/2021\/08\/42996867_1705603802900752_8292335788369117184_n-150x150.jpeg","contentUrl":"https:\/\/www.altominho.tv\/site\/wp-content\/uploads\/2021\/08\/42996867_1705603802900752_8292335788369117184_n-150x150.jpeg","caption":"Rafael Pereira"},"url":"https:\/\/www.altominho.tv\/site\/author\/rafaelpereira\/"}]},"og_video":"https:\/\/www.youtube.com\/embed\/0qoGw3GDj_U","og_video_type":"text\/html","og_video_duration":"234","og_video_width":"480","og_video_height":"270","ya_ovs_adult":"false","ya_ovs_upload_date":"2023-09-27T20:28:56+00:00","ya_ovs_allow_embed":"true"},"_links":{"self":[{"href":"https:\/\/www.altominho.tv\/site\/wp-json\/wp\/v2\/posts\/97000","targetHints":{"allow":["GET"]}}],"collection":[{"href":"https:\/\/www.altominho.tv\/site\/wp-json\/wp\/v2\/posts"}],"about":[{"href":"https:\/\/www.altominho.tv\/site\/wp-json\/wp\/v2\/types\/post"}],"author":[{"embeddable":true,"href":"https:\/\/www.altominho.tv\/site\/wp-json\/wp\/v2\/users\/9"}],"replies":[{"embeddable":true,"href":"https:\/\/www.altominho.tv\/site\/wp-json\/wp\/v2\/comments?post=97000"}],"version-history":[{"count":1,"href":"https:\/\/www.altominho.tv\/site\/wp-json\/wp\/v2\/posts\/97000\/revisions"}],"predecessor-version":[{"id":97002,"href":"https:\/\/www.altominho.tv\/site\/wp-json\/wp\/v2\/posts\/97000\/revisions\/97002"}],"wp:featuredmedia":[{"embeddable":true,"href":"https:\/\/www.altominho.tv\/site\/wp-json\/wp\/v2\/media\/97001"}],"wp:attachment":[{"href":"https:\/\/www.altominho.tv\/site\/wp-json\/wp\/v2\/media?parent=97000"}],"wp:term":[{"taxonomy":"category","embeddable":true,"href":"https:\/\/www.altominho.tv\/site\/wp-json\/wp\/v2\/categories?post=97000"},{"taxonomy":"post_tag","embeddable":true,"href":"https:\/\/www.altominho.tv\/site\/wp-json\/wp\/v2\/tags?post=97000"}],"curies":[{"name":"wp","href":"https:\/\/api.w.org\/{rel}","templated":true}]}}