{"id":96955,"date":"2023-09-27T09:00:05","date_gmt":"2023-09-27T08:00:05","guid":{"rendered":"https:\/\/www.altominho.tv\/site\/?p=96955"},"modified":"2023-09-27T09:00:09","modified_gmt":"2023-09-27T08:00:09","slug":"psp-regista-1309-operacoes-na-primeira-acao-nacional-do-ano-letivo-2023-2024","status":"publish","type":"post","link":"https:\/\/www.altominho.tv\/site\/2023\/09\/27\/psp-regista-1309-operacoes-na-primeira-acao-nacional-do-ano-letivo-2023-2024\/","title":{"rendered":"PSP regista 1309 opera\u00e7\u00f5es na primeira a\u00e7\u00e3o nacional do ano letivo 2023\/2024"},"content":{"rendered":"\n<p>A Pol\u00edcia de Seguran\u00e7a P\u00fablica terminou, no dia 22 de setembro, a primeira das 11 opera\u00e7\u00f5es nacionais planeadas para o ano letivo 2023\/2024 no \u00e2mbito do Programa Escola Segura.<\/p>\n\n\n\n<p>Esta opera\u00e7\u00e3o teve in\u00edcio dia 11 de setembro e pretendia a preven\u00e7\u00e3o e erradica\u00e7\u00e3o da ocorr\u00eancia de comportamentos de risco ou de il\u00edcitos criminais nas escolas e \u00e1reas envolventes.<\/p>\n\n\n\n<p>Nesta opera\u00e7\u00e3o, a PSP empenhou 1.929 pol\u00edcias que realizaram 1.309 opera\u00e7\u00f5es divididas em duas val\u00eancias principais, a da proximidade e a da proatividade.<\/p>\n\n\n\n<p>No \u00e2mbito da proximidade foram realizadas 109 opera\u00e7\u00f5es de refor\u00e7o de visibilidade policial, 283 a\u00e7\u00f5es de sensibiliza\u00e7\u00e3o em 228 escolas que chegaram a 12.506 pessoas e 449 contactos individuais.<\/p>\n\n\n\n<p>Relativamente \u00e0 proatividade foram efetuadas 468 a\u00e7\u00f5es de fiscaliza\u00e7\u00e3o rodovi\u00e1ria e de estabelecimentos que operam nas proximidades dos estabelecimentos de ensino.<\/p>\n\n\n\n<p>Destas a\u00e7\u00f5es resultou o levantamento de 2.398 autos de contraordena\u00e7\u00e3o, nomeadamente de 4 por n\u00e3o utiliza\u00e7\u00e3o do sistema de reten\u00e7\u00e3o para crian\u00e7as, a  cadeirinha, 40 por falta de seguro de responsabilidade civil, 193 por falta de inspe\u00e7\u00e3o obrigat\u00f3ria, 35 por estacionamento indevido junto \u00e0s escolas e 8 por n\u00e3o ced\u00eancia de passagem a pe\u00f5es.<\/p>\n\n\n\n<p>Durante o ano letivo 2022\/2023, o Programa Escola Segura, na \u00e1rea da PSP, registou 3.682 ocorr\u00eancias, das quais 2.611 de natureza criminal e 1.071 n\u00e3o criminais. <\/p>\n\n\n\n<p>Em concord\u00e2ncia com os anos anteriores, as ocorr\u00eancias mais reportadas s\u00e3o \u201cagress\u00f5es\u201d (1191), e \u201cinj\u00farias e amea\u00e7as\u201d (799). Estes valores s\u00e3o superiores aos registados no ano letivo anterior, mas inferiores aos anos pr\u00e9-pandemia.<\/p>\n\n\n\n<p>Para den\u00fancia de crimes, esclarecimentos de quest\u00f5es relacionadas com a seguran\u00e7a p\u00fablica das escolas e agendamento de a\u00e7\u00f5es de sensibiliza\u00e7\u00e3o, a PSP pode ser contactada atrav\u00e9s dos Agentes Escola Segura, das Esquadras e ainda pelo e-mail da Escola Segura. <\/p>\n","protected":false},"excerpt":{"rendered":"<p>A Pol\u00edcia de Seguran\u00e7a P\u00fablica terminou, no dia 22 de setembro, a primeira das 11 opera\u00e7\u00f5es nacionais planeadas para o ano letivo 2023\/2024 no \u00e2mbito do Programa Escola Segura. Esta opera\u00e7\u00e3o teve in\u00edcio dia 11 de setembro e pretendia a preven\u00e7\u00e3o e erradica\u00e7\u00e3o da ocorr\u00eancia de comportamentos de risco ou de il\u00edcitos criminais nas escolas [&hellip;]<\/p>\n","protected":false},"author":28,"featured_media":96956,"comment_status":"closed","ping_status":"closed","sticky":false,"template":"","format":"standard","meta":{"_exactmetrics_skip_tracking":false,"_exactmetrics_sitenote_active":false,"_exactmetrics_sitenote_note":"","_exactmetrics_sitenote_category":0,"footnotes":""},"categories":[56325],"tags":[22,27],"class_list":["post-96955","post","type-post","status-publish","format-standard","has-post-thumbnail","hentry","category-pais","tag-educacao","tag-sociedade"],"yoast_head":"<!-- This site is optimized with the Yoast SEO Premium plugin v27.5 (Yoast SEO v27.5) - https:\/\/yoast.com\/product\/yoast-seo-premium-wordpress\/ -->\n<title>PSP regista 1309 opera\u00e7\u00f5es na primeira a\u00e7\u00e3o nacional do ano letivo 2023\/2024<\/title>\n<meta name=\"description\" content=\"A Pol\u00edcia de Seguran\u00e7a P\u00fablica terminou, no dia 22 de setembro, a primeira das 11 opera\u00e7\u00f5es nacionais planeadas para o ano letivo 2023\/2024 no \u00e2mbito do Programa Escola Segura.\" \/>\n<meta name=\"robots\" content=\"index, follow, max-snippet:-1, max-image-preview:large, max-video-preview:-1\" \/>\n<link rel=\"canonical\" href=\"https:\/\/www.altominho.tv\/site\/2023\/09\/27\/psp-regista-1309-operacoes-na-primeira-acao-nacional-do-ano-letivo-2023-2024\/\" \/>\n<meta property=\"og:locale\" content=\"pt_PT\" \/>\n<meta property=\"og:type\" content=\"article\" \/>\n<meta property=\"og:title\" content=\"PSP regista 1309 opera\u00e7\u00f5es na primeira a\u00e7\u00e3o nacional do ano letivo 2023\/2024\" \/>\n<meta property=\"og:description\" content=\"A Pol\u00edcia de Seguran\u00e7a P\u00fablica terminou, no dia 22 de setembro, a primeira das 11 opera\u00e7\u00f5es nacionais planeadas para o ano letivo 2023\/2024 no \u00e2mbito do Programa Escola Segura.\" \/>\n<meta property=\"og:url\" content=\"https:\/\/www.altominho.tv\/site\/2023\/09\/27\/psp-regista-1309-operacoes-na-primeira-acao-nacional-do-ano-letivo-2023-2024\/\" \/>\n<meta property=\"og:site_name\" content=\"Altominho.tv\" \/>\n<meta property=\"article:publisher\" content=\"https:\/\/www.facebook.com\/altominhotv\" \/>\n<meta property=\"article:published_time\" content=\"2023-09-27T08:00:05+00:00\" \/>\n<meta property=\"article:modified_time\" content=\"2023-09-27T08:00:09+00:00\" \/>\n<meta property=\"og:image\" content=\"https:\/\/www.altominho.tv\/site\/wp-content\/uploads\/2023\/09\/policia-capa-600x437-1.jpg\" \/>\n\t<meta property=\"og:image:width\" content=\"600\" \/>\n\t<meta property=\"og:image:height\" content=\"437\" \/>\n\t<meta property=\"og:image:type\" content=\"image\/jpeg\" \/>\n<meta name=\"author\" content=\"Beatriz Lira\" \/>\n<meta name=\"twitter:card\" content=\"summary_large_image\" \/>\n<meta name=\"twitter:creator\" content=\"@altominhoTV\" \/>\n<meta name=\"twitter:site\" content=\"@altominhoTV\" \/>\n<meta name=\"twitter:label1\" content=\"Escrito por\" \/>\n\t<meta name=\"twitter:data1\" content=\"Beatriz Lira\" \/>\n\t<meta name=\"twitter:label2\" content=\"Tempo estimado de leitura\" \/>\n\t<meta name=\"twitter:data2\" content=\"2 minutos\" \/>\n<script type=\"application\/ld+json\" class=\"yoast-schema-graph\">{\"@context\":\"https:\\\/\\\/schema.org\",\"@graph\":[{\"@type\":\"Article\",\"@id\":\"https:\\\/\\\/www.altominho.tv\\\/site\\\/2023\\\/09\\\/27\\\/psp-regista-1309-operacoes-na-primeira-acao-nacional-do-ano-letivo-2023-2024\\\/#article\",\"isPartOf\":{\"@id\":\"https:\\\/\\\/www.altominho.tv\\\/site\\\/2023\\\/09\\\/27\\\/psp-regista-1309-operacoes-na-primeira-acao-nacional-do-ano-letivo-2023-2024\\\/\"},\"author\":{\"name\":\"Beatriz Lira\",\"@id\":\"https:\\\/\\\/www.altominho.tv\\\/site\\\/#\\\/schema\\\/person\\\/f95a2097796cf4462fe1e476cddc40e4\"},\"headline\":\"PSP regista 1309 opera\u00e7\u00f5es na primeira a\u00e7\u00e3o nacional do ano letivo 2023\\\/2024\",\"datePublished\":\"2023-09-27T08:00:05+00:00\",\"dateModified\":\"2023-09-27T08:00:09+00:00\",\"mainEntityOfPage\":{\"@id\":\"https:\\\/\\\/www.altominho.tv\\\/site\\\/2023\\\/09\\\/27\\\/psp-regista-1309-operacoes-na-primeira-acao-nacional-do-ano-letivo-2023-2024\\\/\"},\"wordCount\":319,\"image\":{\"@id\":\"https:\\\/\\\/www.altominho.tv\\\/site\\\/2023\\\/09\\\/27\\\/psp-regista-1309-operacoes-na-primeira-acao-nacional-do-ano-letivo-2023-2024\\\/#primaryimage\"},\"thumbnailUrl\":\"https:\\\/\\\/www.altominho.tv\\\/site\\\/wp-content\\\/uploads\\\/2023\\\/09\\\/policia-capa-600x437-1.jpg\",\"keywords\":[\"Educa\u00e7\u00e3o\",\"Sociedade\"],\"articleSection\":[\"Pa\u00eds\"],\"inLanguage\":\"pt-PT\",\"copyrightYear\":\"2023\",\"copyrightHolder\":{\"@id\":\"https:\\\/\\\/www.altominho.tv\\\/site\\\/#organization\"}},{\"@type\":\"WebPage\",\"@id\":\"https:\\\/\\\/www.altominho.tv\\\/site\\\/2023\\\/09\\\/27\\\/psp-regista-1309-operacoes-na-primeira-acao-nacional-do-ano-letivo-2023-2024\\\/\",\"url\":\"https:\\\/\\\/www.altominho.tv\\\/site\\\/2023\\\/09\\\/27\\\/psp-regista-1309-operacoes-na-primeira-acao-nacional-do-ano-letivo-2023-2024\\\/\",\"name\":\"PSP regista 1309 opera\u00e7\u00f5es na primeira a\u00e7\u00e3o nacional do ano letivo 2023\\\/2024\",\"isPartOf\":{\"@id\":\"https:\\\/\\\/www.altominho.tv\\\/site\\\/#website\"},\"primaryImageOfPage\":{\"@id\":\"https:\\\/\\\/www.altominho.tv\\\/site\\\/2023\\\/09\\\/27\\\/psp-regista-1309-operacoes-na-primeira-acao-nacional-do-ano-letivo-2023-2024\\\/#primaryimage\"},\"image\":{\"@id\":\"https:\\\/\\\/www.altominho.tv\\\/site\\\/2023\\\/09\\\/27\\\/psp-regista-1309-operacoes-na-primeira-acao-nacional-do-ano-letivo-2023-2024\\\/#primaryimage\"},\"thumbnailUrl\":\"https:\\\/\\\/www.altominho.tv\\\/site\\\/wp-content\\\/uploads\\\/2023\\\/09\\\/policia-capa-600x437-1.jpg\",\"datePublished\":\"2023-09-27T08:00:05+00:00\",\"dateModified\":\"2023-09-27T08:00:09+00:00\",\"author\":{\"@id\":\"https:\\\/\\\/www.altominho.tv\\\/site\\\/#\\\/schema\\\/person\\\/f95a2097796cf4462fe1e476cddc40e4\"},\"description\":\"A Pol\u00edcia de Seguran\u00e7a P\u00fablica terminou, no dia 22 de setembro, a primeira das 11 opera\u00e7\u00f5es nacionais planeadas para o ano letivo 2023\\\/2024 no \u00e2mbito do Programa Escola Segura.\",\"breadcrumb\":{\"@id\":\"https:\\\/\\\/www.altominho.tv\\\/site\\\/2023\\\/09\\\/27\\\/psp-regista-1309-operacoes-na-primeira-acao-nacional-do-ano-letivo-2023-2024\\\/#breadcrumb\"},\"inLanguage\":\"pt-PT\",\"potentialAction\":[{\"@type\":\"ReadAction\",\"target\":[\"https:\\\/\\\/www.altominho.tv\\\/site\\\/2023\\\/09\\\/27\\\/psp-regista-1309-operacoes-na-primeira-acao-nacional-do-ano-letivo-2023-2024\\\/\"]}]},{\"@type\":\"ImageObject\",\"inLanguage\":\"pt-PT\",\"@id\":\"https:\\\/\\\/www.altominho.tv\\\/site\\\/2023\\\/09\\\/27\\\/psp-regista-1309-operacoes-na-primeira-acao-nacional-do-ano-letivo-2023-2024\\\/#primaryimage\",\"url\":\"https:\\\/\\\/www.altominho.tv\\\/site\\\/wp-content\\\/uploads\\\/2023\\\/09\\\/policia-capa-600x437-1.jpg\",\"contentUrl\":\"https:\\\/\\\/www.altominho.tv\\\/site\\\/wp-content\\\/uploads\\\/2023\\\/09\\\/policia-capa-600x437-1.jpg\",\"width\":600,\"height\":437},{\"@type\":\"BreadcrumbList\",\"@id\":\"https:\\\/\\\/www.altominho.tv\\\/site\\\/2023\\\/09\\\/27\\\/psp-regista-1309-operacoes-na-primeira-acao-nacional-do-ano-letivo-2023-2024\\\/#breadcrumb\",\"itemListElement\":[{\"@type\":\"ListItem\",\"position\":1,\"name\":\"In\u00edcio\",\"item\":\"https:\\\/\\\/www.altominho.tv\\\/site\\\/\"},{\"@type\":\"ListItem\",\"position\":2,\"name\":\"PSP regista 1309 opera\u00e7\u00f5es na primeira a\u00e7\u00e3o nacional do ano letivo 2023\\\/2024\"}]},{\"@type\":\"WebSite\",\"@id\":\"https:\\\/\\\/www.altominho.tv\\\/site\\\/#website\",\"url\":\"https:\\\/\\\/www.altominho.tv\\\/site\\\/\",\"name\":\"Altominho.tv\",\"description\":\"A sua regi\u00e3o \u00e0 dist\u00e2ncia de um clique...\",\"potentialAction\":[{\"@type\":\"SearchAction\",\"target\":{\"@type\":\"EntryPoint\",\"urlTemplate\":\"https:\\\/\\\/www.altominho.tv\\\/site\\\/?s={search_term_string}\"},\"query-input\":{\"@type\":\"PropertyValueSpecification\",\"valueRequired\":true,\"valueName\":\"search_term_string\"}}],\"inLanguage\":\"pt-PT\"},{\"@type\":\"Person\",\"@id\":\"https:\\\/\\\/www.altominho.tv\\\/site\\\/#\\\/schema\\\/person\\\/f95a2097796cf4462fe1e476cddc40e4\",\"name\":\"Beatriz Lira\",\"image\":{\"@type\":\"ImageObject\",\"inLanguage\":\"pt-PT\",\"@id\":\"https:\\\/\\\/www.altominho.tv\\\/site\\\/wp-content\\\/uploads\\\/2023\\\/03\\\/Screenshot_20230306-141220_Photos-150x150.jpg\",\"url\":\"https:\\\/\\\/www.altominho.tv\\\/site\\\/wp-content\\\/uploads\\\/2023\\\/03\\\/Screenshot_20230306-141220_Photos-150x150.jpg\",\"contentUrl\":\"https:\\\/\\\/www.altominho.tv\\\/site\\\/wp-content\\\/uploads\\\/2023\\\/03\\\/Screenshot_20230306-141220_Photos-150x150.jpg\",\"caption\":\"Beatriz Lira\"},\"url\":\"https:\\\/\\\/www.altominho.tv\\\/site\\\/author\\\/beatriz\\\/\"}]}<\/script>\n<!-- \/ Yoast SEO Premium plugin. -->","yoast_head_json":{"title":"PSP regista 1309 opera\u00e7\u00f5es na primeira a\u00e7\u00e3o nacional do ano letivo 2023\/2024","description":"A Pol\u00edcia de Seguran\u00e7a P\u00fablica terminou, no dia 22 de setembro, a primeira das 11 opera\u00e7\u00f5es nacionais planeadas para o ano letivo 2023\/2024 no \u00e2mbito do Programa Escola Segura.","robots":{"index":"index","follow":"follow","max-snippet":"max-snippet:-1","max-image-preview":"max-image-preview:large","max-video-preview":"max-video-preview:-1"},"canonical":"https:\/\/www.altominho.tv\/site\/2023\/09\/27\/psp-regista-1309-operacoes-na-primeira-acao-nacional-do-ano-letivo-2023-2024\/","og_locale":"pt_PT","og_type":"article","og_title":"PSP regista 1309 opera\u00e7\u00f5es na primeira a\u00e7\u00e3o nacional do ano letivo 2023\/2024","og_description":"A Pol\u00edcia de Seguran\u00e7a P\u00fablica terminou, no dia 22 de setembro, a primeira das 11 opera\u00e7\u00f5es nacionais planeadas para o ano letivo 2023\/2024 no \u00e2mbito do Programa Escola Segura.","og_url":"https:\/\/www.altominho.tv\/site\/2023\/09\/27\/psp-regista-1309-operacoes-na-primeira-acao-nacional-do-ano-letivo-2023-2024\/","og_site_name":"Altominho.tv","article_publisher":"https:\/\/www.facebook.com\/altominhotv","article_published_time":"2023-09-27T08:00:05+00:00","article_modified_time":"2023-09-27T08:00:09+00:00","og_image":[{"width":600,"height":437,"url":"https:\/\/www.altominho.tv\/site\/wp-content\/uploads\/2023\/09\/policia-capa-600x437-1.jpg","type":"image\/jpeg"}],"author":"Beatriz Lira","twitter_card":"summary_large_image","twitter_creator":"@altominhoTV","twitter_site":"@altominhoTV","twitter_misc":{"Escrito por":"Beatriz Lira","Tempo estimado de leitura":"2 minutos"},"schema":{"@context":"https:\/\/schema.org","@graph":[{"@type":"Article","@id":"https:\/\/www.altominho.tv\/site\/2023\/09\/27\/psp-regista-1309-operacoes-na-primeira-acao-nacional-do-ano-letivo-2023-2024\/#article","isPartOf":{"@id":"https:\/\/www.altominho.tv\/site\/2023\/09\/27\/psp-regista-1309-operacoes-na-primeira-acao-nacional-do-ano-letivo-2023-2024\/"},"author":{"name":"Beatriz Lira","@id":"https:\/\/www.altominho.tv\/site\/#\/schema\/person\/f95a2097796cf4462fe1e476cddc40e4"},"headline":"PSP regista 1309 opera\u00e7\u00f5es na primeira a\u00e7\u00e3o nacional do ano letivo 2023\/2024","datePublished":"2023-09-27T08:00:05+00:00","dateModified":"2023-09-27T08:00:09+00:00","mainEntityOfPage":{"@id":"https:\/\/www.altominho.tv\/site\/2023\/09\/27\/psp-regista-1309-operacoes-na-primeira-acao-nacional-do-ano-letivo-2023-2024\/"},"wordCount":319,"image":{"@id":"https:\/\/www.altominho.tv\/site\/2023\/09\/27\/psp-regista-1309-operacoes-na-primeira-acao-nacional-do-ano-letivo-2023-2024\/#primaryimage"},"thumbnailUrl":"https:\/\/www.altominho.tv\/site\/wp-content\/uploads\/2023\/09\/policia-capa-600x437-1.jpg","keywords":["Educa\u00e7\u00e3o","Sociedade"],"articleSection":["Pa\u00eds"],"inLanguage":"pt-PT","copyrightYear":"2023","copyrightHolder":{"@id":"https:\/\/www.altominho.tv\/site\/#organization"}},{"@type":"WebPage","@id":"https:\/\/www.altominho.tv\/site\/2023\/09\/27\/psp-regista-1309-operacoes-na-primeira-acao-nacional-do-ano-letivo-2023-2024\/","url":"https:\/\/www.altominho.tv\/site\/2023\/09\/27\/psp-regista-1309-operacoes-na-primeira-acao-nacional-do-ano-letivo-2023-2024\/","name":"PSP regista 1309 opera\u00e7\u00f5es na primeira a\u00e7\u00e3o nacional do ano letivo 2023\/2024","isPartOf":{"@id":"https:\/\/www.altominho.tv\/site\/#website"},"primaryImageOfPage":{"@id":"https:\/\/www.altominho.tv\/site\/2023\/09\/27\/psp-regista-1309-operacoes-na-primeira-acao-nacional-do-ano-letivo-2023-2024\/#primaryimage"},"image":{"@id":"https:\/\/www.altominho.tv\/site\/2023\/09\/27\/psp-regista-1309-operacoes-na-primeira-acao-nacional-do-ano-letivo-2023-2024\/#primaryimage"},"thumbnailUrl":"https:\/\/www.altominho.tv\/site\/wp-content\/uploads\/2023\/09\/policia-capa-600x437-1.jpg","datePublished":"2023-09-27T08:00:05+00:00","dateModified":"2023-09-27T08:00:09+00:00","author":{"@id":"https:\/\/www.altominho.tv\/site\/#\/schema\/person\/f95a2097796cf4462fe1e476cddc40e4"},"description":"A Pol\u00edcia de Seguran\u00e7a P\u00fablica terminou, no dia 22 de setembro, a primeira das 11 opera\u00e7\u00f5es nacionais planeadas para o ano letivo 2023\/2024 no \u00e2mbito do Programa Escola Segura.","breadcrumb":{"@id":"https:\/\/www.altominho.tv\/site\/2023\/09\/27\/psp-regista-1309-operacoes-na-primeira-acao-nacional-do-ano-letivo-2023-2024\/#breadcrumb"},"inLanguage":"pt-PT","potentialAction":[{"@type":"ReadAction","target":["https:\/\/www.altominho.tv\/site\/2023\/09\/27\/psp-regista-1309-operacoes-na-primeira-acao-nacional-do-ano-letivo-2023-2024\/"]}]},{"@type":"ImageObject","inLanguage":"pt-PT","@id":"https:\/\/www.altominho.tv\/site\/2023\/09\/27\/psp-regista-1309-operacoes-na-primeira-acao-nacional-do-ano-letivo-2023-2024\/#primaryimage","url":"https:\/\/www.altominho.tv\/site\/wp-content\/uploads\/2023\/09\/policia-capa-600x437-1.jpg","contentUrl":"https:\/\/www.altominho.tv\/site\/wp-content\/uploads\/2023\/09\/policia-capa-600x437-1.jpg","width":600,"height":437},{"@type":"BreadcrumbList","@id":"https:\/\/www.altominho.tv\/site\/2023\/09\/27\/psp-regista-1309-operacoes-na-primeira-acao-nacional-do-ano-letivo-2023-2024\/#breadcrumb","itemListElement":[{"@type":"ListItem","position":1,"name":"In\u00edcio","item":"https:\/\/www.altominho.tv\/site\/"},{"@type":"ListItem","position":2,"name":"PSP regista 1309 opera\u00e7\u00f5es na primeira a\u00e7\u00e3o nacional do ano letivo 2023\/2024"}]},{"@type":"WebSite","@id":"https:\/\/www.altominho.tv\/site\/#website","url":"https:\/\/www.altominho.tv\/site\/","name":"Altominho.tv","description":"A sua regi\u00e3o \u00e0 dist\u00e2ncia de um clique...","potentialAction":[{"@type":"SearchAction","target":{"@type":"EntryPoint","urlTemplate":"https:\/\/www.altominho.tv\/site\/?s={search_term_string}"},"query-input":{"@type":"PropertyValueSpecification","valueRequired":true,"valueName":"search_term_string"}}],"inLanguage":"pt-PT"},{"@type":"Person","@id":"https:\/\/www.altominho.tv\/site\/#\/schema\/person\/f95a2097796cf4462fe1e476cddc40e4","name":"Beatriz Lira","image":{"@type":"ImageObject","inLanguage":"pt-PT","@id":"https:\/\/www.altominho.tv\/site\/wp-content\/uploads\/2023\/03\/Screenshot_20230306-141220_Photos-150x150.jpg","url":"https:\/\/www.altominho.tv\/site\/wp-content\/uploads\/2023\/03\/Screenshot_20230306-141220_Photos-150x150.jpg","contentUrl":"https:\/\/www.altominho.tv\/site\/wp-content\/uploads\/2023\/03\/Screenshot_20230306-141220_Photos-150x150.jpg","caption":"Beatriz Lira"},"url":"https:\/\/www.altominho.tv\/site\/author\/beatriz\/"}]}},"_links":{"self":[{"href":"https:\/\/www.altominho.tv\/site\/wp-json\/wp\/v2\/posts\/96955","targetHints":{"allow":["GET"]}}],"collection":[{"href":"https:\/\/www.altominho.tv\/site\/wp-json\/wp\/v2\/posts"}],"about":[{"href":"https:\/\/www.altominho.tv\/site\/wp-json\/wp\/v2\/types\/post"}],"author":[{"embeddable":true,"href":"https:\/\/www.altominho.tv\/site\/wp-json\/wp\/v2\/users\/28"}],"replies":[{"embeddable":true,"href":"https:\/\/www.altominho.tv\/site\/wp-json\/wp\/v2\/comments?post=96955"}],"version-history":[{"count":2,"href":"https:\/\/www.altominho.tv\/site\/wp-json\/wp\/v2\/posts\/96955\/revisions"}],"predecessor-version":[{"id":96958,"href":"https:\/\/www.altominho.tv\/site\/wp-json\/wp\/v2\/posts\/96955\/revisions\/96958"}],"wp:featuredmedia":[{"embeddable":true,"href":"https:\/\/www.altominho.tv\/site\/wp-json\/wp\/v2\/media\/96956"}],"wp:attachment":[{"href":"https:\/\/www.altominho.tv\/site\/wp-json\/wp\/v2\/media?parent=96955"}],"wp:term":[{"taxonomy":"category","embeddable":true,"href":"https:\/\/www.altominho.tv\/site\/wp-json\/wp\/v2\/categories?post=96955"},{"taxonomy":"post_tag","embeddable":true,"href":"https:\/\/www.altominho.tv\/site\/wp-json\/wp\/v2\/tags?post=96955"}],"curies":[{"name":"wp","href":"https:\/\/api.w.org\/{rel}","templated":true}]}}