{"id":96899,"date":"2023-09-25T18:08:06","date_gmt":"2023-09-25T17:08:06","guid":{"rendered":"https:\/\/www.altominho.tv\/site\/?p=96899"},"modified":"2023-09-25T18:08:10","modified_gmt":"2023-09-25T17:08:10","slug":"portugal-registou-7-097-fogos-ate-setembro","status":"publish","type":"post","link":"https:\/\/www.altominho.tv\/site\/2023\/09\/25\/portugal-registou-7-097-fogos-ate-setembro\/","title":{"rendered":"Portugal registou 7.097 fogos at\u00e9 setembro"},"content":{"rendered":"<p class=\"p1\">Portugal registou desde o in\u00edcio do ano 7.097 inc\u00eandios rurais, resultando em 33.003 hectares de \u00e1rea ardida, indicou hoje o Instituto da Conserva\u00e7\u00e3o da Natureza e das Florestas (ICNF).<\/p>\n<p class=\"p1\">Com dados at\u00e9 15 de setembro, relat\u00f3rio provis\u00f3rio de inc\u00eandios rurais do ICNF adianta que, comparando 2023 com os \u00faltimos 10 anos, contabilizaram-se menos 40% de inc\u00eandios rurais e menos 64% de \u00e1rea ardida, em rela\u00e7\u00e3o \u00e0 m\u00e9dia anual do per\u00edodo hom\u00f3logo.<\/p>\n<p class=\"p1\">\u201cO ano de 2023 apresenta (\u2026) o segundo valor mais reduzido em n\u00famero de inc\u00eandios e o terceiro valor mais reduzido de \u00e1rea ardida, desde 2013\u201d, observa.<\/p>\n<p class=\"p1\">Os inc\u00eandios rurais com \u00e1rea ardida inferior a um hectare s\u00e3o os mais frequentes, correspondendo a 84% do total.<\/p>\n<p class=\"p1\">Sobre os inc\u00eandios de maior dimens\u00e3o, o ICNF assinala a ocorr\u00eancia de quatro fogos com \u00e1rea ardida superior ou igual a 1.000 hectares.<\/p>\n<p class=\"p1\">\u201cConsideram-se grandes inc\u00eandios sempre que a \u00e1rea ardida total seja igual ou superior a 100 hectares. At\u00e9 15 de setembro de 2023 registaram-se 33 inc\u00eandios enquadrados nesta categoria, que resultaram em 22.803 hectares de \u00e1rea ardida, cerca de 69% do total da \u00e1rea ardida\u201d, assinala.<\/p>\n<p class=\"p1\">Do total dos 7.097 inc\u00eandios rurais, foram investigados 6.000, estando o processo de averigua\u00e7\u00e3o de causas conclu\u00eddo: 85% do n\u00famero total de inc\u00eandios \u2013 respons\u00e1veis por 97% da \u00e1rea total ardida.<\/p>\n<p class=\"p1\">A investiga\u00e7\u00e3o permitiu a atribui\u00e7\u00e3o de uma causa para 4.204 inc\u00eandios, sendo que de 70% investigados, 68% s\u00e3o respons\u00e1veis pela \u00e1rea total ardida.<\/p>\n<p class=\"p1\">As causas mais frequentes s\u00e3o o fogo posto (28%) e as queimadas agr\u00edcolas (17%).<\/p>\n<p class=\"p1\">\u201cConjuntamente, as v\u00e1rias tipologias de queimas e queimadas representam 41% do total das causas apuradas. Os reacendimentos representam 5% do total das causas apuradas, um valor inferior face \u00e0 m\u00e9dia dos 10 anos anteriores (13%)\u201d, sustenta.<\/p>\n<p class=\"p1\">Analisando por distrito, o ICNF destacou o Porto (1.416), Braga (670) e Viana do Castelo (589) como sendo aqueles que registaram o maior n\u00famero de inc\u00eandios, todos eles de pequena dimens\u00e3o, n\u00e3o ultrapassando um hectare de \u00e1rea ardida.<\/p>\n<p class=\"p1\">No que diz respeito \u00e0 \u00e1rea ardida, Castelo Branco com 7.429 hectares (cerca de 23% do total), Beja com 5.908 hectares (18% do total) e de Faro com 2.652 hectares (8% do total) foram os mais afetados.<\/p>\n<p class=\"p1\">At\u00e9 ao momento, acrescenta o ICNF, agosto \u00e9 aquele m\u00eas que apresenta maior n\u00famero de inc\u00eandios rurais, com 1.798, correspondendo a 25% do n\u00famero total registado no ano.<\/p>\n<p class=\"p1\">Tamb\u00e9m \u00e9 o m\u00eas que apresenta maior \u00e1rea ardida em 2023, com 22.019 hectares queimados \u2013 67% do total assinalado no ano.<\/p>\n","protected":false},"excerpt":{"rendered":"<p>Portugal registou desde o in\u00edcio do ano 7.097 inc\u00eandios rurais, resultando em 33.003 hectares de \u00e1rea ardida, indicou hoje o Instituto da Conserva\u00e7\u00e3o da Natureza e das Florestas (ICNF). Com dados at\u00e9 15 de setembro, relat\u00f3rio provis\u00f3rio de inc\u00eandios rurais do ICNF adianta que, comparando 2023 com os \u00faltimos 10 anos, contabilizaram-se menos 40% de [&hellip;]<\/p>\n","protected":false},"author":13,"featured_media":96900,"comment_status":"closed","ping_status":"closed","sticky":false,"template":"","format":"standard","meta":{"_exactmetrics_skip_tracking":false,"_exactmetrics_sitenote_active":false,"_exactmetrics_sitenote_note":"","_exactmetrics_sitenote_category":0,"footnotes":""},"categories":[56325],"tags":[27],"class_list":["post-96899","post","type-post","status-publish","format-standard","has-post-thumbnail","hentry","category-pais","tag-sociedade"],"yoast_head":"<!-- This site is optimized with the Yoast SEO Premium plugin v27.5 (Yoast SEO v27.5) - https:\/\/yoast.com\/product\/yoast-seo-premium-wordpress\/ -->\n<title>Portugal registou 7.097 fogos at\u00e9 setembro<\/title>\n<meta name=\"description\" content=\"Portugal registou desde o in\u00edcio do ano 7.097 inc\u00eandios rurais, resultando em 33.003 hectares de \u00e1rea ardida, indicou hoje o Instituto da Conserva\u00e7\u00e3o da Natureza e das Florestas (ICNF)\" \/>\n<meta name=\"robots\" content=\"index, follow, max-snippet:-1, max-image-preview:large, max-video-preview:-1\" \/>\n<link rel=\"canonical\" href=\"https:\/\/www.altominho.tv\/site\/2023\/09\/25\/portugal-registou-7-097-fogos-ate-setembro\/\" \/>\n<meta property=\"og:locale\" content=\"pt_PT\" \/>\n<meta property=\"og:type\" content=\"article\" \/>\n<meta property=\"og:title\" content=\"Portugal registou 7.097 fogos at\u00e9 setembro\" \/>\n<meta property=\"og:description\" content=\"Portugal registou desde o in\u00edcio do ano 7.097 inc\u00eandios rurais, resultando em 33.003 hectares de \u00e1rea ardida, indicou hoje o Instituto da Conserva\u00e7\u00e3o da Natureza e das Florestas (ICNF)\" \/>\n<meta property=\"og:url\" content=\"https:\/\/www.altominho.tv\/site\/2023\/09\/25\/portugal-registou-7-097-fogos-ate-setembro\/\" \/>\n<meta property=\"og:site_name\" content=\"Altominho.tv\" \/>\n<meta property=\"article:publisher\" content=\"https:\/\/www.facebook.com\/altominhotv\" \/>\n<meta property=\"article:published_time\" content=\"2023-09-25T17:08:06+00:00\" \/>\n<meta property=\"article:modified_time\" content=\"2023-09-25T17:08:10+00:00\" \/>\n<meta property=\"og:image\" content=\"https:\/\/www.altominho.tv\/site\/wp-content\/uploads\/2023\/09\/incendios-1.jpeg\" \/>\n\t<meta property=\"og:image:width\" content=\"1920\" \/>\n\t<meta property=\"og:image:height\" content=\"1080\" \/>\n\t<meta property=\"og:image:type\" content=\"image\/jpeg\" \/>\n<meta name=\"author\" content=\"Lusa\" \/>\n<meta name=\"twitter:card\" content=\"summary_large_image\" \/>\n<meta name=\"twitter:creator\" content=\"@altominhoTV\" \/>\n<meta name=\"twitter:site\" content=\"@altominhoTV\" \/>\n<meta name=\"twitter:label1\" content=\"Escrito por\" \/>\n\t<meta name=\"twitter:data1\" content=\"Lusa\" \/>\n\t<meta name=\"twitter:label2\" content=\"Tempo estimado de leitura\" \/>\n\t<meta name=\"twitter:data2\" content=\"3 minutos\" \/>\n<script type=\"application\/ld+json\" class=\"yoast-schema-graph\">{\"@context\":\"https:\\\/\\\/schema.org\",\"@graph\":[{\"@type\":\"Article\",\"@id\":\"https:\\\/\\\/www.altominho.tv\\\/site\\\/2023\\\/09\\\/25\\\/portugal-registou-7-097-fogos-ate-setembro\\\/#article\",\"isPartOf\":{\"@id\":\"https:\\\/\\\/www.altominho.tv\\\/site\\\/2023\\\/09\\\/25\\\/portugal-registou-7-097-fogos-ate-setembro\\\/\"},\"author\":{\"name\":\"Lusa\",\"@id\":\"https:\\\/\\\/www.altominho.tv\\\/site\\\/#\\\/schema\\\/person\\\/63f693da3e1899361cbe955c46f3232e\"},\"headline\":\"Portugal registou 7.097 fogos at\u00e9 setembro\",\"datePublished\":\"2023-09-25T17:08:06+00:00\",\"dateModified\":\"2023-09-25T17:08:10+00:00\",\"mainEntityOfPage\":{\"@id\":\"https:\\\/\\\/www.altominho.tv\\\/site\\\/2023\\\/09\\\/25\\\/portugal-registou-7-097-fogos-ate-setembro\\\/\"},\"wordCount\":412,\"image\":{\"@id\":\"https:\\\/\\\/www.altominho.tv\\\/site\\\/2023\\\/09\\\/25\\\/portugal-registou-7-097-fogos-ate-setembro\\\/#primaryimage\"},\"thumbnailUrl\":\"https:\\\/\\\/www.altominho.tv\\\/site\\\/wp-content\\\/uploads\\\/2023\\\/09\\\/incendios-1.jpeg\",\"keywords\":[\"Sociedade\"],\"articleSection\":[\"Pa\u00eds\"],\"inLanguage\":\"pt-PT\",\"copyrightYear\":\"2023\",\"copyrightHolder\":{\"@id\":\"https:\\\/\\\/www.altominho.tv\\\/site\\\/#organization\"}},{\"@type\":\"WebPage\",\"@id\":\"https:\\\/\\\/www.altominho.tv\\\/site\\\/2023\\\/09\\\/25\\\/portugal-registou-7-097-fogos-ate-setembro\\\/\",\"url\":\"https:\\\/\\\/www.altominho.tv\\\/site\\\/2023\\\/09\\\/25\\\/portugal-registou-7-097-fogos-ate-setembro\\\/\",\"name\":\"Portugal registou 7.097 fogos at\u00e9 setembro\",\"isPartOf\":{\"@id\":\"https:\\\/\\\/www.altominho.tv\\\/site\\\/#website\"},\"primaryImageOfPage\":{\"@id\":\"https:\\\/\\\/www.altominho.tv\\\/site\\\/2023\\\/09\\\/25\\\/portugal-registou-7-097-fogos-ate-setembro\\\/#primaryimage\"},\"image\":{\"@id\":\"https:\\\/\\\/www.altominho.tv\\\/site\\\/2023\\\/09\\\/25\\\/portugal-registou-7-097-fogos-ate-setembro\\\/#primaryimage\"},\"thumbnailUrl\":\"https:\\\/\\\/www.altominho.tv\\\/site\\\/wp-content\\\/uploads\\\/2023\\\/09\\\/incendios-1.jpeg\",\"datePublished\":\"2023-09-25T17:08:06+00:00\",\"dateModified\":\"2023-09-25T17:08:10+00:00\",\"author\":{\"@id\":\"https:\\\/\\\/www.altominho.tv\\\/site\\\/#\\\/schema\\\/person\\\/63f693da3e1899361cbe955c46f3232e\"},\"description\":\"Portugal registou desde o in\u00edcio do ano 7.097 inc\u00eandios rurais, resultando em 33.003 hectares de \u00e1rea ardida, indicou hoje o Instituto da Conserva\u00e7\u00e3o da Natureza e das Florestas (ICNF)\",\"breadcrumb\":{\"@id\":\"https:\\\/\\\/www.altominho.tv\\\/site\\\/2023\\\/09\\\/25\\\/portugal-registou-7-097-fogos-ate-setembro\\\/#breadcrumb\"},\"inLanguage\":\"pt-PT\",\"potentialAction\":[{\"@type\":\"ReadAction\",\"target\":[\"https:\\\/\\\/www.altominho.tv\\\/site\\\/2023\\\/09\\\/25\\\/portugal-registou-7-097-fogos-ate-setembro\\\/\"]}]},{\"@type\":\"ImageObject\",\"inLanguage\":\"pt-PT\",\"@id\":\"https:\\\/\\\/www.altominho.tv\\\/site\\\/2023\\\/09\\\/25\\\/portugal-registou-7-097-fogos-ate-setembro\\\/#primaryimage\",\"url\":\"https:\\\/\\\/www.altominho.tv\\\/site\\\/wp-content\\\/uploads\\\/2023\\\/09\\\/incendios-1.jpeg\",\"contentUrl\":\"https:\\\/\\\/www.altominho.tv\\\/site\\\/wp-content\\\/uploads\\\/2023\\\/09\\\/incendios-1.jpeg\",\"width\":1920,\"height\":1080},{\"@type\":\"BreadcrumbList\",\"@id\":\"https:\\\/\\\/www.altominho.tv\\\/site\\\/2023\\\/09\\\/25\\\/portugal-registou-7-097-fogos-ate-setembro\\\/#breadcrumb\",\"itemListElement\":[{\"@type\":\"ListItem\",\"position\":1,\"name\":\"In\u00edcio\",\"item\":\"https:\\\/\\\/www.altominho.tv\\\/site\\\/\"},{\"@type\":\"ListItem\",\"position\":2,\"name\":\"Portugal registou 7.097 fogos at\u00e9 setembro\"}]},{\"@type\":\"WebSite\",\"@id\":\"https:\\\/\\\/www.altominho.tv\\\/site\\\/#website\",\"url\":\"https:\\\/\\\/www.altominho.tv\\\/site\\\/\",\"name\":\"Altominho.tv\",\"description\":\"A sua regi\u00e3o \u00e0 dist\u00e2ncia de um clique...\",\"potentialAction\":[{\"@type\":\"SearchAction\",\"target\":{\"@type\":\"EntryPoint\",\"urlTemplate\":\"https:\\\/\\\/www.altominho.tv\\\/site\\\/?s={search_term_string}\"},\"query-input\":{\"@type\":\"PropertyValueSpecification\",\"valueRequired\":true,\"valueName\":\"search_term_string\"}}],\"inLanguage\":\"pt-PT\"},{\"@type\":\"Person\",\"@id\":\"https:\\\/\\\/www.altominho.tv\\\/site\\\/#\\\/schema\\\/person\\\/63f693da3e1899361cbe955c46f3232e\",\"name\":\"Lusa\",\"image\":{\"@type\":\"ImageObject\",\"inLanguage\":\"pt-PT\",\"@id\":\"https:\\\/\\\/www.altominho.tv\\\/site\\\/wp-content\\\/uploads\\\/2019\\\/08\\\/LUSA_Logo.gif\",\"url\":\"https:\\\/\\\/www.altominho.tv\\\/site\\\/wp-content\\\/uploads\\\/2019\\\/08\\\/LUSA_Logo.gif\",\"contentUrl\":\"https:\\\/\\\/www.altominho.tv\\\/site\\\/wp-content\\\/uploads\\\/2019\\\/08\\\/LUSA_Logo.gif\",\"caption\":\"Lusa\"},\"sameAs\":[\"http:\\\/\\\/\\\/\\\/www.altominho.tv\\\/site\"],\"url\":\"https:\\\/\\\/www.altominho.tv\\\/site\\\/author\\\/lusa\\\/\"}]}<\/script>\n<!-- \/ Yoast SEO Premium plugin. -->","yoast_head_json":{"title":"Portugal registou 7.097 fogos at\u00e9 setembro","description":"Portugal registou desde o in\u00edcio do ano 7.097 inc\u00eandios rurais, resultando em 33.003 hectares de \u00e1rea ardida, indicou hoje o Instituto da Conserva\u00e7\u00e3o da Natureza e das Florestas (ICNF)","robots":{"index":"index","follow":"follow","max-snippet":"max-snippet:-1","max-image-preview":"max-image-preview:large","max-video-preview":"max-video-preview:-1"},"canonical":"https:\/\/www.altominho.tv\/site\/2023\/09\/25\/portugal-registou-7-097-fogos-ate-setembro\/","og_locale":"pt_PT","og_type":"article","og_title":"Portugal registou 7.097 fogos at\u00e9 setembro","og_description":"Portugal registou desde o in\u00edcio do ano 7.097 inc\u00eandios rurais, resultando em 33.003 hectares de \u00e1rea ardida, indicou hoje o Instituto da Conserva\u00e7\u00e3o da Natureza e das Florestas (ICNF)","og_url":"https:\/\/www.altominho.tv\/site\/2023\/09\/25\/portugal-registou-7-097-fogos-ate-setembro\/","og_site_name":"Altominho.tv","article_publisher":"https:\/\/www.facebook.com\/altominhotv","article_published_time":"2023-09-25T17:08:06+00:00","article_modified_time":"2023-09-25T17:08:10+00:00","og_image":[{"width":1920,"height":1080,"url":"https:\/\/www.altominho.tv\/site\/wp-content\/uploads\/2023\/09\/incendios-1.jpeg","type":"image\/jpeg"}],"author":"Lusa","twitter_card":"summary_large_image","twitter_creator":"@altominhoTV","twitter_site":"@altominhoTV","twitter_misc":{"Escrito por":"Lusa","Tempo estimado de leitura":"3 minutos"},"schema":{"@context":"https:\/\/schema.org","@graph":[{"@type":"Article","@id":"https:\/\/www.altominho.tv\/site\/2023\/09\/25\/portugal-registou-7-097-fogos-ate-setembro\/#article","isPartOf":{"@id":"https:\/\/www.altominho.tv\/site\/2023\/09\/25\/portugal-registou-7-097-fogos-ate-setembro\/"},"author":{"name":"Lusa","@id":"https:\/\/www.altominho.tv\/site\/#\/schema\/person\/63f693da3e1899361cbe955c46f3232e"},"headline":"Portugal registou 7.097 fogos at\u00e9 setembro","datePublished":"2023-09-25T17:08:06+00:00","dateModified":"2023-09-25T17:08:10+00:00","mainEntityOfPage":{"@id":"https:\/\/www.altominho.tv\/site\/2023\/09\/25\/portugal-registou-7-097-fogos-ate-setembro\/"},"wordCount":412,"image":{"@id":"https:\/\/www.altominho.tv\/site\/2023\/09\/25\/portugal-registou-7-097-fogos-ate-setembro\/#primaryimage"},"thumbnailUrl":"https:\/\/www.altominho.tv\/site\/wp-content\/uploads\/2023\/09\/incendios-1.jpeg","keywords":["Sociedade"],"articleSection":["Pa\u00eds"],"inLanguage":"pt-PT","copyrightYear":"2023","copyrightHolder":{"@id":"https:\/\/www.altominho.tv\/site\/#organization"}},{"@type":"WebPage","@id":"https:\/\/www.altominho.tv\/site\/2023\/09\/25\/portugal-registou-7-097-fogos-ate-setembro\/","url":"https:\/\/www.altominho.tv\/site\/2023\/09\/25\/portugal-registou-7-097-fogos-ate-setembro\/","name":"Portugal registou 7.097 fogos at\u00e9 setembro","isPartOf":{"@id":"https:\/\/www.altominho.tv\/site\/#website"},"primaryImageOfPage":{"@id":"https:\/\/www.altominho.tv\/site\/2023\/09\/25\/portugal-registou-7-097-fogos-ate-setembro\/#primaryimage"},"image":{"@id":"https:\/\/www.altominho.tv\/site\/2023\/09\/25\/portugal-registou-7-097-fogos-ate-setembro\/#primaryimage"},"thumbnailUrl":"https:\/\/www.altominho.tv\/site\/wp-content\/uploads\/2023\/09\/incendios-1.jpeg","datePublished":"2023-09-25T17:08:06+00:00","dateModified":"2023-09-25T17:08:10+00:00","author":{"@id":"https:\/\/www.altominho.tv\/site\/#\/schema\/person\/63f693da3e1899361cbe955c46f3232e"},"description":"Portugal registou desde o in\u00edcio do ano 7.097 inc\u00eandios rurais, resultando em 33.003 hectares de \u00e1rea ardida, indicou hoje o Instituto da Conserva\u00e7\u00e3o da Natureza e das Florestas (ICNF)","breadcrumb":{"@id":"https:\/\/www.altominho.tv\/site\/2023\/09\/25\/portugal-registou-7-097-fogos-ate-setembro\/#breadcrumb"},"inLanguage":"pt-PT","potentialAction":[{"@type":"ReadAction","target":["https:\/\/www.altominho.tv\/site\/2023\/09\/25\/portugal-registou-7-097-fogos-ate-setembro\/"]}]},{"@type":"ImageObject","inLanguage":"pt-PT","@id":"https:\/\/www.altominho.tv\/site\/2023\/09\/25\/portugal-registou-7-097-fogos-ate-setembro\/#primaryimage","url":"https:\/\/www.altominho.tv\/site\/wp-content\/uploads\/2023\/09\/incendios-1.jpeg","contentUrl":"https:\/\/www.altominho.tv\/site\/wp-content\/uploads\/2023\/09\/incendios-1.jpeg","width":1920,"height":1080},{"@type":"BreadcrumbList","@id":"https:\/\/www.altominho.tv\/site\/2023\/09\/25\/portugal-registou-7-097-fogos-ate-setembro\/#breadcrumb","itemListElement":[{"@type":"ListItem","position":1,"name":"In\u00edcio","item":"https:\/\/www.altominho.tv\/site\/"},{"@type":"ListItem","position":2,"name":"Portugal registou 7.097 fogos at\u00e9 setembro"}]},{"@type":"WebSite","@id":"https:\/\/www.altominho.tv\/site\/#website","url":"https:\/\/www.altominho.tv\/site\/","name":"Altominho.tv","description":"A sua regi\u00e3o \u00e0 dist\u00e2ncia de um clique...","potentialAction":[{"@type":"SearchAction","target":{"@type":"EntryPoint","urlTemplate":"https:\/\/www.altominho.tv\/site\/?s={search_term_string}"},"query-input":{"@type":"PropertyValueSpecification","valueRequired":true,"valueName":"search_term_string"}}],"inLanguage":"pt-PT"},{"@type":"Person","@id":"https:\/\/www.altominho.tv\/site\/#\/schema\/person\/63f693da3e1899361cbe955c46f3232e","name":"Lusa","image":{"@type":"ImageObject","inLanguage":"pt-PT","@id":"https:\/\/www.altominho.tv\/site\/wp-content\/uploads\/2019\/08\/LUSA_Logo.gif","url":"https:\/\/www.altominho.tv\/site\/wp-content\/uploads\/2019\/08\/LUSA_Logo.gif","contentUrl":"https:\/\/www.altominho.tv\/site\/wp-content\/uploads\/2019\/08\/LUSA_Logo.gif","caption":"Lusa"},"sameAs":["http:\/\/\/\/www.altominho.tv\/site"],"url":"https:\/\/www.altominho.tv\/site\/author\/lusa\/"}]}},"_links":{"self":[{"href":"https:\/\/www.altominho.tv\/site\/wp-json\/wp\/v2\/posts\/96899","targetHints":{"allow":["GET"]}}],"collection":[{"href":"https:\/\/www.altominho.tv\/site\/wp-json\/wp\/v2\/posts"}],"about":[{"href":"https:\/\/www.altominho.tv\/site\/wp-json\/wp\/v2\/types\/post"}],"author":[{"embeddable":true,"href":"https:\/\/www.altominho.tv\/site\/wp-json\/wp\/v2\/users\/13"}],"replies":[{"embeddable":true,"href":"https:\/\/www.altominho.tv\/site\/wp-json\/wp\/v2\/comments?post=96899"}],"version-history":[{"count":1,"href":"https:\/\/www.altominho.tv\/site\/wp-json\/wp\/v2\/posts\/96899\/revisions"}],"predecessor-version":[{"id":96901,"href":"https:\/\/www.altominho.tv\/site\/wp-json\/wp\/v2\/posts\/96899\/revisions\/96901"}],"wp:featuredmedia":[{"embeddable":true,"href":"https:\/\/www.altominho.tv\/site\/wp-json\/wp\/v2\/media\/96900"}],"wp:attachment":[{"href":"https:\/\/www.altominho.tv\/site\/wp-json\/wp\/v2\/media?parent=96899"}],"wp:term":[{"taxonomy":"category","embeddable":true,"href":"https:\/\/www.altominho.tv\/site\/wp-json\/wp\/v2\/categories?post=96899"},{"taxonomy":"post_tag","embeddable":true,"href":"https:\/\/www.altominho.tv\/site\/wp-json\/wp\/v2\/tags?post=96899"}],"curies":[{"name":"wp","href":"https:\/\/api.w.org\/{rel}","templated":true}]}}