{"id":96896,"date":"2023-09-25T16:20:04","date_gmt":"2023-09-25T15:20:04","guid":{"rendered":"https:\/\/www.altominho.tv\/site\/?p=96896"},"modified":"2023-09-25T16:20:08","modified_gmt":"2023-09-25T15:20:08","slug":"psp-deteve-503-cidadaos-entre-os-dias-18-e-24-de-setembro","status":"publish","type":"post","link":"https:\/\/www.altominho.tv\/site\/2023\/09\/25\/psp-deteve-503-cidadaos-entre-os-dias-18-e-24-de-setembro\/","title":{"rendered":"PSP deteve 503 cidad\u00e3os entre os dias 18 e 24 de setembro"},"content":{"rendered":"<p>A Pol\u00edcia de Seguran\u00e7a P\u00fablica (PSP), no \u00e2mbito da sua atividade operacional e na prossecu\u00e7\u00e3o da sua miss\u00e3o, entre os dias 18 e 24 de setembro, na sua \u00e1rea de responsabilidade, procedeu \u00e0 deten\u00e7\u00e3o de 503 cidad\u00e3os, anunciou hoje aquela for\u00e7a de seguran\u00e7a.<\/p>\n<p>No \u00e2mbito desta opera\u00e7\u00e3o, a PSP deteve 503 pessoas por serem suspeitas da pr\u00e1tica de v\u00e1rios crimes, entre eles 100 por condu\u00e7\u00e3o de ve\u00edculo com taxa de \u00e1lcool igual\/superior a 1,2 g\/l, 82 por condu\u00e7\u00e3o sem habilita\u00e7\u00e3o legal, 89 por tr\u00e1fico de estupefacientes, 9 por viol\u00eancia dom\u00e9stica, 19 por desobedi\u00eancia, 18 por resist\u00eancia e coa\u00e7\u00e3o sobre funcion\u00e1rio, 17 por deten\u00e7\u00e3o ou tr\u00e1fico de armas proibidas, 47 por crimes contra a propriedade e 97 por mandados.<\/p>\n<p>A PSP, atrav\u00e9s desta atividade operacional, apreendeu 21 armas de fogo e 14 armas brancas, bem como 2734,9 doses individuais de haxixe, 547,35 doses individuais de coca\u00edna e 1611,1 doses individuais de hero\u00edna.<\/p>\n<p>Uma grande parte das interven\u00e7\u00f5es policiais e das deten\u00e7\u00f5es referidas surgiram a partir da a\u00e7\u00e3o di\u00e1ria e preventiva levada a cabo pelos pol\u00edcias.<\/p>\n","protected":false},"excerpt":{"rendered":"<p>A Pol\u00edcia de Seguran\u00e7a P\u00fablica (PSP), no \u00e2mbito da sua atividade operacional e na prossecu\u00e7\u00e3o da sua miss\u00e3o, entre os dias 18 e 24 de setembro, na sua \u00e1rea de responsabilidade, procedeu \u00e0 deten\u00e7\u00e3o de 503 cidad\u00e3os, anunciou hoje aquela for\u00e7a de seguran\u00e7a. No \u00e2mbito desta opera\u00e7\u00e3o, a PSP deteve 503 pessoas por serem suspeitas [&hellip;]<\/p>\n","protected":false},"author":1,"featured_media":96897,"comment_status":"closed","ping_status":"closed","sticky":false,"template":"","format":"standard","meta":{"_exactmetrics_skip_tracking":false,"_exactmetrics_sitenote_active":false,"_exactmetrics_sitenote_note":"","_exactmetrics_sitenote_category":0,"footnotes":""},"categories":[56325],"tags":[27],"class_list":["post-96896","post","type-post","status-publish","format-standard","has-post-thumbnail","hentry","category-pais","tag-sociedade"],"yoast_head":"<!-- This site is optimized with the Yoast SEO Premium plugin v27.5 (Yoast SEO v27.5) - https:\/\/yoast.com\/product\/yoast-seo-premium-wordpress\/ -->\n<title>PSP deteve 503 cidad\u00e3os entre os dias 18 e 24 de setembro<\/title>\n<meta name=\"description\" content=\"A Pol\u00edcia de Seguran\u00e7a P\u00fablica (PSP), no \u00e2mbito da sua atividade operacional e na prossecu\u00e7\u00e3o da sua miss\u00e3o, entre os dias 18 e 24 de setembro, na sua \u00e1rea de responsabilidade, procedeu \u00e0 deten\u00e7\u00e3o de 503 cidad\u00e3os, anunciou hoje aquela for\u00e7a de seguran\u00e7a.\" \/>\n<meta name=\"robots\" content=\"index, follow, max-snippet:-1, max-image-preview:large, max-video-preview:-1\" \/>\n<link rel=\"canonical\" href=\"https:\/\/www.altominho.tv\/site\/2023\/09\/25\/psp-deteve-503-cidadaos-entre-os-dias-18-e-24-de-setembro\/\" \/>\n<meta property=\"og:locale\" content=\"pt_PT\" \/>\n<meta property=\"og:type\" content=\"article\" \/>\n<meta property=\"og:title\" content=\"PSP deteve 503 cidad\u00e3os entre os dias 18 e 24 de setembro\" \/>\n<meta property=\"og:description\" content=\"A Pol\u00edcia de Seguran\u00e7a P\u00fablica (PSP), no \u00e2mbito da sua atividade operacional e na prossecu\u00e7\u00e3o da sua miss\u00e3o, entre os dias 18 e 24 de setembro, na sua \u00e1rea de responsabilidade, procedeu \u00e0 deten\u00e7\u00e3o de 503 cidad\u00e3os, anunciou hoje aquela for\u00e7a de seguran\u00e7a.\" \/>\n<meta property=\"og:url\" content=\"https:\/\/www.altominho.tv\/site\/2023\/09\/25\/psp-deteve-503-cidadaos-entre-os-dias-18-e-24-de-setembro\/\" \/>\n<meta property=\"og:site_name\" content=\"Altominho.tv\" \/>\n<meta property=\"article:publisher\" content=\"https:\/\/www.facebook.com\/altominhotv\" \/>\n<meta property=\"article:published_time\" content=\"2023-09-25T15:20:04+00:00\" \/>\n<meta property=\"article:modified_time\" content=\"2023-09-25T15:20:08+00:00\" \/>\n<meta property=\"og:image\" content=\"https:\/\/www.altominho.tv\/site\/wp-content\/uploads\/2023\/09\/psp.png\" \/>\n\t<meta property=\"og:image:width\" content=\"751\" \/>\n\t<meta property=\"og:image:height\" content=\"401\" \/>\n\t<meta property=\"og:image:type\" content=\"image\/png\" \/>\n<meta name=\"author\" content=\"Altominho.tv\" \/>\n<meta name=\"twitter:card\" content=\"summary_large_image\" \/>\n<meta name=\"twitter:creator\" content=\"@altominhoTV\" \/>\n<meta name=\"twitter:site\" content=\"@altominhoTV\" \/>\n<meta name=\"twitter:label1\" content=\"Escrito por\" \/>\n\t<meta name=\"twitter:data1\" content=\"Altominho.tv\" \/>\n\t<meta name=\"twitter:label2\" content=\"Tempo estimado de leitura\" \/>\n\t<meta name=\"twitter:data2\" content=\"1 minuto\" \/>\n<script type=\"application\/ld+json\" class=\"yoast-schema-graph\">{\"@context\":\"https:\\\/\\\/schema.org\",\"@graph\":[{\"@type\":\"Article\",\"@id\":\"https:\\\/\\\/www.altominho.tv\\\/site\\\/2023\\\/09\\\/25\\\/psp-deteve-503-cidadaos-entre-os-dias-18-e-24-de-setembro\\\/#article\",\"isPartOf\":{\"@id\":\"https:\\\/\\\/www.altominho.tv\\\/site\\\/2023\\\/09\\\/25\\\/psp-deteve-503-cidadaos-entre-os-dias-18-e-24-de-setembro\\\/\"},\"author\":{\"name\":\"Altominho.tv\",\"@id\":\"https:\\\/\\\/www.altominho.tv\\\/site\\\/#\\\/schema\\\/person\\\/4e536851627d7914baf3dac752b6af22\"},\"headline\":\"PSP deteve 503 cidad\u00e3os entre os dias 18 e 24 de setembro\",\"datePublished\":\"2023-09-25T15:20:04+00:00\",\"dateModified\":\"2023-09-25T15:20:08+00:00\",\"mainEntityOfPage\":{\"@id\":\"https:\\\/\\\/www.altominho.tv\\\/site\\\/2023\\\/09\\\/25\\\/psp-deteve-503-cidadaos-entre-os-dias-18-e-24-de-setembro\\\/\"},\"wordCount\":199,\"image\":{\"@id\":\"https:\\\/\\\/www.altominho.tv\\\/site\\\/2023\\\/09\\\/25\\\/psp-deteve-503-cidadaos-entre-os-dias-18-e-24-de-setembro\\\/#primaryimage\"},\"thumbnailUrl\":\"https:\\\/\\\/www.altominho.tv\\\/site\\\/wp-content\\\/uploads\\\/2023\\\/09\\\/psp.png\",\"keywords\":[\"Sociedade\"],\"articleSection\":[\"Pa\u00eds\"],\"inLanguage\":\"pt-PT\",\"copyrightYear\":\"2023\",\"copyrightHolder\":{\"@id\":\"https:\\\/\\\/www.altominho.tv\\\/site\\\/#organization\"}},{\"@type\":\"WebPage\",\"@id\":\"https:\\\/\\\/www.altominho.tv\\\/site\\\/2023\\\/09\\\/25\\\/psp-deteve-503-cidadaos-entre-os-dias-18-e-24-de-setembro\\\/\",\"url\":\"https:\\\/\\\/www.altominho.tv\\\/site\\\/2023\\\/09\\\/25\\\/psp-deteve-503-cidadaos-entre-os-dias-18-e-24-de-setembro\\\/\",\"name\":\"PSP deteve 503 cidad\u00e3os entre os dias 18 e 24 de setembro\",\"isPartOf\":{\"@id\":\"https:\\\/\\\/www.altominho.tv\\\/site\\\/#website\"},\"primaryImageOfPage\":{\"@id\":\"https:\\\/\\\/www.altominho.tv\\\/site\\\/2023\\\/09\\\/25\\\/psp-deteve-503-cidadaos-entre-os-dias-18-e-24-de-setembro\\\/#primaryimage\"},\"image\":{\"@id\":\"https:\\\/\\\/www.altominho.tv\\\/site\\\/2023\\\/09\\\/25\\\/psp-deteve-503-cidadaos-entre-os-dias-18-e-24-de-setembro\\\/#primaryimage\"},\"thumbnailUrl\":\"https:\\\/\\\/www.altominho.tv\\\/site\\\/wp-content\\\/uploads\\\/2023\\\/09\\\/psp.png\",\"datePublished\":\"2023-09-25T15:20:04+00:00\",\"dateModified\":\"2023-09-25T15:20:08+00:00\",\"author\":{\"@id\":\"https:\\\/\\\/www.altominho.tv\\\/site\\\/#\\\/schema\\\/person\\\/4e536851627d7914baf3dac752b6af22\"},\"description\":\"A Pol\u00edcia de Seguran\u00e7a P\u00fablica (PSP), no \u00e2mbito da sua atividade operacional e na prossecu\u00e7\u00e3o da sua miss\u00e3o, entre os dias 18 e 24 de setembro, na sua \u00e1rea de responsabilidade, procedeu \u00e0 deten\u00e7\u00e3o de 503 cidad\u00e3os, anunciou hoje aquela for\u00e7a de seguran\u00e7a.\",\"breadcrumb\":{\"@id\":\"https:\\\/\\\/www.altominho.tv\\\/site\\\/2023\\\/09\\\/25\\\/psp-deteve-503-cidadaos-entre-os-dias-18-e-24-de-setembro\\\/#breadcrumb\"},\"inLanguage\":\"pt-PT\",\"potentialAction\":[{\"@type\":\"ReadAction\",\"target\":[\"https:\\\/\\\/www.altominho.tv\\\/site\\\/2023\\\/09\\\/25\\\/psp-deteve-503-cidadaos-entre-os-dias-18-e-24-de-setembro\\\/\"]}]},{\"@type\":\"ImageObject\",\"inLanguage\":\"pt-PT\",\"@id\":\"https:\\\/\\\/www.altominho.tv\\\/site\\\/2023\\\/09\\\/25\\\/psp-deteve-503-cidadaos-entre-os-dias-18-e-24-de-setembro\\\/#primaryimage\",\"url\":\"https:\\\/\\\/www.altominho.tv\\\/site\\\/wp-content\\\/uploads\\\/2023\\\/09\\\/psp.png\",\"contentUrl\":\"https:\\\/\\\/www.altominho.tv\\\/site\\\/wp-content\\\/uploads\\\/2023\\\/09\\\/psp.png\",\"width\":751,\"height\":401},{\"@type\":\"BreadcrumbList\",\"@id\":\"https:\\\/\\\/www.altominho.tv\\\/site\\\/2023\\\/09\\\/25\\\/psp-deteve-503-cidadaos-entre-os-dias-18-e-24-de-setembro\\\/#breadcrumb\",\"itemListElement\":[{\"@type\":\"ListItem\",\"position\":1,\"name\":\"In\u00edcio\",\"item\":\"https:\\\/\\\/www.altominho.tv\\\/site\\\/\"},{\"@type\":\"ListItem\",\"position\":2,\"name\":\"PSP deteve 503 cidad\u00e3os entre os dias 18 e 24 de setembro\"}]},{\"@type\":\"WebSite\",\"@id\":\"https:\\\/\\\/www.altominho.tv\\\/site\\\/#website\",\"url\":\"https:\\\/\\\/www.altominho.tv\\\/site\\\/\",\"name\":\"Altominho.tv\",\"description\":\"A sua regi\u00e3o \u00e0 dist\u00e2ncia de um clique...\",\"potentialAction\":[{\"@type\":\"SearchAction\",\"target\":{\"@type\":\"EntryPoint\",\"urlTemplate\":\"https:\\\/\\\/www.altominho.tv\\\/site\\\/?s={search_term_string}\"},\"query-input\":{\"@type\":\"PropertyValueSpecification\",\"valueRequired\":true,\"valueName\":\"search_term_string\"}}],\"inLanguage\":\"pt-PT\"},{\"@type\":\"Person\",\"@id\":\"https:\\\/\\\/www.altominho.tv\\\/site\\\/#\\\/schema\\\/person\\\/4e536851627d7914baf3dac752b6af22\",\"name\":\"Altominho.tv\",\"image\":{\"@type\":\"ImageObject\",\"inLanguage\":\"pt-PT\",\"@id\":\"https:\\\/\\\/www.altominho.tv\\\/site\\\/wp-content\\\/uploads\\\/2019\\\/11\\\/Logo_Avatar_2-150x150.jpg\",\"url\":\"https:\\\/\\\/www.altominho.tv\\\/site\\\/wp-content\\\/uploads\\\/2019\\\/11\\\/Logo_Avatar_2-150x150.jpg\",\"contentUrl\":\"https:\\\/\\\/www.altominho.tv\\\/site\\\/wp-content\\\/uploads\\\/2019\\\/11\\\/Logo_Avatar_2-150x150.jpg\",\"caption\":\"Altominho.tv\"},\"url\":\"https:\\\/\\\/www.altominho.tv\\\/site\\\/author\\\/altominhotv-tecnico\\\/\"}]}<\/script>\n<!-- \/ Yoast SEO Premium plugin. -->","yoast_head_json":{"title":"PSP deteve 503 cidad\u00e3os entre os dias 18 e 24 de setembro","description":"A Pol\u00edcia de Seguran\u00e7a P\u00fablica (PSP), no \u00e2mbito da sua atividade operacional e na prossecu\u00e7\u00e3o da sua miss\u00e3o, entre os dias 18 e 24 de setembro, na sua \u00e1rea de responsabilidade, procedeu \u00e0 deten\u00e7\u00e3o de 503 cidad\u00e3os, anunciou hoje aquela for\u00e7a de seguran\u00e7a.","robots":{"index":"index","follow":"follow","max-snippet":"max-snippet:-1","max-image-preview":"max-image-preview:large","max-video-preview":"max-video-preview:-1"},"canonical":"https:\/\/www.altominho.tv\/site\/2023\/09\/25\/psp-deteve-503-cidadaos-entre-os-dias-18-e-24-de-setembro\/","og_locale":"pt_PT","og_type":"article","og_title":"PSP deteve 503 cidad\u00e3os entre os dias 18 e 24 de setembro","og_description":"A Pol\u00edcia de Seguran\u00e7a P\u00fablica (PSP), no \u00e2mbito da sua atividade operacional e na prossecu\u00e7\u00e3o da sua miss\u00e3o, entre os dias 18 e 24 de setembro, na sua \u00e1rea de responsabilidade, procedeu \u00e0 deten\u00e7\u00e3o de 503 cidad\u00e3os, anunciou hoje aquela for\u00e7a de seguran\u00e7a.","og_url":"https:\/\/www.altominho.tv\/site\/2023\/09\/25\/psp-deteve-503-cidadaos-entre-os-dias-18-e-24-de-setembro\/","og_site_name":"Altominho.tv","article_publisher":"https:\/\/www.facebook.com\/altominhotv","article_published_time":"2023-09-25T15:20:04+00:00","article_modified_time":"2023-09-25T15:20:08+00:00","og_image":[{"width":751,"height":401,"url":"https:\/\/www.altominho.tv\/site\/wp-content\/uploads\/2023\/09\/psp.png","type":"image\/png"}],"author":"Altominho.tv","twitter_card":"summary_large_image","twitter_creator":"@altominhoTV","twitter_site":"@altominhoTV","twitter_misc":{"Escrito por":"Altominho.tv","Tempo estimado de leitura":"1 minuto"},"schema":{"@context":"https:\/\/schema.org","@graph":[{"@type":"Article","@id":"https:\/\/www.altominho.tv\/site\/2023\/09\/25\/psp-deteve-503-cidadaos-entre-os-dias-18-e-24-de-setembro\/#article","isPartOf":{"@id":"https:\/\/www.altominho.tv\/site\/2023\/09\/25\/psp-deteve-503-cidadaos-entre-os-dias-18-e-24-de-setembro\/"},"author":{"name":"Altominho.tv","@id":"https:\/\/www.altominho.tv\/site\/#\/schema\/person\/4e536851627d7914baf3dac752b6af22"},"headline":"PSP deteve 503 cidad\u00e3os entre os dias 18 e 24 de setembro","datePublished":"2023-09-25T15:20:04+00:00","dateModified":"2023-09-25T15:20:08+00:00","mainEntityOfPage":{"@id":"https:\/\/www.altominho.tv\/site\/2023\/09\/25\/psp-deteve-503-cidadaos-entre-os-dias-18-e-24-de-setembro\/"},"wordCount":199,"image":{"@id":"https:\/\/www.altominho.tv\/site\/2023\/09\/25\/psp-deteve-503-cidadaos-entre-os-dias-18-e-24-de-setembro\/#primaryimage"},"thumbnailUrl":"https:\/\/www.altominho.tv\/site\/wp-content\/uploads\/2023\/09\/psp.png","keywords":["Sociedade"],"articleSection":["Pa\u00eds"],"inLanguage":"pt-PT","copyrightYear":"2023","copyrightHolder":{"@id":"https:\/\/www.altominho.tv\/site\/#organization"}},{"@type":"WebPage","@id":"https:\/\/www.altominho.tv\/site\/2023\/09\/25\/psp-deteve-503-cidadaos-entre-os-dias-18-e-24-de-setembro\/","url":"https:\/\/www.altominho.tv\/site\/2023\/09\/25\/psp-deteve-503-cidadaos-entre-os-dias-18-e-24-de-setembro\/","name":"PSP deteve 503 cidad\u00e3os entre os dias 18 e 24 de setembro","isPartOf":{"@id":"https:\/\/www.altominho.tv\/site\/#website"},"primaryImageOfPage":{"@id":"https:\/\/www.altominho.tv\/site\/2023\/09\/25\/psp-deteve-503-cidadaos-entre-os-dias-18-e-24-de-setembro\/#primaryimage"},"image":{"@id":"https:\/\/www.altominho.tv\/site\/2023\/09\/25\/psp-deteve-503-cidadaos-entre-os-dias-18-e-24-de-setembro\/#primaryimage"},"thumbnailUrl":"https:\/\/www.altominho.tv\/site\/wp-content\/uploads\/2023\/09\/psp.png","datePublished":"2023-09-25T15:20:04+00:00","dateModified":"2023-09-25T15:20:08+00:00","author":{"@id":"https:\/\/www.altominho.tv\/site\/#\/schema\/person\/4e536851627d7914baf3dac752b6af22"},"description":"A Pol\u00edcia de Seguran\u00e7a P\u00fablica (PSP), no \u00e2mbito da sua atividade operacional e na prossecu\u00e7\u00e3o da sua miss\u00e3o, entre os dias 18 e 24 de setembro, na sua \u00e1rea de responsabilidade, procedeu \u00e0 deten\u00e7\u00e3o de 503 cidad\u00e3os, anunciou hoje aquela for\u00e7a de seguran\u00e7a.","breadcrumb":{"@id":"https:\/\/www.altominho.tv\/site\/2023\/09\/25\/psp-deteve-503-cidadaos-entre-os-dias-18-e-24-de-setembro\/#breadcrumb"},"inLanguage":"pt-PT","potentialAction":[{"@type":"ReadAction","target":["https:\/\/www.altominho.tv\/site\/2023\/09\/25\/psp-deteve-503-cidadaos-entre-os-dias-18-e-24-de-setembro\/"]}]},{"@type":"ImageObject","inLanguage":"pt-PT","@id":"https:\/\/www.altominho.tv\/site\/2023\/09\/25\/psp-deteve-503-cidadaos-entre-os-dias-18-e-24-de-setembro\/#primaryimage","url":"https:\/\/www.altominho.tv\/site\/wp-content\/uploads\/2023\/09\/psp.png","contentUrl":"https:\/\/www.altominho.tv\/site\/wp-content\/uploads\/2023\/09\/psp.png","width":751,"height":401},{"@type":"BreadcrumbList","@id":"https:\/\/www.altominho.tv\/site\/2023\/09\/25\/psp-deteve-503-cidadaos-entre-os-dias-18-e-24-de-setembro\/#breadcrumb","itemListElement":[{"@type":"ListItem","position":1,"name":"In\u00edcio","item":"https:\/\/www.altominho.tv\/site\/"},{"@type":"ListItem","position":2,"name":"PSP deteve 503 cidad\u00e3os entre os dias 18 e 24 de setembro"}]},{"@type":"WebSite","@id":"https:\/\/www.altominho.tv\/site\/#website","url":"https:\/\/www.altominho.tv\/site\/","name":"Altominho.tv","description":"A sua regi\u00e3o \u00e0 dist\u00e2ncia de um clique...","potentialAction":[{"@type":"SearchAction","target":{"@type":"EntryPoint","urlTemplate":"https:\/\/www.altominho.tv\/site\/?s={search_term_string}"},"query-input":{"@type":"PropertyValueSpecification","valueRequired":true,"valueName":"search_term_string"}}],"inLanguage":"pt-PT"},{"@type":"Person","@id":"https:\/\/www.altominho.tv\/site\/#\/schema\/person\/4e536851627d7914baf3dac752b6af22","name":"Altominho.tv","image":{"@type":"ImageObject","inLanguage":"pt-PT","@id":"https:\/\/www.altominho.tv\/site\/wp-content\/uploads\/2019\/11\/Logo_Avatar_2-150x150.jpg","url":"https:\/\/www.altominho.tv\/site\/wp-content\/uploads\/2019\/11\/Logo_Avatar_2-150x150.jpg","contentUrl":"https:\/\/www.altominho.tv\/site\/wp-content\/uploads\/2019\/11\/Logo_Avatar_2-150x150.jpg","caption":"Altominho.tv"},"url":"https:\/\/www.altominho.tv\/site\/author\/altominhotv-tecnico\/"}]}},"_links":{"self":[{"href":"https:\/\/www.altominho.tv\/site\/wp-json\/wp\/v2\/posts\/96896","targetHints":{"allow":["GET"]}}],"collection":[{"href":"https:\/\/www.altominho.tv\/site\/wp-json\/wp\/v2\/posts"}],"about":[{"href":"https:\/\/www.altominho.tv\/site\/wp-json\/wp\/v2\/types\/post"}],"author":[{"embeddable":true,"href":"https:\/\/www.altominho.tv\/site\/wp-json\/wp\/v2\/users\/1"}],"replies":[{"embeddable":true,"href":"https:\/\/www.altominho.tv\/site\/wp-json\/wp\/v2\/comments?post=96896"}],"version-history":[{"count":1,"href":"https:\/\/www.altominho.tv\/site\/wp-json\/wp\/v2\/posts\/96896\/revisions"}],"predecessor-version":[{"id":96898,"href":"https:\/\/www.altominho.tv\/site\/wp-json\/wp\/v2\/posts\/96896\/revisions\/96898"}],"wp:featuredmedia":[{"embeddable":true,"href":"https:\/\/www.altominho.tv\/site\/wp-json\/wp\/v2\/media\/96897"}],"wp:attachment":[{"href":"https:\/\/www.altominho.tv\/site\/wp-json\/wp\/v2\/media?parent=96896"}],"wp:term":[{"taxonomy":"category","embeddable":true,"href":"https:\/\/www.altominho.tv\/site\/wp-json\/wp\/v2\/categories?post=96896"},{"taxonomy":"post_tag","embeddable":true,"href":"https:\/\/www.altominho.tv\/site\/wp-json\/wp\/v2\/tags?post=96896"}],"curies":[{"name":"wp","href":"https:\/\/api.w.org\/{rel}","templated":true}]}}