{"id":96701,"date":"2023-09-20T12:30:50","date_gmt":"2023-09-20T11:30:50","guid":{"rendered":"https:\/\/www.altominho.tv\/site\/?p=96701"},"modified":"2023-09-20T12:30:53","modified_gmt":"2023-09-20T11:30:53","slug":"candidata-moncanense-esta-na-final-do-concurso-de-beleza-mrs-portugal-2023","status":"publish","type":"post","link":"https:\/\/www.altominho.tv\/site\/2023\/09\/20\/candidata-moncanense-esta-na-final-do-concurso-de-beleza-mrs-portugal-2023\/","title":{"rendered":"Candidata mon\u00e7anense est\u00e1 na final do Concurso de Beleza Mrs. Portugal 2023"},"content":{"rendered":"<div class=\"xdj266r x11i5rnm xat24cr x1mh8g0r x1vvkbs x126k92a\">\n<p>O munic\u00edpio de Mon\u00e7\u00e3o anunciou atrav\u00e9s de uma publica\u00e7\u00e3o realizada na rede social Facebook que a candidata Fabiana Costa de Sousa est\u00e1 na final do Concurso Nacional de Beleza Mrs. Portugal 2023.<\/p>\n<p><span style=\"font-size: revert\">De acordo com a publica\u00e7\u00e3o feita pelo munic\u00edpio mon\u00e7anense, onde \u00e9 referido que apenas passavam \u00e0 final nove representantes distritais, &#8220;a candidata de Mon\u00e7\u00e3o eleita Mrs Alto Minho 2023, foi a mais votada pelo p\u00fablico, contabilizando-se o televoto e o website&#8221;.<\/span><\/p>\n<p>&#8220;A escolha de Fabiana como finalista do Concurso Nacional de Beleza deixou os mon\u00e7anenses orgulhosos e vaidosos&#8221;, referiu a autarquia no texto publicado.<\/p>\n<p>A C\u00e2mara Municipal de Mon\u00e7\u00e3o deixou uma mensagem para a candidata Fabiana Sousa, dando-lhe os parab\u00e9ns e deseja que &#8220;o sucesso de agora tenha continuidade no futuro, com a conquista merecida na final&#8221;.<\/p>\n<p>&#8220;Como fizemos no passado e faremos no futuro, estamos ao teu lado para que o teu sorriso de felicidade seja o mesmo sorriso de milhares de mon\u00e7anenses. Mant\u00e9m a tua gentileza, a tua dedica\u00e7\u00e3o, a tua cren\u00e7a. O resto vem por acr\u00e9scimo. Estamos esperan\u00e7ados e confiantes que vais deixar marca, a nossa marca, no Concurso Nacional de Beleza. Estamos contigo&#8221;, concluiu o munic\u00edpio de Mon\u00e7\u00e3o na publica\u00e7\u00e3o feita no Facebook.<\/p>\n<\/div>\n","protected":false},"excerpt":{"rendered":"<p>O munic\u00edpio de Mon\u00e7\u00e3o anunciou atrav\u00e9s de uma publica\u00e7\u00e3o realizada na rede social Facebook que a candidata Fabiana Costa de Sousa est\u00e1 na final do Concurso Nacional de Beleza Mrs. Portugal 2023. De acordo com a publica\u00e7\u00e3o feita pelo munic\u00edpio mon\u00e7anense, onde \u00e9 referido que apenas passavam \u00e0 final nove representantes distritais, &#8220;a candidata de [&hellip;]<\/p>\n","protected":false},"author":1,"featured_media":96706,"comment_status":"closed","ping_status":"closed","sticky":false,"template":"","format":"standard","meta":{"_exactmetrics_skip_tracking":false,"_exactmetrics_sitenote_active":false,"_exactmetrics_sitenote_note":"","_exactmetrics_sitenote_category":0,"footnotes":""},"categories":[9],"tags":[19,27],"class_list":["post-96701","post","type-post","status-publish","format-standard","has-post-thumbnail","hentry","category-moncao","tag-cultura","tag-sociedade"],"yoast_head":"<!-- This site is optimized with the Yoast SEO Premium plugin v27.5 (Yoast SEO v27.5) - https:\/\/yoast.com\/product\/yoast-seo-premium-wordpress\/ -->\n<title>Candidata mon\u00e7anense est\u00e1 na final do Concurso de Beleza Mrs. Portugal 2023<\/title>\n<meta name=\"description\" content=\"O munic\u00edpio de Mon\u00e7\u00e3o anunciou atrav\u00e9s de uma publica\u00e7\u00e3o realizada na rede social Facebook que a candidata Fabiana Costa de Sousa est\u00e1 na final do Concurso Nacional de Beleza Mrs. Portugal 2023.\" \/>\n<meta name=\"robots\" content=\"index, follow, max-snippet:-1, max-image-preview:large, max-video-preview:-1\" \/>\n<link rel=\"canonical\" href=\"https:\/\/www.altominho.tv\/site\/2023\/09\/20\/candidata-moncanense-esta-na-final-do-concurso-de-beleza-mrs-portugal-2023\/\" \/>\n<meta property=\"og:locale\" content=\"pt_PT\" \/>\n<meta property=\"og:type\" content=\"article\" \/>\n<meta property=\"og:title\" content=\"Candidata mon\u00e7anense est\u00e1 na final do Concurso de Beleza Mrs. Portugal 2023\" \/>\n<meta property=\"og:description\" content=\"O munic\u00edpio de Mon\u00e7\u00e3o anunciou atrav\u00e9s de uma publica\u00e7\u00e3o realizada na rede social Facebook que a candidata Fabiana Costa de Sousa est\u00e1 na final do Concurso Nacional de Beleza Mrs. Portugal 2023.\" \/>\n<meta property=\"og:url\" content=\"https:\/\/www.altominho.tv\/site\/2023\/09\/20\/candidata-moncanense-esta-na-final-do-concurso-de-beleza-mrs-portugal-2023\/\" \/>\n<meta property=\"og:site_name\" content=\"Altominho.tv\" \/>\n<meta property=\"article:publisher\" content=\"https:\/\/www.facebook.com\/altominhotv\" \/>\n<meta property=\"article:published_time\" content=\"2023-09-20T11:30:50+00:00\" \/>\n<meta property=\"article:modified_time\" content=\"2023-09-20T11:30:53+00:00\" \/>\n<meta property=\"og:image\" content=\"https:\/\/www.altominho.tv\/site\/wp-content\/uploads\/2023\/09\/fabiana-sousa.jpeg\" \/>\n\t<meta property=\"og:image:width\" content=\"1080\" \/>\n\t<meta property=\"og:image:height\" content=\"720\" \/>\n\t<meta property=\"og:image:type\" content=\"image\/jpeg\" \/>\n<meta name=\"author\" content=\"Altominho.tv\" \/>\n<meta name=\"twitter:card\" content=\"summary_large_image\" \/>\n<meta name=\"twitter:creator\" content=\"@altominhoTV\" \/>\n<meta name=\"twitter:site\" content=\"@altominhoTV\" \/>\n<meta name=\"twitter:label1\" content=\"Escrito por\" \/>\n\t<meta name=\"twitter:data1\" content=\"Altominho.tv\" \/>\n\t<meta name=\"twitter:label2\" content=\"Tempo estimado de leitura\" \/>\n\t<meta name=\"twitter:data2\" content=\"2 minutos\" \/>\n<script type=\"application\/ld+json\" class=\"yoast-schema-graph\">{\"@context\":\"https:\\\/\\\/schema.org\",\"@graph\":[{\"@type\":\"Article\",\"@id\":\"https:\\\/\\\/www.altominho.tv\\\/site\\\/2023\\\/09\\\/20\\\/candidata-moncanense-esta-na-final-do-concurso-de-beleza-mrs-portugal-2023\\\/#article\",\"isPartOf\":{\"@id\":\"https:\\\/\\\/www.altominho.tv\\\/site\\\/2023\\\/09\\\/20\\\/candidata-moncanense-esta-na-final-do-concurso-de-beleza-mrs-portugal-2023\\\/\"},\"author\":{\"name\":\"Altominho.tv\",\"@id\":\"https:\\\/\\\/www.altominho.tv\\\/site\\\/#\\\/schema\\\/person\\\/4e536851627d7914baf3dac752b6af22\"},\"headline\":\"Candidata mon\u00e7anense est\u00e1 na final do Concurso de Beleza Mrs. Portugal 2023\",\"datePublished\":\"2023-09-20T11:30:50+00:00\",\"dateModified\":\"2023-09-20T11:30:53+00:00\",\"mainEntityOfPage\":{\"@id\":\"https:\\\/\\\/www.altominho.tv\\\/site\\\/2023\\\/09\\\/20\\\/candidata-moncanense-esta-na-final-do-concurso-de-beleza-mrs-portugal-2023\\\/\"},\"wordCount\":229,\"image\":{\"@id\":\"https:\\\/\\\/www.altominho.tv\\\/site\\\/2023\\\/09\\\/20\\\/candidata-moncanense-esta-na-final-do-concurso-de-beleza-mrs-portugal-2023\\\/#primaryimage\"},\"thumbnailUrl\":\"https:\\\/\\\/www.altominho.tv\\\/site\\\/wp-content\\\/uploads\\\/2023\\\/09\\\/fabiana-sousa.jpeg\",\"keywords\":[\"Cultura\",\"Sociedade\"],\"articleSection\":[\"Mon\u00e7\u00e3o\"],\"inLanguage\":\"pt-PT\",\"copyrightYear\":\"2023\",\"copyrightHolder\":{\"@id\":\"https:\\\/\\\/www.altominho.tv\\\/site\\\/#organization\"}},{\"@type\":\"WebPage\",\"@id\":\"https:\\\/\\\/www.altominho.tv\\\/site\\\/2023\\\/09\\\/20\\\/candidata-moncanense-esta-na-final-do-concurso-de-beleza-mrs-portugal-2023\\\/\",\"url\":\"https:\\\/\\\/www.altominho.tv\\\/site\\\/2023\\\/09\\\/20\\\/candidata-moncanense-esta-na-final-do-concurso-de-beleza-mrs-portugal-2023\\\/\",\"name\":\"Candidata mon\u00e7anense est\u00e1 na final do Concurso de Beleza Mrs. Portugal 2023\",\"isPartOf\":{\"@id\":\"https:\\\/\\\/www.altominho.tv\\\/site\\\/#website\"},\"primaryImageOfPage\":{\"@id\":\"https:\\\/\\\/www.altominho.tv\\\/site\\\/2023\\\/09\\\/20\\\/candidata-moncanense-esta-na-final-do-concurso-de-beleza-mrs-portugal-2023\\\/#primaryimage\"},\"image\":{\"@id\":\"https:\\\/\\\/www.altominho.tv\\\/site\\\/2023\\\/09\\\/20\\\/candidata-moncanense-esta-na-final-do-concurso-de-beleza-mrs-portugal-2023\\\/#primaryimage\"},\"thumbnailUrl\":\"https:\\\/\\\/www.altominho.tv\\\/site\\\/wp-content\\\/uploads\\\/2023\\\/09\\\/fabiana-sousa.jpeg\",\"datePublished\":\"2023-09-20T11:30:50+00:00\",\"dateModified\":\"2023-09-20T11:30:53+00:00\",\"author\":{\"@id\":\"https:\\\/\\\/www.altominho.tv\\\/site\\\/#\\\/schema\\\/person\\\/4e536851627d7914baf3dac752b6af22\"},\"description\":\"O munic\u00edpio de Mon\u00e7\u00e3o anunciou atrav\u00e9s de uma publica\u00e7\u00e3o realizada na rede social Facebook que a candidata Fabiana Costa de Sousa est\u00e1 na final do Concurso Nacional de Beleza Mrs. Portugal 2023.\",\"breadcrumb\":{\"@id\":\"https:\\\/\\\/www.altominho.tv\\\/site\\\/2023\\\/09\\\/20\\\/candidata-moncanense-esta-na-final-do-concurso-de-beleza-mrs-portugal-2023\\\/#breadcrumb\"},\"inLanguage\":\"pt-PT\",\"potentialAction\":[{\"@type\":\"ReadAction\",\"target\":[\"https:\\\/\\\/www.altominho.tv\\\/site\\\/2023\\\/09\\\/20\\\/candidata-moncanense-esta-na-final-do-concurso-de-beleza-mrs-portugal-2023\\\/\"]}]},{\"@type\":\"ImageObject\",\"inLanguage\":\"pt-PT\",\"@id\":\"https:\\\/\\\/www.altominho.tv\\\/site\\\/2023\\\/09\\\/20\\\/candidata-moncanense-esta-na-final-do-concurso-de-beleza-mrs-portugal-2023\\\/#primaryimage\",\"url\":\"https:\\\/\\\/www.altominho.tv\\\/site\\\/wp-content\\\/uploads\\\/2023\\\/09\\\/fabiana-sousa.jpeg\",\"contentUrl\":\"https:\\\/\\\/www.altominho.tv\\\/site\\\/wp-content\\\/uploads\\\/2023\\\/09\\\/fabiana-sousa.jpeg\",\"width\":1080,\"height\":720},{\"@type\":\"BreadcrumbList\",\"@id\":\"https:\\\/\\\/www.altominho.tv\\\/site\\\/2023\\\/09\\\/20\\\/candidata-moncanense-esta-na-final-do-concurso-de-beleza-mrs-portugal-2023\\\/#breadcrumb\",\"itemListElement\":[{\"@type\":\"ListItem\",\"position\":1,\"name\":\"In\u00edcio\",\"item\":\"https:\\\/\\\/www.altominho.tv\\\/site\\\/\"},{\"@type\":\"ListItem\",\"position\":2,\"name\":\"Candidata mon\u00e7anense est\u00e1 na final do Concurso de Beleza Mrs. Portugal 2023\"}]},{\"@type\":\"WebSite\",\"@id\":\"https:\\\/\\\/www.altominho.tv\\\/site\\\/#website\",\"url\":\"https:\\\/\\\/www.altominho.tv\\\/site\\\/\",\"name\":\"Altominho.tv\",\"description\":\"A sua regi\u00e3o \u00e0 dist\u00e2ncia de um clique...\",\"potentialAction\":[{\"@type\":\"SearchAction\",\"target\":{\"@type\":\"EntryPoint\",\"urlTemplate\":\"https:\\\/\\\/www.altominho.tv\\\/site\\\/?s={search_term_string}\"},\"query-input\":{\"@type\":\"PropertyValueSpecification\",\"valueRequired\":true,\"valueName\":\"search_term_string\"}}],\"inLanguage\":\"pt-PT\"},{\"@type\":\"Person\",\"@id\":\"https:\\\/\\\/www.altominho.tv\\\/site\\\/#\\\/schema\\\/person\\\/4e536851627d7914baf3dac752b6af22\",\"name\":\"Altominho.tv\",\"image\":{\"@type\":\"ImageObject\",\"inLanguage\":\"pt-PT\",\"@id\":\"https:\\\/\\\/www.altominho.tv\\\/site\\\/wp-content\\\/uploads\\\/2019\\\/11\\\/Logo_Avatar_2-150x150.jpg\",\"url\":\"https:\\\/\\\/www.altominho.tv\\\/site\\\/wp-content\\\/uploads\\\/2019\\\/11\\\/Logo_Avatar_2-150x150.jpg\",\"contentUrl\":\"https:\\\/\\\/www.altominho.tv\\\/site\\\/wp-content\\\/uploads\\\/2019\\\/11\\\/Logo_Avatar_2-150x150.jpg\",\"caption\":\"Altominho.tv\"},\"url\":\"https:\\\/\\\/www.altominho.tv\\\/site\\\/author\\\/altominhotv-tecnico\\\/\"}]}<\/script>\n<!-- \/ Yoast SEO Premium plugin. -->","yoast_head_json":{"title":"Candidata mon\u00e7anense est\u00e1 na final do Concurso de Beleza Mrs. Portugal 2023","description":"O munic\u00edpio de Mon\u00e7\u00e3o anunciou atrav\u00e9s de uma publica\u00e7\u00e3o realizada na rede social Facebook que a candidata Fabiana Costa de Sousa est\u00e1 na final do Concurso Nacional de Beleza Mrs. Portugal 2023.","robots":{"index":"index","follow":"follow","max-snippet":"max-snippet:-1","max-image-preview":"max-image-preview:large","max-video-preview":"max-video-preview:-1"},"canonical":"https:\/\/www.altominho.tv\/site\/2023\/09\/20\/candidata-moncanense-esta-na-final-do-concurso-de-beleza-mrs-portugal-2023\/","og_locale":"pt_PT","og_type":"article","og_title":"Candidata mon\u00e7anense est\u00e1 na final do Concurso de Beleza Mrs. Portugal 2023","og_description":"O munic\u00edpio de Mon\u00e7\u00e3o anunciou atrav\u00e9s de uma publica\u00e7\u00e3o realizada na rede social Facebook que a candidata Fabiana Costa de Sousa est\u00e1 na final do Concurso Nacional de Beleza Mrs. Portugal 2023.","og_url":"https:\/\/www.altominho.tv\/site\/2023\/09\/20\/candidata-moncanense-esta-na-final-do-concurso-de-beleza-mrs-portugal-2023\/","og_site_name":"Altominho.tv","article_publisher":"https:\/\/www.facebook.com\/altominhotv","article_published_time":"2023-09-20T11:30:50+00:00","article_modified_time":"2023-09-20T11:30:53+00:00","og_image":[{"width":1080,"height":720,"url":"https:\/\/www.altominho.tv\/site\/wp-content\/uploads\/2023\/09\/fabiana-sousa.jpeg","type":"image\/jpeg"}],"author":"Altominho.tv","twitter_card":"summary_large_image","twitter_creator":"@altominhoTV","twitter_site":"@altominhoTV","twitter_misc":{"Escrito por":"Altominho.tv","Tempo estimado de leitura":"2 minutos"},"schema":{"@context":"https:\/\/schema.org","@graph":[{"@type":"Article","@id":"https:\/\/www.altominho.tv\/site\/2023\/09\/20\/candidata-moncanense-esta-na-final-do-concurso-de-beleza-mrs-portugal-2023\/#article","isPartOf":{"@id":"https:\/\/www.altominho.tv\/site\/2023\/09\/20\/candidata-moncanense-esta-na-final-do-concurso-de-beleza-mrs-portugal-2023\/"},"author":{"name":"Altominho.tv","@id":"https:\/\/www.altominho.tv\/site\/#\/schema\/person\/4e536851627d7914baf3dac752b6af22"},"headline":"Candidata mon\u00e7anense est\u00e1 na final do Concurso de Beleza Mrs. Portugal 2023","datePublished":"2023-09-20T11:30:50+00:00","dateModified":"2023-09-20T11:30:53+00:00","mainEntityOfPage":{"@id":"https:\/\/www.altominho.tv\/site\/2023\/09\/20\/candidata-moncanense-esta-na-final-do-concurso-de-beleza-mrs-portugal-2023\/"},"wordCount":229,"image":{"@id":"https:\/\/www.altominho.tv\/site\/2023\/09\/20\/candidata-moncanense-esta-na-final-do-concurso-de-beleza-mrs-portugal-2023\/#primaryimage"},"thumbnailUrl":"https:\/\/www.altominho.tv\/site\/wp-content\/uploads\/2023\/09\/fabiana-sousa.jpeg","keywords":["Cultura","Sociedade"],"articleSection":["Mon\u00e7\u00e3o"],"inLanguage":"pt-PT","copyrightYear":"2023","copyrightHolder":{"@id":"https:\/\/www.altominho.tv\/site\/#organization"}},{"@type":"WebPage","@id":"https:\/\/www.altominho.tv\/site\/2023\/09\/20\/candidata-moncanense-esta-na-final-do-concurso-de-beleza-mrs-portugal-2023\/","url":"https:\/\/www.altominho.tv\/site\/2023\/09\/20\/candidata-moncanense-esta-na-final-do-concurso-de-beleza-mrs-portugal-2023\/","name":"Candidata mon\u00e7anense est\u00e1 na final do Concurso de Beleza Mrs. Portugal 2023","isPartOf":{"@id":"https:\/\/www.altominho.tv\/site\/#website"},"primaryImageOfPage":{"@id":"https:\/\/www.altominho.tv\/site\/2023\/09\/20\/candidata-moncanense-esta-na-final-do-concurso-de-beleza-mrs-portugal-2023\/#primaryimage"},"image":{"@id":"https:\/\/www.altominho.tv\/site\/2023\/09\/20\/candidata-moncanense-esta-na-final-do-concurso-de-beleza-mrs-portugal-2023\/#primaryimage"},"thumbnailUrl":"https:\/\/www.altominho.tv\/site\/wp-content\/uploads\/2023\/09\/fabiana-sousa.jpeg","datePublished":"2023-09-20T11:30:50+00:00","dateModified":"2023-09-20T11:30:53+00:00","author":{"@id":"https:\/\/www.altominho.tv\/site\/#\/schema\/person\/4e536851627d7914baf3dac752b6af22"},"description":"O munic\u00edpio de Mon\u00e7\u00e3o anunciou atrav\u00e9s de uma publica\u00e7\u00e3o realizada na rede social Facebook que a candidata Fabiana Costa de Sousa est\u00e1 na final do Concurso Nacional de Beleza Mrs. Portugal 2023.","breadcrumb":{"@id":"https:\/\/www.altominho.tv\/site\/2023\/09\/20\/candidata-moncanense-esta-na-final-do-concurso-de-beleza-mrs-portugal-2023\/#breadcrumb"},"inLanguage":"pt-PT","potentialAction":[{"@type":"ReadAction","target":["https:\/\/www.altominho.tv\/site\/2023\/09\/20\/candidata-moncanense-esta-na-final-do-concurso-de-beleza-mrs-portugal-2023\/"]}]},{"@type":"ImageObject","inLanguage":"pt-PT","@id":"https:\/\/www.altominho.tv\/site\/2023\/09\/20\/candidata-moncanense-esta-na-final-do-concurso-de-beleza-mrs-portugal-2023\/#primaryimage","url":"https:\/\/www.altominho.tv\/site\/wp-content\/uploads\/2023\/09\/fabiana-sousa.jpeg","contentUrl":"https:\/\/www.altominho.tv\/site\/wp-content\/uploads\/2023\/09\/fabiana-sousa.jpeg","width":1080,"height":720},{"@type":"BreadcrumbList","@id":"https:\/\/www.altominho.tv\/site\/2023\/09\/20\/candidata-moncanense-esta-na-final-do-concurso-de-beleza-mrs-portugal-2023\/#breadcrumb","itemListElement":[{"@type":"ListItem","position":1,"name":"In\u00edcio","item":"https:\/\/www.altominho.tv\/site\/"},{"@type":"ListItem","position":2,"name":"Candidata mon\u00e7anense est\u00e1 na final do Concurso de Beleza Mrs. Portugal 2023"}]},{"@type":"WebSite","@id":"https:\/\/www.altominho.tv\/site\/#website","url":"https:\/\/www.altominho.tv\/site\/","name":"Altominho.tv","description":"A sua regi\u00e3o \u00e0 dist\u00e2ncia de um clique...","potentialAction":[{"@type":"SearchAction","target":{"@type":"EntryPoint","urlTemplate":"https:\/\/www.altominho.tv\/site\/?s={search_term_string}"},"query-input":{"@type":"PropertyValueSpecification","valueRequired":true,"valueName":"search_term_string"}}],"inLanguage":"pt-PT"},{"@type":"Person","@id":"https:\/\/www.altominho.tv\/site\/#\/schema\/person\/4e536851627d7914baf3dac752b6af22","name":"Altominho.tv","image":{"@type":"ImageObject","inLanguage":"pt-PT","@id":"https:\/\/www.altominho.tv\/site\/wp-content\/uploads\/2019\/11\/Logo_Avatar_2-150x150.jpg","url":"https:\/\/www.altominho.tv\/site\/wp-content\/uploads\/2019\/11\/Logo_Avatar_2-150x150.jpg","contentUrl":"https:\/\/www.altominho.tv\/site\/wp-content\/uploads\/2019\/11\/Logo_Avatar_2-150x150.jpg","caption":"Altominho.tv"},"url":"https:\/\/www.altominho.tv\/site\/author\/altominhotv-tecnico\/"}]}},"_links":{"self":[{"href":"https:\/\/www.altominho.tv\/site\/wp-json\/wp\/v2\/posts\/96701","targetHints":{"allow":["GET"]}}],"collection":[{"href":"https:\/\/www.altominho.tv\/site\/wp-json\/wp\/v2\/posts"}],"about":[{"href":"https:\/\/www.altominho.tv\/site\/wp-json\/wp\/v2\/types\/post"}],"author":[{"embeddable":true,"href":"https:\/\/www.altominho.tv\/site\/wp-json\/wp\/v2\/users\/1"}],"replies":[{"embeddable":true,"href":"https:\/\/www.altominho.tv\/site\/wp-json\/wp\/v2\/comments?post=96701"}],"version-history":[{"count":1,"href":"https:\/\/www.altominho.tv\/site\/wp-json\/wp\/v2\/posts\/96701\/revisions"}],"predecessor-version":[{"id":96707,"href":"https:\/\/www.altominho.tv\/site\/wp-json\/wp\/v2\/posts\/96701\/revisions\/96707"}],"wp:featuredmedia":[{"embeddable":true,"href":"https:\/\/www.altominho.tv\/site\/wp-json\/wp\/v2\/media\/96706"}],"wp:attachment":[{"href":"https:\/\/www.altominho.tv\/site\/wp-json\/wp\/v2\/media?parent=96701"}],"wp:term":[{"taxonomy":"category","embeddable":true,"href":"https:\/\/www.altominho.tv\/site\/wp-json\/wp\/v2\/categories?post=96701"},{"taxonomy":"post_tag","embeddable":true,"href":"https:\/\/www.altominho.tv\/site\/wp-json\/wp\/v2\/tags?post=96701"}],"curies":[{"name":"wp","href":"https:\/\/api.w.org\/{rel}","templated":true}]}}