{"id":96695,"date":"2023-09-20T11:50:27","date_gmt":"2023-09-20T10:50:27","guid":{"rendered":"https:\/\/www.altominho.tv\/site\/?p=96695"},"modified":"2023-09-20T11:50:31","modified_gmt":"2023-09-20T10:50:31","slug":"passeio-de-aviao-ultraleve-para-40-idosos-das-ipss-de-moncao","status":"publish","type":"post","link":"https:\/\/www.altominho.tv\/site\/2023\/09\/20\/passeio-de-aviao-ultraleve-para-40-idosos-das-ipss-de-moncao\/","title":{"rendered":"Passeio de avi\u00e3o ultraleve para 40 idosos das IPSS de Mon\u00e7\u00e3o"},"content":{"rendered":"<p class=\"p1\">40 idosos das institui\u00e7\u00f5es sociais de solidariedade social do concelho de Mon\u00e7\u00e3o, alguns na casa dos 90 anos, participam num passeio em avi\u00e3o ultraleve.<\/p>\n<p class=\"p1\">A iniciativa, promovida pela C\u00e2mara Municipal de Mon\u00e7\u00e3o com o apoio do Aeroclube do Alto Minho e o Aer\u00f3dromo de Cerval, realiza-se no pr\u00f3ximo s\u00e1bado, 23 de setembro, com o prop\u00f3sito de transmitir a mensagem de que \u201cnunca \u00e9 tarde para a primeira vez\u201d, possibilitando aos idosos institucionalizados a passagem de um dia diferente.<\/p>\n<p class=\"p1\">Caso o tempo n\u00e3o ajude e haja alguma mudan\u00e7a e as condi\u00e7\u00f5es de voo n\u00e3o sejam as ideais, esta iniciativa fica adiada e decorre noutro dia.<\/p>\n<p>Segundo o munic\u00edpio, &#8220;nunca \u00e9 tarde para a primeira vez e os idosos v\u00e3o tirar os p\u00e9s do ch\u00e3o, usufruindo de um conjunto de sensa\u00e7\u00f5es agrad\u00e1veis proporcionadas por um passeio em avi\u00e3o ultraleve&#8221;.<\/p>\n","protected":false},"excerpt":{"rendered":"<p>40 idosos das institui\u00e7\u00f5es sociais de solidariedade social do concelho de Mon\u00e7\u00e3o, alguns na casa dos 90 anos, participam num passeio em avi\u00e3o ultraleve. A iniciativa, promovida pela C\u00e2mara Municipal de Mon\u00e7\u00e3o com o apoio do Aeroclube do Alto Minho e o Aer\u00f3dromo de Cerval, realiza-se no pr\u00f3ximo s\u00e1bado, 23 de setembro, com o prop\u00f3sito [&hellip;]<\/p>\n","protected":false},"author":28,"featured_media":96697,"comment_status":"closed","ping_status":"closed","sticky":false,"template":"","format":"standard","meta":{"_exactmetrics_skip_tracking":false,"_exactmetrics_sitenote_active":false,"_exactmetrics_sitenote_note":"","_exactmetrics_sitenote_category":0,"footnotes":""},"categories":[9],"tags":[27],"class_list":["post-96695","post","type-post","status-publish","format-standard","has-post-thumbnail","hentry","category-moncao","tag-sociedade"],"yoast_head":"<!-- This site is optimized with the Yoast SEO Premium plugin v27.5 (Yoast SEO v27.5) - https:\/\/yoast.com\/product\/yoast-seo-premium-wordpress\/ -->\n<title>Passeio de avi\u00e3o ultraleve para 40 idosos das IPSS de Mon\u00e7\u00e3o<\/title>\n<meta name=\"description\" content=\"40 idosos das institui\u00e7\u00f5es sociais de solidariedade social do concelho de Mon\u00e7\u00e3o, alguns na casa dos 90 anos, participam num passeio em avi\u00e3o ultraleve.\" \/>\n<meta name=\"robots\" content=\"index, follow, max-snippet:-1, max-image-preview:large, max-video-preview:-1\" \/>\n<link rel=\"canonical\" href=\"https:\/\/www.altominho.tv\/site\/2023\/09\/20\/passeio-de-aviao-ultraleve-para-40-idosos-das-ipss-de-moncao\/\" \/>\n<meta property=\"og:locale\" content=\"pt_PT\" \/>\n<meta property=\"og:type\" content=\"article\" \/>\n<meta property=\"og:title\" content=\"Passeio de avi\u00e3o ultraleve para 40 idosos das IPSS de Mon\u00e7\u00e3o\" \/>\n<meta property=\"og:description\" content=\"40 idosos das institui\u00e7\u00f5es sociais de solidariedade social do concelho de Mon\u00e7\u00e3o, alguns na casa dos 90 anos, participam num passeio em avi\u00e3o ultraleve.\" \/>\n<meta property=\"og:url\" content=\"https:\/\/www.altominho.tv\/site\/2023\/09\/20\/passeio-de-aviao-ultraleve-para-40-idosos-das-ipss-de-moncao\/\" \/>\n<meta property=\"og:site_name\" content=\"Altominho.tv\" \/>\n<meta property=\"article:publisher\" content=\"https:\/\/www.facebook.com\/altominhotv\" \/>\n<meta property=\"article:published_time\" content=\"2023-09-20T10:50:27+00:00\" \/>\n<meta property=\"article:modified_time\" content=\"2023-09-20T10:50:31+00:00\" \/>\n<meta property=\"og:image\" content=\"https:\/\/www.altominho.tv\/site\/wp-content\/uploads\/2023\/09\/Aerodromo.jpeg\" \/>\n\t<meta property=\"og:image:width\" content=\"800\" \/>\n\t<meta property=\"og:image:height\" content=\"600\" \/>\n\t<meta property=\"og:image:type\" content=\"image\/jpeg\" \/>\n<meta name=\"author\" content=\"Beatriz Lira\" \/>\n<meta name=\"twitter:card\" content=\"summary_large_image\" \/>\n<meta name=\"twitter:creator\" content=\"@altominhoTV\" \/>\n<meta name=\"twitter:site\" content=\"@altominhoTV\" \/>\n<meta name=\"twitter:label1\" content=\"Escrito por\" \/>\n\t<meta name=\"twitter:data1\" content=\"Beatriz Lira\" \/>\n\t<meta name=\"twitter:label2\" content=\"Tempo estimado de leitura\" \/>\n\t<meta name=\"twitter:data2\" content=\"1 minuto\" \/>\n<script type=\"application\/ld+json\" class=\"yoast-schema-graph\">{\"@context\":\"https:\\\/\\\/schema.org\",\"@graph\":[{\"@type\":\"Article\",\"@id\":\"https:\\\/\\\/www.altominho.tv\\\/site\\\/2023\\\/09\\\/20\\\/passeio-de-aviao-ultraleve-para-40-idosos-das-ipss-de-moncao\\\/#article\",\"isPartOf\":{\"@id\":\"https:\\\/\\\/www.altominho.tv\\\/site\\\/2023\\\/09\\\/20\\\/passeio-de-aviao-ultraleve-para-40-idosos-das-ipss-de-moncao\\\/\"},\"author\":{\"name\":\"Beatriz Lira\",\"@id\":\"https:\\\/\\\/www.altominho.tv\\\/site\\\/#\\\/schema\\\/person\\\/f95a2097796cf4462fe1e476cddc40e4\"},\"headline\":\"Passeio de avi\u00e3o ultraleve para 40 idosos das IPSS de Mon\u00e7\u00e3o\",\"datePublished\":\"2023-09-20T10:50:27+00:00\",\"dateModified\":\"2023-09-20T10:50:31+00:00\",\"mainEntityOfPage\":{\"@id\":\"https:\\\/\\\/www.altominho.tv\\\/site\\\/2023\\\/09\\\/20\\\/passeio-de-aviao-ultraleve-para-40-idosos-das-ipss-de-moncao\\\/\"},\"wordCount\":164,\"image\":{\"@id\":\"https:\\\/\\\/www.altominho.tv\\\/site\\\/2023\\\/09\\\/20\\\/passeio-de-aviao-ultraleve-para-40-idosos-das-ipss-de-moncao\\\/#primaryimage\"},\"thumbnailUrl\":\"https:\\\/\\\/www.altominho.tv\\\/site\\\/wp-content\\\/uploads\\\/2023\\\/09\\\/Aerodromo.jpeg\",\"keywords\":[\"Sociedade\"],\"articleSection\":[\"Mon\u00e7\u00e3o\"],\"inLanguage\":\"pt-PT\",\"copyrightYear\":\"2023\",\"copyrightHolder\":{\"@id\":\"https:\\\/\\\/www.altominho.tv\\\/site\\\/#organization\"}},{\"@type\":\"WebPage\",\"@id\":\"https:\\\/\\\/www.altominho.tv\\\/site\\\/2023\\\/09\\\/20\\\/passeio-de-aviao-ultraleve-para-40-idosos-das-ipss-de-moncao\\\/\",\"url\":\"https:\\\/\\\/www.altominho.tv\\\/site\\\/2023\\\/09\\\/20\\\/passeio-de-aviao-ultraleve-para-40-idosos-das-ipss-de-moncao\\\/\",\"name\":\"Passeio de avi\u00e3o ultraleve para 40 idosos das IPSS de Mon\u00e7\u00e3o\",\"isPartOf\":{\"@id\":\"https:\\\/\\\/www.altominho.tv\\\/site\\\/#website\"},\"primaryImageOfPage\":{\"@id\":\"https:\\\/\\\/www.altominho.tv\\\/site\\\/2023\\\/09\\\/20\\\/passeio-de-aviao-ultraleve-para-40-idosos-das-ipss-de-moncao\\\/#primaryimage\"},\"image\":{\"@id\":\"https:\\\/\\\/www.altominho.tv\\\/site\\\/2023\\\/09\\\/20\\\/passeio-de-aviao-ultraleve-para-40-idosos-das-ipss-de-moncao\\\/#primaryimage\"},\"thumbnailUrl\":\"https:\\\/\\\/www.altominho.tv\\\/site\\\/wp-content\\\/uploads\\\/2023\\\/09\\\/Aerodromo.jpeg\",\"datePublished\":\"2023-09-20T10:50:27+00:00\",\"dateModified\":\"2023-09-20T10:50:31+00:00\",\"author\":{\"@id\":\"https:\\\/\\\/www.altominho.tv\\\/site\\\/#\\\/schema\\\/person\\\/f95a2097796cf4462fe1e476cddc40e4\"},\"description\":\"40 idosos das institui\u00e7\u00f5es sociais de solidariedade social do concelho de Mon\u00e7\u00e3o, alguns na casa dos 90 anos, participam num passeio em avi\u00e3o ultraleve.\",\"breadcrumb\":{\"@id\":\"https:\\\/\\\/www.altominho.tv\\\/site\\\/2023\\\/09\\\/20\\\/passeio-de-aviao-ultraleve-para-40-idosos-das-ipss-de-moncao\\\/#breadcrumb\"},\"inLanguage\":\"pt-PT\",\"potentialAction\":[{\"@type\":\"ReadAction\",\"target\":[\"https:\\\/\\\/www.altominho.tv\\\/site\\\/2023\\\/09\\\/20\\\/passeio-de-aviao-ultraleve-para-40-idosos-das-ipss-de-moncao\\\/\"]}]},{\"@type\":\"ImageObject\",\"inLanguage\":\"pt-PT\",\"@id\":\"https:\\\/\\\/www.altominho.tv\\\/site\\\/2023\\\/09\\\/20\\\/passeio-de-aviao-ultraleve-para-40-idosos-das-ipss-de-moncao\\\/#primaryimage\",\"url\":\"https:\\\/\\\/www.altominho.tv\\\/site\\\/wp-content\\\/uploads\\\/2023\\\/09\\\/Aerodromo.jpeg\",\"contentUrl\":\"https:\\\/\\\/www.altominho.tv\\\/site\\\/wp-content\\\/uploads\\\/2023\\\/09\\\/Aerodromo.jpeg\",\"width\":800,\"height\":600,\"caption\":\"01ab\"},{\"@type\":\"BreadcrumbList\",\"@id\":\"https:\\\/\\\/www.altominho.tv\\\/site\\\/2023\\\/09\\\/20\\\/passeio-de-aviao-ultraleve-para-40-idosos-das-ipss-de-moncao\\\/#breadcrumb\",\"itemListElement\":[{\"@type\":\"ListItem\",\"position\":1,\"name\":\"In\u00edcio\",\"item\":\"https:\\\/\\\/www.altominho.tv\\\/site\\\/\"},{\"@type\":\"ListItem\",\"position\":2,\"name\":\"Passeio de avi\u00e3o ultraleve para 40 idosos das IPSS de Mon\u00e7\u00e3o\"}]},{\"@type\":\"WebSite\",\"@id\":\"https:\\\/\\\/www.altominho.tv\\\/site\\\/#website\",\"url\":\"https:\\\/\\\/www.altominho.tv\\\/site\\\/\",\"name\":\"Altominho.tv\",\"description\":\"A sua regi\u00e3o \u00e0 dist\u00e2ncia de um clique...\",\"potentialAction\":[{\"@type\":\"SearchAction\",\"target\":{\"@type\":\"EntryPoint\",\"urlTemplate\":\"https:\\\/\\\/www.altominho.tv\\\/site\\\/?s={search_term_string}\"},\"query-input\":{\"@type\":\"PropertyValueSpecification\",\"valueRequired\":true,\"valueName\":\"search_term_string\"}}],\"inLanguage\":\"pt-PT\"},{\"@type\":\"Person\",\"@id\":\"https:\\\/\\\/www.altominho.tv\\\/site\\\/#\\\/schema\\\/person\\\/f95a2097796cf4462fe1e476cddc40e4\",\"name\":\"Beatriz Lira\",\"image\":{\"@type\":\"ImageObject\",\"inLanguage\":\"pt-PT\",\"@id\":\"https:\\\/\\\/www.altominho.tv\\\/site\\\/wp-content\\\/uploads\\\/2023\\\/03\\\/Screenshot_20230306-141220_Photos-150x150.jpg\",\"url\":\"https:\\\/\\\/www.altominho.tv\\\/site\\\/wp-content\\\/uploads\\\/2023\\\/03\\\/Screenshot_20230306-141220_Photos-150x150.jpg\",\"contentUrl\":\"https:\\\/\\\/www.altominho.tv\\\/site\\\/wp-content\\\/uploads\\\/2023\\\/03\\\/Screenshot_20230306-141220_Photos-150x150.jpg\",\"caption\":\"Beatriz Lira\"},\"url\":\"https:\\\/\\\/www.altominho.tv\\\/site\\\/author\\\/beatriz\\\/\"}]}<\/script>\n<!-- \/ Yoast SEO Premium plugin. -->","yoast_head_json":{"title":"Passeio de avi\u00e3o ultraleve para 40 idosos das IPSS de Mon\u00e7\u00e3o","description":"40 idosos das institui\u00e7\u00f5es sociais de solidariedade social do concelho de Mon\u00e7\u00e3o, alguns na casa dos 90 anos, participam num passeio em avi\u00e3o ultraleve.","robots":{"index":"index","follow":"follow","max-snippet":"max-snippet:-1","max-image-preview":"max-image-preview:large","max-video-preview":"max-video-preview:-1"},"canonical":"https:\/\/www.altominho.tv\/site\/2023\/09\/20\/passeio-de-aviao-ultraleve-para-40-idosos-das-ipss-de-moncao\/","og_locale":"pt_PT","og_type":"article","og_title":"Passeio de avi\u00e3o ultraleve para 40 idosos das IPSS de Mon\u00e7\u00e3o","og_description":"40 idosos das institui\u00e7\u00f5es sociais de solidariedade social do concelho de Mon\u00e7\u00e3o, alguns na casa dos 90 anos, participam num passeio em avi\u00e3o ultraleve.","og_url":"https:\/\/www.altominho.tv\/site\/2023\/09\/20\/passeio-de-aviao-ultraleve-para-40-idosos-das-ipss-de-moncao\/","og_site_name":"Altominho.tv","article_publisher":"https:\/\/www.facebook.com\/altominhotv","article_published_time":"2023-09-20T10:50:27+00:00","article_modified_time":"2023-09-20T10:50:31+00:00","og_image":[{"width":800,"height":600,"url":"https:\/\/www.altominho.tv\/site\/wp-content\/uploads\/2023\/09\/Aerodromo.jpeg","type":"image\/jpeg"}],"author":"Beatriz Lira","twitter_card":"summary_large_image","twitter_creator":"@altominhoTV","twitter_site":"@altominhoTV","twitter_misc":{"Escrito por":"Beatriz Lira","Tempo estimado de leitura":"1 minuto"},"schema":{"@context":"https:\/\/schema.org","@graph":[{"@type":"Article","@id":"https:\/\/www.altominho.tv\/site\/2023\/09\/20\/passeio-de-aviao-ultraleve-para-40-idosos-das-ipss-de-moncao\/#article","isPartOf":{"@id":"https:\/\/www.altominho.tv\/site\/2023\/09\/20\/passeio-de-aviao-ultraleve-para-40-idosos-das-ipss-de-moncao\/"},"author":{"name":"Beatriz Lira","@id":"https:\/\/www.altominho.tv\/site\/#\/schema\/person\/f95a2097796cf4462fe1e476cddc40e4"},"headline":"Passeio de avi\u00e3o ultraleve para 40 idosos das IPSS de Mon\u00e7\u00e3o","datePublished":"2023-09-20T10:50:27+00:00","dateModified":"2023-09-20T10:50:31+00:00","mainEntityOfPage":{"@id":"https:\/\/www.altominho.tv\/site\/2023\/09\/20\/passeio-de-aviao-ultraleve-para-40-idosos-das-ipss-de-moncao\/"},"wordCount":164,"image":{"@id":"https:\/\/www.altominho.tv\/site\/2023\/09\/20\/passeio-de-aviao-ultraleve-para-40-idosos-das-ipss-de-moncao\/#primaryimage"},"thumbnailUrl":"https:\/\/www.altominho.tv\/site\/wp-content\/uploads\/2023\/09\/Aerodromo.jpeg","keywords":["Sociedade"],"articleSection":["Mon\u00e7\u00e3o"],"inLanguage":"pt-PT","copyrightYear":"2023","copyrightHolder":{"@id":"https:\/\/www.altominho.tv\/site\/#organization"}},{"@type":"WebPage","@id":"https:\/\/www.altominho.tv\/site\/2023\/09\/20\/passeio-de-aviao-ultraleve-para-40-idosos-das-ipss-de-moncao\/","url":"https:\/\/www.altominho.tv\/site\/2023\/09\/20\/passeio-de-aviao-ultraleve-para-40-idosos-das-ipss-de-moncao\/","name":"Passeio de avi\u00e3o ultraleve para 40 idosos das IPSS de Mon\u00e7\u00e3o","isPartOf":{"@id":"https:\/\/www.altominho.tv\/site\/#website"},"primaryImageOfPage":{"@id":"https:\/\/www.altominho.tv\/site\/2023\/09\/20\/passeio-de-aviao-ultraleve-para-40-idosos-das-ipss-de-moncao\/#primaryimage"},"image":{"@id":"https:\/\/www.altominho.tv\/site\/2023\/09\/20\/passeio-de-aviao-ultraleve-para-40-idosos-das-ipss-de-moncao\/#primaryimage"},"thumbnailUrl":"https:\/\/www.altominho.tv\/site\/wp-content\/uploads\/2023\/09\/Aerodromo.jpeg","datePublished":"2023-09-20T10:50:27+00:00","dateModified":"2023-09-20T10:50:31+00:00","author":{"@id":"https:\/\/www.altominho.tv\/site\/#\/schema\/person\/f95a2097796cf4462fe1e476cddc40e4"},"description":"40 idosos das institui\u00e7\u00f5es sociais de solidariedade social do concelho de Mon\u00e7\u00e3o, alguns na casa dos 90 anos, participam num passeio em avi\u00e3o ultraleve.","breadcrumb":{"@id":"https:\/\/www.altominho.tv\/site\/2023\/09\/20\/passeio-de-aviao-ultraleve-para-40-idosos-das-ipss-de-moncao\/#breadcrumb"},"inLanguage":"pt-PT","potentialAction":[{"@type":"ReadAction","target":["https:\/\/www.altominho.tv\/site\/2023\/09\/20\/passeio-de-aviao-ultraleve-para-40-idosos-das-ipss-de-moncao\/"]}]},{"@type":"ImageObject","inLanguage":"pt-PT","@id":"https:\/\/www.altominho.tv\/site\/2023\/09\/20\/passeio-de-aviao-ultraleve-para-40-idosos-das-ipss-de-moncao\/#primaryimage","url":"https:\/\/www.altominho.tv\/site\/wp-content\/uploads\/2023\/09\/Aerodromo.jpeg","contentUrl":"https:\/\/www.altominho.tv\/site\/wp-content\/uploads\/2023\/09\/Aerodromo.jpeg","width":800,"height":600,"caption":"01ab"},{"@type":"BreadcrumbList","@id":"https:\/\/www.altominho.tv\/site\/2023\/09\/20\/passeio-de-aviao-ultraleve-para-40-idosos-das-ipss-de-moncao\/#breadcrumb","itemListElement":[{"@type":"ListItem","position":1,"name":"In\u00edcio","item":"https:\/\/www.altominho.tv\/site\/"},{"@type":"ListItem","position":2,"name":"Passeio de avi\u00e3o ultraleve para 40 idosos das IPSS de Mon\u00e7\u00e3o"}]},{"@type":"WebSite","@id":"https:\/\/www.altominho.tv\/site\/#website","url":"https:\/\/www.altominho.tv\/site\/","name":"Altominho.tv","description":"A sua regi\u00e3o \u00e0 dist\u00e2ncia de um clique...","potentialAction":[{"@type":"SearchAction","target":{"@type":"EntryPoint","urlTemplate":"https:\/\/www.altominho.tv\/site\/?s={search_term_string}"},"query-input":{"@type":"PropertyValueSpecification","valueRequired":true,"valueName":"search_term_string"}}],"inLanguage":"pt-PT"},{"@type":"Person","@id":"https:\/\/www.altominho.tv\/site\/#\/schema\/person\/f95a2097796cf4462fe1e476cddc40e4","name":"Beatriz Lira","image":{"@type":"ImageObject","inLanguage":"pt-PT","@id":"https:\/\/www.altominho.tv\/site\/wp-content\/uploads\/2023\/03\/Screenshot_20230306-141220_Photos-150x150.jpg","url":"https:\/\/www.altominho.tv\/site\/wp-content\/uploads\/2023\/03\/Screenshot_20230306-141220_Photos-150x150.jpg","contentUrl":"https:\/\/www.altominho.tv\/site\/wp-content\/uploads\/2023\/03\/Screenshot_20230306-141220_Photos-150x150.jpg","caption":"Beatriz Lira"},"url":"https:\/\/www.altominho.tv\/site\/author\/beatriz\/"}]}},"_links":{"self":[{"href":"https:\/\/www.altominho.tv\/site\/wp-json\/wp\/v2\/posts\/96695","targetHints":{"allow":["GET"]}}],"collection":[{"href":"https:\/\/www.altominho.tv\/site\/wp-json\/wp\/v2\/posts"}],"about":[{"href":"https:\/\/www.altominho.tv\/site\/wp-json\/wp\/v2\/types\/post"}],"author":[{"embeddable":true,"href":"https:\/\/www.altominho.tv\/site\/wp-json\/wp\/v2\/users\/28"}],"replies":[{"embeddable":true,"href":"https:\/\/www.altominho.tv\/site\/wp-json\/wp\/v2\/comments?post=96695"}],"version-history":[{"count":1,"href":"https:\/\/www.altominho.tv\/site\/wp-json\/wp\/v2\/posts\/96695\/revisions"}],"predecessor-version":[{"id":96698,"href":"https:\/\/www.altominho.tv\/site\/wp-json\/wp\/v2\/posts\/96695\/revisions\/96698"}],"wp:featuredmedia":[{"embeddable":true,"href":"https:\/\/www.altominho.tv\/site\/wp-json\/wp\/v2\/media\/96697"}],"wp:attachment":[{"href":"https:\/\/www.altominho.tv\/site\/wp-json\/wp\/v2\/media?parent=96695"}],"wp:term":[{"taxonomy":"category","embeddable":true,"href":"https:\/\/www.altominho.tv\/site\/wp-json\/wp\/v2\/categories?post=96695"},{"taxonomy":"post_tag","embeddable":true,"href":"https:\/\/www.altominho.tv\/site\/wp-json\/wp\/v2\/tags?post=96695"}],"curies":[{"name":"wp","href":"https:\/\/api.w.org\/{rel}","templated":true}]}}