{"id":96644,"date":"2023-09-19T09:06:13","date_gmt":"2023-09-19T08:06:13","guid":{"rendered":"https:\/\/www.altominho.tv\/site\/?p=96644"},"modified":"2023-09-19T09:24:24","modified_gmt":"2023-09-19T08:24:24","slug":"greve-nacional-dos-farmaceuticos-do-sns-e-hoje","status":"publish","type":"post","link":"https:\/\/www.altominho.tv\/site\/2023\/09\/19\/greve-nacional-dos-farmaceuticos-do-sns-e-hoje\/","title":{"rendered":"Greve nacional dos farmac\u00eauticos do SNS \u00e9 hoje"},"content":{"rendered":"<p class=\"p1\">Os farmac\u00eauticos do Servi\u00e7o Nacional de Sa\u00fade voltam hoje \u00e0 greve, desta vez de \u00e2mbito nacional depois das paralisa\u00e7\u00f5es distritais de 5 e 12 deste m\u00eas, na tentativa de for\u00e7ar um \u201cprocesso negocial s\u00e9rio\u201d com a tutela.<\/p>\n<p class=\"p1\">O Sindicato Nacional dos Farmac\u00eauticos (SNF) contesta o facto de o Minist\u00e9rio da Sa\u00fade se manter em sil\u00eancio, sem manifestar qualquer inten\u00e7\u00e3o de \u201ciniciar um processo negocial s\u00e9rio\u201d.<\/p>\n<p class=\"p1\">No dia 5 de setembro a greve abrangeu os farmac\u00eauticos dos distritos de Beja, \u00c9vora, Faro, Lisboa, Portalegre, Santar\u00e9m e Set\u00fabal e nas regi\u00f5es aut\u00f3nomas dos A\u00e7ores e da Madeira e no dia 12 os de Braga, Bragan\u00e7a, Porto, Viana do Castelo, Vila Real, Aveiro, Castelo Branco, Coimbra, Guarda, Leiria e Viseu.<\/p>\n<p class=\"p1\">O protesto termina hoje, com uma greve nacional.<\/p>\n<p class=\"p1\">Entre as reivindica\u00e7\u00f5es do SNF constam a atualiza\u00e7\u00e3o das grelhas salariais, a contagem integral do tempo de servi\u00e7o no SNS para a promo\u00e7\u00e3o e progress\u00e3o na carreira, a adequa\u00e7\u00e3o do n\u00famero de farmac\u00eauticos \u00e0s necessidades do servi\u00e7o p\u00fablico e o reconhecimento por parte do Minist\u00e9rio da Sa\u00fade do t\u00edtulo de especialista.<\/p>\n<p class=\"p1\">\u201cContrariamente ao que se verifica com outras estruturas sindicais da \u00e1rea da sa\u00fade, que t\u00eam mantido negocia\u00e7\u00f5es com o minist\u00e9rio mesmo com protestos e greves agendadas e a decorrer, a reuni\u00e3o agendada com o SNF para 02 de junho foi adiada\u201d, lamentou o sindicato, quando lan\u00e7ou o pr\u00e9-aviso de greve, dizendo que s\u00f3 podia depreender que a tutela tinha abandonado as negocia\u00e7\u00f5es.<\/p>\n<p class=\"p1\">Em janeiro realizou-se uma reuni\u00e3o entre as duas partes que o sindicato considerou uma \u201cabsoluta desilus\u00e3o\u201d e os encontros posteriores terminaram sem avan\u00e7os significativos.<\/p>\n<p class=\"p1\">No \u00faltimo dia de greve distrital \u2013 a 12 deste m\u00eas \u2013 cerca de tr\u00eas dezenas de farmac\u00eauticos concentraram-se \u00e0 entrada do polo principal do Centro Hospitalar e Universit\u00e1rio de Coimbra (CHUC).<\/p>\n<p class=\"p1\">Nessa altura, o presidente do SNF, Henrique Reguengo, sublinhou que, seis anos depois da cria\u00e7\u00e3o da carreira, \u201ctudo o que devia ter sido feito n\u00e3o foi feito\u201d: \u201cPior do que isso, o Governo nem sequer inicia o di\u00e1logo prometido com o sindicato\u201d, acrescentou.<\/p>\n<p class=\"p1\">Em declara\u00e7\u00f5es na altura aos jornalistas, questionou ainda: \u201cTemos quadros insuficientes, mas depois temos 80% das pessoas na base da carreira e uma tabela salarial de 1999. Se temos falta de pessoal e condi\u00e7\u00f5es de trabalho deste teor, como \u00e9 que chamamos as novas gera\u00e7\u00f5es para o SNS?\u201d.<\/p>\n<p class=\"p1\">O presidente do SNF revelou ainda que atualmente se assiste \u00e0 sa\u00edda do SNS de farmac\u00eauticos com experi\u00eancia, \u201cque deviam estar a ensinar as novas gera\u00e7\u00f5es\u201d, nas tr\u00eas especialidades de atua\u00e7\u00e3o \u2013 farm\u00e1cia hospitalar, an\u00e1lises cl\u00ednicas e gen\u00e9tica humana.<\/p>\n","protected":false},"excerpt":{"rendered":"<p>Os farmac\u00eauticos do Servi\u00e7o Nacional de Sa\u00fade voltam hoje \u00e0 greve, desta vez de \u00e2mbito nacional depois das paralisa\u00e7\u00f5es distritais de 5 e 12 deste m\u00eas, na tentativa de for\u00e7ar um \u201cprocesso negocial s\u00e9rio\u201d com a tutela. O Sindicato Nacional dos Farmac\u00eauticos (SNF) contesta o facto de o Minist\u00e9rio da Sa\u00fade se manter em sil\u00eancio, [&hellip;]<\/p>\n","protected":false},"author":13,"featured_media":96650,"comment_status":"closed","ping_status":"closed","sticky":false,"template":"","format":"standard","meta":{"_exactmetrics_skip_tracking":false,"_exactmetrics_sitenote_active":false,"_exactmetrics_sitenote_note":"","_exactmetrics_sitenote_category":0,"footnotes":""},"categories":[56325],"tags":[26,27],"class_list":["post-96644","post","type-post","status-publish","format-standard","has-post-thumbnail","hentry","category-pais","tag-saude","tag-sociedade"],"yoast_head":"<!-- This site is optimized with the Yoast SEO Premium plugin v27.5 (Yoast SEO v27.5) - https:\/\/yoast.com\/product\/yoast-seo-premium-wordpress\/ -->\n<title>Greve nacional dos farmac\u00eauticos do SNS \u00e9 hoje<\/title>\n<meta name=\"description\" content=\"Os farmac\u00eauticos do Servi\u00e7o Nacional de Sa\u00fade voltam hoje \u00e0 greve, desta vez de \u00e2mbito nacional depois das paralisa\u00e7\u00f5es distritais de 5 e 12 deste m\u00eas, na tentativa de for\u00e7ar um \u201cprocesso negocial s\u00e9rio\u201d com a tutela.\" \/>\n<meta name=\"robots\" content=\"index, follow, max-snippet:-1, max-image-preview:large, max-video-preview:-1\" \/>\n<link rel=\"canonical\" href=\"https:\/\/www.altominho.tv\/site\/2023\/09\/19\/greve-nacional-dos-farmaceuticos-do-sns-e-hoje\/\" \/>\n<meta property=\"og:locale\" content=\"pt_PT\" \/>\n<meta property=\"og:type\" content=\"article\" \/>\n<meta property=\"og:title\" content=\"Greve nacional dos farmac\u00eauticos do SNS \u00e9 hoje\" \/>\n<meta property=\"og:description\" content=\"Os farmac\u00eauticos do Servi\u00e7o Nacional de Sa\u00fade voltam hoje \u00e0 greve, desta vez de \u00e2mbito nacional depois das paralisa\u00e7\u00f5es distritais de 5 e 12 deste m\u00eas, na tentativa de for\u00e7ar um \u201cprocesso negocial s\u00e9rio\u201d com a tutela.\" \/>\n<meta property=\"og:url\" content=\"https:\/\/www.altominho.tv\/site\/2023\/09\/19\/greve-nacional-dos-farmaceuticos-do-sns-e-hoje\/\" \/>\n<meta property=\"og:site_name\" content=\"Altominho.tv\" \/>\n<meta property=\"article:publisher\" content=\"https:\/\/www.facebook.com\/altominhotv\" \/>\n<meta property=\"article:published_time\" content=\"2023-09-19T08:06:13+00:00\" \/>\n<meta property=\"article:modified_time\" content=\"2023-09-19T08:24:24+00:00\" \/>\n<meta property=\"og:image\" content=\"https:\/\/www.altominho.tv\/site\/wp-content\/uploads\/2023\/09\/medicamentos.jpeg\" \/>\n\t<meta property=\"og:image:width\" content=\"825\" \/>\n\t<meta property=\"og:image:height\" content=\"445\" \/>\n\t<meta property=\"og:image:type\" content=\"image\/jpeg\" \/>\n<meta name=\"author\" content=\"Lusa\" \/>\n<meta name=\"twitter:card\" content=\"summary_large_image\" \/>\n<meta name=\"twitter:creator\" content=\"@altominhoTV\" \/>\n<meta name=\"twitter:site\" content=\"@altominhoTV\" \/>\n<meta name=\"twitter:label1\" content=\"Escrito por\" \/>\n\t<meta name=\"twitter:data1\" content=\"Lusa\" \/>\n\t<meta name=\"twitter:label2\" content=\"Tempo estimado de leitura\" \/>\n\t<meta name=\"twitter:data2\" content=\"3 minutos\" \/>\n<script type=\"application\/ld+json\" class=\"yoast-schema-graph\">{\"@context\":\"https:\\\/\\\/schema.org\",\"@graph\":[{\"@type\":\"Article\",\"@id\":\"https:\\\/\\\/www.altominho.tv\\\/site\\\/2023\\\/09\\\/19\\\/greve-nacional-dos-farmaceuticos-do-sns-e-hoje\\\/#article\",\"isPartOf\":{\"@id\":\"https:\\\/\\\/www.altominho.tv\\\/site\\\/2023\\\/09\\\/19\\\/greve-nacional-dos-farmaceuticos-do-sns-e-hoje\\\/\"},\"author\":{\"name\":\"Lusa\",\"@id\":\"https:\\\/\\\/www.altominho.tv\\\/site\\\/#\\\/schema\\\/person\\\/63f693da3e1899361cbe955c46f3232e\"},\"headline\":\"Greve nacional dos farmac\u00eauticos do SNS \u00e9 hoje\",\"datePublished\":\"2023-09-19T08:06:13+00:00\",\"dateModified\":\"2023-09-19T08:24:24+00:00\",\"mainEntityOfPage\":{\"@id\":\"https:\\\/\\\/www.altominho.tv\\\/site\\\/2023\\\/09\\\/19\\\/greve-nacional-dos-farmaceuticos-do-sns-e-hoje\\\/\"},\"wordCount\":481,\"image\":{\"@id\":\"https:\\\/\\\/www.altominho.tv\\\/site\\\/2023\\\/09\\\/19\\\/greve-nacional-dos-farmaceuticos-do-sns-e-hoje\\\/#primaryimage\"},\"thumbnailUrl\":\"https:\\\/\\\/www.altominho.tv\\\/site\\\/wp-content\\\/uploads\\\/2023\\\/09\\\/medicamentos.jpeg\",\"keywords\":[\"Sa\u00fade\",\"Sociedade\"],\"articleSection\":[\"Pa\u00eds\"],\"inLanguage\":\"pt-PT\",\"copyrightYear\":\"2023\",\"copyrightHolder\":{\"@id\":\"https:\\\/\\\/www.altominho.tv\\\/site\\\/#organization\"}},{\"@type\":\"WebPage\",\"@id\":\"https:\\\/\\\/www.altominho.tv\\\/site\\\/2023\\\/09\\\/19\\\/greve-nacional-dos-farmaceuticos-do-sns-e-hoje\\\/\",\"url\":\"https:\\\/\\\/www.altominho.tv\\\/site\\\/2023\\\/09\\\/19\\\/greve-nacional-dos-farmaceuticos-do-sns-e-hoje\\\/\",\"name\":\"Greve nacional dos farmac\u00eauticos do SNS \u00e9 hoje\",\"isPartOf\":{\"@id\":\"https:\\\/\\\/www.altominho.tv\\\/site\\\/#website\"},\"primaryImageOfPage\":{\"@id\":\"https:\\\/\\\/www.altominho.tv\\\/site\\\/2023\\\/09\\\/19\\\/greve-nacional-dos-farmaceuticos-do-sns-e-hoje\\\/#primaryimage\"},\"image\":{\"@id\":\"https:\\\/\\\/www.altominho.tv\\\/site\\\/2023\\\/09\\\/19\\\/greve-nacional-dos-farmaceuticos-do-sns-e-hoje\\\/#primaryimage\"},\"thumbnailUrl\":\"https:\\\/\\\/www.altominho.tv\\\/site\\\/wp-content\\\/uploads\\\/2023\\\/09\\\/medicamentos.jpeg\",\"datePublished\":\"2023-09-19T08:06:13+00:00\",\"dateModified\":\"2023-09-19T08:24:24+00:00\",\"author\":{\"@id\":\"https:\\\/\\\/www.altominho.tv\\\/site\\\/#\\\/schema\\\/person\\\/63f693da3e1899361cbe955c46f3232e\"},\"description\":\"Os farmac\u00eauticos do Servi\u00e7o Nacional de Sa\u00fade voltam hoje \u00e0 greve, desta vez de \u00e2mbito nacional depois das paralisa\u00e7\u00f5es distritais de 5 e 12 deste m\u00eas, na tentativa de for\u00e7ar um \u201cprocesso negocial s\u00e9rio\u201d com a tutela.\",\"breadcrumb\":{\"@id\":\"https:\\\/\\\/www.altominho.tv\\\/site\\\/2023\\\/09\\\/19\\\/greve-nacional-dos-farmaceuticos-do-sns-e-hoje\\\/#breadcrumb\"},\"inLanguage\":\"pt-PT\",\"potentialAction\":[{\"@type\":\"ReadAction\",\"target\":[\"https:\\\/\\\/www.altominho.tv\\\/site\\\/2023\\\/09\\\/19\\\/greve-nacional-dos-farmaceuticos-do-sns-e-hoje\\\/\"]}]},{\"@type\":\"ImageObject\",\"inLanguage\":\"pt-PT\",\"@id\":\"https:\\\/\\\/www.altominho.tv\\\/site\\\/2023\\\/09\\\/19\\\/greve-nacional-dos-farmaceuticos-do-sns-e-hoje\\\/#primaryimage\",\"url\":\"https:\\\/\\\/www.altominho.tv\\\/site\\\/wp-content\\\/uploads\\\/2023\\\/09\\\/medicamentos.jpeg\",\"contentUrl\":\"https:\\\/\\\/www.altominho.tv\\\/site\\\/wp-content\\\/uploads\\\/2023\\\/09\\\/medicamentos.jpeg\",\"width\":825,\"height\":445},{\"@type\":\"BreadcrumbList\",\"@id\":\"https:\\\/\\\/www.altominho.tv\\\/site\\\/2023\\\/09\\\/19\\\/greve-nacional-dos-farmaceuticos-do-sns-e-hoje\\\/#breadcrumb\",\"itemListElement\":[{\"@type\":\"ListItem\",\"position\":1,\"name\":\"In\u00edcio\",\"item\":\"https:\\\/\\\/www.altominho.tv\\\/site\\\/\"},{\"@type\":\"ListItem\",\"position\":2,\"name\":\"Greve nacional dos farmac\u00eauticos do SNS \u00e9 hoje\"}]},{\"@type\":\"WebSite\",\"@id\":\"https:\\\/\\\/www.altominho.tv\\\/site\\\/#website\",\"url\":\"https:\\\/\\\/www.altominho.tv\\\/site\\\/\",\"name\":\"Altominho.tv\",\"description\":\"A sua regi\u00e3o \u00e0 dist\u00e2ncia de um clique...\",\"potentialAction\":[{\"@type\":\"SearchAction\",\"target\":{\"@type\":\"EntryPoint\",\"urlTemplate\":\"https:\\\/\\\/www.altominho.tv\\\/site\\\/?s={search_term_string}\"},\"query-input\":{\"@type\":\"PropertyValueSpecification\",\"valueRequired\":true,\"valueName\":\"search_term_string\"}}],\"inLanguage\":\"pt-PT\"},{\"@type\":\"Person\",\"@id\":\"https:\\\/\\\/www.altominho.tv\\\/site\\\/#\\\/schema\\\/person\\\/63f693da3e1899361cbe955c46f3232e\",\"name\":\"Lusa\",\"image\":{\"@type\":\"ImageObject\",\"inLanguage\":\"pt-PT\",\"@id\":\"https:\\\/\\\/www.altominho.tv\\\/site\\\/wp-content\\\/uploads\\\/2019\\\/08\\\/LUSA_Logo.gif\",\"url\":\"https:\\\/\\\/www.altominho.tv\\\/site\\\/wp-content\\\/uploads\\\/2019\\\/08\\\/LUSA_Logo.gif\",\"contentUrl\":\"https:\\\/\\\/www.altominho.tv\\\/site\\\/wp-content\\\/uploads\\\/2019\\\/08\\\/LUSA_Logo.gif\",\"caption\":\"Lusa\"},\"sameAs\":[\"http:\\\/\\\/\\\/\\\/www.altominho.tv\\\/site\"],\"url\":\"https:\\\/\\\/www.altominho.tv\\\/site\\\/author\\\/lusa\\\/\"}]}<\/script>\n<!-- \/ Yoast SEO Premium plugin. -->","yoast_head_json":{"title":"Greve nacional dos farmac\u00eauticos do SNS \u00e9 hoje","description":"Os farmac\u00eauticos do Servi\u00e7o Nacional de Sa\u00fade voltam hoje \u00e0 greve, desta vez de \u00e2mbito nacional depois das paralisa\u00e7\u00f5es distritais de 5 e 12 deste m\u00eas, na tentativa de for\u00e7ar um \u201cprocesso negocial s\u00e9rio\u201d com a tutela.","robots":{"index":"index","follow":"follow","max-snippet":"max-snippet:-1","max-image-preview":"max-image-preview:large","max-video-preview":"max-video-preview:-1"},"canonical":"https:\/\/www.altominho.tv\/site\/2023\/09\/19\/greve-nacional-dos-farmaceuticos-do-sns-e-hoje\/","og_locale":"pt_PT","og_type":"article","og_title":"Greve nacional dos farmac\u00eauticos do SNS \u00e9 hoje","og_description":"Os farmac\u00eauticos do Servi\u00e7o Nacional de Sa\u00fade voltam hoje \u00e0 greve, desta vez de \u00e2mbito nacional depois das paralisa\u00e7\u00f5es distritais de 5 e 12 deste m\u00eas, na tentativa de for\u00e7ar um \u201cprocesso negocial s\u00e9rio\u201d com a tutela.","og_url":"https:\/\/www.altominho.tv\/site\/2023\/09\/19\/greve-nacional-dos-farmaceuticos-do-sns-e-hoje\/","og_site_name":"Altominho.tv","article_publisher":"https:\/\/www.facebook.com\/altominhotv","article_published_time":"2023-09-19T08:06:13+00:00","article_modified_time":"2023-09-19T08:24:24+00:00","og_image":[{"width":825,"height":445,"url":"https:\/\/www.altominho.tv\/site\/wp-content\/uploads\/2023\/09\/medicamentos.jpeg","type":"image\/jpeg"}],"author":"Lusa","twitter_card":"summary_large_image","twitter_creator":"@altominhoTV","twitter_site":"@altominhoTV","twitter_misc":{"Escrito por":"Lusa","Tempo estimado de leitura":"3 minutos"},"schema":{"@context":"https:\/\/schema.org","@graph":[{"@type":"Article","@id":"https:\/\/www.altominho.tv\/site\/2023\/09\/19\/greve-nacional-dos-farmaceuticos-do-sns-e-hoje\/#article","isPartOf":{"@id":"https:\/\/www.altominho.tv\/site\/2023\/09\/19\/greve-nacional-dos-farmaceuticos-do-sns-e-hoje\/"},"author":{"name":"Lusa","@id":"https:\/\/www.altominho.tv\/site\/#\/schema\/person\/63f693da3e1899361cbe955c46f3232e"},"headline":"Greve nacional dos farmac\u00eauticos do SNS \u00e9 hoje","datePublished":"2023-09-19T08:06:13+00:00","dateModified":"2023-09-19T08:24:24+00:00","mainEntityOfPage":{"@id":"https:\/\/www.altominho.tv\/site\/2023\/09\/19\/greve-nacional-dos-farmaceuticos-do-sns-e-hoje\/"},"wordCount":481,"image":{"@id":"https:\/\/www.altominho.tv\/site\/2023\/09\/19\/greve-nacional-dos-farmaceuticos-do-sns-e-hoje\/#primaryimage"},"thumbnailUrl":"https:\/\/www.altominho.tv\/site\/wp-content\/uploads\/2023\/09\/medicamentos.jpeg","keywords":["Sa\u00fade","Sociedade"],"articleSection":["Pa\u00eds"],"inLanguage":"pt-PT","copyrightYear":"2023","copyrightHolder":{"@id":"https:\/\/www.altominho.tv\/site\/#organization"}},{"@type":"WebPage","@id":"https:\/\/www.altominho.tv\/site\/2023\/09\/19\/greve-nacional-dos-farmaceuticos-do-sns-e-hoje\/","url":"https:\/\/www.altominho.tv\/site\/2023\/09\/19\/greve-nacional-dos-farmaceuticos-do-sns-e-hoje\/","name":"Greve nacional dos farmac\u00eauticos do SNS \u00e9 hoje","isPartOf":{"@id":"https:\/\/www.altominho.tv\/site\/#website"},"primaryImageOfPage":{"@id":"https:\/\/www.altominho.tv\/site\/2023\/09\/19\/greve-nacional-dos-farmaceuticos-do-sns-e-hoje\/#primaryimage"},"image":{"@id":"https:\/\/www.altominho.tv\/site\/2023\/09\/19\/greve-nacional-dos-farmaceuticos-do-sns-e-hoje\/#primaryimage"},"thumbnailUrl":"https:\/\/www.altominho.tv\/site\/wp-content\/uploads\/2023\/09\/medicamentos.jpeg","datePublished":"2023-09-19T08:06:13+00:00","dateModified":"2023-09-19T08:24:24+00:00","author":{"@id":"https:\/\/www.altominho.tv\/site\/#\/schema\/person\/63f693da3e1899361cbe955c46f3232e"},"description":"Os farmac\u00eauticos do Servi\u00e7o Nacional de Sa\u00fade voltam hoje \u00e0 greve, desta vez de \u00e2mbito nacional depois das paralisa\u00e7\u00f5es distritais de 5 e 12 deste m\u00eas, na tentativa de for\u00e7ar um \u201cprocesso negocial s\u00e9rio\u201d com a tutela.","breadcrumb":{"@id":"https:\/\/www.altominho.tv\/site\/2023\/09\/19\/greve-nacional-dos-farmaceuticos-do-sns-e-hoje\/#breadcrumb"},"inLanguage":"pt-PT","potentialAction":[{"@type":"ReadAction","target":["https:\/\/www.altominho.tv\/site\/2023\/09\/19\/greve-nacional-dos-farmaceuticos-do-sns-e-hoje\/"]}]},{"@type":"ImageObject","inLanguage":"pt-PT","@id":"https:\/\/www.altominho.tv\/site\/2023\/09\/19\/greve-nacional-dos-farmaceuticos-do-sns-e-hoje\/#primaryimage","url":"https:\/\/www.altominho.tv\/site\/wp-content\/uploads\/2023\/09\/medicamentos.jpeg","contentUrl":"https:\/\/www.altominho.tv\/site\/wp-content\/uploads\/2023\/09\/medicamentos.jpeg","width":825,"height":445},{"@type":"BreadcrumbList","@id":"https:\/\/www.altominho.tv\/site\/2023\/09\/19\/greve-nacional-dos-farmaceuticos-do-sns-e-hoje\/#breadcrumb","itemListElement":[{"@type":"ListItem","position":1,"name":"In\u00edcio","item":"https:\/\/www.altominho.tv\/site\/"},{"@type":"ListItem","position":2,"name":"Greve nacional dos farmac\u00eauticos do SNS \u00e9 hoje"}]},{"@type":"WebSite","@id":"https:\/\/www.altominho.tv\/site\/#website","url":"https:\/\/www.altominho.tv\/site\/","name":"Altominho.tv","description":"A sua regi\u00e3o \u00e0 dist\u00e2ncia de um clique...","potentialAction":[{"@type":"SearchAction","target":{"@type":"EntryPoint","urlTemplate":"https:\/\/www.altominho.tv\/site\/?s={search_term_string}"},"query-input":{"@type":"PropertyValueSpecification","valueRequired":true,"valueName":"search_term_string"}}],"inLanguage":"pt-PT"},{"@type":"Person","@id":"https:\/\/www.altominho.tv\/site\/#\/schema\/person\/63f693da3e1899361cbe955c46f3232e","name":"Lusa","image":{"@type":"ImageObject","inLanguage":"pt-PT","@id":"https:\/\/www.altominho.tv\/site\/wp-content\/uploads\/2019\/08\/LUSA_Logo.gif","url":"https:\/\/www.altominho.tv\/site\/wp-content\/uploads\/2019\/08\/LUSA_Logo.gif","contentUrl":"https:\/\/www.altominho.tv\/site\/wp-content\/uploads\/2019\/08\/LUSA_Logo.gif","caption":"Lusa"},"sameAs":["http:\/\/\/\/www.altominho.tv\/site"],"url":"https:\/\/www.altominho.tv\/site\/author\/lusa\/"}]}},"_links":{"self":[{"href":"https:\/\/www.altominho.tv\/site\/wp-json\/wp\/v2\/posts\/96644","targetHints":{"allow":["GET"]}}],"collection":[{"href":"https:\/\/www.altominho.tv\/site\/wp-json\/wp\/v2\/posts"}],"about":[{"href":"https:\/\/www.altominho.tv\/site\/wp-json\/wp\/v2\/types\/post"}],"author":[{"embeddable":true,"href":"https:\/\/www.altominho.tv\/site\/wp-json\/wp\/v2\/users\/13"}],"replies":[{"embeddable":true,"href":"https:\/\/www.altominho.tv\/site\/wp-json\/wp\/v2\/comments?post=96644"}],"version-history":[{"count":2,"href":"https:\/\/www.altominho.tv\/site\/wp-json\/wp\/v2\/posts\/96644\/revisions"}],"predecessor-version":[{"id":96648,"href":"https:\/\/www.altominho.tv\/site\/wp-json\/wp\/v2\/posts\/96644\/revisions\/96648"}],"wp:featuredmedia":[{"embeddable":true,"href":"https:\/\/www.altominho.tv\/site\/wp-json\/wp\/v2\/media\/96650"}],"wp:attachment":[{"href":"https:\/\/www.altominho.tv\/site\/wp-json\/wp\/v2\/media?parent=96644"}],"wp:term":[{"taxonomy":"category","embeddable":true,"href":"https:\/\/www.altominho.tv\/site\/wp-json\/wp\/v2\/categories?post=96644"},{"taxonomy":"post_tag","embeddable":true,"href":"https:\/\/www.altominho.tv\/site\/wp-json\/wp\/v2\/tags?post=96644"}],"curies":[{"name":"wp","href":"https:\/\/api.w.org\/{rel}","templated":true}]}}